{"id":4480,"date":"2012-07-14T09:00:34","date_gmt":"2012-07-14T09:00:34","guid":{"rendered":"https:\/\/www.sage.com\/es-es\/blog\/comparativa-del-iva-en-europa\/"},"modified":"2026-03-13T13:32:12","modified_gmt":"2026-03-13T12:32:12","slug":"comparativa-del-iva-en-europa","status":"publish","type":"post","link":"https:\/\/www.sage.com\/es-es\/blog\/comparativa-del-iva-en-europa\/","title":{"rendered":"Comparativa del IVA en Europa"},"content":{"rendered":"<header class=\"entry-header has-dark-background-color entry-header--has-illustration entry-header--has-illustration--generic\">\n\t<div class=\"container\">\n\t\t<div class=\"entry-header__row row align-center\">\n\t\t\t<div class=\"col col-lg-7 col-xlg-6 entry-header__content\">\n\t\t\t\t\t\t\t<div class=\"component component-single-header\">\n\t\t\t\t\t\t\t\t\t\t<div class=\"entry-header__misc text--subtitle text--uppercase text--small\">\n\t\t\t\t\t\t\t<a href=\"https:\/\/www.sage.com\/es-es\/blog\/categoria\/finanzas\/\" class=\"entry-header__link\">Finanzas<\/a>\t\t\t\t\t\t<\/div>\n\t\t\t\t\n\t\t\t\t<div class=\"entry-title-wrapper\">\n\t\t\t\t\t<h1 class=\"entry-title\">\n\t\t\t\t\t\tComparativa del IVA en Europa\t\t\t\t\t<\/h1>\n\t\t\t\t<\/div>\n\n\t\t\t\t\t\t\t\t\t<p class=\"entry-header__description\">\n\t\t\t\t\t\t\t\t\t\t\t<\/p>\n\t\t\t\t\n\t\t\t\t\n\t\t\t\t\n\t\t\t<\/div>\n\n\t\t\t\t\t<\/div>\n\t\t\t\t\t<\/div>\n\t<\/div>\n\t<div class=\"single-post-details container\">\n\t\t<div class=\"col\">\n\t\t\t<span class=\"posted-on \"><time class=\"entry-date published\" datetime=\"2012-07-14T09:00:34+02:00\">14 July, 2012<\/time><\/span><span class=\"reading-time\"> minutos de lectura<\/span>\n\t\t<button\n\t\t\ttype=\"button\"\n\t\t\tclass=\"social-share-button button button--icon button--secondary js-social-share-button\"\n\t\t\tdata-share-title=\"Comparativa del IVA en Europa\"\n\t\t\tdata-share-url=\"https:\/\/www.sage.com\/es-es\/blog\/comparativa-del-iva-en-europa\/\"\n\t\t\tdata-share-text=\"Please read this interesting article\"\n\t\t>\n\t\t\t<span class=\"social-share-button__share-label\">Compartir<\/span>\n\t\t\t<span class=\"social-share-button__copy-label\" hidden>Copiar enlace<\/span>\n\t\t\t<span class=\"social-share-button__copy-tooltip\" aria-hidden=\"true\" hidden>Copiado<\/span>\n\t\t<\/button>\n\n\t\t\t\t<\/div>\n\t<\/div>\n<\/header>\n\n\n\n<div class=\"wp-block-post-author has-dark-background-color alignfull\">\n\t<div class=\"container\">\n\t\t<div class=\"col\">\n\t\t\t\t\t\t\t<div class=\"co-authors\">\n\t\t\t\t\t\n\t\t<div class=\"entry-author-wrapper\">\n\t\t\t<a class=\"entry-author\" href=\"https:\/\/www.sage.com\/es-es\/blog\/author\/pilar-villanueva\/\">\n\t\t\t\t<img loading=\"lazy\" decoding=\"async\" width=\"40\" height=\"40\" src=\"https:\/\/www.sage.com\/es-es\/blog\/wp-content\/uploads\/sites\/8\/2021\/11\/Pilar-Villanueva-Miniatura-350x350.jpeg\" class=\"entry-author__image\" alt=\"Sage\" \/>\t\t\t\t<span class=\"entry-author__name\">Pilar Villanueva<\/span>\n\t\t\t<\/a>\n\n\t\t\t\t\t<\/div>\n\n\t\t\t\t\t\t<\/div>\n\t\t\t\t\t<\/div>\n\t<\/div>\n<\/div>\n\n\n\n<p><strong>El IVA subir\u00e1 en Espa\u00f1a por segunda vez desde que comenz\u00f3 la crisis<\/strong>. Lejos queda aquel 16% general y estar en la cola en imposici\u00f3n al consumo. El impuesto sobre el valor a\u00f1adido grava el consumo de forma directa sobre el precio del producto o servicio. Es un impuesto vital para las arcas del Estado. Antes de la crisis representaba en torno a una quinta parte de la recaudaci\u00f3n p\u00fablica.<\/p>\n\n\n\n<p><strong>En Espa\u00f1a, el IVA tiene tres tramos<\/strong>. El s\u00faper reducido del 4% para productos de primera necesidad, el reducido en el 10% y el general en el 21% tras la \u00faltima subida del Gobierno. Durante este mes, los dos \u00faltimos tramos se incrementaron desde el 8% y el 18% respectivamente. De esta forma, Espa\u00f1a ya no destaca por tener un IVA bajo en comparaci\u00f3n con el resto de Europa. Tampoco por lo contrario. <span id=\"more-13487\"><\/span> <strong>En la Uni\u00f3n Europea<\/strong>, los tipos impositivos de IVA fluct\u00faan desde el 15% para el tipo general en Luxemburgo hasta el 27% en Hungr\u00eda. En la Eurozona, el 23% de Portugal, Grecia e Irlanda es el dato m\u00e1s alto. En Alemania es el del 19% y en Francia del 19,6%.<\/p>\n\n\n\n<p>&nbsp;<\/p>\n\n\n\n<p><strong>Todos los pa\u00edses tienen m\u00e1s de un tramo seg\u00fan el tipo de producto o servicio salvo Dinamarca<\/strong>, que tiene un \u00fanico nivel de gravamen del 25%. Cinco pa\u00edses, adem\u00e1s, tienen un ratio s\u00faper reducido por debajo de cinco puntos para productos de primera necesidad: Francia (2,1%), Luxemburgo (3%), Irlanda (4%), Espa\u00f1a (4%) e Irlanda (4,8%).<\/p>\n\n\n\n<p><strong>En Espa\u00f1a, el IVA s\u00faper reducido <\/strong>es para algunos productos farmac\u00e9uticos, alimentos b\u00e1sicos, libros o peri\u00f3dicos. Estos bienes tambi\u00e9n tienen los tramos m\u00e1s bajos en la mayor\u00eda de vecinos comunitarios. Mientras que el tramo reducido se aplica en nuestro pa\u00eds a servicios m\u00e9dicos, consumo de agua, agricultura o eventos deportivos.<\/p>\n\n\n\n<p>En funci\u00f3n de la tradici\u00f3n, la importancia del sector en el pa\u00eds, las demandas sociales, compromisos pol\u00edticos, etc, hay grandes diferencias entre estados en productos como el agua, deporte, transporte u hosteler\u00eda. Por ejemplo, en Espa\u00f1a, donde el turismo representa en torno a 12 puntos del PIB, los hoteles y restaurantes tienen un 8% de IVA. El gravamen reducido, igual que en Francia o Italia. En otros pa\u00edses est\u00e1 en el m\u00e1ximo, por encima de los 20 puntos.<\/p>\n\n\n\n<figure class=\"wp-block-image aligncenter\"><img decoding=\"async\" src=\"https:\/\/www.sage.com\/es-es\/blog\/wp-content\/uploads\/sites\/8\/2017\/09\/tipos-de-IVA-en-la-Union-Europea.jpeg\" alt=\"\" class=\"wp-image-13488\" title=\"Tipos de IVA en la UE\"\/><\/figure>\n\n\n\n<p><\/p>\n\n\n\n<p>La imagen que acompa\u00f1a al post muestra una tabla comparativa dhttp:\/\/blog.thomsonreuters.com\/index.php\/vat-rates-in-the-eu-graphic-of-the-day\/e la evoluci\u00f3n de los tipos de IVA en la UE desde el a\u00f1o 2000. Esta tabla ha sido realizada por Reuters<\/p>\n\n\n\n<p>En Blog Sage | <a href=\"https:\/\/www.sage.com\/es-es\/blog\/se-confirma-la-subida-del-iva-de-manera-inmediata-claves-para-las-empresas\/\">Se confirma la subida del IVA de manera inmediata: claves para las empresas<\/a>, Qu\u00e9 puede suceder si se incrementa el IVA<\/p>\n\n\n<div class=\"single-cta\">\n\t<div class=\"single-cta__positioner\">\n\t\t<div class=\"single-cta__wrapper has-dark-background-color\">\n\t\t\t<div class=\"single-cta__content\">\n\t\t\t\t\t\t\t\t<h2 class=\"single-cta__title h3\">Subscr\u00edbete a la newsletter de Sage Advice<\/h2>\n\n\t\t\t\t\t\t\t\t\t<div class=\"single-cta__description\">\n\t\t\t\t\t\t<p>Recibe nuestros consejos m\u00e1s recientes directamente en la bandeja de entrada de tu correo electr\u00f3nico.<\/p>\n\t\t\t\t\t<\/div>\n\t\t\t\t\n\t\t\t\t\t\t\t\t\t\t\t\t\t\t<a\n\t\t\t\t\t\thref=\"#gate-263a5c00-99e4-4e71-8421-469deda8e674\"\n\t\t\t\t\t\tclass=\"single-cta__button button button--primary\"\n\t\t\t\t\t\t\t\t\t\t\t\t\t\t\t\t\t>Suscr\u00edbete<\/a>\n\t\t\t\t\t\t\t<\/div>\n\n\t\t\t\t\t<\/div>\n\n\t\t\t\t\t<img decoding=\"async\" width=\"1440\" height=\"810\" src=\"https:\/\/www.sage.com\/es-es\/blog\/wp-content\/uploads\/sites\/8\/2022\/04\/GettyImages-1171960556-1440x810.jpg\" class=\"single-cta__image\" alt=\"Sage\" loading=\"lazy\" srcset=\"https:\/\/www.sage.com\/es-es\/blog\/wp-content\/uploads\/sites\/8\/2022\/04\/GettyImages-1171960556-1440x810.jpg 1440w\" sizes=\"auto, (min-width: 48em) 33vw, 100vw\" \/>\t\t\t<\/div>\n<\/div>\n","protected":false},"excerpt":{"rendered":"<p>El IVA subir\u00e1 en Espa\u00f1a por segunda vez desde que comenz\u00f3 la crisis. Lejos queda aquel 16% general y estar en la cola en imposici\u00f3n al consumo. El impuesto sobre el valor a\u00f1adido grava el consumo de forma directa sobre el precio del producto o servicio. Es un impuesto vital para las arcas del Estado. [&hellip;]<\/p>\n","protected":false},"author":316,"featured_media":6311,"comment_status":"open","ping_status":"closed","sticky":false,"template":"","format":"standard","meta":{"_sage_video":false,"post_featured_image_hide":false,"footnotes":""},"categories":[2],"tags":[181,44],"business_type":[10,11],"lilypad":[],"context":[],"industry":[],"persona":[],"imagine_tag":[],"coauthors":[397],"class_list":["post-4480","post","type-post","status-publish","format-standard","has-post-thumbnail","hentry","category-finanzas","tag-impuestos","tag-iva","business_type-pequena-empresa","business_type-mediana-empresa"],"sage_meta":{"region":"es-es","author_name":"Pilar Villanueva","featured_image":"https:\/\/www.sage.com\/es-es\/blog\/wp-content\/uploads\/sites\/8\/2017\/10\/11-octubre_1675x1275.jpg","imagine_tags":[]},"distributor_meta":false,"distributor_terms":false,"distributor_media":false,"distributor_original_site_name":"Sage Advice Espa\u00f1a","distributor_original_site_url":"https:\/\/www.sage.com\/es-es\/blog","push-errors":false,"_links":{"self":[{"href":"https:\/\/www.sage.com\/es-es\/blog\/api\/wp\/v2\/posts\/4480","targetHints":{"allow":["GET"]}}],"collection":[{"href":"https:\/\/www.sage.com\/es-es\/blog\/api\/wp\/v2\/posts"}],"about":[{"href":"https:\/\/www.sage.com\/es-es\/blog\/api\/wp\/v2\/types\/post"}],"author":[{"embeddable":true,"href":"https:\/\/www.sage.com\/es-es\/blog\/api\/wp\/v2\/users\/316"}],"replies":[{"embeddable":true,"href":"https:\/\/www.sage.com\/es-es\/blog\/api\/wp\/v2\/comments?post=4480"}],"version-history":[{"count":0,"href":"https:\/\/www.sage.com\/es-es\/blog\/api\/wp\/v2\/posts\/4480\/revisions"}],"wp:featuredmedia":[{"embeddable":true,"href":"https:\/\/www.sage.com\/es-es\/blog\/api\/wp\/v2\/media\/6311"}],"wp:attachment":[{"href":"https:\/\/www.sage.com\/es-es\/blog\/api\/wp\/v2\/media?parent=4480"}],"wp:term":[{"taxonomy":"category","embeddable":true,"href":"https:\/\/www.sage.com\/es-es\/blog\/api\/wp\/v2\/categories?post=4480"},{"taxonomy":"post_tag","embeddable":true,"href":"https:\/\/www.sage.com\/es-es\/blog\/api\/wp\/v2\/tags?post=4480"},{"taxonomy":"business_type","embeddable":true,"href":"https:\/\/www.sage.com\/es-es\/blog\/api\/wp\/v2\/business_type?post=4480"},{"taxonomy":"lilypad","embeddable":true,"href":"https:\/\/www.sage.com\/es-es\/blog\/api\/wp\/v2\/lilypad?post=4480"},{"taxonomy":"context","embeddable":true,"href":"https:\/\/www.sage.com\/es-es\/blog\/api\/wp\/v2\/context?post=4480"},{"taxonomy":"industry","embeddable":true,"href":"https:\/\/www.sage.com\/es-es\/blog\/api\/wp\/v2\/industry?post=4480"},{"taxonomy":"persona","embeddable":true,"href":"https:\/\/www.sage.com\/es-es\/blog\/api\/wp\/v2\/persona?post=4480"},{"taxonomy":"imagine_tag","embeddable":true,"href":"https:\/\/www.sage.com\/es-es\/blog\/api\/wp\/v2\/imagine_tag?post=4480"},{"taxonomy":"author","embeddable":true,"href":"https:\/\/www.sage.com\/es-es\/blog\/api\/wp\/v2\/coauthors?post=4480"}],"curies":[{"name":"wp","href":"https:\/\/api.w.org\/{rel}","templated":true}]}}