{"id":4484,"date":"2012-07-20T07:00:32","date_gmt":"2012-07-20T07:00:32","guid":{"rendered":"https:\/\/www.sage.com\/es-es\/blog\/el-impacto-del-nuevo-iva-sobre-el-sector-turismo-un-segmento-estrategico-de-la-economia-espanola\/"},"modified":"2026-02-04T20:45:25","modified_gmt":"2026-02-04T19:45:25","slug":"el-impacto-del-nuevo-iva-sobre-el-sector-turismo-un-segmento-estrategico-de-la-economia-espanola","status":"publish","type":"post","link":"https:\/\/www.sage.com\/es-es\/blog\/el-impacto-del-nuevo-iva-sobre-el-sector-turismo-un-segmento-estrategico-de-la-economia-espanola\/","title":{"rendered":"El impacto del nuevo IVA sobre el Sector Turismo, un segmento estrat\u00e9gico de la econom\u00eda espa\u00f1ola"},"content":{"rendered":"<header class=\"entry-header has-dark-background-color entry-header--has-illustration entry-header--has-illustration--generic\">\n\t<div class=\"container\">\n\t\t<div class=\"entry-header__row row align-center\">\n\t\t\t<div class=\"col col-lg-7 col-xlg-6 entry-header__content\">\n\t\t\t\t\t\t\t<div class=\"component component-single-header\">\n\t\t\t\t\t\t\t\t\t\t<div class=\"entry-header__misc text--subtitle text--uppercase text--small\">\n\t\t\t\t\t\t\t<a href=\"https:\/\/www.sage.com\/es-es\/blog\/categoria\/finanzas\/\" class=\"entry-header__link\">Finanzas<\/a>\t\t\t\t\t\t<\/div>\n\t\t\t\t\n\t\t\t\t<div class=\"entry-title-wrapper\">\n\t\t\t\t\t<h1 class=\"entry-title\">\n\t\t\t\t\t\tEl impacto del nuevo IVA sobre el Sector Turismo, un segmento estrat\u00e9gico de la econom\u00eda espa\u00f1ola\t\t\t\t\t<\/h1>\n\t\t\t\t<\/div>\n\n\t\t\t\t\t\t\t\t\t<p class=\"entry-header__description\">\n\t\t\t\t\t\t\t\t\t\t\t<\/p>\n\t\t\t\t\n\t\t\t\t\n\t\t\t\t\n\t\t\t<\/div>\n\n\t\t\t\t\t<\/div>\n\t\t\t\t\t<\/div>\n\t<\/div>\n\t<div class=\"single-post-details container\">\n\t\t<div class=\"col\">\n\t\t\t<span class=\"posted-on \"><time class=\"entry-date published\" datetime=\"2012-07-20T07:00:32+02:00\">20 July, 2012<\/time><\/span><span class=\"reading-time\"> minutos de lectura<\/span>\n\t\t<button\n\t\t\ttype=\"button\"\n\t\t\tclass=\"social-share-button button button--icon button--secondary js-social-share-button\"\n\t\t\tdata-share-title=\"El impacto del nuevo IVA sobre el Sector Turismo, un segmento estrat\u00e9gico de la econom\u00eda espa\u00f1ola\"\n\t\t\tdata-share-url=\"https:\/\/www.sage.com\/es-es\/blog\/el-impacto-del-nuevo-iva-sobre-el-sector-turismo-un-segmento-estrategico-de-la-economia-espanola\/\"\n\t\t\tdata-share-text=\"Please read this interesting article\"\n\t\t>\n\t\t\t<span class=\"social-share-button__share-label\">Compartir<\/span>\n\t\t\t<span class=\"social-share-button__copy-label\" hidden>Copiar enlace<\/span>\n\t\t\t<span class=\"social-share-button__copy-tooltip\" aria-hidden=\"true\" hidden>Copiado<\/span>\n\t\t<\/button>\n\n\t\t\t\t<\/div>\n\t<\/div>\n<\/header>\n\n\n\n<div class=\"wp-block-post-author has-dark-background-color alignfull\">\n\t<div class=\"container\">\n\t\t<div class=\"col\">\n\t\t\t\t\t\t\t<div class=\"co-authors\">\n\t\t\t\t\t\n\t\t<div class=\"entry-author-wrapper\">\n\t\t\t<a class=\"entry-author\" href=\"https:\/\/www.sage.com\/es-es\/blog\/author\/pablo-herrero\/\">\n\t\t\t\t<img loading=\"lazy\" decoding=\"async\" width=\"40\" height=\"40\" src=\"https:\/\/www.sage.com\/es-es\/blog\/wp-content\/uploads\/sites\/8\/2017\/10\/Pablo-Herrero-Buenavista-Golf_400x400-350x350.jpg\" class=\"entry-author__image\" alt=\"Pablo Herrero\" srcset=\"https:\/\/www.sage.com\/es-es\/blog\/wp-content\/uploads\/sites\/8\/2017\/10\/Pablo-Herrero-Buenavista-Golf_400x400-350x350.jpg 350w, https:\/\/www.sage.com\/es-es\/blog\/wp-content\/uploads\/sites\/8\/2017\/10\/Pablo-Herrero-Buenavista-Golf_400x400.jpg 400w\" sizes=\"auto, (max-width: 40px) 100vw, 40px\" \/>\t\t\t\t<span class=\"entry-author__name\">Pablo Herrero<\/span>\n\t\t\t<\/a>\n\n\t\t\t\t\t<\/div>\n\n\t\t\t\t\t\t<\/div>\n\t\t\t\t\t<\/div>\n\t<\/div>\n<\/div>\n<div class=\"sage-block-classic-wrapper\">\n\n<p>La entrada en vigor del <strong>RDL 20\/2012 de medidas de estabilidad presupuestaria<\/strong> en lo referente al IVA contempla una subida de los tipos impositivos aplicados al IVA general y reducido, mantiene el mismo gravamen del IVA s\u00faper reducido y contempla cambios en las actividades sujetas.<\/p>\n<p>Todas estas modificaciones afectan directamente al Sector Turismo, segmentos estrat\u00e9gico de la econom\u00eda espa\u00f1ola y cuyo papel para impulsar la vuelta a la estabilidad del pa\u00eds se antoja clave.<\/p>\n<p>A pesar de la importancia evidente que el turismo tiene, el Gobierno de Espa\u00f1a ha decidido imponer esta serie de medidas que a buen seguro tendr\u00e1n un impacto negativo en la cuenta de resultados de muchas empresas del sector. Incluso puede ser el detonante definitivo para tumbar a un segmento que, adem\u00e1s de la crisis, a la vez afronta una importante transformaci\u00f3n debida al cambio tecnol\u00f3gico y que resiste a duras penas.<\/p>\n<h2>Principales cambios del IVA y sus efectos sobre el Sector Turismo<\/h2>\n<p>Las medidas aprobadas por el Gobierno <a href=\"https:\/\/www.sage.com\/es-es\/blog\/la-subida-del-iva-nuevos-tipos-y-cambios-en-las-actividades-sujetas\/\">afectan a las bases y a los tipos de IVA<\/a>. En el Sector Turismo, estas nuevas normas impactan negativamente sobre los distintos agentes (agencias de viajes, touroperadores, hoteles y otros establecimientos), habiendo casos en los que se incrementa el impuesto en hasta un 13%. Sin duda, no resultar\u00e1 f\u00e1cil para el sector asimilar un cambio de este calado, el cual a buen seguro estar\u00e1 dando m\u00e1s de un dolor de cabeza para tratar de cuadrar los planes de negocio de m\u00e1s de una empresa.<\/p>\n<p>Por ejemplo, <strong>las nuevas medidas aprobadas por el Gobierno de Espa\u00f1a suponen:<\/strong><\/p>\n<ul>\n<li>Subida del IVA del 8% al 10% para los hoteles y transportistas.<\/li>\n<li>Subida del IVA del 18% al 21% para las agencias de viajes y touroperadores.<\/li>\n<li>Subida del IVA del 8 al 21% para segmentos como campos de golf comerciales (no afecta a todas las entidades sin \u00e1nimo de lucro, ya que algunas est\u00e1n exentas).<\/li>\n<\/ul>\n<p>Por ejemplo, en el caso de los complejos de golf comerciales espa\u00f1oles, cuyo volumen de negocio se estima en 830.000 turistas al a\u00f1o que gastan 1.040 millones de euros (Hosteltur), el impacto de un incremento de los tipos del 8 al 21%, restar\u00e1 competitividad a su oferta, por culpa del precio. Hay que tener en cuenta que los <strong>pa\u00edses competidores directos gozan de tipos menores<\/strong>, como Portugal o Turqu\u00eda, con un 6% y un 8%, respectivamente (<a href=\"https:\/\/www.sage.com\/es-es\/blog\/comparativa-del-iva-en-europa\/\">comparativa del IVA en Europa<\/a>).<\/p>\n<p>Por otra parte, las <strong>empresas que hayan comercializado paquetes con precios cerrados<\/strong>, en los que el turista ya ha pagado un producto (alojamiento, comida, viaje, ocio) y que vayan a ser disfrutados a partir del 1 de septiembre, fecha de entrada en vigor de los nuevos tipos, deber\u00e1n asumir la diferencia de tipos, dado que no tienen margen para hacer cambios para reservas realizadas con anterioridad.<\/p>\n<p>Sin lugar a dudas, aparecer\u00e1 el <strong>efecto &#8220;reacci\u00f3n en cadena&#8221;<\/strong>, dado que los m\u00e1rgenes se reducir\u00e1n y esto provocar\u00e1 que haya empresas cuyo negocio no se sostenga; que se trasladen al consumidor v\u00eda precio los recargos y que, al final, haya menos volumen de negocio para todos los agentes del sector y otros relacionados (por ejemplo, el sector de automoci\u00f3n, al vender menos coches de alquiler).<\/p>\n<p>A continuaci\u00f3n, la opini\u00f3n de dos representantes del Sector Turismo, la opini\u00f3n de <strong>Jos\u00e9 Luis Moya<\/strong> (<a href=\"http:\/\/www.golfinspain.com\/\">Golf In Spain<\/a>) y Ricardo Fuci\u00f1os (director financiero de Balneario de Mondariz), a los que les hemos preguntado c\u00f3mo van a afectar las nuevas medidas aprobadas en materia de IVA:<\/p>\n<h2>Jos\u00e9 Luis Moya, CEO de Golf In Spain<\/h2>\n<p>En realidad, para el turismo la subida es similar a la anterior y ese 2% de incremento se daba por asumido que ser\u00eda absorbido por proveedores e intermediarios. El problema serio es el cambio de tramo de las actividades deportivas a personas f\u00edsicas que hace que casi todos los campos de golf vayan a pasar a facturar del 8% actual al 21%, un 13% de incremento que de confirmarse, va a dejar al sector a\u00fan m\u00e1s da\u00f1ado. Por un lado hablamos de cientos de miles de euros en reservas ya confirmadas (el mercado extranjero reserva con mucha m\u00e1s antelaci\u00f3n) que habr\u00e1 que ver como resolver y por otro, de contratos con precios ya pactados para una buena parte de 2013.<\/p>\n<blockquote><p>Este incremento va a ser muy complicado de asumir por algunos campos que est\u00e1n ya haciendo &#8220;malabares&#8221; para mantenerse a flote, pero indirectamente va a afectar tambi\u00e9n a hoteles, empresas de alquiler de coches, restaurantes y un largo etc\u00e9tera, en un volumen que ser\u00e1 dif\u00edcil cuantificar.<\/p><\/blockquote>\n<p>En el primer caso, queremos pensar que los campos de golf ser\u00e1n suficientemente responsables para respetar los precios y no da\u00f1ar todav\u00eda m\u00e1s nuestra imagen como destino en el extranjero. Habr\u00e1 muchas cancelaciones en caso contrario. Jugar al golf es la principal motivaci\u00f3n para cerca de 1 mill\u00f3n de personas para venir a Espa\u00f1a en sus vacaciones de golf y <strong>en Portugal (que ya sufri\u00f3 una subida similar hace 1 a\u00f1o) o en Turqu\u00eda, deben estar encantados si este incremento fiscal acaba reflejado en las tarifas<\/strong>.<\/p>\n<h2>Ricardo Fuci\u00f1os, director financiero de Balneario de Mondariz<\/h2>\n<p>La actividad y los servicios prestados en Balneario de Mondariz est\u00e1n grabados con el tipo de IVA reducido que se aplica en hosteler\u00eda y restaurantes, que pasa del 8% al 10%. En nuestro caso no se produce cambio de tipo de IVA aplicado en los servicios que ofrecemos pues esto solo afecta a los denominados &#8220;servicios mixtos de hosteler\u00eda&#8221; cuya definici\u00f3n la propia ley no contempla, pero que se trata en todo caso de servicios de restauraci\u00f3n en determinados establecimientos como discotecas, salas de fiestas y espect\u00e1culos.<\/p>\n<blockquote><p>No esperamos que el impacto del IVA afecte notablemente a nuestro negocio, m\u00e1s de lo que ya afecta la coyuntura econ\u00f3mica general, pues nuestro perfil de cliente no se demuestra muy sensible a peque\u00f1as variaciones del precio.<\/p><\/blockquote>\n<p>En este sentido, la pol\u00edtica que Balneario de Mondariz tomar\u00e1 de cara a la entrada en vigor del nuevo tipo impositivo el pr\u00f3ximo uno de septiembre, ser\u00e1 la de repercutir en el precio dicha subida. En t\u00e9rminos cuantitativos supone que un servicio b\u00e1sico de estancia en el balneario con programa de ocio incluido, pasar\u00e1 de 160\u20ac a 163\u20ac en fin de semana y de 114\u20ac a 116\u20ac de domingo a jueves. <strong>En definitiva y como conclusi\u00f3n, en nuestro caso no prevemos que el impacto en ventas se vea significativamente afectado, m\u00e1s all\u00e1 de lo que se ha visto por el entorno econ\u00f3mico que nos ha acompa\u00f1ado en los \u00faltimos a\u00f1os.<\/strong><\/p>\n<h2>Conclusiones<\/h2>\n<p>Tras la ca\u00edda estrepitosa del sector de la construcci\u00f3n, anterior motor de la econom\u00eda nacional, el turismo ha escalado hasta situarse en un 10,23% del PIB Espa\u00f1ol (<a href=\"http:\/\/www.hosteltur.com\/155480_peso-turismo-pib.html\">dato de 2011<\/a>) <strong>\u00bfCon qu\u00e9 argumentos se justifica un incremento impositivo que reduce la competitividad del sector a nivel interno e internacional?<\/strong> Como bien dec\u00eda Jos\u00e9 Luis Moya (Golf In Spain), los pa\u00edses competidores deben estar frot\u00e1ndose las manos y, comentaba Ricardo Fuci\u00f1os (Balneario de Mondariz), no quedar\u00e1 m\u00e1s remedio que repercutir la subida al cliente v\u00eda precio.<\/p>\n<p>Que el Sector Turismo ser\u00e1 uno de los grandes castigados por las nuevas medidas aprobadas por el Gobierno de Espa\u00f1a, no lo duda nadie. Resulta dif\u00edcil de comprender que para mejorar la situaci\u00f3n de Espa\u00f1a haya que imponer una mayor carga fiscal a las empresas de un sector clave en la econom\u00eda espa\u00f1ola y del que se espera mucho en los pr\u00f3ximos a\u00f1os <strong>\u00bfCu\u00e1ndo se va a dar cuenta el Gobierno de que esta medida es contraproducente para los intereses de la naci\u00f3n?<\/strong><\/p>\n<p>En Blog Sage | <a href=\"https:\/\/www.sage.com\/es-es\/blog\/la-subida-del-iva-nuevos-tipos-y-cambios-en-las-actividades-sujetas\/\">La subida del IVA, nuevos tipos y cambios en las actividades sujetas<\/a><\/p>\n<\/div>\n<div class=\"single-cta\">\n\t<div class=\"single-cta__positioner\">\n\t\t<div class=\"single-cta__wrapper has-dark-background-color\">\n\t\t\t<div class=\"single-cta__content\">\n\t\t\t\t\t\t\t\t<h2 class=\"single-cta__title h3\">Subscr\u00edbete a la newsletter de Sage Advice<\/h2>\n\n\t\t\t\t\t\t\t\t\t<div class=\"single-cta__description\">\n\t\t\t\t\t\t<p>Recibe nuestros consejos m\u00e1s recientes directamente en la bandeja de entrada de tu correo electr\u00f3nico.<\/p>\n\t\t\t\t\t<\/div>\n\t\t\t\t\n\t\t\t\t\t\t\t\t\t\t\t\t\t\t<a\n\t\t\t\t\t\thref=\"#gate-263a5c00-99e4-4e71-8421-469deda8e674\"\n\t\t\t\t\t\tclass=\"single-cta__button button button--primary\"\n\t\t\t\t\t\t\t\t\t\t\t\t\t\t\t\t\t>Suscr\u00edbete<\/a>\n\t\t\t\t\t\t\t<\/div>\n\n\t\t\t\t\t<\/div>\n\n\t\t\t\t\t<img decoding=\"async\" width=\"1440\" height=\"810\" src=\"https:\/\/www.sage.com\/es-es\/blog\/wp-content\/uploads\/sites\/8\/2022\/04\/GettyImages-1171960556-1440x810.jpg\" class=\"single-cta__image\" alt=\"Sage\" loading=\"lazy\" srcset=\"https:\/\/www.sage.com\/es-es\/blog\/wp-content\/uploads\/sites\/8\/2022\/04\/GettyImages-1171960556-1440x810.jpg 1440w\" sizes=\"auto, (min-width: 48em) 33vw, 100vw\" \/>\t\t\t<\/div>\n<\/div>\n","protected":false},"excerpt":{"rendered":"<p>La entrada en vigor del RDL 20\/2012 de medidas de estabilidad presupuestaria en lo referente al IVA contempla una subida de los tipos impositivos aplicados al IVA general y reducido, mantiene el mismo gravamen del IVA s\u00faper reducido y contempla cambios en las actividades sujetas. Todas estas modificaciones afectan directamente al Sector Turismo, segmentos estrat\u00e9gico [&hellip;]<\/p>\n","protected":false},"author":236,"featured_media":18107,"comment_status":"open","ping_status":"closed","sticky":false,"template":"","format":"standard","meta":{"_sage_video":false,"post_featured_image_hide":false,"footnotes":""},"categories":[2],"tags":[44],"business_type":[10,11],"lilypad":[],"context":[],"industry":[],"persona":[],"imagine_tag":[],"coauthors":[706],"class_list":["post-4484","post","type-post","status-publish","format-standard","has-post-thumbnail","hentry","category-finanzas","tag-iva","business_type-pequena-empresa","business_type-mediana-empresa"],"sage_meta":{"region":"es-es","author_name":"Pablo Herrero","featured_image":"https:\/\/www.sage.com\/es-es\/blog\/wp-content\/uploads\/sites\/8\/2021\/04\/GettyImages-12230142311.jpg","imagine_tags":[]},"distributor_meta":false,"distributor_terms":false,"distributor_media":false,"distributor_original_site_name":"Sage Advice Espa\u00f1a","distributor_original_site_url":"https:\/\/www.sage.com\/es-es\/blog","push-errors":false,"_links":{"self":[{"href":"https:\/\/www.sage.com\/es-es\/blog\/api\/wp\/v2\/posts\/4484","targetHints":{"allow":["GET"]}}],"collection":[{"href":"https:\/\/www.sage.com\/es-es\/blog\/api\/wp\/v2\/posts"}],"about":[{"href":"https:\/\/www.sage.com\/es-es\/blog\/api\/wp\/v2\/types\/post"}],"author":[{"embeddable":true,"href":"https:\/\/www.sage.com\/es-es\/blog\/api\/wp\/v2\/users\/236"}],"replies":[{"embeddable":true,"href":"https:\/\/www.sage.com\/es-es\/blog\/api\/wp\/v2\/comments?post=4484"}],"version-history":[{"count":0,"href":"https:\/\/www.sage.com\/es-es\/blog\/api\/wp\/v2\/posts\/4484\/revisions"}],"wp:featuredmedia":[{"embeddable":true,"href":"https:\/\/www.sage.com\/es-es\/blog\/api\/wp\/v2\/media\/18107"}],"wp:attachment":[{"href":"https:\/\/www.sage.com\/es-es\/blog\/api\/wp\/v2\/media?parent=4484"}],"wp:term":[{"taxonomy":"category","embeddable":true,"href":"https:\/\/www.sage.com\/es-es\/blog\/api\/wp\/v2\/categories?post=4484"},{"taxonomy":"post_tag","embeddable":true,"href":"https:\/\/www.sage.com\/es-es\/blog\/api\/wp\/v2\/tags?post=4484"},{"taxonomy":"business_type","embeddable":true,"href":"https:\/\/www.sage.com\/es-es\/blog\/api\/wp\/v2\/business_type?post=4484"},{"taxonomy":"lilypad","embeddable":true,"href":"https:\/\/www.sage.com\/es-es\/blog\/api\/wp\/v2\/lilypad?post=4484"},{"taxonomy":"context","embeddable":true,"href":"https:\/\/www.sage.com\/es-es\/blog\/api\/wp\/v2\/context?post=4484"},{"taxonomy":"industry","embeddable":true,"href":"https:\/\/www.sage.com\/es-es\/blog\/api\/wp\/v2\/industry?post=4484"},{"taxonomy":"persona","embeddable":true,"href":"https:\/\/www.sage.com\/es-es\/blog\/api\/wp\/v2\/persona?post=4484"},{"taxonomy":"imagine_tag","embeddable":true,"href":"https:\/\/www.sage.com\/es-es\/blog\/api\/wp\/v2\/imagine_tag?post=4484"},{"taxonomy":"author","embeddable":true,"href":"https:\/\/www.sage.com\/es-es\/blog\/api\/wp\/v2\/coauthors?post=4484"}],"curies":[{"name":"wp","href":"https:\/\/api.w.org\/{rel}","templated":true}]}}