{"id":4570,"date":"2013-11-19T09:33:33","date_gmt":"2013-11-19T09:33:33","guid":{"rendered":"https:\/\/www.sage.com\/es-es\/blog\/iva-de-caja-a-que-empresas-les-interesa-adoptar-este-sistema\/"},"modified":"2026-02-04T20:27:23","modified_gmt":"2026-02-04T19:27:23","slug":"iva-de-caja-a-que-empresas-les-interesa-adoptar-este-sistema","status":"publish","type":"post","link":"https:\/\/www.sage.com\/es-es\/blog\/iva-de-caja-a-que-empresas-les-interesa-adoptar-este-sistema\/","title":{"rendered":"IVA de caja: \u00bfA qu\u00e9 empresas les interesa adoptar este sistema?"},"content":{"rendered":"<header class=\"entry-header has-dark-background-color entry-header--has-illustration entry-header--has-illustration--generic\">\n\t<div class=\"container\">\n\t\t<div class=\"entry-header__row row align-center\">\n\t\t\t<div class=\"col col-lg-7 col-xlg-6 entry-header__content\">\n\t\t\t\t\t\t\t<div class=\"component component-single-header\">\n\t\t\t\t\t\t\t\t\t\t<div class=\"entry-header__misc text--subtitle text--uppercase text--small\">\n\t\t\t\t\t\t\t<a href=\"https:\/\/www.sage.com\/es-es\/blog\/categoria\/finanzas\/\" class=\"entry-header__link\">Finanzas<\/a>\t\t\t\t\t\t<\/div>\n\t\t\t\t\n\t\t\t\t<div class=\"entry-title-wrapper\">\n\t\t\t\t\t<h1 class=\"entry-title\">\n\t\t\t\t\t\tIVA de caja: \u00bfA qu\u00e9 empresas les interesa adoptar este sistema?\t\t\t\t\t<\/h1>\n\t\t\t\t<\/div>\n\n\t\t\t\t\t\t\t\t\t<p class=\"entry-header__description\">\n\t\t\t\t\t\t\t\t\t\t\t<\/p>\n\t\t\t\t\n\t\t\t\t\n\t\t\t\t\n\t\t\t<\/div>\n\n\t\t\t\t\t<\/div>\n\t\t\t\t\t<\/div>\n\t<\/div>\n\t<div class=\"single-post-details container\">\n\t\t<div class=\"col\">\n\t\t\t<span class=\"posted-on \"><time class=\"entry-date published\" datetime=\"2013-11-19T09:33:33+01:00\">19 November, 2013<\/time><\/span><span class=\"reading-time\"> minutos de lectura<\/span>\n\t\t<button\n\t\t\ttype=\"button\"\n\t\t\tclass=\"social-share-button button button--icon button--secondary js-social-share-button\"\n\t\t\tdata-share-title=\"IVA de caja: \u00bfA qu\u00e9 empresas les interesa adoptar este sistema?\"\n\t\t\tdata-share-url=\"https:\/\/www.sage.com\/es-es\/blog\/iva-de-caja-a-que-empresas-les-interesa-adoptar-este-sistema\/\"\n\t\t\tdata-share-text=\"Please read this interesting article\"\n\t\t>\n\t\t\t<span class=\"social-share-button__share-label\">Compartir<\/span>\n\t\t\t<span class=\"social-share-button__copy-label\" hidden>Copiar enlace<\/span>\n\t\t\t<span class=\"social-share-button__copy-tooltip\" aria-hidden=\"true\" hidden>Copiado<\/span>\n\t\t<\/button>\n\n\t\t\t\t<\/div>\n\t<\/div>\n<\/header>\n\n\n\n<div class=\"wp-block-post-author has-dark-background-color alignfull\">\n\t<div class=\"container\">\n\t\t<div class=\"col\">\n\t\t\t\t\t\t\t<div class=\"co-authors\">\n\t\t\t\t\t\n\t\t<div class=\"entry-author-wrapper\">\n\t\t\t<a class=\"entry-author\" href=\"https:\/\/www.sage.com\/es-es\/blog\/author\/remo\/\">\n\t\t\t\t<img loading=\"lazy\" decoding=\"async\" width=\"40\" height=\"40\" src=\"https:\/\/www.sage.com\/es-es\/blog\/wp-content\/uploads\/sites\/8\/2017\/10\/Remo_400x400-350x350.jpg\" class=\"entry-author__image\" alt=\"Remo\" srcset=\"https:\/\/www.sage.com\/es-es\/blog\/wp-content\/uploads\/sites\/8\/2017\/10\/Remo_400x400-350x350.jpg 350w, https:\/\/www.sage.com\/es-es\/blog\/wp-content\/uploads\/sites\/8\/2017\/10\/Remo_400x400.jpg 400w\" sizes=\"auto, (max-width: 40px) 100vw, 40px\" \/>\t\t\t\t<span class=\"entry-author__name\">Remo<\/span>\n\t\t\t<\/a>\n\n\t\t\t\t\t<\/div>\n\n\t\t\t\t\t\t<\/div>\n\t\t\t\t\t<\/div>\n\t<\/div>\n<\/div>\n<div class=\"sage-block-classic-wrapper\">\n\n<p>Tal y como hemos visto ya en estos posts anteriores, el <strong>nuevo r\u00e9gimen del IVA de caja<\/strong> viene a subsanar los problemas de tesorer\u00eda de las pymes de tal manera que no tengan que ingresar las cuotas del impuesto hasta que no lo hayan cobrado.<\/p>\n<p>Me vais a permitir que sea un tanto esc\u00e9ptico con este nuevo modelo de declaraci\u00f3n del IVA puesto que la <strong>carga burocr\u00e1tica adicional para muchas empresas no le va a compensar de manera efectiva<\/strong> la inclusi\u00f3n en este r\u00e9gimen. Por eso, hay que tener muy claro a qu\u00e9 tipo de empresas le interesa entrar en este nuevo r\u00e9gimen especial del IVA de caja, <a href=\"https:\/\/www.sage.com\/es-es\/blog\/iva-de-caja-requisitos-formales-y-contables-para-su-aplicacion-en-las-empresas\/\">a\u00fan cuando cumplan los requisitos<\/a> de volumen de operaciones inferior a 2 millones de euros.<\/p>\n<p><!--more--><\/p>\n<h2>Empresas que trabajen con la administraci\u00f3n p\u00fablica y cobros superiores a 90 d\u00edas<\/h2>\n<p>El primer grupo de <strong>empresas a los que les va a interesar acogerse al r\u00e9gimen de IVA<\/strong> de caja son todas aquellas <strong>empresas que presten servicios para la administraci\u00f3n p\u00fablica<\/strong> y que tengan un volumen de ventas superior al 50% a este sector con cobros demorados m\u00e1s de 90 d\u00edas de media.<\/p>\n<p>Si gran parte de mi facturaci\u00f3n depende de la fecha de pago de la administraci\u00f3n p\u00fablica, que suele incumplir de manera casi sistem\u00e1tica las fechas de vencimiento de las facturas, este sistema es id\u00f3neo para poder <a href=\"https:\/\/www.sage.com\/es-es\/tesoreria\/\">equilibrar la tesorer\u00eda<\/a>. No obstante, si mis ventas a la administraci\u00f3n son muy puntuales y no significativas sobre el total de mis ventas, el sistema no es interesante.<\/p>\n<h2>Empresas con plazos de cobro mayores que los plazos de pago<\/h2>\n<p>Si nuestra empresa tiene una <strong>estructura de cobros con unos periodos temporales superiores a los plazos de pago<\/strong>, el IVA de caja me permitir\u00e1 no tener que financiar el circulante de la empresa con fondos propios de manera parcial. Sobre todo, si mi empresa se encuentra en una situaci\u00f3n de crecimiento en ventas.<\/p>\n<p>No obstante, si mi empresa tiene esta estructura de pagos, realmente est\u00e1 mal gestionada puesto que tendr\u00e9 una necesidad permanente de financiaci\u00f3n con un coste importante, a asumir con fondos propios. Recordad en estos casos que lo ideal siempre que se pueda es cobrar primero y pagar despu\u00e9s, no al rev\u00e9s.<\/p>\n<h2>Profesionales independientes con pagos a vencimiento<\/h2>\n<p>En el <strong>caso de los profesionales independientes<\/strong>, podemos pensar que el IVA de caja es una buena soluci\u00f3n, pero el caso es que para estos perfiles, ya tenemos los sistemas de cuenta corriente tributaria, que funcionan de una manera m\u00e1s perfecta al compensar en simult\u00e1neo cuotas a ingresar de IVA y pagos fraccionados de IRPF con los sistemas de pagos a cuenta.<\/p>\n<p>Aqu\u00ed, hay que ver la estructura clara de los impuestos trimestrales para evaluar si es mejor la inclusi\u00f3n en cuenta corriente tributaria o la adopci\u00f3n del IVA de caja.<\/p>\n<h2>La mayor\u00eda de empresas, en el r\u00e9gimen general del IVA<\/h2>\n<p>Para el resto de empresas, <strong>la adopci\u00f3n del sistema del IVA de caja<\/strong> tan solo va a <strong>desplazar los beneficios o problemas de tesorer\u00eda unos meses hacia adelante<\/strong>, dado que la liquidaci\u00f3n del IVA de caja es sim\u00e9trica con la liquidaci\u00f3n del IVA en el r\u00e9gimen general y salvo excepciones muy puntuales, la carga burocr\u00e1tica adicional de este r\u00e9gimen no compensa con los hipot\u00e9ticos beneficios que trae.<\/p>\n<p>Si mi empresa lleva varios ejercicios de funcionamiento y tiene una estructura clara de cobros y pagos, cambiar al r\u00e9gimen de caja s\u00f3lo se explica si vamos a realizar un gran aumento en las ventas con cobros aplazados por periodos superiores a 60 d\u00edas. Para el resto de casos, <strong>el IVA de caja no tiene atractivo alguno<\/strong> y s\u00ed bastantes complicaciones.<\/p>\n<\/div>\n<div class=\"single-cta\">\n\t<div class=\"single-cta__positioner\">\n\t\t<div class=\"single-cta__wrapper has-dark-background-color\">\n\t\t\t<div class=\"single-cta__content\">\n\t\t\t\t\t\t\t\t<h2 class=\"single-cta__title h3\">Subscr\u00edbete a la newsletter de Sage Advice<\/h2>\n\n\t\t\t\t\t\t\t\t\t<div class=\"single-cta__description\">\n\t\t\t\t\t\t<p>Recibe nuestros consejos m\u00e1s recientes directamente en la bandeja de entrada de tu correo electr\u00f3nico.<\/p>\n\t\t\t\t\t<\/div>\n\t\t\t\t\n\t\t\t\t\t\t\t\t\t\t\t\t\t\t<a\n\t\t\t\t\t\thref=\"#gate-263a5c00-99e4-4e71-8421-469deda8e674\"\n\t\t\t\t\t\tclass=\"single-cta__button button button--primary\"\n\t\t\t\t\t\t\t\t\t\t\t\t\t\t\t\t\t>Suscr\u00edbete<\/a>\n\t\t\t\t\t\t\t<\/div>\n\n\t\t\t\t\t<\/div>\n\n\t\t\t\t\t<img decoding=\"async\" width=\"1440\" height=\"810\" src=\"https:\/\/www.sage.com\/es-es\/blog\/wp-content\/uploads\/sites\/8\/2022\/04\/GettyImages-1171960556-1440x810.jpg\" class=\"single-cta__image\" alt=\"Sage\" loading=\"lazy\" srcset=\"https:\/\/www.sage.com\/es-es\/blog\/wp-content\/uploads\/sites\/8\/2022\/04\/GettyImages-1171960556-1440x810.jpg 1440w\" sizes=\"auto, (min-width: 48em) 33vw, 100vw\" \/>\t\t\t<\/div>\n<\/div>\n","protected":false},"excerpt":{"rendered":"<p>Tal y como hemos visto ya en estos posts anteriores, el nuevo r\u00e9gimen del IVA de caja viene a subsanar los problemas de tesorer\u00eda de las pymes de tal manera que no tengan que ingresar las cuotas del impuesto hasta que no lo hayan cobrado. Me vais a permitir que sea un tanto esc\u00e9ptico con [&hellip;]<\/p>\n","protected":false},"author":235,"featured_media":18057,"comment_status":"open","ping_status":"closed","sticky":false,"template":"","format":"standard","meta":{"_sage_video":false,"post_featured_image_hide":false,"footnotes":""},"categories":[2],"tags":[38,45],"business_type":[10,11],"lilypad":[],"context":[],"industry":[],"persona":[],"imagine_tag":[260],"coauthors":[395],"class_list":["post-4570","post","type-post","status-publish","format-standard","has-post-thumbnail","hentry","category-finanzas","tag-gestion-financiera","tag-iva-de-caja","business_type-pequena-empresa","business_type-mediana-empresa"],"sage_meta":{"region":"es-es","author_name":"Remo","featured_image":"https:\/\/www.sage.com\/es-es\/blog\/wp-content\/uploads\/sites\/8\/2017\/12\/GettyImages-12070546631.jpg","imagine_tags":{"260":"Legal"}},"distributor_meta":false,"distributor_terms":false,"distributor_media":false,"distributor_original_site_name":"Sage Advice Espa\u00f1a","distributor_original_site_url":"https:\/\/www.sage.com\/es-es\/blog","push-errors":false,"_links":{"self":[{"href":"https:\/\/www.sage.com\/es-es\/blog\/api\/wp\/v2\/posts\/4570","targetHints":{"allow":["GET"]}}],"collection":[{"href":"https:\/\/www.sage.com\/es-es\/blog\/api\/wp\/v2\/posts"}],"about":[{"href":"https:\/\/www.sage.com\/es-es\/blog\/api\/wp\/v2\/types\/post"}],"author":[{"embeddable":true,"href":"https:\/\/www.sage.com\/es-es\/blog\/api\/wp\/v2\/users\/235"}],"replies":[{"embeddable":true,"href":"https:\/\/www.sage.com\/es-es\/blog\/api\/wp\/v2\/comments?post=4570"}],"version-history":[{"count":0,"href":"https:\/\/www.sage.com\/es-es\/blog\/api\/wp\/v2\/posts\/4570\/revisions"}],"wp:featuredmedia":[{"embeddable":true,"href":"https:\/\/www.sage.com\/es-es\/blog\/api\/wp\/v2\/media\/18057"}],"wp:attachment":[{"href":"https:\/\/www.sage.com\/es-es\/blog\/api\/wp\/v2\/media?parent=4570"}],"wp:term":[{"taxonomy":"category","embeddable":true,"href":"https:\/\/www.sage.com\/es-es\/blog\/api\/wp\/v2\/categories?post=4570"},{"taxonomy":"post_tag","embeddable":true,"href":"https:\/\/www.sage.com\/es-es\/blog\/api\/wp\/v2\/tags?post=4570"},{"taxonomy":"business_type","embeddable":true,"href":"https:\/\/www.sage.com\/es-es\/blog\/api\/wp\/v2\/business_type?post=4570"},{"taxonomy":"lilypad","embeddable":true,"href":"https:\/\/www.sage.com\/es-es\/blog\/api\/wp\/v2\/lilypad?post=4570"},{"taxonomy":"context","embeddable":true,"href":"https:\/\/www.sage.com\/es-es\/blog\/api\/wp\/v2\/context?post=4570"},{"taxonomy":"industry","embeddable":true,"href":"https:\/\/www.sage.com\/es-es\/blog\/api\/wp\/v2\/industry?post=4570"},{"taxonomy":"persona","embeddable":true,"href":"https:\/\/www.sage.com\/es-es\/blog\/api\/wp\/v2\/persona?post=4570"},{"taxonomy":"imagine_tag","embeddable":true,"href":"https:\/\/www.sage.com\/es-es\/blog\/api\/wp\/v2\/imagine_tag?post=4570"},{"taxonomy":"author","embeddable":true,"href":"https:\/\/www.sage.com\/es-es\/blog\/api\/wp\/v2\/coauthors?post=4570"}],"curies":[{"name":"wp","href":"https:\/\/api.w.org\/{rel}","templated":true}]}}