{"id":4656,"date":"2014-09-10T06:33:17","date_gmt":"2014-09-10T06:33:17","guid":{"rendered":"https:\/\/www.sage.com\/es-es\/blog\/las-nuevas-reservas-que-la-reforma-fiscal-ha-introducido-en-el-impuesto-de-sociedades\/"},"modified":"2026-03-13T13:31:47","modified_gmt":"2026-03-13T12:31:47","slug":"las-nuevas-reservas-que-la-reforma-fiscal-ha-introducido-en-el-impuesto-de-sociedades","status":"publish","type":"post","link":"https:\/\/www.sage.com\/es-es\/blog\/las-nuevas-reservas-que-la-reforma-fiscal-ha-introducido-en-el-impuesto-de-sociedades\/","title":{"rendered":"Las nuevas reservas que la Reforma Fiscal ha introducido en el Impuesto de Sociedades"},"content":{"rendered":"<header class=\"entry-header has-dark-background-color entry-header--has-illustration entry-header--has-illustration--generic\">\n\t<div class=\"container\">\n\t\t<div class=\"entry-header__row row align-center\">\n\t\t\t<div class=\"col col-lg-7 col-xlg-6 entry-header__content\">\n\t\t\t\t\t\t\t<div class=\"component component-single-header\">\n\t\t\t\t\t\t\t\t\t\t<div class=\"entry-header__misc text--subtitle text--uppercase text--small\">\n\t\t\t\t\t\t\t<a href=\"https:\/\/www.sage.com\/es-es\/blog\/categoria\/legal\/\" class=\"entry-header__link\">Legal<\/a>\t\t\t\t\t\t<\/div>\n\t\t\t\t\n\t\t\t\t<div class=\"entry-title-wrapper\">\n\t\t\t\t\t<h1 class=\"entry-title\">\n\t\t\t\t\t\tLas nuevas reservas que la Reforma Fiscal ha introducido en el Impuesto de Sociedades\t\t\t\t\t<\/h1>\n\t\t\t\t<\/div>\n\n\t\t\t\t\t\t\t\t\t<p class=\"entry-header__description\">\n\t\t\t\t\t\t\t\t\t\t\t<\/p>\n\t\t\t\t\n\t\t\t\t\n\t\t\t\t\n\t\t\t<\/div>\n\n\t\t\t\t\t<\/div>\n\t\t\t\t\t<\/div>\n\t<\/div>\n\t<div class=\"single-post-details container\">\n\t\t<div class=\"col\">\n\t\t\t<span class=\"posted-on \"><time class=\"entry-date published\" datetime=\"2014-09-10T06:33:17+02:00\">10 September, 2014<\/time><\/span><span class=\"reading-time\"> minutos de lectura<\/span>\n\t\t<button\n\t\t\ttype=\"button\"\n\t\t\tclass=\"social-share-button button button--icon button--secondary js-social-share-button\"\n\t\t\tdata-share-title=\"Las nuevas reservas que la Reforma Fiscal ha introducido en el Impuesto de Sociedades\"\n\t\t\tdata-share-url=\"https:\/\/www.sage.com\/es-es\/blog\/las-nuevas-reservas-que-la-reforma-fiscal-ha-introducido-en-el-impuesto-de-sociedades\/\"\n\t\t\tdata-share-text=\"Please read this interesting article\"\n\t\t>\n\t\t\t<span class=\"social-share-button__share-label\">Compartir<\/span>\n\t\t\t<span class=\"social-share-button__copy-label\" hidden>Copiar enlace<\/span>\n\t\t\t<span class=\"social-share-button__copy-tooltip\" aria-hidden=\"true\" hidden>Copiado<\/span>\n\t\t<\/button>\n\n\t\t\t\t<\/div>\n\t<\/div>\n<\/header>\n\n\n\n<div class=\"wp-block-post-author has-dark-background-color alignfull\">\n\t<div class=\"container\">\n\t\t<div class=\"col\">\n\t\t\t\t\t\t\t<div class=\"co-authors\">\n\t\t\t\t\t\n\t\t<div class=\"entry-author-wrapper\">\n\t\t\t<a class=\"entry-author\" href=\"https:\/\/www.sage.com\/es-es\/blog\/author\/pilar-villanueva\/\">\n\t\t\t\t<img loading=\"lazy\" decoding=\"async\" width=\"40\" height=\"40\" src=\"https:\/\/www.sage.com\/es-es\/blog\/wp-content\/uploads\/sites\/8\/2021\/11\/Pilar-Villanueva-Miniatura-350x350.jpeg\" class=\"entry-author__image\" alt=\"Sage\" \/>\t\t\t\t<span class=\"entry-author__name\">Pilar Villanueva<\/span>\n\t\t\t<\/a>\n\n\t\t\t\t\t<\/div>\n\n\t\t\t\t\t\t<\/div>\n\t\t\t\t\t<\/div>\n\t<\/div>\n<\/div>\n<div class=\"sage-block-classic-wrapper\">\n\n<p>Una de las principales novedades que la Reforma Fiscal va a introducir en el Impuesto de Sociedades es la creaci\u00f3n de dos <strong>nuevos tipos de reservas<\/strong> que servir\u00e1n para minorar la cuota a pagar en dicho impuesto.<\/p>\n<p>Con la <strong>reserva de capitalizaci\u00f3n y la reserva de nivelaci\u00f3n<\/strong> las empresas podr\u00e1n rebajar el tipo impositivo general, fijado en el 28% para 2015 y en el 25% para 2016, en el entorno de un 2,5% por cada una de ellas. En el mejor de los casos, las sociedades acabar\u00e1n aplicando, por tanto, un tipo del 20%.<\/p>\n<p><!--more--><\/p>\n<h2>La reserva de capitalizaci\u00f3n<\/h2>\n<p>La <strong>reserva de capitalizaci\u00f3n <\/strong>permitir\u00e1 dotar una provisi\u00f3n del 10% del beneficio obtenido en el ejercicio. Esa dotaci\u00f3n estar\u00e1 libre de impuestos y permitir\u00e1 incrementar los fondos propios de la empresa con los que acometer futuros proyectos de las compa\u00f1\u00edas sin necesidad de financiaci\u00f3n externa.<\/p>\n<p>No hay restricci\u00f3n alguna en cuanto al <strong>tama\u00f1o de las empresas<\/strong> que podr\u00e1n utilizar esta reserva.<\/p>\n<p>Esta reserva viene a sustituir a la antigua deducci\u00f3n por <strong>reinversi\u00f3n de beneficios<\/strong>.<\/p>\n<p>Una novedad surgida en la modificaci\u00f3n de la Reforma realizada previamente a su aprobaci\u00f3n definitiva supone que la base de c\u00e1lculo que se tome como referencia para el c\u00e1lculo del l\u00edmite de pata la <strong>compensaci\u00f3n de bases imponibles negativas<\/strong> de periodos anteriores sea la previa a la aplicaci\u00f3n de esta reserva.<\/p>\n<h2>La reserva de nivelaci\u00f3n<\/h2>\n<p>La <strong>reserva de nivelaci\u00f3n<\/strong> s\u00f3lo estar\u00e1 disponible para las pymes. Su objetivo es aumentar la capitalizaci\u00f3n de las empresas y para ello se rebajar\u00e1 la fiscalidad de las sociedades con beneficios que, en lugar de repartirlos como dividendos, decidan destinarlos a reservas.<\/p>\n<p>Con la nueva medida se aplicara una deducci\u00f3n fiscal del<strong> 10% por estos beneficios<\/strong> que se mantengan en la empresa, con el l\u00edmite de un mill\u00f3n de euros.<\/p>\n<p>Esta reserva servir\u00e1 para <strong>compensar perdidas futuras<\/strong>, pudiendo compensarse con bases imponibles negativas en un plazo de cinco a\u00f1os. Es decir, en este caso se anticipa la deducci\u00f3n de las bases imponibles negativas antes de que \u00e9stas se produzcan.<\/p>\n<\/div>\n<div class=\"single-cta\">\n\t<div class=\"single-cta__positioner\">\n\t\t<div class=\"single-cta__wrapper has-dark-background-color\">\n\t\t\t<div class=\"single-cta__content\">\n\t\t\t\t\t\t\t\t<h2 class=\"single-cta__title h3\">Subscr\u00edbete a la newsletter de Sage Advice<\/h2>\n\n\t\t\t\t\t\t\t\t\t<div class=\"single-cta__description\">\n\t\t\t\t\t\t<p>Recibe nuestros consejos m\u00e1s recientes directamente en la bandeja de entrada de tu correo electr\u00f3nico.<\/p>\n\t\t\t\t\t<\/div>\n\t\t\t\t\n\t\t\t\t\t\t\t\t\t\t\t\t\t\t<a\n\t\t\t\t\t\thref=\"#gate-263a5c00-99e4-4e71-8421-469deda8e674\"\n\t\t\t\t\t\tclass=\"single-cta__button button button--primary\"\n\t\t\t\t\t\t\t\t\t\t\t\t\t\t\t\t\t>Suscr\u00edbete<\/a>\n\t\t\t\t\t\t\t<\/div>\n\n\t\t\t\t\t<\/div>\n\n\t\t\t\t\t<img decoding=\"async\" width=\"1440\" height=\"810\" src=\"https:\/\/www.sage.com\/es-es\/blog\/wp-content\/uploads\/sites\/8\/2022\/04\/GettyImages-1171960556-1440x810.jpg\" class=\"single-cta__image\" alt=\"Sage\" loading=\"lazy\" srcset=\"https:\/\/www.sage.com\/es-es\/blog\/wp-content\/uploads\/sites\/8\/2022\/04\/GettyImages-1171960556-1440x810.jpg 1440w\" sizes=\"auto, (min-width: 48em) 33vw, 100vw\" \/>\t\t\t<\/div>\n<\/div>\n","protected":false},"excerpt":{"rendered":"<p>Una de las principales novedades que la Reforma Fiscal va a introducir en el Impuesto de Sociedades es la creaci\u00f3n de dos nuevos tipos de reservas que servir\u00e1n para minorar la cuota a pagar en dicho impuesto. Con la reserva de capitalizaci\u00f3n y la reserva de nivelaci\u00f3n las empresas podr\u00e1n rebajar el tipo impositivo general, [&hellip;]<\/p>\n","protected":false},"author":316,"featured_media":6345,"comment_status":"open","ping_status":"closed","sticky":false,"template":"","format":"standard","meta":{"_sage_video":false,"post_featured_image_hide":false,"footnotes":""},"categories":[6],"tags":[187,37,39],"business_type":[10,11,8],"lilypad":[],"context":[],"industry":[],"persona":[],"imagine_tag":[],"coauthors":[397],"class_list":["post-4656","post","type-post","status-publish","format-standard","has-post-thumbnail","hentry","category-legal","tag-asesorias-y-despachos-profesionales","tag-gestion-empresarial","tag-impuesto-de-sociedades","business_type-pequena-empresa","business_type-mediana-empresa","business_type-asesorias-despachos-profesionales"],"sage_meta":{"region":"es-es","author_name":"Pilar Villanueva","featured_image":"https:\/\/www.sage.com\/es-es\/blog\/wp-content\/uploads\/sites\/8\/2017\/10\/25-octubre-Invoice-templates-GettyImages-496405885_super-1675x1225.jpg","imagine_tags":[]},"distributor_meta":false,"distributor_terms":false,"distributor_media":false,"distributor_original_site_name":"Sage Advice Espa\u00f1a","distributor_original_site_url":"https:\/\/www.sage.com\/es-es\/blog","push-errors":false,"_links":{"self":[{"href":"https:\/\/www.sage.com\/es-es\/blog\/api\/wp\/v2\/posts\/4656","targetHints":{"allow":["GET"]}}],"collection":[{"href":"https:\/\/www.sage.com\/es-es\/blog\/api\/wp\/v2\/posts"}],"about":[{"href":"https:\/\/www.sage.com\/es-es\/blog\/api\/wp\/v2\/types\/post"}],"author":[{"embeddable":true,"href":"https:\/\/www.sage.com\/es-es\/blog\/api\/wp\/v2\/users\/316"}],"replies":[{"embeddable":true,"href":"https:\/\/www.sage.com\/es-es\/blog\/api\/wp\/v2\/comments?post=4656"}],"version-history":[{"count":0,"href":"https:\/\/www.sage.com\/es-es\/blog\/api\/wp\/v2\/posts\/4656\/revisions"}],"wp:featuredmedia":[{"embeddable":true,"href":"https:\/\/www.sage.com\/es-es\/blog\/api\/wp\/v2\/media\/6345"}],"wp:attachment":[{"href":"https:\/\/www.sage.com\/es-es\/blog\/api\/wp\/v2\/media?parent=4656"}],"wp:term":[{"taxonomy":"category","embeddable":true,"href":"https:\/\/www.sage.com\/es-es\/blog\/api\/wp\/v2\/categories?post=4656"},{"taxonomy":"post_tag","embeddable":true,"href":"https:\/\/www.sage.com\/es-es\/blog\/api\/wp\/v2\/tags?post=4656"},{"taxonomy":"business_type","embeddable":true,"href":"https:\/\/www.sage.com\/es-es\/blog\/api\/wp\/v2\/business_type?post=4656"},{"taxonomy":"lilypad","embeddable":true,"href":"https:\/\/www.sage.com\/es-es\/blog\/api\/wp\/v2\/lilypad?post=4656"},{"taxonomy":"context","embeddable":true,"href":"https:\/\/www.sage.com\/es-es\/blog\/api\/wp\/v2\/context?post=4656"},{"taxonomy":"industry","embeddable":true,"href":"https:\/\/www.sage.com\/es-es\/blog\/api\/wp\/v2\/industry?post=4656"},{"taxonomy":"persona","embeddable":true,"href":"https:\/\/www.sage.com\/es-es\/blog\/api\/wp\/v2\/persona?post=4656"},{"taxonomy":"imagine_tag","embeddable":true,"href":"https:\/\/www.sage.com\/es-es\/blog\/api\/wp\/v2\/imagine_tag?post=4656"},{"taxonomy":"author","embeddable":true,"href":"https:\/\/www.sage.com\/es-es\/blog\/api\/wp\/v2\/coauthors?post=4656"}],"curies":[{"name":"wp","href":"https:\/\/api.w.org\/{rel}","templated":true}]}}