{"id":4667,"date":"2014-11-21T13:10:42","date_gmt":"2014-11-21T13:10:42","guid":{"rendered":"https:\/\/www.sage.com\/es-es\/blog\/iva-2015-como-funcionara-el-iva-en-los-servicios-prestados-por-via-electronica\/"},"modified":"2026-02-04T20:07:50","modified_gmt":"2026-02-04T19:07:50","slug":"iva-2015-como-funcionara-el-iva-en-los-servicios-prestados-por-via-electronica","status":"publish","type":"post","link":"https:\/\/www.sage.com\/es-es\/blog\/iva-2015-como-funcionara-el-iva-en-los-servicios-prestados-por-via-electronica\/","title":{"rendered":"IVA 2015: c\u00f3mo funcionar\u00e1 el IVA en los servicios prestados por v\u00eda electr\u00f3nica"},"content":{"rendered":"<header class=\"entry-header has-dark-background-color entry-header--has-illustration entry-header--has-illustration--generic\">\n\t<div class=\"container\">\n\t\t<div class=\"entry-header__row row align-center\">\n\t\t\t<div class=\"col col-lg-7 col-xlg-6 entry-header__content\">\n\t\t\t\t\t\t\t<div class=\"component component-single-header\">\n\t\t\t\t\t\t\t\t\t\t<div class=\"entry-header__misc text--subtitle text--uppercase text--small\">\n\t\t\t\t\t\t\t<a href=\"https:\/\/www.sage.com\/es-es\/blog\/categoria\/finanzas\/\" class=\"entry-header__link\">Finanzas<\/a>\t\t\t\t\t\t<\/div>\n\t\t\t\t\n\t\t\t\t<div class=\"entry-title-wrapper\">\n\t\t\t\t\t<h1 class=\"entry-title\">\n\t\t\t\t\t\tIVA 2015: c\u00f3mo funcionar\u00e1 el IVA en los servicios prestados por v\u00eda electr\u00f3nica\t\t\t\t\t<\/h1>\n\t\t\t\t<\/div>\n\n\t\t\t\t\t\t\t\t\t<p class=\"entry-header__description\">\n\t\t\t\t\t\t\t\t\t\t\t<\/p>\n\t\t\t\t\n\t\t\t\t\n\t\t\t\t\n\t\t\t<\/div>\n\n\t\t\t\t\t<\/div>\n\t\t\t\t\t<\/div>\n\t<\/div>\n\t<div class=\"single-post-details container\">\n\t\t<div class=\"col\">\n\t\t\t<span class=\"posted-on \"><time class=\"entry-date published\" datetime=\"2014-11-21T13:10:42+01:00\">21 November, 2014<\/time><\/span><span class=\"reading-time\"> minutos de lectura<\/span>\n\t\t<button\n\t\t\ttype=\"button\"\n\t\t\tclass=\"social-share-button button button--icon button--secondary js-social-share-button\"\n\t\t\tdata-share-title=\"IVA 2015: c\u00f3mo funcionar\u00e1 el IVA en los servicios prestados por v\u00eda electr\u00f3nica\"\n\t\t\tdata-share-url=\"https:\/\/www.sage.com\/es-es\/blog\/iva-2015-como-funcionara-el-iva-en-los-servicios-prestados-por-via-electronica\/\"\n\t\t\tdata-share-text=\"Please read this interesting article\"\n\t\t>\n\t\t\t<span class=\"social-share-button__share-label\">Compartir<\/span>\n\t\t\t<span class=\"social-share-button__copy-label\" hidden>Copiar enlace<\/span>\n\t\t\t<span class=\"social-share-button__copy-tooltip\" aria-hidden=\"true\" hidden>Copiado<\/span>\n\t\t<\/button>\n\n\t\t\t\t<\/div>\n\t<\/div>\n<\/header>\n\n\n\n<div class=\"wp-block-post-author has-dark-background-color alignfull\">\n\t<div class=\"container\">\n\t\t<div class=\"col\">\n\t\t\t\t\t\t\t<div class=\"co-authors\">\n\t\t\t\t\t\n\t\t<div class=\"entry-author-wrapper\">\n\t\t\t<a class=\"entry-author\" href=\"https:\/\/www.sage.com\/es-es\/blog\/author\/remo\/\">\n\t\t\t\t<img loading=\"lazy\" decoding=\"async\" width=\"40\" height=\"40\" src=\"https:\/\/www.sage.com\/es-es\/blog\/wp-content\/uploads\/sites\/8\/2017\/10\/Remo_400x400-350x350.jpg\" class=\"entry-author__image\" alt=\"Remo\" srcset=\"https:\/\/www.sage.com\/es-es\/blog\/wp-content\/uploads\/sites\/8\/2017\/10\/Remo_400x400-350x350.jpg 350w, https:\/\/www.sage.com\/es-es\/blog\/wp-content\/uploads\/sites\/8\/2017\/10\/Remo_400x400.jpg 400w\" sizes=\"auto, (max-width: 40px) 100vw, 40px\" \/>\t\t\t\t<span class=\"entry-author__name\">Remo<\/span>\n\t\t\t<\/a>\n\n\t\t\t\t\t<\/div>\n\n\t\t\t\t\t\t<\/div>\n\t\t\t\t\t<\/div>\n\t<\/div>\n<\/div>\n<div class=\"sage-block-classic-wrapper\">\n\n<p>Uno de los cambios fundamentales que tenemos a partir del a\u00f1o 2015, es el <strong>cambio en la tributaci\u00f3n del IVA de los servicios prestados por v\u00eda electr\u00f3nica<\/strong>. El cambio afecta a las operaciones de servicios por v\u00eda electr\u00f3nica B2C; es decir, aquellas operaciones en las que el destinatario final es un consumidor.<!--more--><\/p>\n<p>Hasta ahora, la regla de localizaci\u00f3n del IVA situaba el lugar de realizaci\u00f3n del hecho imponible en el territorio de la sede del prestador del servicio para servicios B2C. <strong>A partir del 01\/01\/2015, cambia el criterio de localizaci\u00f3n<\/strong> por lo que el lugar de prestaci\u00f3n del servicio pasa a ser en lugar donde se encuentre el consumidor final. Este cambio en la localizaci\u00f3n implica que la empresa que presta el servicio por v\u00eda electr\u00f3nica tendr\u00e1 que repercutir el IVA aplicable en el pa\u00eds de destino y que est\u00e9 localizado el consumidor, no el pa\u00eds de origen como suced\u00eda hasta ahora.<\/p>\n<blockquote><p>El IVA por servicios prestados electr\u00f3nicamente cambia en 2015, conoce todas las novedades<sup><a href=\"https:\/\/twitter.com\/intent\/tweet?text=El IVA por servicios prestados electr\u00f3nicamente cambia en 2015, conoce todas las novedades http:\/\/bit.ly\/1QtH3kZ v\u00eda @sagespain&amp;source=webclient\">\u00a1Tuit\u00e9alo!<\/a><\/sup><\/p><\/blockquote>\n<p>&nbsp;<\/p>\n<h2>Criterios para situar el lugar de realizaci\u00f3n a efectos de IVA en una operaci\u00f3n por v\u00eda electr\u00f3nica B2C<\/h2>\n<p>Para garantizar una aplicaci\u00f3n uniforme de las nuevas reglas en la UE, se ha preparado un reglamento en el que se especifica el criterio que se ha de seguir para localizar correctamente a los clientes a efectos de aplicaci\u00f3n del IVA. Este reglamento establece las siguientes presunciones de localizaci\u00f3n:<\/p>\n<ul>\n<li>Si los servicios se prestan en sitios tales como una cabina telef\u00f3nica, zona WIFI, cibercaf\u00e9, restaurante o vest\u00edbulo de un hotel, en los que se requiere la presencia f\u00edsica del cliente, se presumir\u00e1 que la ubicaci\u00f3n del cliente est\u00e1 en ese lugar, por lo que ah\u00ed se gravar\u00e1n los servicios.<\/li>\n<li>Si los servicios se prestan a trav\u00e9s de una l\u00ednea fija terrestre, se presumir\u00e1 que la ubicaci\u00f3n del cliente es aquella en la que la l\u00ednea est\u00e9 instalada.<\/li>\n<li>En el caso de que se presten a trav\u00e9s de redes m\u00f3viles, se presumir\u00e1 que la ubicaci\u00f3n del cliente es el pa\u00eds identificado por el c\u00f3digo de tel\u00e9fono de la tarjeta SIM.<\/li>\n<li>En los servicios en los que es necesario usar un descodificador o una tarjeta de televisi\u00f3n (sin usar l\u00ednea fija terrestre), se presumir\u00e1 que la ubicaci\u00f3n del cliente es el lugar en el que se encuentre el descodificador, o si no se conoce, el lugar al que se envi\u00f3 la tarjeta.<\/li>\n<\/ul>\n<p>No obstante, se usar\u00e1 como criterio de localizaci\u00f3n del cliente dos de estas ubicaciones no contradictorias entre si:<\/p>\n<ul>\n<li>Direcci\u00f3n de facturaci\u00f3n<\/li>\n<li>Direcci\u00f3n IP del dispositivo usado por el cliente o cualquier sistema de geolocalizaci\u00f3n<\/li>\n<li>Datos bancarios (lugar en que se encuentra la cuenta bancaria utilizada para el pago)<\/li>\n<li>C\u00f3digo de m\u00f3vil del pa\u00eds almacenado en la tarjeta SIM<\/li>\n<li>Ubicaci\u00f3n de la l\u00ednea fija terrestre del cliente a trav\u00e9s de la que se presta el servicio<\/li>\n<li>Otra informaci\u00f3n relevante desde el punto de vista comercial<\/li>\n<\/ul>\n<p>Este cambio en el escenario del IVA, nos obliga a cambiar nuestros sistemas de procesamiento inform\u00e1tico para poder demostrar en todo momento d\u00f3nde se encuentra localizado nuestro consumidor B2C.<\/p>\n<h2>Cambios legales para las empresas prestadoras de servicios por v\u00eda electr\u00f3nica<\/h2>\n<p>Este nuevo escenario comunitario, obliga a las empresas a realizar los siguientes cambios legales. En primer lugar, tendremos que <strong>aplicar el tipo de IVA vigente<\/strong> para ese tipo de servicio en el pa\u00eds de destino, no en el pa\u00eds de origen y cumplir en simult\u00e1neo con la legislaci\u00f3n vigente en materia de IVA del pa\u00eds en el que pasamos a prestar el servicio.<\/p>\n<p>Como segundo punto m\u00e1s importante, <strong>estamos obligados a cumplir el reglamento de facturaci\u00f3n de cada pa\u00eds de destino<\/strong>, incluyendo para cada pa\u00eds, la casu\u00edstica propia de sus normas de emisi\u00f3n de facturas. Por ejemplo, hay pa\u00edses en Europa en los que no es posible realizar factura simplificada para cada servicio o bien, se obliga a informar sobre el capital social de la empresa en la propia factura.<\/p>\n<p>Este IVA que recaudamos, tendremos dos opciones para ingresarlo en las arcas p\u00fablicas. Bien nos damos de alta en cada pa\u00eds en los que prestemos servicio, bien nos adscribimos a la ventanilla \u00fanica de liquidaci\u00f3n del IVA, que presentaremos en nuestro territorio directamente mediante una serie de formularios y autoliquidaciones que tienen que aprobarse en breve.<\/p>\n<p>Estamos a menos de dos meses de la entrada en vigor de este cambio, por lo que debemos analizar inicialmente c\u00f3mo estamos prestando los servicios por v\u00eda electr\u00f3nica y c\u00f3mo podremos mejorar los mismos.<\/p>\n<p>Tener un control de las cuentas es algo b\u00e1sico para cualquier negocio. Desde Sage te proponemos diferentes programas de contabilidad para que lleves la contabilidad, la facturaci\u00f3n y la gesti\u00f3n de los n\u00fameros con facilidad. Entre otras tareas, podr\u00e1s generar tus declaraciones de IVA, gestionar los pagos, y realizar presupuestos e informes.<a href=\"https:\/\/www.sage.com\/es-es\/software-contabilidad\/\">Consulta todos nuestros programas<\/a>.<\/p>\n<\/div>\n<div class=\"single-cta\">\n\t<div class=\"single-cta__positioner\">\n\t\t<div class=\"single-cta__wrapper has-dark-background-color\">\n\t\t\t<div class=\"single-cta__content\">\n\t\t\t\t\t\t\t\t<h2 class=\"single-cta__title h3\">Subscr\u00edbete a la newsletter de Sage Advice<\/h2>\n\n\t\t\t\t\t\t\t\t\t<div class=\"single-cta__description\">\n\t\t\t\t\t\t<p>Recibe nuestros consejos m\u00e1s recientes directamente en la bandeja de entrada de tu correo electr\u00f3nico.<\/p>\n\t\t\t\t\t<\/div>\n\t\t\t\t\n\t\t\t\t\t\t\t\t\t\t\t\t\t\t<a\n\t\t\t\t\t\thref=\"#gate-263a5c00-99e4-4e71-8421-469deda8e674\"\n\t\t\t\t\t\tclass=\"single-cta__button button button--primary\"\n\t\t\t\t\t\t\t\t\t\t\t\t\t\t\t\t\t>Suscr\u00edbete<\/a>\n\t\t\t\t\t\t\t<\/div>\n\n\t\t\t\t\t<\/div>\n\n\t\t\t\t\t<img decoding=\"async\" width=\"1440\" height=\"810\" src=\"https:\/\/www.sage.com\/es-es\/blog\/wp-content\/uploads\/sites\/8\/2022\/04\/GettyImages-1171960556-1440x810.jpg\" class=\"single-cta__image\" alt=\"Sage\" loading=\"lazy\" srcset=\"https:\/\/www.sage.com\/es-es\/blog\/wp-content\/uploads\/sites\/8\/2022\/04\/GettyImages-1171960556-1440x810.jpg 1440w\" sizes=\"auto, (min-width: 48em) 33vw, 100vw\" \/>\t\t\t<\/div>\n<\/div>\n","protected":false},"excerpt":{"rendered":"<p>Uno de los cambios fundamentales que tenemos a partir del a\u00f1o 2015, es el cambio en la tributaci\u00f3n del IVA de los servicios prestados por v\u00eda electr\u00f3nica. El cambio afecta a las operaciones de servicios por v\u00eda electr\u00f3nica B2C; es decir, aquellas operaciones en las que el destinatario final es un consumidor.<\/p>\n","protected":false},"author":235,"featured_media":6286,"comment_status":"open","ping_status":"closed","sticky":false,"template":"","format":"standard","meta":{"_sage_video":false,"post_featured_image_hide":false,"footnotes":""},"categories":[2],"tags":[38,44],"business_type":[10,11],"lilypad":[],"context":[],"industry":[],"persona":[],"imagine_tag":[],"coauthors":[395],"class_list":["post-4667","post","type-post","status-publish","format-standard","has-post-thumbnail","hentry","category-finanzas","tag-gestion-financiera","tag-iva","business_type-pequena-empresa","business_type-mediana-empresa"],"sage_meta":{"region":"es-es","author_name":"Remo","featured_image":"https:\/\/www.sage.com\/es-es\/blog\/wp-content\/uploads\/sites\/8\/2017\/10\/4-octubre-1675x1275.jpg","imagine_tags":[]},"distributor_meta":false,"distributor_terms":false,"distributor_media":false,"distributor_original_site_name":"Sage Advice Espa\u00f1a","distributor_original_site_url":"https:\/\/www.sage.com\/es-es\/blog","push-errors":false,"_links":{"self":[{"href":"https:\/\/www.sage.com\/es-es\/blog\/api\/wp\/v2\/posts\/4667","targetHints":{"allow":["GET"]}}],"collection":[{"href":"https:\/\/www.sage.com\/es-es\/blog\/api\/wp\/v2\/posts"}],"about":[{"href":"https:\/\/www.sage.com\/es-es\/blog\/api\/wp\/v2\/types\/post"}],"author":[{"embeddable":true,"href":"https:\/\/www.sage.com\/es-es\/blog\/api\/wp\/v2\/users\/235"}],"replies":[{"embeddable":true,"href":"https:\/\/www.sage.com\/es-es\/blog\/api\/wp\/v2\/comments?post=4667"}],"version-history":[{"count":0,"href":"https:\/\/www.sage.com\/es-es\/blog\/api\/wp\/v2\/posts\/4667\/revisions"}],"wp:featuredmedia":[{"embeddable":true,"href":"https:\/\/www.sage.com\/es-es\/blog\/api\/wp\/v2\/media\/6286"}],"wp:attachment":[{"href":"https:\/\/www.sage.com\/es-es\/blog\/api\/wp\/v2\/media?parent=4667"}],"wp:term":[{"taxonomy":"category","embeddable":true,"href":"https:\/\/www.sage.com\/es-es\/blog\/api\/wp\/v2\/categories?post=4667"},{"taxonomy":"post_tag","embeddable":true,"href":"https:\/\/www.sage.com\/es-es\/blog\/api\/wp\/v2\/tags?post=4667"},{"taxonomy":"business_type","embeddable":true,"href":"https:\/\/www.sage.com\/es-es\/blog\/api\/wp\/v2\/business_type?post=4667"},{"taxonomy":"lilypad","embeddable":true,"href":"https:\/\/www.sage.com\/es-es\/blog\/api\/wp\/v2\/lilypad?post=4667"},{"taxonomy":"context","embeddable":true,"href":"https:\/\/www.sage.com\/es-es\/blog\/api\/wp\/v2\/context?post=4667"},{"taxonomy":"industry","embeddable":true,"href":"https:\/\/www.sage.com\/es-es\/blog\/api\/wp\/v2\/industry?post=4667"},{"taxonomy":"persona","embeddable":true,"href":"https:\/\/www.sage.com\/es-es\/blog\/api\/wp\/v2\/persona?post=4667"},{"taxonomy":"imagine_tag","embeddable":true,"href":"https:\/\/www.sage.com\/es-es\/blog\/api\/wp\/v2\/imagine_tag?post=4667"},{"taxonomy":"author","embeddable":true,"href":"https:\/\/www.sage.com\/es-es\/blog\/api\/wp\/v2\/coauthors?post=4667"}],"curies":[{"name":"wp","href":"https:\/\/api.w.org\/{rel}","templated":true}]}}