{"id":4781,"date":"2023-07-17T00:00:00","date_gmt":"2023-07-16T22:00:00","guid":{"rendered":"https:\/\/www.sage.com\/es-es\/blog\/el-registro-mercantil-y-sus-funciones\/"},"modified":"2026-02-04T16:09:22","modified_gmt":"2026-02-04T15:09:22","slug":"el-registro-mercantil-y-sus-funciones","status":"publish","type":"post","link":"https:\/\/www.sage.com\/es-es\/blog\/el-registro-mercantil-y-sus-funciones\/","title":{"rendered":"El Registro Mercantil y sus funciones"},"content":{"rendered":"<header class=\"entry-header has-dark-background-color entry-header--has-illustration entry-header--has-illustration--generic\">\n\t<div class=\"container\">\n\t\t<div class=\"entry-header__row row align-center\">\n\t\t\t<div class=\"col col-lg-7 col-xlg-6 entry-header__content\">\n\t\t\t\t\t\t\t<div class=\"component component-single-header\">\n\t\t\t\t\t\t\t\t\t\t<div class=\"entry-header__misc text--subtitle text--uppercase text--small\">\n\t\t\t\t\t\t\t<a href=\"https:\/\/www.sage.com\/es-es\/blog\/categoria\/estrategia-gestion\/\" class=\"entry-header__link\">Estrategia y Gesti\u00f3n<\/a>\t\t\t\t\t\t<\/div>\n\t\t\t\t\n\t\t\t\t<div class=\"entry-title-wrapper\">\n\t\t\t\t\t<h1 class=\"entry-title\">\n\t\t\t\t\t\tEl Registro Mercantil y sus funciones\t\t\t\t\t<\/h1>\n\t\t\t\t<\/div>\n\n\t\t\t\t\t\t\t\t\t<p class=\"entry-header__description\">\n\t\t\t\t\t\t\t\t\t\t\t<\/p>\n\t\t\t\t\n\t\t\t\t\n\t\t\t\t\n\t\t\t<\/div>\n\n\t\t\t\t\t<\/div>\n\t\t\t\t\t<\/div>\n\t<\/div>\n\t<div class=\"single-post-details container\">\n\t\t<div class=\"col\">\n\t\t\t<span class=\"posted-on \"><time class=\"entry-date published\" datetime=\"2023-07-17T00:00:00+02:00\">17 July, 2023<\/time><\/span><span class=\"reading-time\"> minutos de lectura<\/span>\n\t\t<button\n\t\t\ttype=\"button\"\n\t\t\tclass=\"social-share-button button button--icon button--secondary js-social-share-button\"\n\t\t\tdata-share-title=\"El Registro Mercantil y sus funciones\"\n\t\t\tdata-share-url=\"https:\/\/www.sage.com\/es-es\/blog\/el-registro-mercantil-y-sus-funciones\/\"\n\t\t\tdata-share-text=\"Please read this interesting article\"\n\t\t>\n\t\t\t<span class=\"social-share-button__share-label\">Compartir<\/span>\n\t\t\t<span class=\"social-share-button__copy-label\" hidden>Copiar enlace<\/span>\n\t\t\t<span class=\"social-share-button__copy-tooltip\" aria-hidden=\"true\" hidden>Copiado<\/span>\n\t\t<\/button>\n\n\t\t\t\t<\/div>\n\t<\/div>\n<\/header>\n\n\n\n<div class=\"wp-block-post-author has-dark-background-color alignfull\">\n\t<div class=\"container\">\n\t\t<div class=\"col\">\n\t\t\t\t\t\t\t<div class=\"co-authors\">\n\t\t\t\t\t\n\t\t<div class=\"entry-author-wrapper\">\n\t\t\t<a class=\"entry-author\" href=\"https:\/\/www.sage.com\/es-es\/blog\/author\/jose-ramon-fernandez-de-la-cigona\/\">\n\t\t\t\t<img loading=\"lazy\" decoding=\"async\" width=\"40\" height=\"40\" src=\"https:\/\/www.sage.com\/es-es\/blog\/wp-content\/uploads\/sites\/8\/2024\/02\/foto_jose-ramon_400x400-350x350.jpg\" class=\"entry-author__image\" alt=\"Sage\" srcset=\"https:\/\/www.sage.com\/es-es\/blog\/wp-content\/uploads\/sites\/8\/2024\/02\/foto_jose-ramon_400x400-350x350.jpg 350w, https:\/\/www.sage.com\/es-es\/blog\/wp-content\/uploads\/sites\/8\/2024\/02\/foto_jose-ramon_400x400.jpg 585w\" sizes=\"auto, (max-width: 40px) 100vw, 40px\" \/>\t\t\t\t<span class=\"entry-author__name\">Jose Ram\u00f3n Fern\u00e1ndez de la Cigo\u00f1a<\/span>\n\t\t\t<\/a>\n\n\t\t\t\t\t<\/div>\n\n\t\t\t\t\t\t<\/div>\n\t\t\t\t\t<\/div>\n\t<\/div>\n<\/div>\n\n\n\n<h4 class=\"wp-block-heading\" id=\"h-el-registro-mercantil-es-una-institucion-clave-para-dar-seguridad-al-trafico-juridico-mercantil-ya-que-permite-poner-a-disposicion-publica-determinados-actos-manifestados-por-las-sociedades-o-personas-inscritas\" style=\"font-style:normal;font-weight:100\">El Registro Mercantil es una instituci\u00f3n clave para dar seguridad al tr\u00e1fico jur\u00eddico mercantil, ya que permite poner a disposici\u00f3n p\u00fablica determinados actos manifestados por las sociedades o personas inscritas.<\/h4>\n<div class=\"sage-block-classic-wrapper\">\n\n<ul>\n<li>Te explicamos qu\u00e9 es el Registro Mercantil y c\u00f3mo otorga seguridad a las relaciones entre empresas, inversores y empresarios.<\/li>\n<li>Conoce sus funciones, los obligados a inscribir sus actos en el Registro Mercantil y las sanciones a las que se enfrentan quienes no cumplen con las responsabilidades derivadas de dicha obligaci\u00f3n.<\/li>\n<\/ul>\n<p>El Registro Mercantil es una instituci\u00f3n a trav\u00e9s de la cual se da <strong>publicidad a determinados datos jur\u00eddicos y econ\u00f3micos<\/strong> de las sociedades mercantiles o empresarios individuales. Es, por lo tanto, un instrumento de publicidad para otorgar seguridad al tr\u00e1fico jur\u00eddico mercantil.<\/p>\n<p>En el Titulo II del c\u00f3digo de comercio se hace referencia al Registro Mercantil y seg\u00fan se especifica en su art\u00edculo 20, su contenido se presume exacto y v\u00e1lido y sus asientos est\u00e1n bajo la salvaguarda de los Tribunales, produciendo efectos mientras no se inscriba una declaraci\u00f3n judicial de su inexactitud o nulidad.<\/p>\n<p>En el Real Decreto 1784\/1996, de 19 de julio, se determina el Reglamento del Registro Mercantil.<\/p>\n<p><em><mark class=\"highlight-and-share\"><strong>\u00a1TUIT\u00c9ALO!<\/strong> El Registro Mercantil: Garant\u00eda de seguridad y transparencia en el tr\u00e1fico jur\u00eddico mercantil. Descubre sus funciones.<\/mark><\/em><\/p>\n<h3><strong>Contenido del post<br \/><\/strong><\/h3>\n<ol>\n<li><a href=\"#registro\"> Registro Mercantil: caracter\u00edsticas y finalidades<\/a><\/li>\n<li><a href=\"#funciones\"> Las funciones del Registro Mercantil<\/a><\/li>\n<li><a href=\"#organizacion\"> La organizaci\u00f3n del Registro Mercantil<\/a><\/li>\n<li><a href=\"#quienes\"> \u00bfQui\u00e9nes est\u00e1n obligados a inscribirse en el Registro?<\/a><\/li>\n<li><a href=\"#sanciones\"> Sanciones por incumplir el deber de presentaci\u00f3n de las cuentas anuales en el Registro Mercantil<\/a><\/li>\n<li><a href=\"#cierre\"> Cierre de la hoja registral por no realizar el dep\u00f3sito de las cuentas anuales<\/a><\/li>\n<\/ol>\n<h2 id=\"registro\">1) Registro Mercantil: Caracter\u00edsticas y finalidades<\/h2>\n<p>El Registro Mercantil <strong>es la Oficina del Estado<\/strong>, dependiente del Ministerio de Justicia, en el que se inscriben los hechos y actos relativos a los empresarios individuales y a las sociedades mercantiles. Su objetivo es dar publicidad a los mismos de forma que puedan ser conocidos por las personas que contraten con ellos, ya sean proveedores, bancos, etc. Pero, tambi\u00e9n, por inversores reales y potenciales, as\u00ed como por entidades p\u00fablicas con la Seguridad Social o la AEAT. Por lo tanto, <strong>es de car\u00e1cter p\u00fablico<\/strong>, y cualquier persona podr\u00e1 consultar, obtener copia o certificaci\u00f3n de los actos inscritos.<\/p>\n<ul>\n<li>Es dependiente del Ministerio de Justicia.<\/li>\n<li>En \u00e9l se inscriben datos jur\u00eddicos y econ\u00f3micos relativos a los empresarios individuales y a las sociedades mercantiles.<\/li>\n<li>Es de car\u00e1cter p\u00fablico, lo que implica que cualquier persona podr\u00e1 consultar, obtener copia o certificaci\u00f3n de los actos en \u00e9l inscritos. Su objetivo es dar publicidad a los mismos de forma que puedan ser conocidos por las personas, empresas o entidades interesadas.<\/li>\n<li>Se utiliza el sistema de hoja personal con el objeto de facilitar la localizaci\u00f3n de los actos inscritos por sociedad o empresario. Este sistema conlleva que, tras la inscripci\u00f3n de la sociedad o empresario, en la hoja abierta al mismo se inscriben los hechos que les afecten.<\/li>\n<\/ul>\n<h2 id=\"funciones\">2) Las funciones del Registro Mercantil<\/h2>\n<p>El Registro Mercantil tiene por objeto la\u00a0<strong>anotaci\u00f3n, salvaguarda y puesta a disposici\u00f3n p\u00fablica<\/strong>\u00a0de todos los actos manifestados por las sociedades o personas inscritas.<\/p>\n<p>Principalmente,\u00a0<strong>la inscripci\u00f3n de los actos relativos a las sociedades o empresarios\u00a0<\/strong>obligados a ello, entre otros se registrar\u00e1n:<\/p>\n<ul>\n<li>La constituci\u00f3n de sociedades.<\/li>\n<li>Cambios de domicilios sociales o modificaciones de estatutos.<\/li>\n<li>Nombramientos y ceses de los componentes de los \u00d3rganos de Administraci\u00f3n o, en su caso, de los auditores.<\/li>\n<li>Ampliaciones y reducciones de capital. Transformaciones, fusiones, escisiones o liquidaciones de las sociedades.<\/li>\n<li>Quiebras, medidas judiciales de intervenci\u00f3n o resoluciones judiciales o administrativas que afecten a las sociedades.<\/li>\n<\/ul>\n<p>Se ocupar\u00e1, adem\u00e1s, de la <strong>legalizaci\u00f3n de los libros<\/strong>\u00a0y de las\u00a0<a href=\"https:\/\/www.sage.com\/es-es\/software-contabilidad\/\">cuentas anuales<\/a>\u00a0de los inscritos, que deber\u00e1n presentarse para su dep\u00f3sito <strong>dentro del mes siguiente a su aprobaci\u00f3n<\/strong>. De la misma manera deber\u00e1n proceder los liquidadores en relaci\u00f3n al estado anual de las cuentas de la liquidaci\u00f3n.<\/p>\n<p><!--more--><\/p>\n<div id=\"attachment_22835\" style=\"width: 1685px\" class=\"wp-caption aligncenter\"><img loading=\"lazy\" decoding=\"async\" aria-describedby=\"caption-attachment-22835\" class=\"wp-image-22835 size-full\" src=\"https:\/\/www.sage.com\/es-es\/blog\/wp-content\/uploads\/sites\/8\/2023\/07\/BrandShootSF_Oct2021_ProfSvcs_C7886-original_LOW.jpg\" alt=\"Sage\" width=\"1675\" height=\"1117\" srcset=\"https:\/\/www.sage.com\/es-es\/blog\/wp-content\/uploads\/sites\/8\/2023\/07\/BrandShootSF_Oct2021_ProfSvcs_C7886-original_LOW.jpg 1675w, https:\/\/www.sage.com\/es-es\/blog\/wp-content\/uploads\/sites\/8\/2023\/07\/BrandShootSF_Oct2021_ProfSvcs_C7886-original_LOW-768x512.jpg 768w, https:\/\/www.sage.com\/es-es\/blog\/wp-content\/uploads\/sites\/8\/2023\/07\/BrandShootSF_Oct2021_ProfSvcs_C7886-original_LOW-1215x810.jpg 1215w, https:\/\/www.sage.com\/es-es\/blog\/wp-content\/uploads\/sites\/8\/2023\/07\/BrandShootSF_Oct2021_ProfSvcs_C7886-original_LOW-1536x1024.jpg 1536w\" sizes=\"auto, (max-width: 1675px) 100vw, 1675px\" \/><p id=\"caption-attachment-22835\" class=\"wp-caption-text\">Mientras una entidad\u00a0mercantil no est\u00e9 inscrita en el Registro, no es sujeto pasivo del Impuesto de Sociedades.<\/p><\/div>\n<h2 id=\"organizacion\">3) La organizaci\u00f3n del Registro Mercantil<\/h2>\n<p>El\u00a0<strong>Registro Mercantil Central\u00a0<\/strong>se ocupa de la ordenaci\u00f3n tratamiento y publicidad, meramente informativa, de los datos que reciba de los distintos Registros Mercantiles y se encargar\u00e1 de la publicaci\u00f3n del Bolet\u00edn Oficial del Registro Mercantil (BORME).<\/p>\n<p>Adem\u00e1s, dentro de las responsabilidades del Registro Mercantil Central, se encuentra la gesti\u00f3n de una\u00a0<strong>secci\u00f3n de denominaciones<\/strong>, que registrar\u00e1 las denominaciones de todas las entidades inscritas, as\u00ed como de las denominaciones sobre cuya utilizaci\u00f3n exista alguna reserva temporal.<\/p>\n<h2 id=\"quienes\">4) \u00bfQui\u00e9nes est\u00e1n obligados a inscribirse en el Registro?<\/h2>\n<p>La Ley dispone de\u00a0<strong>la obligaci\u00f3n de inscribir sus actos<\/strong>\u00a0en el Registro Mercantil a:<\/p>\n<ul>\n<li>Los empresarios individuales.<\/li>\n<li>Las\u00a0<a href=\"https:\/\/www.sage.com\/es-es\/blog\/la-relacion-entre-las-sociedades-mercantiles-y-sus-socios\/\">sociedades mercantiles<\/a>.<\/li>\n<li><a href=\"https:\/\/www.sage.com\/es-es\/blog\/siete-cosas-que-te-interesa-saber-sobre-las-polizas-de-credito\/\">Entidades de cr\u00e9dito<\/a>, seguros y sociedades de garant\u00eda rec\u00edproca.<\/li>\n<li>Instituciones de inversi\u00f3n colectiva y\u00a0<a href=\"https:\/\/www.sage.com\/es-es\/blog\/una-edad-indefinida-de-jubilacion-japon-ya-se-esta-planteando-elevarla-a-los-70\/\">fondos de pensiones<\/a>.<\/li>\n<li>Agrupaciones de inter\u00e9s econ\u00f3mico.<\/li>\n<\/ul>\n<p><strong>La inscripci\u00f3n de los empresarios individuales o aut\u00f3nomos ser\u00e1 voluntaria<\/strong>, a excepci\u00f3n de los navieros. El empresario individual no inscrito, no podr\u00e1 pedir la inscripci\u00f3n de ning\u00fan documento ni aprovecharse de sus efectos legales.<\/p>\n<p>El incumplimiento, por parte de las entidades obligadas a su inscripci\u00f3n, de sus obligaciones registrales\u00a0<strong>podr\u00e1 ser sancionado<\/strong>, conforme a la Ley de Procedimiento Administrativo con multas que van desde los 300 a los 3.000 euros.<\/p>\n<h2 id=\"sanciones\">5) Sanciones por incumplir el deber de presentaci\u00f3n de las cuentas anuales en el Registro Mercantil<\/h2>\n<p>Como ya hemos adelantado, todas las sociedades obligadas a inscribirse en el Registro Mercantil deben presentar, a trav\u00e9s de sus administradores, las cuentas anuales de la empresa. De esta forma, una vez inscritas y publicadas, un tercero podr\u00e1 acceder y <strong>conocer la situaci\u00f3n financiera<\/strong> de la empresa.<\/p>\n<blockquote>\n<p>Las cuentas anuales reflejan la situaci\u00f3n financiera y patrimonial de una sociedad.<\/p>\n<\/blockquote>\n<p>Entre las consecuencias de la falta de <a href=\"https:\/\/www.sage.com\/es-es\/blog\/presentacion-cuentas-anuales\/\">presentaci\u00f3n de las cuentas anuales<\/a> se encuentran, por ejemplo, el impedimento de inscribir nuevos actos en el registro (ya que se cierra provisionalmente la hoja registral). Por supuesto, tambi\u00e9n conlleva una responsabilidad del administrador de la sociedad que puede derivar en <strong>multas y sanciones muy elevadas<\/strong>.<\/p>\n<h2 id=\"cierre\">6) Cierre de la hoja registral por no realizar el dep\u00f3sito de las cuentas anuales<\/h2>\n<p>Si no se realizan los dep\u00f3sitos de las cuentas anuales, se puede <strong>cerrar la hoja registral<\/strong>. Despu\u00e9s de un a\u00f1o desde el cierre del ejercicio sin presentar las cuentas, se proceder\u00e1 al cierre provisional. Esto impide la inscripci\u00f3n de documentos, excepto los relacionados con el cese de administradores, la disoluci\u00f3n de la sociedad y otros asuntos ordenados por la autoridad competente. (Art. 378.1 Reglamento Registro Mercantil).<\/p>\n<p>En caso de cierre de la hoja registral por falta de dep\u00f3sito de las cuentas anuales, para su reapertura se requerir\u00e1 elaborar y depositar las cuentas anuales de los tres ejercicios econ\u00f3micos anteriores, seg\u00fan establece la Resoluci\u00f3n de la Direcci\u00f3n General de los Registros y del Notariado del 23 de noviembre de 2016.<\/p>\n<p>Por lo tanto, el Registro Mercantil otorga seguridad al tr\u00e1fico jur\u00eddico mercantil al poder consultarse, entre otras cosas, las cuentas anuales que depositan las empresas.<\/p>\n<p><em>Nota del editor: Este art\u00edculo fue publicado con anterioridad y actualizado en 2023 por su relevancia.<\/em><\/p>\n<\/div>\n<div class=\"single-cta\">\n\t<div class=\"single-cta__positioner\">\n\t\t<div class=\"single-cta__wrapper has-dark-background-color\">\n\t\t\t<div class=\"single-cta__content\">\n\t\t\t\t\t\t\t\t<h2 class=\"single-cta__title h3\">Subscr\u00edbete a la newsletter de Sage Advice<\/h2>\n\n\t\t\t\t\t\t\t\t\t<div class=\"single-cta__description\">\n\t\t\t\t\t\t<p>Recibe nuestros consejos m\u00e1s recientes directamente en la bandeja de entrada de tu correo electr\u00f3nico.<\/p>\n\t\t\t\t\t<\/div>\n\t\t\t\t\n\t\t\t\t\t\t\t\t\t\t\t\t\t\t<a\n\t\t\t\t\t\thref=\"#gate-263a5c00-99e4-4e71-8421-469deda8e674\"\n\t\t\t\t\t\tclass=\"single-cta__button button button--primary\"\n\t\t\t\t\t\t\t\t\t\t\t\t\t\t\t\t\t>Suscr\u00edbete<\/a>\n\t\t\t\t\t\t\t<\/div>\n\n\t\t\t\t\t<\/div>\n\n\t\t\t\t\t<img decoding=\"async\" width=\"1440\" height=\"810\" src=\"https:\/\/www.sage.com\/es-es\/blog\/wp-content\/uploads\/sites\/8\/2022\/04\/GettyImages-1171960556-1440x810.jpg\" class=\"single-cta__image\" alt=\"Sage\" loading=\"lazy\" srcset=\"https:\/\/www.sage.com\/es-es\/blog\/wp-content\/uploads\/sites\/8\/2022\/04\/GettyImages-1171960556-1440x810.jpg 1440w\" sizes=\"auto, (min-width: 48em) 33vw, 100vw\" \/>\t\t\t<\/div>\n<\/div>\n","protected":false},"excerpt":{"rendered":"<p>\u00bfQu\u00e9 es el Registro Mercantil? \u00bfCu\u00e1les son sus funciones? \u00bfQui\u00e9nes est\u00e1n obligados a inscribirse? Todo lo que necesitas saber.<\/p>\n","protected":false},"author":238,"featured_media":19788,"comment_status":"open","ping_status":"open","sticky":false,"template":"","format":"standard","meta":{"_sage_video":false,"post_featured_image_hide":false,"footnotes":""},"categories":[3],"tags":[26,38,204],"business_type":[10,11,8],"lilypad":[],"context":[],"industry":[],"persona":[],"imagine_tag":[280],"coauthors":[396],"class_list":["post-4781","post","type-post","status-publish","format-standard","has-post-thumbnail","hentry","category-estrategia-gestion","tag-cuentas-anuales","tag-gestion-financiera","tag-registro-mercantil","business_type-pequena-empresa","business_type-mediana-empresa","business_type-asesorias-despachos-profesionales"],"sage_meta":{"region":"es-es","author_name":"Jose Ram\u00f3n Fern\u00e1ndez de la Cigo\u00f1a","featured_image":"https:\/\/www.sage.com\/es-es\/blog\/wp-content\/uploads\/sites\/8\/2022\/04\/GettyImages-960890176.jpg","imagine_tags":{"280":"Asesor\u00edas y despachos"}},"distributor_meta":false,"distributor_terms":false,"distributor_media":false,"distributor_original_site_name":"Sage Advice Espa\u00f1a","distributor_original_site_url":"https:\/\/www.sage.com\/es-es\/blog","push-errors":false,"_links":{"self":[{"href":"https:\/\/www.sage.com\/es-es\/blog\/api\/wp\/v2\/posts\/4781","targetHints":{"allow":["GET"]}}],"collection":[{"href":"https:\/\/www.sage.com\/es-es\/blog\/api\/wp\/v2\/posts"}],"about":[{"href":"https:\/\/www.sage.com\/es-es\/blog\/api\/wp\/v2\/types\/post"}],"author":[{"embeddable":true,"href":"https:\/\/www.sage.com\/es-es\/blog\/api\/wp\/v2\/users\/238"}],"replies":[{"embeddable":true,"href":"https:\/\/www.sage.com\/es-es\/blog\/api\/wp\/v2\/comments?post=4781"}],"version-history":[{"count":0,"href":"https:\/\/www.sage.com\/es-es\/blog\/api\/wp\/v2\/posts\/4781\/revisions"}],"wp:featuredmedia":[{"embeddable":true,"href":"https:\/\/www.sage.com\/es-es\/blog\/api\/wp\/v2\/media\/19788"}],"wp:attachment":[{"href":"https:\/\/www.sage.com\/es-es\/blog\/api\/wp\/v2\/media?parent=4781"}],"wp:term":[{"taxonomy":"category","embeddable":true,"href":"https:\/\/www.sage.com\/es-es\/blog\/api\/wp\/v2\/categories?post=4781"},{"taxonomy":"post_tag","embeddable":true,"href":"https:\/\/www.sage.com\/es-es\/blog\/api\/wp\/v2\/tags?post=4781"},{"taxonomy":"business_type","embeddable":true,"href":"https:\/\/www.sage.com\/es-es\/blog\/api\/wp\/v2\/business_type?post=4781"},{"taxonomy":"lilypad","embeddable":true,"href":"https:\/\/www.sage.com\/es-es\/blog\/api\/wp\/v2\/lilypad?post=4781"},{"taxonomy":"context","embeddable":true,"href":"https:\/\/www.sage.com\/es-es\/blog\/api\/wp\/v2\/context?post=4781"},{"taxonomy":"industry","embeddable":true,"href":"https:\/\/www.sage.com\/es-es\/blog\/api\/wp\/v2\/industry?post=4781"},{"taxonomy":"persona","embeddable":true,"href":"https:\/\/www.sage.com\/es-es\/blog\/api\/wp\/v2\/persona?post=4781"},{"taxonomy":"imagine_tag","embeddable":true,"href":"https:\/\/www.sage.com\/es-es\/blog\/api\/wp\/v2\/imagine_tag?post=4781"},{"taxonomy":"author","embeddable":true,"href":"https:\/\/www.sage.com\/es-es\/blog\/api\/wp\/v2\/coauthors?post=4781"}],"curies":[{"name":"wp","href":"https:\/\/api.w.org\/{rel}","templated":true}]}}