{"id":4784,"date":"2010-09-27T16:14:10","date_gmt":"2010-09-27T16:14:10","guid":{"rendered":"https:\/\/www.sage.com\/es-es\/blog\/presupuestos-generales-2011-cambios-fiscales-para-empresas\/"},"modified":"2026-04-20T18:14:07","modified_gmt":"2026-04-20T16:14:07","slug":"presupuestos-generales-2011-cambios-fiscales-para-empresas","status":"publish","type":"post","link":"https:\/\/www.sage.com\/es-es\/blog\/presupuestos-generales-2011-cambios-fiscales-para-empresas\/","title":{"rendered":"Presupuestos Generales 2011: cambios fiscales para empresas"},"content":{"rendered":"<header class=\"entry-header has-dark-background-color entry-header--standard entry-header--has-illustration entry-header--has-illustration--standard\">\n\t<div class=\"container\">\n\t\t<div class=\"entry-header__row row align-center\">\n\t\t\t<div class=\"col col-lg-7 col-xlg-6 entry-header__content\">\n\t\t\t\t\t\t\t<div class=\"component component-single-header\">\n\t\t\t\t\t\t\t\t\t\t<div class=\"entry-header__misc text--subtitle text--uppercase text--small\">\n\t\t\t\t\t\t\t<a href=\"https:\/\/www.sage.com\/es-es\/blog\/categoria\/finanzas\/\" class=\"entry-header__link\">Finanzas<\/a>\t\t\t\t\t\t<\/div>\n\t\t\t\t\n\t\t\t\t<div class=\"entry-title-wrapper\">\n\t\t\t\t\t<h1 class=\"entry-title\">\n\t\t\t\t\t\tPresupuestos Generales 2011: cambios fiscales para empresas\t\t\t\t\t<\/h1>\n\t\t\t\t<\/div>\n\n\t\t\t\t\t\t\t\t\t<p class=\"entry-header__description\">\n\t\t\t\t\t\t\t\t\t\t\t<\/p>\n\t\t\t\t\n\t\t\t\t\n\t\t\t\t\n\t\t\t<\/div>\n\n\t\t\t\t\t<\/div>\n\t\t\t\t\t<\/div>\n\t<\/div>\n\t<div class=\"single-post-details container\">\n\t\t<div class=\"col\">\n\t\t\t<span class=\"posted-on \"><time class=\"entry-date published\" datetime=\"2010-09-27T16:14:10+02:00\">27 September, 2010<\/time><\/span><span class=\"reading-time\"> minutos de lectura<\/span>\n\t\t<button\n\t\t\ttype=\"button\"\n\t\t\tclass=\"social-share-button button button--icon button--secondary js-social-share-button\"\n\t\t\tdata-share-title=\"Presupuestos Generales 2011: cambios fiscales para empresas\"\n\t\t\tdata-share-url=\"https:\/\/www.sage.com\/es-es\/blog\/presupuestos-generales-2011-cambios-fiscales-para-empresas\/\"\n\t\t\tdata-share-text=\"Please read this interesting article\"\n\t\t>\n\t\t\t<span class=\"social-share-button__share-label\">Compartir<\/span>\n\t\t\t<span class=\"social-share-button__copy-label\" hidden>Copiar enlace<\/span>\n\t\t\t<span class=\"social-share-button__copy-tooltip\" aria-hidden=\"true\" hidden>Copiado<\/span>\n\t\t<\/button>\n\n\t\t\t\t<\/div>\n\t<\/div>\n<\/header>\n\n\n\n<div class=\"wp-block-post-author has-dark-background-color alignfull\">\n\t<div class=\"container\">\n\t\t<div class=\"col\">\n\t\t\t\t\t\t\t<div class=\"co-authors\">\n\t\t\t\t\t\n\t\t<div class=\"entry-author-wrapper\">\n\t\t\t<a class=\"entry-author\" href=\"https:\/\/www.sage.com\/es-es\/blog\/author\/remo\/\">\n\t\t\t\t<img loading=\"lazy\" decoding=\"async\" width=\"40\" height=\"40\" src=\"https:\/\/www.sage.com\/es-es\/blog\/wp-content\/uploads\/sites\/8\/2017\/10\/Remo_400x400-350x350.jpg\" class=\"entry-author__image\" alt=\"Remo\" srcset=\"https:\/\/www.sage.com\/es-es\/blog\/wp-content\/uploads\/sites\/8\/2017\/10\/Remo_400x400-350x350.jpg 350w, https:\/\/www.sage.com\/es-es\/blog\/wp-content\/uploads\/sites\/8\/2017\/10\/Remo_400x400.jpg 400w\" sizes=\"auto, (max-width: 40px) 100vw, 40px\" \/>\t\t\t\t<span class=\"entry-author__name\">Remo<\/span>\n\t\t\t<\/a>\n\n\t\t\t\t\t<\/div>\n\n\t\t\t\t\t\t<\/div>\n\t\t\t\t\t<\/div>\n\t<\/div>\n<\/div>\n\n\n\n<p>La presentaci\u00f3n de los <strong>Presupuestos Generales para el 2011<\/strong> introduce algunas mejoras en la fiscalidad de las empresas. A pesar de que el texto completo de los presupuestos no se conoce a\u00fan, el Gobierno ha avanzado las principales modificaciones fiscales que se introducen para las sociedades.<\/p>\n\n\n\n<p>B\u00e1sicamente, <strong>se ampl\u00eda el concepto de empresa de reducida dimensi\u00f3n<\/strong> y se mejoran los impuestos de determinadas operaciones societarias, por lo que no se esperan cambios m\u00e1s importantes que estos. <span id=\"more-2841\"><\/span><\/p>\n\n\n\n<h2 class=\"wp-block-heading\" id=\"h-cambios-en-el-impuesto-de-sociedades\">Cambios en el impuesto de sociedades<\/h2>\n\n\n\n<p>La principal novedad que se introduce es la <strong>ampliaci\u00f3n del r\u00e9gimen fiscal de empresa de reducida dimensi\u00f3n<\/strong> para empresas que pierdan dicha condici\u00f3n durante los tres a\u00f1os siguientes. Se considera que una empresa es de reducida dimensi\u00f3n cuando el importe neto de su cifra de negocios es inferior a 8 millones de euros.<\/p>\n\n\n\n<p>El r\u00e9gimen fiscal para empresas de reducida dimensi\u00f3n permite <strong>tributar un 5% menos en el impuesto de sociedades<\/strong> al aplicar las escalas de tipos reducidos del impuesto de sociedades. La tributaci\u00f3n para dichas entidades es la siguiente:<\/p>\n\n\n\n<ul class=\"wp-block-list\">\n<li>Hasta 120.202 euros de base imponible, se aplica un tipo reducido del 20%<\/li>\n\n\n\n<li>A partir de 120.202 euros de base imponible, se aplica un tipo del 25%<\/li>\n<\/ul>\n\n\n\n<p>No se ha aclarado si el primer impuesto de sociedades que cubrir\u00e1 esta modificaci\u00f3n ser\u00e1 el correspondiente al ejercicio 2010 o al ejercicio 2011, por lo que suponemos que la modificaci\u00f3n ser\u00e1 aplicable para los impuestos que comiencen a devengarse en el pr\u00f3ximo ejercicio.<\/p>\n\n\n\n<p>A efectos pr\u00e1cticos, <strong>esta modificaci\u00f3n afectar\u00e1 a menos de 10.000 empresas<\/strong>. Tengamos presente que s\u00f3lo se podr\u00e1n favorecer las sociedades que tengan bases imponibles positivas y que superen los 8 millones de euros de ingresos durante el ejercicio.<\/p>\n\n\n\n<p>Comparando con las \u00faltimas estad\u00edsticas tributarias disponibles del impuesto de sociedades (declaraciones del ejercicio 2007, presentadas en el 2008), podemos apreciar que s\u00f3lo unas 10.000 empresas se encontraban en el tramo de ingresos propicio a la p\u00e9rdida de la condici\u00f3n de empresa de reducida dimensi\u00f3n y daba a la vez beneficios.<\/p>\n\n\n\n<p>Tal y como se puede apreciar, a\u00fan suponiendo un crecimiento lineal de la cifra de negocio del 10% en estos a\u00f1os de crisis y un mantenimiento de las bases imponibles, nunca se favorecer\u00e1n m\u00e1s de 10.000 empresas de la bonificaci\u00f3n propuesta.<\/p>\n\n\n\n<h2 class=\"wp-block-heading\" id=\"h-exenciones-en-actos-juridicos-documentados-para-operaciones-societarias\">Exenciones en Actos Jur\u00eddicos Documentados para operaciones societarias<\/h2>\n\n\n\n<p>La segunda modificaci\u00f3n se crea para <strong>aliviar los gastos de las ampliaciones de capital <\/strong>en las empresas. Para el 2011 y 2012, <strong>estar\u00e1n exentas en actos jur\u00eddicos todas las ampliaciones de capital<\/strong> de las empresas. Actualmente, las operaciones de ampliaci\u00f3n de capital, necesarias en las entradas de nuevos socios o en las situaci\u00f3n de absorci\u00f3n de p\u00e9rdidas mediante las ampliaciones de capital, tienen un 1% de tributaci\u00f3n en AJD sobre el nominal ampliado.<\/p>\n\n\n\n<p>Esta modificaci\u00f3n favorece el cumplimiento con la legislaci\u00f3n mercantil vigente, pero no elimina los gastos de notaria y registro, de cuant\u00eda superior al impuesto de actos jur\u00eddicos documentados para casi todas las operaciones societarias.<\/p>\n\n\n\n<h2 class=\"wp-block-heading\" id=\"h-elevacion-de-los-tipos-marginales-en-el-irpf\">Elevaci\u00f3n de los tipos marginales en el IRPF<\/h2>\n\n\n\n<p>Por \u00faltimo, la gran novedad que se ha llevado a cabo afecta al tipo general del IRPF, con la <a href=\"http:\/\/www.expansion.com\/2010\/09\/23\/economia\/1285194402.html\">creaci\u00f3n de dos tipos marginales adicionales<\/a> al 44% para bases imponibles superiores a 120.000 euros y el 45% para bases imponibles superiores a 175.000 euros. Si tenemos rendimientos de actividades econ\u00f3micas o profesionales, es el <strong>momento de plantearnos la creaci\u00f3n de estructuras societarias<\/strong> para tributar por sociedades en estos casos.<\/p>\n\n\n\n<p>No siempre es posible, pero en la mayor\u00eda de los casos, si no podemos recurrir a sociedades ordinarias, nos queda la posibilidad de sociedades profesionales, dado que los rendimientos m\u00e1s castigados con esta subida de tipos marginales la tenemos en los rendimientos del trabajo y en las actividades econ\u00f3minicas.<\/p>\n\n\n\n<div class=\"single-cta\">\n\t<div class=\"single-cta__positioner\">\n\t\t<div class=\"single-cta__wrapper has-dark-background-color\">\n\t\t\t<div class=\"single-cta__content\">\n\t\t\t\t\t\t\t\t<h2 class=\"single-cta__title h3\">Subscr\u00edbete a la newsletter de Sage Advice<\/h2>\n\n\t\t\t\t\t\t\t\t\t<div class=\"single-cta__description\">\n\t\t\t\t\t\t<p>Recibe nuestros consejos m\u00e1s recientes directamente en la bandeja de entrada de tu correo electr\u00f3nico.<\/p>\n\t\t\t\t\t<\/div>\n\t\t\t\t\n\t\t\t\t\t\t\t\t\t\t\t\t\t\t<a\n\t\t\t\t\t\thref=\"#gate-263a5c00-99e4-4e71-8421-469deda8e674\"\n\t\t\t\t\t\tclass=\"single-cta__button button button--primary\"\n\t\t\t\t\t\t\t\t\t\t\t\t\t\t\t\t\t>Suscr\u00edbete<\/a>\n\t\t\t\t\t\t\t<\/div>\n\n\t\t\t\t\t<\/div>\n\n\t\t\t\t\t<img decoding=\"async\" width=\"1440\" height=\"810\" src=\"https:\/\/www.sage.com\/es-es\/blog\/wp-content\/uploads\/sites\/8\/2022\/04\/GettyImages-1171960556-1440x810.jpg\" class=\"single-cta__image\" alt=\"Sage\" loading=\"lazy\" srcset=\"https:\/\/www.sage.com\/es-es\/blog\/wp-content\/uploads\/sites\/8\/2022\/04\/GettyImages-1171960556-1440x810.jpg 1440w\" sizes=\"auto, (min-width: 48em) 33vw, 100vw\" \/>\t\t\t<\/div>\n<\/div>\n","protected":false},"excerpt":{"rendered":"<p>La presentaci\u00f3n de los Presupuestos Generales para el 2011 introduce algunas mejoras en la fiscalidad de las empresas. A pesar de que el texto completo de los presupuestos no se conoce a\u00fan, el Gobierno ha avanzado las principales modificaciones fiscales que se introducen para las sociedades. B\u00e1sicamente, se ampl\u00eda el concepto de empresa de reducida [&hellip;]<\/p>\n","protected":false},"author":235,"featured_media":6229,"comment_status":"open","ping_status":"closed","sticky":false,"template":"","format":"standard","meta":{"_sage_video":false,"post_featured_image_hide":false,"footnotes":""},"categories":[2],"tags":[37,39,43],"business_type":[10,11],"lilypad":[],"context":[],"industry":[],"persona":[],"imagine_tag":[260],"coauthors":[395],"class_list":["post-4784","post","type-post","status-publish","format-standard","has-post-thumbnail","hentry","category-finanzas","tag-gestion-empresarial","tag-impuesto-de-sociedades","tag-irpf","business_type-pequena-empresa","business_type-mediana-empresa"],"sage_meta":{"region":"es-es","author_name":"Remo","featured_image":"https:\/\/www.sage.com\/es-es\/blog\/wp-content\/uploads\/sites\/8\/2017\/09\/spreadsheets.jpg","imagine_tags":{"260":"Legal"}},"distributor_meta":false,"distributor_terms":false,"distributor_media":false,"distributor_original_site_name":"Sage Advice Espa\u00f1a","distributor_original_site_url":"https:\/\/www.sage.com\/es-es\/blog","push-errors":false,"_links":{"self":[{"href":"https:\/\/www.sage.com\/es-es\/blog\/api\/wp\/v2\/posts\/4784","targetHints":{"allow":["GET"]}}],"collection":[{"href":"https:\/\/www.sage.com\/es-es\/blog\/api\/wp\/v2\/posts"}],"about":[{"href":"https:\/\/www.sage.com\/es-es\/blog\/api\/wp\/v2\/types\/post"}],"author":[{"embeddable":true,"href":"https:\/\/www.sage.com\/es-es\/blog\/api\/wp\/v2\/users\/235"}],"replies":[{"embeddable":true,"href":"https:\/\/www.sage.com\/es-es\/blog\/api\/wp\/v2\/comments?post=4784"}],"version-history":[{"count":1,"href":"https:\/\/www.sage.com\/es-es\/blog\/api\/wp\/v2\/posts\/4784\/revisions"}],"predecessor-version":[{"id":37592,"href":"https:\/\/www.sage.com\/es-es\/blog\/api\/wp\/v2\/posts\/4784\/revisions\/37592"}],"wp:featuredmedia":[{"embeddable":true,"href":"https:\/\/www.sage.com\/es-es\/blog\/api\/wp\/v2\/media\/6229"}],"wp:attachment":[{"href":"https:\/\/www.sage.com\/es-es\/blog\/api\/wp\/v2\/media?parent=4784"}],"wp:term":[{"taxonomy":"category","embeddable":true,"href":"https:\/\/www.sage.com\/es-es\/blog\/api\/wp\/v2\/categories?post=4784"},{"taxonomy":"post_tag","embeddable":true,"href":"https:\/\/www.sage.com\/es-es\/blog\/api\/wp\/v2\/tags?post=4784"},{"taxonomy":"business_type","embeddable":true,"href":"https:\/\/www.sage.com\/es-es\/blog\/api\/wp\/v2\/business_type?post=4784"},{"taxonomy":"lilypad","embeddable":true,"href":"https:\/\/www.sage.com\/es-es\/blog\/api\/wp\/v2\/lilypad?post=4784"},{"taxonomy":"context","embeddable":true,"href":"https:\/\/www.sage.com\/es-es\/blog\/api\/wp\/v2\/context?post=4784"},{"taxonomy":"industry","embeddable":true,"href":"https:\/\/www.sage.com\/es-es\/blog\/api\/wp\/v2\/industry?post=4784"},{"taxonomy":"persona","embeddable":true,"href":"https:\/\/www.sage.com\/es-es\/blog\/api\/wp\/v2\/persona?post=4784"},{"taxonomy":"imagine_tag","embeddable":true,"href":"https:\/\/www.sage.com\/es-es\/blog\/api\/wp\/v2\/imagine_tag?post=4784"},{"taxonomy":"author","embeddable":true,"href":"https:\/\/www.sage.com\/es-es\/blog\/api\/wp\/v2\/coauthors?post=4784"}],"curies":[{"name":"wp","href":"https:\/\/api.w.org\/{rel}","templated":true}]}}