{"id":4957,"date":"2012-11-01T06:00:22","date_gmt":"2012-11-01T06:00:22","guid":{"rendered":"https:\/\/www.sage.com\/es-es\/blog\/2012-el-final-del-fax-una-tecnologia-obsoleta\/"},"modified":"2026-02-04T20:43:04","modified_gmt":"2026-02-04T19:43:04","slug":"2012-el-final-del-fax-una-tecnologia-obsoleta","status":"publish","type":"post","link":"https:\/\/www.sage.com\/es-es\/blog\/2012-el-final-del-fax-una-tecnologia-obsoleta\/","title":{"rendered":"2012: el final del fax, una tecnolog\u00eda obsoleta"},"content":{"rendered":"<header class=\"entry-header has-dark-background-color entry-header--has-illustration entry-header--has-illustration--generic\">\n\t<div class=\"container\">\n\t\t<div class=\"entry-header__row row align-center\">\n\t\t\t<div class=\"col col-lg-7 col-xlg-6 entry-header__content\">\n\t\t\t\t\t\t\t<div class=\"component component-single-header\">\n\t\t\t\t\t\t\t\t\t\t<div class=\"entry-header__misc text--subtitle text--uppercase text--small\">\n\t\t\t\t\t\t\t<a href=\"https:\/\/www.sage.com\/es-es\/blog\/categoria\/tecnologia-innovacion\/\" class=\"entry-header__link\">Tecnolog\u00eda e Innovaci\u00f3n<\/a>\t\t\t\t\t\t<\/div>\n\t\t\t\t\n\t\t\t\t<div class=\"entry-title-wrapper\">\n\t\t\t\t\t<h1 class=\"entry-title\">\n\t\t\t\t\t\t2012: el final del fax, una tecnolog\u00eda obsoleta\t\t\t\t\t<\/h1>\n\t\t\t\t<\/div>\n\n\t\t\t\t\t\t\t\t\t<p class=\"entry-header__description\">\n\t\t\t\t\t\t\t\t\t\t\t<\/p>\n\t\t\t\t\n\t\t\t\t\n\t\t\t\t\n\t\t\t<\/div>\n\n\t\t\t\t\t<\/div>\n\t\t\t\t\t<\/div>\n\t<\/div>\n\t<div class=\"single-post-details container\">\n\t\t<div class=\"col\">\n\t\t\t<span class=\"posted-on \"><time class=\"entry-date published\" datetime=\"2012-11-01T06:00:22+01:00\">1 November, 2012<\/time><\/span><span class=\"reading-time\"> minutos de lectura<\/span>\n\t\t<button\n\t\t\ttype=\"button\"\n\t\t\tclass=\"social-share-button button button--icon button--secondary js-social-share-button\"\n\t\t\tdata-share-title=\"2012: el final del fax, una tecnolog\u00eda obsoleta\"\n\t\t\tdata-share-url=\"https:\/\/www.sage.com\/es-es\/blog\/2012-el-final-del-fax-una-tecnologia-obsoleta\/\"\n\t\t\tdata-share-text=\"Please read this interesting article\"\n\t\t>\n\t\t\t<span class=\"social-share-button__share-label\">Compartir<\/span>\n\t\t\t<span class=\"social-share-button__copy-label\" hidden>Copiar enlace<\/span>\n\t\t\t<span class=\"social-share-button__copy-tooltip\" aria-hidden=\"true\" hidden>Copiado<\/span>\n\t\t<\/button>\n\n\t\t\t\t<\/div>\n\t<\/div>\n<\/header>\n\n\n\n<div class=\"wp-block-post-author has-dark-background-color alignfull\">\n\t<div class=\"container\">\n\t\t<div class=\"col\">\n\t\t\t\t\t\t\t<div class=\"co-authors\">\n\t\t\t\t\t\n\t\t<div class=\"entry-author-wrapper\">\n\t\t\t<a class=\"entry-author\" href=\"https:\/\/www.sage.com\/es-es\/blog\/author\/pablo-herrero\/\">\n\t\t\t\t<img loading=\"lazy\" decoding=\"async\" width=\"40\" height=\"40\" src=\"https:\/\/www.sage.com\/es-es\/blog\/wp-content\/uploads\/sites\/8\/2017\/10\/Pablo-Herrero-Buenavista-Golf_400x400-350x350.jpg\" class=\"entry-author__image\" alt=\"Pablo Herrero\" srcset=\"https:\/\/www.sage.com\/es-es\/blog\/wp-content\/uploads\/sites\/8\/2017\/10\/Pablo-Herrero-Buenavista-Golf_400x400-350x350.jpg 350w, https:\/\/www.sage.com\/es-es\/blog\/wp-content\/uploads\/sites\/8\/2017\/10\/Pablo-Herrero-Buenavista-Golf_400x400.jpg 400w\" sizes=\"auto, (max-width: 40px) 100vw, 40px\" \/>\t\t\t\t<span class=\"entry-author__name\">Pablo Herrero<\/span>\n\t\t\t<\/a>\n\n\t\t\t\t\t<\/div>\n\n\t\t\t\t\t\t<\/div>\n\t\t\t\t\t<\/div>\n\t<\/div>\n<\/div>\n\n\n\n<p>El <strong>fax<\/strong>, ese instrumento que anta\u00f1o daba servicio a muchas empresas, gracias a su capacidad para transmitir documentos en formato electr\u00f3nico e imprimirlos en papel, es un aparato sobre el que las empresas no deber\u00edan soportar ya ninguno de sus procesos. Est\u00e1 bien para casos de emergencia, o como alternativa en casos (muy particulares), pero hoy en d\u00eda ya no tiene sentido operar a trav\u00e9s de este canal como norma general.<\/p>\n\n\n\n<p>Esta reflexi\u00f3n viene a cuento porque, a d\u00eda de hoy, finales del a\u00f1o 2012, ciertas empresas siguen solicitando a sus clientes o proveedores que les env\u00eden documentos v\u00eda fax. Cuando me topo con una de estas pienso <strong>\u00bfAcaso no se han enterado de la llegada del correo electr\u00f3nico e Internet?<\/strong><\/p>\n\n\n\n<p>&nbsp;<\/p>\n\n\n\n<h2 class=\"wp-block-heading\" id=\"h-la-implantacion-del-fax-en-el-ano-2012\">La implantaci\u00f3n del fax en el a\u00f1o 2012<\/h2>\n\n\n\n<p>En el a\u00f1o 2012, se puede afirmar con rotundidad que <strong>el fax es una tecnolog\u00eda obsoleta<\/strong>. Su uso en cualquier proceso empresarial carece de sentido, habiendo otros medios y canales que permiten hacer lo mismo (y mucho m\u00e1s) que el fax, con un coste m\u00e1s bajo y con una integraci\u00f3n mucho mayor con el resto de procesos.<\/p>\n\n\n\n<p>Proponer el uso del fax para cualquier proceso que requiera comunicaci\u00f3n entre la empresa y su entorno <strong>es un despilfarro<\/strong>, el cual, adem\u00e1s, puede ser visto como una falta de consideraci\u00f3n hacia los clientes. En el caso de que los clientes sean personas f\u00edsicas, la anterior afirmaci\u00f3n se demuestra a trav\u00e9s de una sencilla cuesti\u00f3n. \u00bfCuantas personas conoces que tengan instalado un sistema de fax en casa? (yo ninguna). Pues eso.<\/p>\n\n\n\n<p>Por ejemplo, pedirle a un cliente que env\u00ede una solicitud de baja de un servicio o cualquier otra comunicaci\u00f3n mediante fax, es lo mismo que pedirle que lo haga por tam-tam. &#8220;Hoyga&#8221;, ahora que lo pienso, yo conozco a uno que se trajo un tam-tam como recuerdo de un viaje por \u00c1frica; pero sigo sin caer en alguien que tenga fax en casa\u2026 Estos casos de &#8220;mande un fax para cursar la baja&#8221;, existen, que empresas que act\u00faan as\u00ed a\u00fan, haberlas, haylas.<\/p>\n\n\n\n<p>M\u00e1s grave me parece el asunto cuando se pide la baja por fax a modo de <strong>barrera de salida para el cliente<\/strong>. Es decir, durante el proceso de contrataci\u00f3n o alta en un servicio son todo facilidades, por la v\u00eda telef\u00f3nica, Internet, u otra moderna, sin necesidad de acreditar nada (env\u00edo de fotocopia de DNI y similares), pero para darse de baja, se pide al cliente que \u00a1env\u00ede un fax! Las disculpas llegan a ser de lo m\u00e1s variado: &#8220;hace falta que es usted quien realmente cursa la baja&#8221;, &#8220;tiene que demostrar que es el cliente&#8221;\u2026 y un sin fin de cosas que no se preguntaron durante el alta del servicio.<\/p>\n\n\n\n<h2 class=\"wp-block-heading\" id=\"h-el-fax-antonimo-del-termino-eficiencia\">El fax, ant\u00f3nimo del t\u00e9rmino &#8220;eficiencia&#8221;<\/h2>\n\n\n\n<p>El t\u00e9rmino &#8220;<strong>fax&#8221; es incompatible con la palabra &#8220;eficiencia&#8221;<\/strong>. La creencia popular de que un fax es m\u00e1s seguro que un correo electr\u00f3nico porque este \u00faltimo se puede modificar, es tan cierta como que ma\u00f1ana a las 14:38 salimos de la crisis para siempre. \u00bfAcaso no puede cualquiera modificar un documento a su antojo y enviarlo por fax para enga\u00f1ar al destinatario? Claro, con las medidas de seguridad para el control de usuarios de las m\u00e1quinas de fax y con la alta calidad con la que se reciben las im\u00e1genes por esa v\u00eda, &#8220;se notar\u00eda al instante cualquier uso fraudulento&#8221;. N\u00f3tese el tono ir\u00f3nico.<\/p>\n\n\n\n<p>Esa &#8220;falsa seguridad&#8221; que aporta el fax no es m\u00e1s que s\u00edntoma claro de una empresa con una preocupante falta de capacidad para evolucionar en el plano tecnol\u00f3gico. Hoy en d\u00eda no hay justificaci\u00f3n para soportar un proceso empresarial a trav\u00e9s de un fax, habiendo Internet, correo electr\u00f3nico, servicios en la nube en los que alojar documentos,\u2026 y otra serie de herramientas mucho m\u00e1s eficaces. Bueno, salvo que toque lidiar con un cliente que lo imponga y lo pague, que los hay.<\/p>\n\n\n\n<p>Entre los <strong>despilfarros que provoca el fax<\/strong>, est\u00e1 el de la operaci\u00f3n con la m\u00e1quina en s\u00ed misma: imprimir un documento o lanzarlo a la m\u00e1quina desde el ordenador (en el &#8220;mejor&#8221; de los casos) para su env\u00edo. Otros despilfarros son el de gestionar la agenda de tel\u00e9fonos para enviar los faxes, gestionar el mantenimiento de la m\u00e1quina, el consumo de enera\u00eda y consumibles o archivar cada documento recibido por fax.<\/p>\n\n\n\n<p>Por \u00faltimo, antes de disculparme por escribir este correo con un tono que pueda parecer un poco pasado de vueltas, s\u00f3lo quiero dejar constancia de una curiosa &#8220;evoluci\u00f3n&#8221; del fax: me refiero a la costumbre de usar el &#8220;correo electr\u00f3nico como si fuera un fax&#8221;, es decir, la costumbre que tienen algunas personas que imprimen todos los correos que les llegan. Algo que no tiene sentido.<\/p>\n\n\n\n<p>Aprovechando que hoy es d\u00eda de difuntos, enterremos el fax para siempre en la empresa. Ganamos todos.<\/p>\n\n\n\n<p>&nbsp;<\/p>\n\n\n<div class=\"single-cta\">\n\t<div class=\"single-cta__positioner\">\n\t\t<div class=\"single-cta__wrapper has-dark-background-color\">\n\t\t\t<div class=\"single-cta__content\">\n\t\t\t\t\t\t\t\t<h2 class=\"single-cta__title h3\">Subscr\u00edbete a la newsletter de Sage Advice<\/h2>\n\n\t\t\t\t\t\t\t\t\t<div class=\"single-cta__description\">\n\t\t\t\t\t\t<p>Recibe nuestros consejos m\u00e1s recientes directamente en la bandeja de entrada de tu correo electr\u00f3nico.<\/p>\n\t\t\t\t\t<\/div>\n\t\t\t\t\n\t\t\t\t\t\t\t\t\t\t\t\t\t\t<a\n\t\t\t\t\t\thref=\"#gate-263a5c00-99e4-4e71-8421-469deda8e674\"\n\t\t\t\t\t\tclass=\"single-cta__button button button--primary\"\n\t\t\t\t\t\t\t\t\t\t\t\t\t\t\t\t\t>Suscr\u00edbete<\/a>\n\t\t\t\t\t\t\t<\/div>\n\n\t\t\t\t\t<\/div>\n\n\t\t\t\t\t<img decoding=\"async\" width=\"1440\" height=\"810\" src=\"https:\/\/www.sage.com\/es-es\/blog\/wp-content\/uploads\/sites\/8\/2022\/04\/GettyImages-1171960556-1440x810.jpg\" class=\"single-cta__image\" alt=\"Sage\" loading=\"lazy\" srcset=\"https:\/\/www.sage.com\/es-es\/blog\/wp-content\/uploads\/sites\/8\/2022\/04\/GettyImages-1171960556-1440x810.jpg 1440w\" sizes=\"auto, (min-width: 48em) 33vw, 100vw\" \/>\t\t\t<\/div>\n<\/div>\n","protected":false},"excerpt":{"rendered":"<p>El fax, ese instrumento que anta\u00f1o daba servicio a muchas empresas, gracias a su capacidad para transmitir documentos en formato electr\u00f3nico e imprimirlos en papel, es un aparato sobre el que las empresas no deber\u00edan soportar ya ninguno de sus procesos. Est\u00e1 bien para casos de emergencia, o como alternativa en casos (muy particulares), pero [&hellip;]<\/p>\n","protected":false},"author":236,"featured_media":6977,"comment_status":"open","ping_status":"closed","sticky":false,"template":"","format":"standard","meta":{"_sage_video":false,"post_featured_image_hide":false,"footnotes":""},"categories":[5],"tags":[173],"business_type":[10,11],"lilypad":[],"context":[],"industry":[],"persona":[],"imagine_tag":[263],"coauthors":[706],"class_list":["post-4957","post","type-post","status-publish","format-standard","has-post-thumbnail","hentry","category-tecnologia-innovacion","tag-tecnologia","business_type-pequena-empresa","business_type-mediana-empresa"],"sage_meta":{"region":"es-es","author_name":"Pablo Herrero","featured_image":"https:\/\/www.sage.com\/es-es\/blog\/wp-content\/uploads\/sites\/8\/2017\/11\/14-noviembre-GettyImages-566357525_super-1675x1225.jpg","imagine_tags":{"263":"Tecnolog\u00eda"}},"distributor_meta":false,"distributor_terms":false,"distributor_media":false,"distributor_original_site_name":"Sage Advice Espa\u00f1a","distributor_original_site_url":"https:\/\/www.sage.com\/es-es\/blog","push-errors":false,"_links":{"self":[{"href":"https:\/\/www.sage.com\/es-es\/blog\/api\/wp\/v2\/posts\/4957","targetHints":{"allow":["GET"]}}],"collection":[{"href":"https:\/\/www.sage.com\/es-es\/blog\/api\/wp\/v2\/posts"}],"about":[{"href":"https:\/\/www.sage.com\/es-es\/blog\/api\/wp\/v2\/types\/post"}],"author":[{"embeddable":true,"href":"https:\/\/www.sage.com\/es-es\/blog\/api\/wp\/v2\/users\/236"}],"replies":[{"embeddable":true,"href":"https:\/\/www.sage.com\/es-es\/blog\/api\/wp\/v2\/comments?post=4957"}],"version-history":[{"count":0,"href":"https:\/\/www.sage.com\/es-es\/blog\/api\/wp\/v2\/posts\/4957\/revisions"}],"wp:featuredmedia":[{"embeddable":true,"href":"https:\/\/www.sage.com\/es-es\/blog\/api\/wp\/v2\/media\/6977"}],"wp:attachment":[{"href":"https:\/\/www.sage.com\/es-es\/blog\/api\/wp\/v2\/media?parent=4957"}],"wp:term":[{"taxonomy":"category","embeddable":true,"href":"https:\/\/www.sage.com\/es-es\/blog\/api\/wp\/v2\/categories?post=4957"},{"taxonomy":"post_tag","embeddable":true,"href":"https:\/\/www.sage.com\/es-es\/blog\/api\/wp\/v2\/tags?post=4957"},{"taxonomy":"business_type","embeddable":true,"href":"https:\/\/www.sage.com\/es-es\/blog\/api\/wp\/v2\/business_type?post=4957"},{"taxonomy":"lilypad","embeddable":true,"href":"https:\/\/www.sage.com\/es-es\/blog\/api\/wp\/v2\/lilypad?post=4957"},{"taxonomy":"context","embeddable":true,"href":"https:\/\/www.sage.com\/es-es\/blog\/api\/wp\/v2\/context?post=4957"},{"taxonomy":"industry","embeddable":true,"href":"https:\/\/www.sage.com\/es-es\/blog\/api\/wp\/v2\/industry?post=4957"},{"taxonomy":"persona","embeddable":true,"href":"https:\/\/www.sage.com\/es-es\/blog\/api\/wp\/v2\/persona?post=4957"},{"taxonomy":"imagine_tag","embeddable":true,"href":"https:\/\/www.sage.com\/es-es\/blog\/api\/wp\/v2\/imagine_tag?post=4957"},{"taxonomy":"author","embeddable":true,"href":"https:\/\/www.sage.com\/es-es\/blog\/api\/wp\/v2\/coauthors?post=4957"}],"curies":[{"name":"wp","href":"https:\/\/api.w.org\/{rel}","templated":true}]}}