{"id":5585,"date":"2011-01-23T07:00:52","date_gmt":"2011-01-23T07:00:52","guid":{"rendered":"https:\/\/www.sage.com\/es-es\/blog\/ayudas-a-emprendedores-para-2011\/"},"modified":"2026-04-14T10:16:05","modified_gmt":"2026-04-14T08:16:05","slug":"ayudas-a-emprendedores-para-2011","status":"publish","type":"post","link":"https:\/\/www.sage.com\/es-es\/blog\/ayudas-a-emprendedores-para-2011\/","title":{"rendered":"Ayudas a emprendedores para 2011"},"content":{"rendered":"<header class=\"entry-header has-dark-background-color entry-header--standard entry-header--has-illustration entry-header--has-illustration--standard\">\n\t<div class=\"container\">\n\t\t<div class=\"entry-header__row row align-center\">\n\t\t\t<div class=\"col col-lg-7 col-xlg-6 entry-header__content\">\n\t\t\t\t\t\t\t<div class=\"component component-single-header\">\n\t\t\t\t\t\t\t\t\t\t<div class=\"entry-header__misc text--subtitle text--uppercase text--small\">\n\t\t\t\t\t\t\t<a href=\"https:\/\/www.sage.com\/es-es\/blog\/categoria\/estrategia-gestion\/\" class=\"entry-header__link\">Estrategia y Gesti\u00f3n<\/a>\t\t\t\t\t\t<\/div>\n\t\t\t\t\n\t\t\t\t<div class=\"entry-title-wrapper\">\n\t\t\t\t\t<h1 class=\"entry-title\">\n\t\t\t\t\t\tAyudas a emprendedores para 2011\t\t\t\t\t<\/h1>\n\t\t\t\t<\/div>\n\n\t\t\t\t\t\t\t\t\t<p class=\"entry-header__description\">\n\t\t\t\t\t\t\t\t\t\t\t<\/p>\n\t\t\t\t\n\t\t\t\t\n\t\t\t\t\n\t\t\t<\/div>\n\n\t\t\t\t\t<\/div>\n\t\t\t\t\t<\/div>\n\t<\/div>\n\t<div class=\"single-post-details container\">\n\t\t<div class=\"col\">\n\t\t\t<span class=\"posted-on \"><time class=\"entry-date published\" datetime=\"2011-01-23T07:00:52+01:00\">23 January, 2011<\/time><\/span><span class=\"reading-time\"> minutos de lectura<\/span>\n\t\t<button\n\t\t\ttype=\"button\"\n\t\t\tclass=\"social-share-button button button--icon button--secondary js-social-share-button\"\n\t\t\tdata-share-title=\"Ayudas a emprendedores para 2011\"\n\t\t\tdata-share-url=\"https:\/\/www.sage.com\/es-es\/blog\/ayudas-a-emprendedores-para-2011\/\"\n\t\t\tdata-share-text=\"Please read this interesting article\"\n\t\t>\n\t\t\t<span class=\"social-share-button__share-label\">Compartir<\/span>\n\t\t\t<span class=\"social-share-button__copy-label\" hidden>Copiar enlace<\/span>\n\t\t\t<span class=\"social-share-button__copy-tooltip\" aria-hidden=\"true\" hidden>Copiado<\/span>\n\t\t<\/button>\n\n\t\t\t\t<\/div>\n\t<\/div>\n<\/header>\n\n\n\n<div class=\"wp-block-post-author has-dark-background-color alignfull\">\n\t<div class=\"container\">\n\t\t<div class=\"col\">\n\t\t\t\t\t\t\t<div class=\"co-authors\">\n\t\t\t\t\t\n\t\t<div class=\"entry-author-wrapper\">\n\t\t\t<a class=\"entry-author\" href=\"https:\/\/www.sage.com\/es-es\/blog\/author\/mister-empresa\/\">\n\t\t\t\t<img loading=\"lazy\" decoding=\"async\" width=\"40\" height=\"40\" src=\"https:\/\/www.sage.com\/es-es\/blog\/wp-content\/uploads\/sites\/8\/2017\/10\/Mister-Empresa__400x400.jpg\" class=\"entry-author__image\" alt=\"Mister Empresa\" \/>\t\t\t\t<span class=\"entry-author__name\">Mister Empresa<\/span>\n\t\t\t<\/a>\n\n\t\t\t\t\t<\/div>\n\n\t\t\t\t\t\t<\/div>\n\t\t\t\t\t<\/div>\n\t<\/div>\n<\/div>\n\n\n\n<p>El Gobierno, a trav\u00e9s de Ministerio de Industria, Turismo y Comercio y de la <a href=\"http:\/\/www.ipyme.org\/es-ES\/Paginas\/Home.aspx\" target=\"_blank\" rel=\"noopener noreferrer\">Direcci\u00f3n General de Pol\u00edtica de Pyme<\/a> una serie de medidas que tienen como objetivo el apoyo financiero y asesoramiento para potenciar la iniciativa emprendedora y la creaci\u00f3n de empresas. El <strong>Plan de apoyo a los emprendedores en 2011 <\/strong>est\u00e1 dotado inicialmente con 84 millones de euros y tiene una previsi\u00f3n de inversi\u00f3n total de m\u00e1s de 300, con los que se facilitar\u00e1 la creaci\u00f3n y consolidaci\u00f3n de cerca de 5.000 nuevas empresas.<\/p>\n\n\n\n<p>Este Plan, aprobado por el Consejo de Ministros el pasado d\u00eda 14 de enero, consolida las iniciativas como el &#8220;Plan de Continuidad Empresarial&#8221; o la &#8220;L\u00ednea de cr\u00e9ditos para j\u00f3venes emprendedores&#8221;, que se iniciaron en 2010, y, adem\u00e1s, incorpora nuevas medidas como el &#8220;Programa de avales para Emprendedores&#8221;. El Plan se estructura en <strong>3 grandes l\u00edneas<\/strong> de actuaci\u00f3n.<\/p>\n\n\n\n<h2 class=\"wp-block-heading\" id=\"h-apoyo-a-la-financiacion-para-ayudar-a-los-emprendedores-a-poner-en-marcha-sus-negocios\">Apoyo a la financiaci\u00f3n para ayudar a los emprendedores a poner en marcha sus negocios<\/h2>\n\n\n\n<p>Se pondr\u00e1 en marcha el &#8220;Programa de avales para Emprendedores&#8221; en el que se crea un fondo de provisiones t\u00e9cnicas espec\u00edfico de 15 millones de euros en la Compa\u00f1\u00eda Espa\u00f1ola de Reafianzamiento (CERSA). CERSA se har\u00e1 cargo del 75% del riesgo de los avales que las Sociedades de Garant\u00eda Rec\u00edproca asociadas a este programa otorguen a los emprendedores que decidan poner en marcha sus propios negocios durante 2011, o lo hayan hecho ya durante los a\u00f1os 2009 y 2010. Con este programa se pretende la concesi\u00f3n de<strong> 200 millones de euros anuales en avales<\/strong> a cerca de 4.000 emprendedores.<\/p>\n\n\n\n<p>Se renuevan<strong> las l\u00edneas de financiaci\u00f3n puestas en marcha en 2010<\/strong> a trav\u00e9s de la Empresa Nacional de Innovaci\u00f3n (<a href=\"http:\/\/www.enisa.es\/\" target=\"_blank\" rel=\"noopener noreferrer\">ENISA<\/a>). Las espec\u00edficas para j\u00f3venes emprendedores, con 20 millones de euros, y la puesta en marcha para mujeres emprendedoras, con 1 mill\u00f3n de euros. ENISA tambi\u00e9n destinar\u00e1 20 millones de euros para la creaci\u00f3n y consolidaci\u00f3n de m\u00e1s de 150 nuevas empresas, a trav\u00e9s de las L\u00edneas de financiaci\u00f3n para Empresas de base Tecnol\u00f3gica y de PYME innovadoras.<\/p>\n\n\n\n<p>Se aprueba la segunda convocatoria del<strong> Programa de Impulso a las Redes de Business Angels<\/strong>. En la primera edici\u00f3n fueron 30 Redes las que obtuvieron las ayudas del programa, medio mill\u00f3n de euros. Estas redes hab\u00edan facilitado en 2009 el cierre de 172 operaciones de inversi\u00f3n a emprendedores innovadores con un importe total de 19,15 millones de euros.<\/p>\n\n\n\n<h2 class=\"wp-block-heading\" id=\"h-apoyo-al-asesoramiento-a-los-emprendedores-para-poner-en-marcha-sus-iniciativas-empresariales\">Apoyo al asesoramiento a los emprendedores para poner en marcha sus iniciativas empresariales<\/h2>\n\n\n\n<p>Esta es la segunda parte del Plan de apoyo a emprendedores. Dentro de este \u00e1mbito las actuaciones m\u00e1s destacadas las relacionadas con el <a href=\"http:\/\/www.plancontinuidadempresarial.es\/\" target=\"_blank\" rel=\"noopener noreferrer\">Plan de Continuidad Empresarial<\/a>, cuyo presupuesto para 2011 ser\u00e1 de 3 millones de euros (en 2010 fue de medio mill\u00f3n de euros), y con el Programa de fomento de la cooperaci\u00f3n entre Centros de Apoyo a los Emprendedores (CEAE&#8217;s) que tambi\u00e9n ten\u00eda una dotaci\u00f3n de medio mill\u00f3n de euros en 2010 y ahora aumenta a 2,8 millones de euros.<\/p>\n\n\n\n<p>El <strong>Plan de Continuidad Empresarial<\/strong>, se inici\u00f3 en abril de 2010 como una experiencia piloto con 11 C\u00e1maras de Comercio. Ahora se prepara para 2011 una ampliaci\u00f3n de la Red de expertos que prestan apoyo en los procesos de transmisi\u00f3n de empresas y que permitir\u00e1 una mayor presencia del sector industrial entre las empresas que participan en el programa. Asimismo se mantendr\u00e1 la l\u00ednea de financiaci\u00f3n de 20 millones de euros para ayudar a los emprendedores que adquieran las empresas que se transfieran en el marco del Plan.<\/p>\n\n\n\n<p>El <strong>Programa de fomento de la cooperaci\u00f3n entre Centros de Apoyo a los Emprendedores<\/strong> pretende mejorar la oferta de servicios dirigidos a Pyme y emprendedores haciendo especial hincapi\u00e9 en los procesos de creaci\u00f3n de empresas y en la mejora de la competitividad de las empresas. Se pretende impulsar y reforzar los servicios de apoyo con los que cuentan los emprendedores en las diferentes etapas de sus proyectos empresariales.<\/p>\n\n\n\n<h2 class=\"wp-block-heading\" id=\"h-promocion-de-los-valores-empresariales-entre-los-jovenes\">Promoci\u00f3n de los valores empresariales entre los j\u00f3venes<\/h2>\n\n\n\n<p>En 2011 se destinar\u00e1n 2 millones de euros a cofinanciar con las CCAA la celebraci\u00f3n de <strong>jornadas de promoci\u00f3n de los valores empresariales<\/strong>, los denominados &#8220;D\u00edas del Emprendedor&#8221;, en todo el territorio nacional.<\/p>\n\n\n\n<p>Esta iniciativa celebrar\u00e1 su 6\u00aa edici\u00f3n en 2011 y ha sido avalada por la Comisi\u00f3n Europea, dentro de la Segunda Semana Europea de las Pyme, como uno de los foros m\u00e1s relevantes para la <strong>difusi\u00f3n de la actividad emprendedora<\/strong> de la UE.<\/p>\n\n\n\n<h2 class=\"wp-block-heading\" id=\"h-suficiente\">\u00bfSuficiente?<\/h2>\n\n\n\n<p>Uno de los retos a los que se enfrenta la econom\u00eda espa\u00f1ola es la creaci\u00f3n de <strong>empresas que modernicen el tejido empresarial<\/strong> con iniciativas en sectores competitivos y que generen nuevos puestos de trabajo. Es labor de los gobiernos crear el caldo de cultivo necesario para ello e incentivar a los emprendedores cuyas iniciativas vayan por ese camino.<\/p>\n\n\n\n<p>Aparentemente este plan, con sus cosas buenas y un considerable aumento de su dotaci\u00f3n presupuestaria, es m\u00e1s o menos los mismo que hab\u00eda hasta ahora. Independientemente de que hay planes que est\u00e1n funcionando muy bien, como las ayudas para j\u00f3venes emprendedores a trav\u00e9s de ENISA, se echa en falta un<strong> mayor \u00e9nfasis en la promoci\u00f3n del emprendimiento<\/strong>, teniendo en cuenta la poca cultura emprendedora que hay en nuestro pa\u00eds.<\/p>\n\n\n\n<p>Est\u00e1 claro que es importante ayudar y dar los instrumentos necesarios para la financiaci\u00f3n de los proyectos que vayan surgiendo, pero tambi\u00e9n lo es la pedagog\u00eda de los valores empresariales y<strong> que esa cultura emprendedora se extienda<\/strong> y quiz\u00e1 este Plan est\u00e9 un poco &#8220;cojo&#8221; en ese aspecto. A\u00fan estamos a principios de a\u00f1o y puede que se pongan en marcha m\u00e1s iniciativas as\u00ed que estaremos atentos a ello.<\/p>\n\n\n\n<div class=\"single-cta\">\n\t<div class=\"single-cta__positioner\">\n\t\t<div class=\"single-cta__wrapper has-dark-background-color\">\n\t\t\t<div class=\"single-cta__content\">\n\t\t\t\t\t\t\t\t<h2 class=\"single-cta__title h3\">Subscr\u00edbete a la newsletter de Sage Advice<\/h2>\n\n\t\t\t\t\t\t\t\t\t<div class=\"single-cta__description\">\n\t\t\t\t\t\t<p>Recibe nuestros consejos m\u00e1s recientes directamente en la bandeja de entrada de tu correo electr\u00f3nico.<\/p>\n\t\t\t\t\t<\/div>\n\t\t\t\t\n\t\t\t\t\t\t\t\t\t\t\t\t\t\t<a\n\t\t\t\t\t\thref=\"#gate-263a5c00-99e4-4e71-8421-469deda8e674\"\n\t\t\t\t\t\tclass=\"single-cta__button button button--primary\"\n\t\t\t\t\t\t\t\t\t\t\t\t\t\t\t\t\t>Suscr\u00edbete<\/a>\n\t\t\t\t\t\t\t<\/div>\n\n\t\t\t\t\t<\/div>\n\n\t\t\t\t\t<img decoding=\"async\" width=\"1440\" height=\"810\" src=\"https:\/\/www.sage.com\/es-es\/blog\/wp-content\/uploads\/sites\/8\/2022\/04\/GettyImages-1171960556-1440x810.jpg\" class=\"single-cta__image\" alt=\"Sage\" loading=\"lazy\" srcset=\"https:\/\/www.sage.com\/es-es\/blog\/wp-content\/uploads\/sites\/8\/2022\/04\/GettyImages-1171960556-1440x810.jpg 1440w\" sizes=\"auto, (min-width: 48em) 33vw, 100vw\" \/>\t\t\t<\/div>\n<\/div>\n","protected":false},"excerpt":{"rendered":"<p>El Gobierno, a trav\u00e9s de Ministerio de Industria, Turismo y Comercio y de la Direcci\u00f3n General de Pol\u00edtica de Pyme una serie de medidas que tienen como objetivo el apoyo financiero y asesoramiento para potenciar la iniciativa emprendedora y la creaci\u00f3n de empresas. El Plan de apoyo a los emprendedores en 2011 est\u00e1 dotado inicialmente [&hellip;]<\/p>\n","protected":false},"author":237,"featured_media":8658,"comment_status":"open","ping_status":"closed","sticky":false,"template":"","format":"standard","meta":{"_sage_video":false,"post_featured_image_hide":false,"footnotes":""},"categories":[3],"tags":[16,31,38],"business_type":[10],"lilypad":[],"context":[],"industry":[],"persona":[],"imagine_tag":[285],"coauthors":[712],"class_list":["post-5585","post","type-post","status-publish","format-standard","has-post-thumbnail","hentry","category-estrategia-gestion","tag-autonomos","tag-financiacion","tag-gestion-financiera","business_type-pequena-empresa"],"sage_meta":{"region":"es-es","author_name":"Mister Empresa","featured_image":"https:\/\/www.sage.com\/es-es\/blog\/wp-content\/uploads\/sites\/8\/2017\/12\/ThinkstockPhotos-638005478.jpg","imagine_tags":{"285":"Emprendedores"}},"distributor_meta":false,"distributor_terms":false,"distributor_media":false,"distributor_original_site_name":"Sage Advice Espa\u00f1a","distributor_original_site_url":"https:\/\/www.sage.com\/es-es\/blog","push-errors":false,"_links":{"self":[{"href":"https:\/\/www.sage.com\/es-es\/blog\/api\/wp\/v2\/posts\/5585","targetHints":{"allow":["GET"]}}],"collection":[{"href":"https:\/\/www.sage.com\/es-es\/blog\/api\/wp\/v2\/posts"}],"about":[{"href":"https:\/\/www.sage.com\/es-es\/blog\/api\/wp\/v2\/types\/post"}],"author":[{"embeddable":true,"href":"https:\/\/www.sage.com\/es-es\/blog\/api\/wp\/v2\/users\/237"}],"replies":[{"embeddable":true,"href":"https:\/\/www.sage.com\/es-es\/blog\/api\/wp\/v2\/comments?post=5585"}],"version-history":[{"count":1,"href":"https:\/\/www.sage.com\/es-es\/blog\/api\/wp\/v2\/posts\/5585\/revisions"}],"predecessor-version":[{"id":37491,"href":"https:\/\/www.sage.com\/es-es\/blog\/api\/wp\/v2\/posts\/5585\/revisions\/37491"}],"wp:featuredmedia":[{"embeddable":true,"href":"https:\/\/www.sage.com\/es-es\/blog\/api\/wp\/v2\/media\/8658"}],"wp:attachment":[{"href":"https:\/\/www.sage.com\/es-es\/blog\/api\/wp\/v2\/media?parent=5585"}],"wp:term":[{"taxonomy":"category","embeddable":true,"href":"https:\/\/www.sage.com\/es-es\/blog\/api\/wp\/v2\/categories?post=5585"},{"taxonomy":"post_tag","embeddable":true,"href":"https:\/\/www.sage.com\/es-es\/blog\/api\/wp\/v2\/tags?post=5585"},{"taxonomy":"business_type","embeddable":true,"href":"https:\/\/www.sage.com\/es-es\/blog\/api\/wp\/v2\/business_type?post=5585"},{"taxonomy":"lilypad","embeddable":true,"href":"https:\/\/www.sage.com\/es-es\/blog\/api\/wp\/v2\/lilypad?post=5585"},{"taxonomy":"context","embeddable":true,"href":"https:\/\/www.sage.com\/es-es\/blog\/api\/wp\/v2\/context?post=5585"},{"taxonomy":"industry","embeddable":true,"href":"https:\/\/www.sage.com\/es-es\/blog\/api\/wp\/v2\/industry?post=5585"},{"taxonomy":"persona","embeddable":true,"href":"https:\/\/www.sage.com\/es-es\/blog\/api\/wp\/v2\/persona?post=5585"},{"taxonomy":"imagine_tag","embeddable":true,"href":"https:\/\/www.sage.com\/es-es\/blog\/api\/wp\/v2\/imagine_tag?post=5585"},{"taxonomy":"author","embeddable":true,"href":"https:\/\/www.sage.com\/es-es\/blog\/api\/wp\/v2\/coauthors?post=5585"}],"curies":[{"name":"wp","href":"https:\/\/api.w.org\/{rel}","templated":true}]}}