{"id":5594,"date":"2012-04-08T07:00:29","date_gmt":"2012-04-08T07:00:29","guid":{"rendered":"https:\/\/www.sage.com\/es-es\/blog\/obligaciones-fiscales-para-los-emprendedores\/"},"modified":"2026-02-04T20:47:04","modified_gmt":"2026-02-04T19:47:04","slug":"obligaciones-fiscales-para-los-emprendedores","status":"publish","type":"post","link":"https:\/\/www.sage.com\/es-es\/blog\/obligaciones-fiscales-para-los-emprendedores\/","title":{"rendered":"Obligaciones fiscales para los emprendedores"},"content":{"rendered":"<header class=\"entry-header has-dark-background-color entry-header--has-illustration entry-header--has-illustration--generic\">\n\t<div class=\"container\">\n\t\t<div class=\"entry-header__row row align-center\">\n\t\t\t<div class=\"col col-lg-7 col-xlg-6 entry-header__content\">\n\t\t\t\t\t\t\t<div class=\"component component-single-header\">\n\t\t\t\t\t\t\t\t\t\t<div class=\"entry-header__misc text--subtitle text--uppercase text--small\">\n\t\t\t\t\t\t\t<a href=\"https:\/\/www.sage.com\/es-es\/blog\/categoria\/legal\/\" class=\"entry-header__link\">Legal<\/a>\t\t\t\t\t\t<\/div>\n\t\t\t\t\n\t\t\t\t<div class=\"entry-title-wrapper\">\n\t\t\t\t\t<h1 class=\"entry-title\">\n\t\t\t\t\t\tObligaciones fiscales para los emprendedores\t\t\t\t\t<\/h1>\n\t\t\t\t<\/div>\n\n\t\t\t\t\t\t\t\t\t<p class=\"entry-header__description\">\n\t\t\t\t\t\t\t\t\t\t\t<\/p>\n\t\t\t\t\n\t\t\t\t\n\t\t\t\t\n\t\t\t<\/div>\n\n\t\t\t\t\t<\/div>\n\t\t\t\t\t<\/div>\n\t<\/div>\n\t<div class=\"single-post-details container\">\n\t\t<div class=\"col\">\n\t\t\t<span class=\"posted-on \"><time class=\"entry-date published\" datetime=\"2012-04-08T07:00:29+02:00\">8 April, 2012<\/time><\/span><span class=\"reading-time\"> minutos de lectura<\/span>\n\t\t<button\n\t\t\ttype=\"button\"\n\t\t\tclass=\"social-share-button button button--icon button--secondary js-social-share-button\"\n\t\t\tdata-share-title=\"Obligaciones fiscales para los emprendedores\"\n\t\t\tdata-share-url=\"https:\/\/www.sage.com\/es-es\/blog\/obligaciones-fiscales-para-los-emprendedores\/\"\n\t\t\tdata-share-text=\"Please read this interesting article\"\n\t\t>\n\t\t\t<span class=\"social-share-button__share-label\">Compartir<\/span>\n\t\t\t<span class=\"social-share-button__copy-label\" hidden>Copiar enlace<\/span>\n\t\t\t<span class=\"social-share-button__copy-tooltip\" aria-hidden=\"true\" hidden>Copiado<\/span>\n\t\t<\/button>\n\n\t\t\t\t<\/div>\n\t<\/div>\n<\/header>\n\n\n\n<div class=\"wp-block-post-author has-dark-background-color alignfull\">\n\t<div class=\"container\">\n\t\t<div class=\"col\">\n\t\t\t\t\t\t\t<div class=\"co-authors\">\n\t\t\t\t\t\n\t\t<div class=\"entry-author-wrapper\">\n\t\t\t<a class=\"entry-author\" href=\"https:\/\/www.sage.com\/es-es\/blog\/author\/remo\/\">\n\t\t\t\t<img loading=\"lazy\" decoding=\"async\" width=\"40\" height=\"40\" src=\"https:\/\/www.sage.com\/es-es\/blog\/wp-content\/uploads\/sites\/8\/2017\/10\/Remo_400x400-350x350.jpg\" class=\"entry-author__image\" alt=\"Remo\" srcset=\"https:\/\/www.sage.com\/es-es\/blog\/wp-content\/uploads\/sites\/8\/2017\/10\/Remo_400x400-350x350.jpg 350w, https:\/\/www.sage.com\/es-es\/blog\/wp-content\/uploads\/sites\/8\/2017\/10\/Remo_400x400.jpg 400w\" sizes=\"auto, (max-width: 40px) 100vw, 40px\" \/>\t\t\t\t<span class=\"entry-author__name\">Remo<\/span>\n\t\t\t<\/a>\n\n\t\t\t\t\t<\/div>\n\n\t\t\t\t\t\t<\/div>\n\t\t\t\t\t<\/div>\n\t<\/div>\n<\/div>\n<div class=\"sage-block-classic-wrapper\">\n\n<p>Sigo con mi especial repaso (y ya voy concluyendo) sobre aspectos que he podido comentar con amigos y emprendedores que conozco. Esta vez toca el repaso a las <strong>obligaciones fiscales <\/strong><a href=\"https:\/\/www.sage.com\/es-es\/blog\/acabas-de-emprender-y-todavia-no-sabes-para-que-sirve-un-balance\/\">para los emprendedores y nuevos empresarios;<\/a> quiz\u00e1s la tarea m\u00e1s alejada de un emprendedor.<\/p>\n<p>Sin duda alguna, para que nuestra empresa o nuestro sue\u00f1o se haga realidad debemos respetar los patrones que marca la ley espa\u00f1ola, por ese motivo nos es estrictamente necesario tener la documentaci\u00f3n al d\u00eda y llevar a cabo las presentaciones de los Modelos de manera organizada.<\/p>\n<p><!--more--><\/p>\n<p>Reconozco que esta es la <strong>parte dentro de las entra\u00f1as de las empresas que peor llevo<\/strong>; me parecen demasiadas obligaciones y requisitos para el trabajo diario; hasta tal punto que recomiendo que se externalice este trabajo para permitir un crecimiento apto para la idea inicial.<\/p>\n<h2>Modelos e Impuestos<\/h2>\n<p>El <a href=\"https:\/\/www.sage.com\/es-es\/blog\/modelos-111-y-115-que-son-y-como-se-rellenan-las-retenciones-e-ingresos-a-cuenta-del-irpf\/\">Modelo 111:<\/a> tiene periodicidad trimestral (mensual si eres gran empresa) y sirve para declarar e ingresar las retenciones realizadas a los trabajadores o a los empresarios personas f\u00edsicas.El Modelo 115: este modelo es muy com\u00fan y <strong>se utiliza en caso de que hubi\u00e9ramos arrendado alg\u00fan bien inmueble<\/strong>. Tiene periodicidad trimestral (mensual si eres Gran Empresa) y sirve para declarar e ingresar las retenciones realizadas al arrendador. Antes de realizar este modelo habr\u00e1 que darse de alta en la obligaci\u00f3n de retener por este concepto a trav\u00e9s del modelo 036.<\/p>\n<p>El Modelo 202: se realiza tres veces al a\u00f1o, en abril, octubre y diciembre y sirve para ingresar los pagos fraccionados, es decir, pagos a cuenta del Impuesto sobre Sociedades. El Modelo 303: tiene periodicidad trimestral (mensual si eres Gran Empresa) y <strong>sirve para declarar e ingresar en su caso<\/strong>, el Impuesto sobre el Valor A\u00f1adido.<\/p>\n<p>El Modelo 200: autoliquidaci\u00f3n del Impuesto sobre Sociedades. El modelo 347: declaraci\u00f3n recapitulativa con terceras personas. Este modelo ha de realizarse durante el mes de marzo (a partir del a\u00f1o que viene en febrero) y se ha de consignar determinadas operaciones que, normalmente se refieren a <strong>operaciones realizadas con terceros por importe superior a 3.000 euros<\/strong>.<\/p>\n<p>El <a href=\"https:\/\/www.sage.com\/es-es\/blog\/diccionario-empresarial\/modelo-340\/\">Modelo 340:<\/a> actualmente este modelo est\u00e1n obligados a realizarlo aquellos que est\u00e9n en inscritos en el Registro de Devoluci\u00f3n Mensual. Tiene periodicidad mensual y se declararan los libros registro de IVA que <strong>est\u00e1n obligados a llevar cualquier empresario o profesional<\/strong>. Si se est\u00e1 obligado a realizar este modelo, no deber\u00e1 realizarse el 347.<\/p>\n<p>El Modelo 349: si realizamos entregas o adquisiciones intracomunitarias de bienes as\u00ed como lo que han denominado prestaciones intracomunitarias de servicios, estaremos obligados a presentar este modelo. El car\u00e1cter peri\u00f3dico de este modelo <strong>var\u00eda en funci\u00f3n del volumen de las entregas<\/strong> o prestaciones realizadas: puede ser mensual, bimestral, trimestral o anual. Antes de realizar este modelo <strong>habr\u00e1 que darse de alta en el Registro de Operadores Intracomunitarios<\/strong> a trav\u00e9s del modelo 036.<\/p>\n<p>Y el Modelo 123: generalmente este modelo se usa para retener cuando se ha producido un reparto de dividendos. Impuesto sobre Actividades Econ\u00f3micas: Se paga una vez al a\u00f1o siempre cuando no estemos exentos. En el momento en que dejemos de estar exentos de este impuesto <strong>deberemos realizar previamente el modelo 840<\/strong>.<\/p>\n<p>Otras obligaciones pueden ser: llevanza de la contabilidad, libros Registro de IVA, emisi\u00f3n de facturas. Las obligaciones que he mencionado anteriormente son con car\u00e1cter general, por lo que dependiendo de nuestra actividad, <strong>las obligaciones se nos podr\u00edan incrementar<\/strong>.<\/p>\n<h2>Conclusi\u00f3n<\/h2>\n<p>No son m\u00e1s que &#8220;obligaciones&#8221; que llevar a cabo dentro de la empresa. No s\u00f3lo podemos pretender trabajar y llevar a cabo nuestra ilusi\u00f3n, tambi\u00e9n existen unas obligaciones legales que debemos respetar. <strong>Es la parte m\u00e1s amarga del emprendedor<\/strong>.<\/p>\n<\/div>\n<div class=\"single-cta\">\n\t<div class=\"single-cta__positioner\">\n\t\t<div class=\"single-cta__wrapper has-dark-background-color\">\n\t\t\t<div class=\"single-cta__content\">\n\t\t\t\t\t\t\t\t<h2 class=\"single-cta__title h3\">Subscr\u00edbete a la newsletter de Sage Advice<\/h2>\n\n\t\t\t\t\t\t\t\t\t<div class=\"single-cta__description\">\n\t\t\t\t\t\t<p>Recibe nuestros consejos m\u00e1s recientes directamente en la bandeja de entrada de tu correo electr\u00f3nico.<\/p>\n\t\t\t\t\t<\/div>\n\t\t\t\t\n\t\t\t\t\t\t\t\t\t\t\t\t\t\t<a\n\t\t\t\t\t\thref=\"#gate-263a5c00-99e4-4e71-8421-469deda8e674\"\n\t\t\t\t\t\tclass=\"single-cta__button button button--primary\"\n\t\t\t\t\t\t\t\t\t\t\t\t\t\t\t\t\t>Suscr\u00edbete<\/a>\n\t\t\t\t\t\t\t<\/div>\n\n\t\t\t\t\t<\/div>\n\n\t\t\t\t\t<img decoding=\"async\" width=\"1440\" height=\"810\" src=\"https:\/\/www.sage.com\/es-es\/blog\/wp-content\/uploads\/sites\/8\/2022\/04\/GettyImages-1171960556-1440x810.jpg\" class=\"single-cta__image\" alt=\"Sage\" loading=\"lazy\" srcset=\"https:\/\/www.sage.com\/es-es\/blog\/wp-content\/uploads\/sites\/8\/2022\/04\/GettyImages-1171960556-1440x810.jpg 1440w\" sizes=\"auto, (min-width: 48em) 33vw, 100vw\" \/>\t\t\t<\/div>\n<\/div>\n","protected":false},"excerpt":{"rendered":"<p>Sigo con mi especial repaso (y ya voy concluyendo) sobre aspectos que he podido comentar con amigos y emprendedores que conozco. Esta vez toca el repaso a las obligaciones fiscales para los emprendedores y nuevos empresarios; quiz\u00e1s la tarea m\u00e1s alejada de un emprendedor. Sin duda alguna, para que nuestra empresa o nuestro sue\u00f1o se [&hellip;]<\/p>\n","protected":false},"author":235,"featured_media":8670,"comment_status":"open","ping_status":"closed","sticky":false,"template":"","format":"standard","meta":{"_sage_video":false,"post_featured_image_hide":false,"footnotes":""},"categories":[6],"tags":[180,185,202],"business_type":[10,11,8],"lilypad":[],"context":[],"industry":[],"persona":[],"imagine_tag":[],"coauthors":[395],"class_list":["post-5594","post","type-post","status-publish","format-standard","has-post-thumbnail","hentry","category-legal","tag-fiscalidad","tag-legislacion-fiscal","tag-novedades-legales","business_type-pequena-empresa","business_type-mediana-empresa","business_type-asesorias-despachos-profesionales"],"sage_meta":{"region":"es-es","author_name":"Remo","featured_image":"https:\/\/www.sage.com\/es-es\/blog\/wp-content\/uploads\/sites\/8\/2017\/12\/ThinkstockPhotos-681727284.jpg","imagine_tags":[]},"distributor_meta":false,"distributor_terms":false,"distributor_media":false,"distributor_original_site_name":"Sage Advice Espa\u00f1a","distributor_original_site_url":"https:\/\/www.sage.com\/es-es\/blog","push-errors":false,"_links":{"self":[{"href":"https:\/\/www.sage.com\/es-es\/blog\/api\/wp\/v2\/posts\/5594","targetHints":{"allow":["GET"]}}],"collection":[{"href":"https:\/\/www.sage.com\/es-es\/blog\/api\/wp\/v2\/posts"}],"about":[{"href":"https:\/\/www.sage.com\/es-es\/blog\/api\/wp\/v2\/types\/post"}],"author":[{"embeddable":true,"href":"https:\/\/www.sage.com\/es-es\/blog\/api\/wp\/v2\/users\/235"}],"replies":[{"embeddable":true,"href":"https:\/\/www.sage.com\/es-es\/blog\/api\/wp\/v2\/comments?post=5594"}],"version-history":[{"count":0,"href":"https:\/\/www.sage.com\/es-es\/blog\/api\/wp\/v2\/posts\/5594\/revisions"}],"wp:featuredmedia":[{"embeddable":true,"href":"https:\/\/www.sage.com\/es-es\/blog\/api\/wp\/v2\/media\/8670"}],"wp:attachment":[{"href":"https:\/\/www.sage.com\/es-es\/blog\/api\/wp\/v2\/media?parent=5594"}],"wp:term":[{"taxonomy":"category","embeddable":true,"href":"https:\/\/www.sage.com\/es-es\/blog\/api\/wp\/v2\/categories?post=5594"},{"taxonomy":"post_tag","embeddable":true,"href":"https:\/\/www.sage.com\/es-es\/blog\/api\/wp\/v2\/tags?post=5594"},{"taxonomy":"business_type","embeddable":true,"href":"https:\/\/www.sage.com\/es-es\/blog\/api\/wp\/v2\/business_type?post=5594"},{"taxonomy":"lilypad","embeddable":true,"href":"https:\/\/www.sage.com\/es-es\/blog\/api\/wp\/v2\/lilypad?post=5594"},{"taxonomy":"context","embeddable":true,"href":"https:\/\/www.sage.com\/es-es\/blog\/api\/wp\/v2\/context?post=5594"},{"taxonomy":"industry","embeddable":true,"href":"https:\/\/www.sage.com\/es-es\/blog\/api\/wp\/v2\/industry?post=5594"},{"taxonomy":"persona","embeddable":true,"href":"https:\/\/www.sage.com\/es-es\/blog\/api\/wp\/v2\/persona?post=5594"},{"taxonomy":"imagine_tag","embeddable":true,"href":"https:\/\/www.sage.com\/es-es\/blog\/api\/wp\/v2\/imagine_tag?post=5594"},{"taxonomy":"author","embeddable":true,"href":"https:\/\/www.sage.com\/es-es\/blog\/api\/wp\/v2\/coauthors?post=5594"}],"curies":[{"name":"wp","href":"https:\/\/api.w.org\/{rel}","templated":true}]}}