{"id":5703,"date":"2016-12-28T09:00:29","date_gmt":"2016-12-28T09:00:29","guid":{"rendered":"https:\/\/www.sage.com\/es-es\/blog\/jubilacion-activa-del-autonomo-7-claves-para-tomar-la-mejor-decision\/"},"modified":"2026-02-04T19:23:15","modified_gmt":"2026-02-04T18:23:15","slug":"jubilacion-activa-del-autonomo-7-claves-para-tomar-la-mejor-decision","status":"publish","type":"post","link":"https:\/\/www.sage.com\/es-es\/blog\/jubilacion-activa-del-autonomo-7-claves-para-tomar-la-mejor-decision\/","title":{"rendered":"Jubilaci\u00f3n activa del aut\u00f3nomo: 7 claves para tomar la mejor decisi\u00f3n"},"content":{"rendered":"<header class=\"entry-header has-dark-background-color entry-header--has-illustration entry-header--has-illustration--generic\">\n\t<div class=\"container\">\n\t\t<div class=\"entry-header__row row align-center\">\n\t\t\t<div class=\"col col-lg-7 col-xlg-6 entry-header__content\">\n\t\t\t\t\t\t\t<div class=\"component component-single-header\">\n\t\t\t\t\t\t\t\t\t\t<div class=\"entry-header__misc text--subtitle text--uppercase text--small\">\n\t\t\t\t\t\t\t<a href=\"https:\/\/www.sage.com\/es-es\/blog\/categoria\/personas-liderazgo\/\" class=\"entry-header__link\">Personas y Liderazgo<\/a>\t\t\t\t\t\t<\/div>\n\t\t\t\t\n\t\t\t\t<div class=\"entry-title-wrapper\">\n\t\t\t\t\t<h1 class=\"entry-title\">\n\t\t\t\t\t\tJubilaci\u00f3n activa del aut\u00f3nomo: 7 claves para tomar la mejor decisi\u00f3n\t\t\t\t\t<\/h1>\n\t\t\t\t<\/div>\n\n\t\t\t\t\t\t\t\t\t<p class=\"entry-header__description\">\n\t\t\t\t\t\t\t\t\t\t\t<\/p>\n\t\t\t\t\n\t\t\t\t\n\t\t\t\t\n\t\t\t<\/div>\n\n\t\t\t\t\t<\/div>\n\t\t\t\t\t<\/div>\n\t<\/div>\n\t<div class=\"single-post-details container\">\n\t\t<div class=\"col\">\n\t\t\t<span class=\"posted-on \"><time class=\"entry-date published\" datetime=\"2016-12-28T09:00:29+01:00\">28 December, 2016<\/time><\/span><span class=\"reading-time\"> minutos de lectura<\/span>\n\t\t<button\n\t\t\ttype=\"button\"\n\t\t\tclass=\"social-share-button button button--icon button--secondary js-social-share-button\"\n\t\t\tdata-share-title=\"Jubilaci\u00f3n activa del aut\u00f3nomo: 7 claves para tomar la mejor decisi\u00f3n\"\n\t\t\tdata-share-url=\"https:\/\/www.sage.com\/es-es\/blog\/jubilacion-activa-del-autonomo-7-claves-para-tomar-la-mejor-decision\/\"\n\t\t\tdata-share-text=\"Please read this interesting article\"\n\t\t>\n\t\t\t<span class=\"social-share-button__share-label\">Compartir<\/span>\n\t\t\t<span class=\"social-share-button__copy-label\" hidden>Copiar enlace<\/span>\n\t\t\t<span class=\"social-share-button__copy-tooltip\" aria-hidden=\"true\" hidden>Copiado<\/span>\n\t\t<\/button>\n\n\t\t\t\t<\/div>\n\t<\/div>\n<\/header>\n\n\n\n<div class=\"wp-block-post-author has-dark-background-color alignfull\">\n\t<div class=\"container\">\n\t\t<div class=\"col\">\n\t\t\t\t\t\t\t<div class=\"co-authors\">\n\t\t\t\t\t\n\t\t<div class=\"entry-author-wrapper\">\n\t\t\t<a class=\"entry-author\" href=\"https:\/\/www.sage.com\/es-es\/blog\/author\/gonzalo-garcia-abad\/\">\n\t\t\t\t<img loading=\"lazy\" decoding=\"async\" width=\"40\" height=\"40\" src=\"https:\/\/www.sage.com\/es-es\/blog\/wp-content\/uploads\/sites\/8\/2024\/02\/Gonzalo-Garcia_2024_600x600-350x350.jpg\" class=\"entry-author__image\" alt=\"\" srcset=\"https:\/\/www.sage.com\/es-es\/blog\/wp-content\/uploads\/sites\/8\/2024\/02\/Gonzalo-Garcia_2024_600x600-350x350.jpg 350w, https:\/\/www.sage.com\/es-es\/blog\/wp-content\/uploads\/sites\/8\/2024\/02\/Gonzalo-Garcia_2024_600x600.jpg 600w\" sizes=\"auto, (max-width: 40px) 100vw, 40px\" \/>\t\t\t\t<span class=\"entry-author__name\">Gonzalo Garc\u00eda Abad<\/span>\n\t\t\t<\/a>\n\n\t\t\t\t\t<\/div>\n\n\t\t\t\t\t\t<\/div>\n\t\t\t\t\t<\/div>\n\t<\/div>\n<\/div>\n<div class=\"sage-block-classic-wrapper\">\n\n<p>La <strong>jubilaci\u00f3n activa del aut\u00f3nomo<\/strong> es una opci\u00f3n siempre que se haya cumplido <a href=\"http:\/\/www.seg-social.es\/Internet_1\/Trabajadores\/PrestacionesPension10935\/Jubilacion\/RegimenGeneral\/Jubilacionordinaria\/Requisitos\/177422\" target=\"_blank\" rel=\"noopener noreferrer\">la edad<\/a> y se hayan cotizado los a\u00f1os suficientes como para que la pensi\u00f3n se determine sobre el 100% de la <a href=\"http:\/\/www.seg-social.es\/Internet_1\/Trabajadores\/PrestacionesPension10935\/Jubilacion\/RegimenGeneral\/Jubilacionordinaria\/Cuantia\/6159\" target=\"_blank\" rel=\"noopener noreferrer\">base reguladora<\/a>. En estos casos es compatible el cobro de la mitad de la pensi\u00f3n con la <a href=\"https:\/\/www.sage.com\/es-es\/blog\/la-jubilacion-de-empresario-y-la-continuidad-del-negocio\/\" target=\"_blank\" rel=\"noopener noreferrer\"><strong>continuidad en la actividad<\/strong><\/a>.<\/p>\n<p>No es, por ello, extra\u00f1o que sea una idea que ronde a muchos aut\u00f3nomos por la cabeza en el momento cercano a la <a href=\"https:\/\/www.sage.com\/es-es\/blog\/tu-jubilacion-como-y-cuando-prepararla-ebook\/\" target=\"_blank\" rel=\"noopener noreferrer\"><strong>jubilaci\u00f3n<\/strong><\/a>. Para tomar la <strong>mejor decisi\u00f3n<\/strong> es conveniente tener en cuenta las siguientes <strong>claves<\/strong>.<span id=\"more-33752\"><\/span><\/p>\n<p><!--more--><mark class=\"highlight-and-share\">\u00a1Comparte! Conoce las claves de la jubilaci\u00f3n activa del aut\u00f3nomo<\/mark><\/p>\n<h2>1) Sumar en el negocio<\/h2>\n<p>Muchos aut\u00f3nomos tienen precisamente en el momento de alcanzar la edad de jubilaci\u00f3n mucho que aportar a su negocio. La <strong>experiencia <\/strong>acumulada, la <strong>motivaci\u00f3n <\/strong>de toda una vida al servicio del negocio o el conjunto de <strong>relaciones<\/strong> forjadas a lo largo de los a\u00f1os son ejemplo de ello.<\/p>\n<p>No obstante, el aut\u00f3nomo que planea iniciar una jubilaci\u00f3n activa debe plantearse qu\u00e9 posibilidades tiene de <strong>adaptarse de forma flexible a los <\/strong><strong>cambios<\/strong>. Debe mirar hacia el futuro y valorar si est\u00e1 dispuesto a modificar su forma de trabajar de una manera acorde a las exigencias de los tiempos.<\/p>\n<p>Entre las cualidades que favorecen el desarrollo del trabajo aut\u00f3nomo una de las m\u00e1s destacables es la capacidad de adaptarse a los cambios. De ah\u00ed que muchos aut\u00f3nomos con una carrera de \u00e9xito no vean inconveniente en continuar, incluso cuando haya que afrontar cambios, sacrificios y circunstancias nuevas. <strong>Est\u00e1n acostumbrados a hacerlo durante una vida entera<\/strong> y siguen estando dispuestos a hacerlo en el futuro.<\/p>\n<p>Sin embargo, algunos aut\u00f3nomos afrontan el proceso natural de envejecimiento con <strong>cansancio <\/strong>y <strong>falta de motivaci\u00f3n<\/strong> para afrontar los cambios del futuro. En estos casos, es conveniente que se planteen si esos cambios pueden lastrar su vida o si su reticencia a los cambios pueda perjudicar a su negocio.<\/p>\n<h2>2) La jubilaci\u00f3n activa del aut\u00f3nomo no deber\u00eda complicar la sucesi\u00f3n, en caso de que exista<\/h2>\n<p>La jubilaci\u00f3n activa del aut\u00f3nomo puede tener como motivaci\u00f3n la <strong>liquidaci\u00f3n <\/strong>ordenada de su negocio. Puede ser una buena forma de obtener recursos materiales para la jubilaci\u00f3n y de ocupar el tiempo en <strong>cerrar los asuntos pendientes<\/strong> del negocio.<\/p>\n<p>Sin embargo, es muy habitual que el aut\u00f3nomo se plantee la posibilidad de que otras personas le sucedan al frente de la actividad. Ese el caso de la sucesi\u00f3n familiar, pero tambi\u00e9n puede realizarla, por ejemplo, en favor de un empleado o de un tercero adquirente del negocio.<\/p>\n<p>Si se va a decantar por la sucesi\u00f3n, es importante que el aut\u00f3nomo que va a optar por su jubilaci\u00f3n activa no la obstaculice. De hacerlo puede reducirse el <strong>valor del negocio<\/strong>, que en la mayor\u00eda de los casos supone una parte importante del <strong>patrimonio con el que afrontar\u00e1 la jubilaci\u00f3n<\/strong>.<\/p>\n<p>Y no menos importante puede ser el <strong>impacto en sus relaciones personales<\/strong>. Una sucesi\u00f3n entorpecida puede perjudicar la imagen del aut\u00f3nomo frente a familiares, colaboradores, amigos, etc.<\/p>\n<p>El aut\u00f3nomo que se jubila activamente, en estos casos, puede ganar mucho si es capaz de <strong>cooperar <\/strong>provechosamente para encauzar la sucesi\u00f3n. Puede facilitar que el sucesor se vaya aclimatando, puede transmitir su <strong>conocimiento y experiencia<\/strong>, puede servir de <strong>mediador en los conflictos<\/strong>, puede aportar <strong>sensatez en los momentos de dificultades<\/strong>.<\/p>\n<h2>3) El equilibrio ocio-trabajo<\/h2>\n<p>Hay actividades tan gratificantes que se convierten en una fuente de <strong>realizaci\u00f3n personal<\/strong>. Ver crecer el negocio, superando dificultades y obteniendo logros puede ser el mayor &#8220;entretenimiento&#8221; para muchos aut\u00f3nomos.<\/p>\n<p>Sin embargo, la jubilaci\u00f3n es una buena oportunidad para el <strong>ocio<\/strong>. Podr\u00eda ser el momento id\u00f3neo para realizar todas esas actividades que no se practicaron mientras se estaba en activo por falta de tiempo. Y tambi\u00e9n puede ser un buen momento para reforzar las <strong>relaciones con familiares y amigos<\/strong>.<\/p>\n<p>El aut\u00f3nomo que contin\u00faa debe plantearse si la opci\u00f3n tomada es la m\u00e1s adecuada para lograr el <strong>equilibrio entre trabajo y ocio<\/strong>. Y no solamente debe reflexionar sobre la cantidad de tiempo que dedica al trabajo, sino tambi\u00e9n acerca de c\u00f3mo va a ser la calidad del ocio. Es conveniente que la jubilaci\u00f3n activa del aut\u00f3nomo <strong>no sea una fuente continua de preocupaciones<\/strong> que le impidan disfrutar del ocio, sino una forma de enriquecer su vida.<\/p>\n<h2>4) La jubilaci\u00f3n activa del aut\u00f3nomo puede aportar experiencia a las nuevas generaciones<\/h2>\n<p>En la decisi\u00f3n de optar por la jubilaci\u00f3n activa, <strong>los j\u00f3venes<\/strong> tambi\u00e9n tienen su papel. La <strong>relaci\u00f3n entre personas de distintas generaciones<\/strong> puede ser muy enriquecedora para ambos y para el negocio.<\/p>\n<p>Para el jubilado activo es una oportunidad de ver las novedades que trae la gente joven: sus fortalezas, sus carencias, sus motivaciones, su forma de actuar\u2026 Eso le permite comprender mucho mejor el <a href=\"https:\/\/www.sage.com\/es-es\/blog\/el-entorno-de-la-empresa-y-sus-efectos\/\"><strong>entorno<\/strong><\/a> en el que tender\u00e1 a desarrollarse la actividad en el <a href=\"https:\/\/www.sage.com\/es-es\/blog\/el-departamento-de-rrhh-del-futuro-menos-administrativo-mas-estrategico\/\"><strong>futuro<\/strong><\/a>. La pregunta que debe hacerse a s\u00ed mismo es la de qu\u00e9 es lo m\u00e1s importante que puede hacer para <strong>aportar lo mejor de s\u00ed en ese contexto<\/strong>.<\/p>\n<p>Para la persona joven, la experiencia de quien lleva muchos a\u00f1os trabajando en el negocio es muy importante. Facilita enormemente los <strong>procesos de aprendizaje<\/strong> conocer algunas de las vicisitudes por las que han pasado los veteranos. Y, aunque los tiempos y las soluciones cambien, las <strong>ense\u00f1anzas<\/strong> de aquellos momentos pueden ser de extraordinario valor en el futuro.<\/p>\n<p>Es probable que si, por ejemplo, un <a href=\"https:\/\/www.sage.com\/es-es\/blog\/la-compatibilidad-entre-cobrar-una-pension-y-ser-socio-de-una-empresa\/\">jefe-propietario de un peque\u00f1o negocio se jubila activamente<\/a>, la relaci\u00f3n con algunos miembros de su equipo pase de ser una <a href=\"https:\/\/www.sage.com\/es-es\/blog\/la-x-y-la-y-del-liderazgo-segun-mc-gregor\/\"><strong>relaci\u00f3n jefe-subordinado<\/strong><\/a> a, m\u00e1s bien, una <strong>relaci\u00f3n maestro-disc\u00edpulo<\/strong>.<\/p>\n<h2>5) El impacto en los recursos materiales que disfrute durante la jubilaci\u00f3n<\/h2>\n<p>La jubilaci\u00f3n activa comienza con una <strong>renuncia<\/strong>: la de la mitad de la <strong>pensi\u00f3n de jubilaci\u00f3n<\/strong> que le correspondiese. Por otro lado, el aut\u00f3nomo<strong> seguir\u00e1 cotizando a la Seguridad Social<\/strong> por incapacidad temporal y por contingencias profesionales. Adem\u00e1s, quedar\u00e1 sujeto a una cotizaci\u00f3n especial de solidaridad del 8 por ciento sobre la base por contingencias comunes, no computable a efectos de prestaciones.<\/p>\n<p>Pero, por otra parte, podr\u00e1 continuar en su actividad, lo que le proporcionar\u00e1 unos <strong>ingresos adicionales<\/strong>. Adem\u00e1s, podr\u00e1 esperar alg\u00fan tiempo m\u00e1s para ejecutar las decisiones que considere m\u00e1s convenientes sobre su negocio. Eso permitir\u00e1 aprovechar mejor las oportunidades, que no siempre son propicias al llegar la edad de jubilaci\u00f3n.<\/p>\n<p>Tambi\u00e9n habr\u00e1 de tener en cuenta las <strong>inversiones <\/strong>que necesite para continuar con la actividad. Es posible que tenga que <strong>ahorrar <\/strong>alg\u00fan dinero para financiarlas que, l\u00f3gicamente, no destinar\u00e1 a mejorar sus condiciones presentes de vida. Eso s\u00ed, si salen bien las inversiones en el negocio, podr\u00e1 contar con<strong> mejores recursos para financiar un futuro retiro definitivo.<\/strong><\/p>\n<h2>6) Las relaciones humanas<\/h2>\n<p>Continuar en la actividad implica seguir relacion\u00e1ndose con un importante n\u00famero de personas. La jubilaci\u00f3n activa del aut\u00f3nomo permite, en buena medida, <strong>conservar su posici\u00f3n<\/strong> dentro de un amplio conjunto de <strong>relaciones<\/strong> derivadas de su actividad.<\/p>\n<p>Sin embargo, la jubilaci\u00f3n activa tiene <strong>dos caras: continuidad y jubilaci\u00f3n<\/strong>. Se pasa a cobrar una parte de la pensi\u00f3n y, normalmente, es una forma de <strong>transici\u00f3n entre dos etapas<\/strong> de la vida. No obstante, siempre es posible emplearla para continuar con la actividad de forma indefinida, tanto tiempo como sea humanamente posible, sin ning\u00fan \u00e1nimo de emprender una etapa intermedia antes del retiro definitivo.<\/p>\n<p>Si se opta por iniciar una etapa de transici\u00f3n, tambi\u00e9n la comenzar\u00e1 el conjunto de relaciones humanas derivado del negocio. La mayor\u00eda se mantendr\u00e1n, pero con los <strong>matices propios de una nueva situaci\u00f3n<\/strong>.<\/p>\n<p>Por estas razones, es bueno que el aut\u00f3nomo que opte por una jubilaci\u00f3n activa <strong>medite c\u00f3mo enfocar las nuevas circunstancias de las relaciones con otras personas<\/strong>. Conviene planificar m\u00ednimamente c\u00f3mo se piensa afrontar los conflictos m\u00e1s previsibles y c\u00f3mo se plantea aprovechar las ventajas de la nueva posici\u00f3n.<\/p>\n<h2>7) Los efectos sobre la salud<\/h2>\n<p>Durante la etapa de jubilaci\u00f3n activa<strong> cuidar la salud<\/strong> supone cuidar el trabajo. Para desarrollar de la mejor forma posible las labores cotidianas es importante que la salud acompa\u00f1e.<\/p>\n<p>Adem\u00e1s, <strong>permanecer en activo<\/strong> puede ser muy positivo para la salud f\u00edsica y mental. Sin embargo, para lograrlo es necesario evitar, en la medida de lo posible, los h\u00e1bitos nocivos para diversos aspectos de la salud ligados al desarrollo de una actividad. Las malas posturas, los h\u00e1bitos alimenticios inadecuados o determinadas costumbres pueden ser ejemplos de formas de llevar una actividad que puedan perjudicar a la salud.<\/p>\n<p>Tambi\u00e9n es muy necesario tomar conciencia de que, a medida que va pasando el tiempo, <strong>el cuerpo no reacciona igual<\/strong>. Nuestras capacidades son diferentes, pero ese proceso de cambios depende en parte de lo que hagamos. Y de c\u00f3mo se desarrolle ese proceso de cambios depende una parte del \u00e9xito de la jubilaci\u00f3n activa del aut\u00f3nomo. Por lo tanto,<strong> las decisiones sobre el negocio tienen un efecto sobre la salud y la salud tiene una influencia sobre la actividad que se desarrolla.<\/strong><\/p>\n<p>Optar por la jubilaci\u00f3n activa no es una elecci\u00f3n que pueda entenderse si no es <strong>ponderando los diferentes factores<\/strong>. Que esta decisi\u00f3n sea positiva depende de las posibilidades que tenga el aut\u00f3nomo de afrontar ventajosamente cada uno de los <strong>retos que plantea su jubilaci\u00f3n activa<\/strong>.<\/p>\n<p>&nbsp;<\/p>\n<\/div>\n<div class=\"single-cta\">\n\t<div class=\"single-cta__positioner\">\n\t\t<div class=\"single-cta__wrapper has-dark-background-color\">\n\t\t\t<div class=\"single-cta__content\">\n\t\t\t\t\t\t\t\t<h2 class=\"single-cta__title h3\">Subscr\u00edbete a la newsletter de Sage Advice<\/h2>\n\n\t\t\t\t\t\t\t\t\t<div class=\"single-cta__description\">\n\t\t\t\t\t\t<p>Recibe nuestros consejos m\u00e1s recientes directamente en la bandeja de entrada de tu correo electr\u00f3nico.<\/p>\n\t\t\t\t\t<\/div>\n\t\t\t\t\n\t\t\t\t\t\t\t\t\t\t\t\t\t\t<a\n\t\t\t\t\t\thref=\"#gate-263a5c00-99e4-4e71-8421-469deda8e674\"\n\t\t\t\t\t\tclass=\"single-cta__button button button--primary\"\n\t\t\t\t\t\t\t\t\t\t\t\t\t\t\t\t\t>Suscr\u00edbete<\/a>\n\t\t\t\t\t\t\t<\/div>\n\n\t\t\t\t\t<\/div>\n\n\t\t\t\t\t<img decoding=\"async\" width=\"1440\" height=\"810\" src=\"https:\/\/www.sage.com\/es-es\/blog\/wp-content\/uploads\/sites\/8\/2022\/04\/GettyImages-1171960556-1440x810.jpg\" class=\"single-cta__image\" alt=\"Sage\" loading=\"lazy\" srcset=\"https:\/\/www.sage.com\/es-es\/blog\/wp-content\/uploads\/sites\/8\/2022\/04\/GettyImages-1171960556-1440x810.jpg 1440w\" sizes=\"auto, (min-width: 48em) 33vw, 100vw\" \/>\t\t\t<\/div>\n<\/div>\n","protected":false},"excerpt":{"rendered":"<p>La jubilaci\u00f3n activa del aut\u00f3nomo es una opci\u00f3n siempre que se haya cumplido la edad y se hayan cotizado los a\u00f1os suficientes como para que la pensi\u00f3n se determine sobre el 100% de la base reguladora. En estos casos es compatible el cobro de la mitad de la pensi\u00f3n con la continuidad en la actividad. [&hellip;]<\/p>\n","protected":false},"author":240,"featured_media":18060,"comment_status":"open","ping_status":"closed","sticky":false,"template":"","format":"standard","meta":{"_sage_video":false,"post_featured_image_hide":false,"footnotes":""},"categories":[4],"tags":[16,141],"business_type":[10],"lilypad":[],"context":[],"industry":[],"persona":[],"imagine_tag":[287,271],"coauthors":[412],"class_list":["post-5703","post","type-post","status-publish","format-standard","has-post-thumbnail","hentry","category-personas-liderazgo","tag-autonomos","tag-jubilacion","business_type-pequena-empresa"],"sage_meta":{"region":"es-es","author_name":"Gonzalo Garc\u00eda Abad","featured_image":"https:\/\/www.sage.com\/es-es\/blog\/wp-content\/uploads\/sites\/8\/2016\/12\/GettyImages-547016993_super1.jpg","imagine_tags":{"287":"Aut\u00f3nomos","271":"Seguridad Social"}},"distributor_meta":false,"distributor_terms":false,"distributor_media":false,"distributor_original_site_name":"Sage Advice Espa\u00f1a","distributor_original_site_url":"https:\/\/www.sage.com\/es-es\/blog","push-errors":false,"_links":{"self":[{"href":"https:\/\/www.sage.com\/es-es\/blog\/api\/wp\/v2\/posts\/5703","targetHints":{"allow":["GET"]}}],"collection":[{"href":"https:\/\/www.sage.com\/es-es\/blog\/api\/wp\/v2\/posts"}],"about":[{"href":"https:\/\/www.sage.com\/es-es\/blog\/api\/wp\/v2\/types\/post"}],"author":[{"embeddable":true,"href":"https:\/\/www.sage.com\/es-es\/blog\/api\/wp\/v2\/users\/240"}],"replies":[{"embeddable":true,"href":"https:\/\/www.sage.com\/es-es\/blog\/api\/wp\/v2\/comments?post=5703"}],"version-history":[{"count":0,"href":"https:\/\/www.sage.com\/es-es\/blog\/api\/wp\/v2\/posts\/5703\/revisions"}],"wp:featuredmedia":[{"embeddable":true,"href":"https:\/\/www.sage.com\/es-es\/blog\/api\/wp\/v2\/media\/18060"}],"wp:attachment":[{"href":"https:\/\/www.sage.com\/es-es\/blog\/api\/wp\/v2\/media?parent=5703"}],"wp:term":[{"taxonomy":"category","embeddable":true,"href":"https:\/\/www.sage.com\/es-es\/blog\/api\/wp\/v2\/categories?post=5703"},{"taxonomy":"post_tag","embeddable":true,"href":"https:\/\/www.sage.com\/es-es\/blog\/api\/wp\/v2\/tags?post=5703"},{"taxonomy":"business_type","embeddable":true,"href":"https:\/\/www.sage.com\/es-es\/blog\/api\/wp\/v2\/business_type?post=5703"},{"taxonomy":"lilypad","embeddable":true,"href":"https:\/\/www.sage.com\/es-es\/blog\/api\/wp\/v2\/lilypad?post=5703"},{"taxonomy":"context","embeddable":true,"href":"https:\/\/www.sage.com\/es-es\/blog\/api\/wp\/v2\/context?post=5703"},{"taxonomy":"industry","embeddable":true,"href":"https:\/\/www.sage.com\/es-es\/blog\/api\/wp\/v2\/industry?post=5703"},{"taxonomy":"persona","embeddable":true,"href":"https:\/\/www.sage.com\/es-es\/blog\/api\/wp\/v2\/persona?post=5703"},{"taxonomy":"imagine_tag","embeddable":true,"href":"https:\/\/www.sage.com\/es-es\/blog\/api\/wp\/v2\/imagine_tag?post=5703"},{"taxonomy":"author","embeddable":true,"href":"https:\/\/www.sage.com\/es-es\/blog\/api\/wp\/v2\/coauthors?post=5703"}],"curies":[{"name":"wp","href":"https:\/\/api.w.org\/{rel}","templated":true}]}}