{"id":5764,"date":"2016-12-20T08:23:32","date_gmt":"2016-12-20T08:23:32","guid":{"rendered":"https:\/\/www.sage.com\/es-es\/blog\/todo-lo-que-un-autonomo-puede-deducirse-en-el-irpf-de-2017-infografia\/"},"modified":"2026-02-04T19:24:10","modified_gmt":"2026-02-04T18:24:10","slug":"todo-lo-que-un-autonomo-puede-deducirse-en-el-irpf-de-2017-infografia","status":"publish","type":"post","link":"https:\/\/www.sage.com\/es-es\/blog\/todo-lo-que-un-autonomo-puede-deducirse-en-el-irpf-de-2017-infografia\/","title":{"rendered":"Todo lo que un aut\u00f3nomo puede deducirse en el IRPF de 2017"},"content":{"rendered":"<header class=\"entry-header has-dark-background-color entry-header--has-illustration entry-header--has-illustration--generic\">\n\t<div class=\"container\">\n\t\t<div class=\"entry-header__row row align-center\">\n\t\t\t<div class=\"col col-lg-7 col-xlg-6 entry-header__content\">\n\t\t\t\t\t\t\t<div class=\"component component-single-header\">\n\t\t\t\t\t\t\t\t\t\t<div class=\"entry-header__misc text--subtitle text--uppercase text--small\">\n\t\t\t\t\t\t\t<a href=\"https:\/\/www.sage.com\/es-es\/blog\/categoria\/legal\/\" class=\"entry-header__link\">Legal<\/a>\t\t\t\t\t\t<\/div>\n\t\t\t\t\n\t\t\t\t<div class=\"entry-title-wrapper\">\n\t\t\t\t\t<h1 class=\"entry-title\">\n\t\t\t\t\t\tTodo lo que un aut\u00f3nomo puede deducirse en el IRPF de 2017\t\t\t\t\t<\/h1>\n\t\t\t\t<\/div>\n\n\t\t\t\t\t\t\t\t\t<p class=\"entry-header__description\">\n\t\t\t\t\t\t\t\t\t\t\t<\/p>\n\t\t\t\t\n\t\t\t\t\n\t\t\t\t\n\t\t\t<\/div>\n\n\t\t\t\t\t<\/div>\n\t\t\t\t\t<\/div>\n\t<\/div>\n\t<div class=\"single-post-details container\">\n\t\t<div class=\"col\">\n\t\t\t<span class=\"posted-on \"><time class=\"entry-date published\" datetime=\"2016-12-20T08:23:32+01:00\">20 December, 2016<\/time><\/span><span class=\"reading-time\"> minutos de lectura<\/span>\n\t\t<button\n\t\t\ttype=\"button\"\n\t\t\tclass=\"social-share-button button button--icon button--secondary js-social-share-button\"\n\t\t\tdata-share-title=\"Todo lo que un aut\u00f3nomo puede deducirse en el IRPF de 2017\"\n\t\t\tdata-share-url=\"https:\/\/www.sage.com\/es-es\/blog\/todo-lo-que-un-autonomo-puede-deducirse-en-el-irpf-de-2017-infografia\/\"\n\t\t\tdata-share-text=\"Please read this interesting article\"\n\t\t>\n\t\t\t<span class=\"social-share-button__share-label\">Compartir<\/span>\n\t\t\t<span class=\"social-share-button__copy-label\" hidden>Copiar enlace<\/span>\n\t\t\t<span class=\"social-share-button__copy-tooltip\" aria-hidden=\"true\" hidden>Copiado<\/span>\n\t\t<\/button>\n\n\t\t\t\t<\/div>\n\t<\/div>\n<\/header>\n\n\n\n<div class=\"wp-block-post-author has-dark-background-color alignfull\">\n\t<div class=\"container\">\n\t\t<div class=\"col\">\n\t\t\t\t\t\t\t<div class=\"co-authors\">\n\t\t\t\t\t\n\t\t<div class=\"entry-author-wrapper\">\n\t\t\t<a class=\"entry-author\" href=\"https:\/\/www.sage.com\/es-es\/blog\/author\/carlos-roberto-cabelllo\/\">\n\t\t\t\t<img loading=\"lazy\" decoding=\"async\" width=\"40\" height=\"40\" src=\"https:\/\/www.sage.com\/es-es\/blog\/wp-content\/uploads\/sites\/8\/2017\/10\/Carlos-Roberto-Cabello.jpg\" class=\"entry-author__image\" alt=\"Carlos Roberto Cabello\" \/>\t\t\t\t<span class=\"entry-author__name\">Carlos Roberto Cabello<\/span>\n\t\t\t<\/a>\n\n\t\t\t\t\t<\/div>\n\n\t\t\t\t\t\t<\/div>\n\t\t\t\t\t<\/div>\n\t<\/div>\n<\/div>\n<div class=\"sage-block-classic-wrapper\">\n\n<p>Los aut\u00f3nomos est\u00e1n en el punto de mira del nuevo Gobierno. Una de las medidas adoptadas en sus primeros d\u00edas ha ido enfocada a mejorar la situaci\u00f3n de este colectivo. As\u00ed, se han realizado cambios en las cuestiones que un trabajador por cuenta ajena puede o no deducirse como gasto profesional a la hora de hacer su declaraci\u00f3n de la renta. Por eso queremos hacer un resumen a modo gr\u00e1fico para ver <strong>todo lo que un aut\u00f3nomo puede deducirse en el IRPF de 2017<\/strong>.<\/p>\n<p>Los primeros cambios ya aprobados tienen que ver con el aumento del tiempo durante el cual los nuevos aut\u00f3nomos se pueden beneficiar de la tarifa plana, la cotizaci\u00f3n desde el d\u00eda de alta hasta el d\u00eda de baja, o poder cambiar de bases hasta cuatro meses al a\u00f1o. Pero, adem\u00e1s, recientes sentencias que favorecen a los aut\u00f3nomos que trabajan en casa hacen que, con toda probabilidad, se clarifique el criterio para aplicar determinadas deducciones. Para que no se nos pase nada, es fundamental disponer de un <a href=\"https:\/\/www.sage.com\/es-es\/software-contabilidad\/\" target=\"_blank\" rel=\"noopener noreferrer\">buen programa de contabilidad<\/a> en el que podamos ir anotando estos gastos. <span id=\"more-33683\"><\/span><\/p>\n<p><!--more--><\/p>\n<p><strong>Gastos como luz, agua o gas, tel\u00e9fono e Internet<\/strong>, as\u00ed como el IVA del coche y los gastos de su mantenimiento ser\u00edan deducibles, simplemente con que Hacienda decida cambiar su criterio acatando la sentencia del Tribunal Econ\u00f3mico Administrativo. Adem\u00e1s, con toda probabilidad, se incorporar\u00e1 un paquete de medidas para las aut\u00f3nomas que ayuden a la conciliaci\u00f3n de la vida profesional. Algunas medidas, como no tener que pagar cuota durante la baja por maternidad o embarazo, ya est\u00e1n en marcha.<\/p>\n<h2>Infograf\u00eda: deducciones del IRPF para aut\u00f3nomos en 2017 y posibles cambios<\/h2>\n<p>Vamos a ver todos los detalles en una infograf\u00eda disponible para su descarga, en la que se resumen tanto las medidas ya adoptadas, como aquellas que tienen el consenso necesario para entrar en la pr\u00f3xima reforma del RETA.<\/p>\n<p>Pero, adem\u00e1s, la reforma del RETA con toda probabilidad incorporar\u00e1 medidas m\u00e1s profundas y demandas hist\u00f3ricas del sector, como no tener que pagar la cuota si no se llega al salario m\u00ednimo interprofesional, definir nuevas formas de cotizaci\u00f3n para aut\u00f3nomos que no trabajan por cuenta propia de forma habitual, facilidad para conciliar jubilaci\u00f3n y seguir trabajando, o equiparar la protecci\u00f3n social de los aut\u00f3nomos con los trabajadores por cuenta ajena.<\/p>\n<p>En todo caso, los aut\u00f3nomos seguir\u00e1n teniendo la obligaci\u00f3n de <strong>justificar todos sus gastos<\/strong>. Llevar la contabilidad si no somos expertos puede ser un problema o convertirse en algo sencillo si disponemos de las <a href=\"https:\/\/www.sage.com\/es-es\/software-contabilidad\/\" target=\"_blank\" rel=\"noopener noreferrer\">herramientas adecuadas<\/a>. Adem\u00e1s, un buen programa nos ayudar\u00e1 a cumplir con los plazos de impuestos y cuotas de aut\u00f3nomos, algo que puede provocar multas e intereses, puntos en los que los profesionales tambi\u00e9n est\u00e1n demandando cambios y m\u00e1s flexibilidad.<\/p>\n<\/div>\n<div class=\"single-cta\">\n\t<div class=\"single-cta__positioner\">\n\t\t<div class=\"single-cta__wrapper has-dark-background-color\">\n\t\t\t<div class=\"single-cta__content\">\n\t\t\t\t\t\t\t\t<h2 class=\"single-cta__title h3\">Subscr\u00edbete a la newsletter de Sage Advice<\/h2>\n\n\t\t\t\t\t\t\t\t\t<div class=\"single-cta__description\">\n\t\t\t\t\t\t<p>Recibe nuestros consejos m\u00e1s recientes directamente en la bandeja de entrada de tu correo electr\u00f3nico.<\/p>\n\t\t\t\t\t<\/div>\n\t\t\t\t\n\t\t\t\t\t\t\t\t\t\t\t\t\t\t<a\n\t\t\t\t\t\thref=\"#gate-263a5c00-99e4-4e71-8421-469deda8e674\"\n\t\t\t\t\t\tclass=\"single-cta__button button button--primary\"\n\t\t\t\t\t\t\t\t\t\t\t\t\t\t\t\t\t>Suscr\u00edbete<\/a>\n\t\t\t\t\t\t\t<\/div>\n\n\t\t\t\t\t<\/div>\n\n\t\t\t\t\t<img decoding=\"async\" width=\"1440\" height=\"810\" src=\"https:\/\/www.sage.com\/es-es\/blog\/wp-content\/uploads\/sites\/8\/2022\/04\/GettyImages-1171960556-1440x810.jpg\" class=\"single-cta__image\" alt=\"Sage\" loading=\"lazy\" srcset=\"https:\/\/www.sage.com\/es-es\/blog\/wp-content\/uploads\/sites\/8\/2022\/04\/GettyImages-1171960556-1440x810.jpg 1440w\" sizes=\"auto, (min-width: 48em) 33vw, 100vw\" \/>\t\t\t<\/div>\n<\/div>\n","protected":false},"excerpt":{"rendered":"<p>Los aut\u00f3nomos est\u00e1n en el punto de mira del nuevo Gobierno. Una de las medidas adoptadas en sus primeros d\u00edas ha ido enfocada a mejorar la situaci\u00f3n de este colectivo. As\u00ed, se han realizado cambios en las cuestiones que un trabajador por cuenta ajena puede o no deducirse como gasto profesional a la hora de [&hellip;]<\/p>\n","protected":false},"author":244,"featured_media":18074,"comment_status":"open","ping_status":"closed","sticky":false,"template":"","format":"standard","meta":{"_sage_video":false,"post_featured_image_hide":false,"footnotes":""},"categories":[6],"tags":[16,59,43],"business_type":[10],"lilypad":[],"context":[],"industry":[],"persona":[],"imagine_tag":[287,265,266,270],"coauthors":[413],"class_list":["post-5764","post","type-post","status-publish","format-standard","has-post-thumbnail","hentry","category-legal","tag-autonomos","tag-infografia","tag-irpf","business_type-pequena-empresa"],"sage_meta":{"region":"es-es","author_name":"Carlos Roberto Cabello","featured_image":"https:\/\/www.sage.com\/es-es\/blog\/wp-content\/uploads\/sites\/8\/2020\/10\/GettyImages-612505724_super1.jpg","imagine_tags":{"287":"Aut\u00f3nomos","265":"Contabilidad","266":"Facturaci\u00f3n","270":"Hacienda"}},"distributor_meta":false,"distributor_terms":false,"distributor_media":false,"distributor_original_site_name":"Sage Advice Espa\u00f1a","distributor_original_site_url":"https:\/\/www.sage.com\/es-es\/blog","push-errors":false,"_links":{"self":[{"href":"https:\/\/www.sage.com\/es-es\/blog\/api\/wp\/v2\/posts\/5764","targetHints":{"allow":["GET"]}}],"collection":[{"href":"https:\/\/www.sage.com\/es-es\/blog\/api\/wp\/v2\/posts"}],"about":[{"href":"https:\/\/www.sage.com\/es-es\/blog\/api\/wp\/v2\/types\/post"}],"author":[{"embeddable":true,"href":"https:\/\/www.sage.com\/es-es\/blog\/api\/wp\/v2\/users\/244"}],"replies":[{"embeddable":true,"href":"https:\/\/www.sage.com\/es-es\/blog\/api\/wp\/v2\/comments?post=5764"}],"version-history":[{"count":0,"href":"https:\/\/www.sage.com\/es-es\/blog\/api\/wp\/v2\/posts\/5764\/revisions"}],"wp:featuredmedia":[{"embeddable":true,"href":"https:\/\/www.sage.com\/es-es\/blog\/api\/wp\/v2\/media\/18074"}],"wp:attachment":[{"href":"https:\/\/www.sage.com\/es-es\/blog\/api\/wp\/v2\/media?parent=5764"}],"wp:term":[{"taxonomy":"category","embeddable":true,"href":"https:\/\/www.sage.com\/es-es\/blog\/api\/wp\/v2\/categories?post=5764"},{"taxonomy":"post_tag","embeddable":true,"href":"https:\/\/www.sage.com\/es-es\/blog\/api\/wp\/v2\/tags?post=5764"},{"taxonomy":"business_type","embeddable":true,"href":"https:\/\/www.sage.com\/es-es\/blog\/api\/wp\/v2\/business_type?post=5764"},{"taxonomy":"lilypad","embeddable":true,"href":"https:\/\/www.sage.com\/es-es\/blog\/api\/wp\/v2\/lilypad?post=5764"},{"taxonomy":"context","embeddable":true,"href":"https:\/\/www.sage.com\/es-es\/blog\/api\/wp\/v2\/context?post=5764"},{"taxonomy":"industry","embeddable":true,"href":"https:\/\/www.sage.com\/es-es\/blog\/api\/wp\/v2\/industry?post=5764"},{"taxonomy":"persona","embeddable":true,"href":"https:\/\/www.sage.com\/es-es\/blog\/api\/wp\/v2\/persona?post=5764"},{"taxonomy":"imagine_tag","embeddable":true,"href":"https:\/\/www.sage.com\/es-es\/blog\/api\/wp\/v2\/imagine_tag?post=5764"},{"taxonomy":"author","embeddable":true,"href":"https:\/\/www.sage.com\/es-es\/blog\/api\/wp\/v2\/coauthors?post=5764"}],"curies":[{"name":"wp","href":"https:\/\/api.w.org\/{rel}","templated":true}]}}