{"id":5915,"date":"2017-04-14T07:00:31","date_gmt":"2017-04-14T07:00:31","guid":{"rendered":"https:\/\/www.sage.com\/es-es\/blog\/cinco-beneficios-que-aporta-el-trabajo-en-movilidad-a-tus-empleados\/"},"modified":"2026-03-13T13:30:56","modified_gmt":"2026-03-13T12:30:56","slug":"cinco-beneficios-que-aporta-el-trabajo-en-movilidad-a-tus-empleados","status":"publish","type":"post","link":"https:\/\/www.sage.com\/es-es\/blog\/cinco-beneficios-que-aporta-el-trabajo-en-movilidad-a-tus-empleados\/","title":{"rendered":"Cinco beneficios que aporta el trabajo en movilidad a tus empleados"},"content":{"rendered":"<header class=\"entry-header has-dark-background-color entry-header--has-illustration entry-header--has-illustration--generic\">\n\t<div class=\"container\">\n\t\t<div class=\"entry-header__row row align-center\">\n\t\t\t<div class=\"col col-lg-7 col-xlg-6 entry-header__content\">\n\t\t\t\t\t\t\t<div class=\"component component-single-header\">\n\t\t\t\t\t\t\t\t\t\t<div class=\"entry-header__misc text--subtitle text--uppercase text--small\">\n\t\t\t\t\t\t\t<a href=\"https:\/\/www.sage.com\/es-es\/blog\/categoria\/tecnologia-innovacion\/\" class=\"entry-header__link\">Tecnolog\u00eda e Innovaci\u00f3n<\/a>\t\t\t\t\t\t<\/div>\n\t\t\t\t\n\t\t\t\t<div class=\"entry-title-wrapper\">\n\t\t\t\t\t<h1 class=\"entry-title\">\n\t\t\t\t\t\tCinco beneficios que aporta el trabajo en movilidad a tus empleados\t\t\t\t\t<\/h1>\n\t\t\t\t<\/div>\n\n\t\t\t\t\t\t\t\t\t<p class=\"entry-header__description\">\n\t\t\t\t\t\t\t\t\t\t\t<\/p>\n\t\t\t\t\n\t\t\t\t\n\t\t\t\t\n\t\t\t<\/div>\n\n\t\t\t\t\t<\/div>\n\t\t\t\t\t<\/div>\n\t<\/div>\n\t<div class=\"single-post-details container\">\n\t\t<div class=\"col\">\n\t\t\t<span class=\"posted-on \"><time class=\"entry-date published\" datetime=\"2017-04-14T07:00:31+02:00\">14 April, 2017<\/time><\/span><span class=\"reading-time\"> minutos de lectura<\/span>\n\t\t<button\n\t\t\ttype=\"button\"\n\t\t\tclass=\"social-share-button button button--icon button--secondary js-social-share-button\"\n\t\t\tdata-share-title=\"Cinco beneficios que aporta el trabajo en movilidad a tus empleados\"\n\t\t\tdata-share-url=\"https:\/\/www.sage.com\/es-es\/blog\/cinco-beneficios-que-aporta-el-trabajo-en-movilidad-a-tus-empleados\/\"\n\t\t\tdata-share-text=\"Please read this interesting article\"\n\t\t>\n\t\t\t<span class=\"social-share-button__share-label\">Compartir<\/span>\n\t\t\t<span class=\"social-share-button__copy-label\" hidden>Copiar enlace<\/span>\n\t\t\t<span class=\"social-share-button__copy-tooltip\" aria-hidden=\"true\" hidden>Copiado<\/span>\n\t\t<\/button>\n\n\t\t\t\t<\/div>\n\t<\/div>\n<\/header>\n\n\n\n<div class=\"wp-block-post-author has-dark-background-color alignfull\">\n\t<div class=\"container\">\n\t\t<div class=\"col\">\n\t\t\t\t\t\t\t<div class=\"co-authors\">\n\t\t\t\t\t\n\t\t<div class=\"entry-author-wrapper\">\n\t\t\t<a class=\"entry-author\" href=\"https:\/\/www.sage.com\/es-es\/blog\/author\/pilar-villanueva\/\">\n\t\t\t\t<img loading=\"lazy\" decoding=\"async\" width=\"40\" height=\"40\" src=\"https:\/\/www.sage.com\/es-es\/blog\/wp-content\/uploads\/sites\/8\/2021\/11\/Pilar-Villanueva-Miniatura-350x350.jpeg\" class=\"entry-author__image\" alt=\"Sage\" \/>\t\t\t\t<span class=\"entry-author__name\">Pilar Villanueva<\/span>\n\t\t\t<\/a>\n\n\t\t\t\t\t<\/div>\n\n\t\t\t\t\t\t<\/div>\n\t\t\t\t\t<\/div>\n\t<\/div>\n<\/div>\n<div class=\"sage-block-classic-wrapper\">\n\n<p>Querer que los empleados est\u00e9n disponibles todos los d\u00edas y a todas horas es una utop\u00eda. De hecho, cada vez m\u00e1s empresas est\u00e1n optando por <strong>fomentar la conciliaci\u00f3n<\/strong> entre la vida laboral y la personal, consider\u00e1ndolo incluso una <strong>ventaja competitiva<\/strong> para los empleados. Dicho esto, una encuesta reciente llevada a cabo por CDW revel\u00f3 que el 89% de los empleados empresariales utiliza sus <strong><a href=\"https:\/\/www.sage.com\/es-es\/blog\/movilidad-y-seguridad\/\">dispositivos m\u00f3viles personales<\/a><\/strong> para trabajar y que el 67% de las empresas afirma que perder\u00edan terreno ante la competencia si no lo hicieran.<\/p>\n<p>\u00bfCu\u00e1les son las <strong>ventajas concretas de utilizar la tecnolog\u00eda m\u00f3vil en el trabajo<\/strong>? Las aplicaciones m\u00f3viles pueden mejorar la productividad de los usuarios, acelerar los procesos de negocio y la toma de decisiones, acelerar las ventas, <strong>mejorar la interacci\u00f3n con el cliente<\/strong> y ayudarnos a crecer. Te explicamos c\u00f3mo:<!--more--> <span id=\"more-34989\"><\/span><\/p>\n<h2>1) S\u00e9 productivo desde cualquier lugar<\/h2>\n<p><strong>IDG Research Services realiz\u00f3 un estudio<\/strong> que puso de manifiesto que las empresas que m\u00e1s uso hacen de la anal\u00edtica de datos aumentan la productividad un 10%. Los <strong><a href=\"https:\/\/www.sage.com\/es-es\/blog\/proteccion-de-datos-en-tu-empresa-cumple-con-todas-las-condiciones-de-la-lopd\/\">datos<\/a><\/strong> utilizables son datos a los que se puede acceder <strong>en cualquier momento y desde cualquier lugar<\/strong>. Y esa anal\u00edtica y uso de la informaci\u00f3n existe gracias a las soluciones m\u00f3viles.<\/p>\n<h2>2) Aprovecha las ventajas de realizar an\u00e1lisis e informes en el momento oportuno<\/h2>\n<p>Cuando los usuarios que trabajan en movilidad pueden <strong>actualizar la <a href=\"https:\/\/www.sage.com\/es-es\/\" target=\"_blank\" rel=\"noopener noreferrer\">soluci\u00f3n de gesti\u00f3n empresarial <\/a>en tiempo real desde el lugar<\/strong> en el que est\u00e9n trabajando, la calidad y la usabilidad de los datos de la empresa aumentan considerablemente. Los datos fluyen m\u00e1s r\u00e1pidamente &#8211; ya sean <a href=\"https:\/\/www.sage.com\/es-es\/blog\/diez-claves-a-la-hora-de-elaborar-presupuesto-anual\/\">presupuestos<\/a>, pedidos, <a href=\"https:\/\/www.sage.com\/es-es\/blog\/lecciones-basicas-de-facturacion-para-pymes-autonomos-ebook\/\">facturas<\/a>, datos de hojas de registro horario o modificaciones de las tareas de un proyecto &#8211; lo cual te ofrece m\u00e1s posibilidades para hacer an\u00e1lisis e informes.<\/p>\n<h2>3) Vende m\u00e1s productos a m\u00e1s personas<\/h2>\n<p>El mismo estudio de IDG detect\u00f3 una <strong>correlaci\u00f3n directa y significativa entre la tecnolog\u00eda m\u00f3vil y un mayor n\u00famero de ventas<\/strong>:<\/p>\n<ul>\n<li>Las empresas con acceso m\u00f3vil a los datos aumentan un 5% las ventas de nuevos productos.<\/li>\n<li>Las empresas que aprovechan la movilidad para acceder a la informaci\u00f3n venden un 3% m\u00e1s a clientes nuevos.<\/li>\n<li>Hay cuatro veces m\u00e1s de probabilidades de que las empresas con buenos resultados procesen pedidos de forma remota.<\/li>\n<\/ul>\n<h2>4) Mejora la comunicaci\u00f3n y la colaboraci\u00f3n<\/h2>\n<p>Los dispositivos m\u00f3viles nos mantienen conectados, nos permiten ser productivos y eficientes, y nos hacen m\u00e1s valiosos a ojos de nuestros clientes y compa\u00f1eros de trabajo. Podemos enviar r\u00e1pidamente un correo electr\u00f3nico de confirmaci\u00f3n para que el flujo de trabajo no se detenga, crear y presentar presupuestos y pedidos, acceder a los precios de los productos y a informaci\u00f3n de su disponibilidad, consultar y compartir datos de an\u00e1lisis e informes, etc. En definitiva, <strong>la movilidad mejora la comunicaci\u00f3n y la colaboraci\u00f3n, y posibilita una mejor interacci\u00f3n con el cliente<\/strong>.<\/p>\n<h2>5) Evoluciona m\u00e1s r\u00e1pidamente<\/h2>\n<p>Tiene sentido. Las <strong>empresas con una soluci\u00f3n optimizada para m\u00f3viles tienen una mayor capacidad de respuesta<\/strong> a los clientes, mueven la informaci\u00f3n m\u00e1s r\u00e1pidamente y reducen los costes operativos, porque pueden hacer m\u00e1s en menos tiempo. Todos estos factores contribuyen al crecimiento empresarial. De hecho, las empresas que presentan resultados m\u00e1s reales &#8211; datos que provienen de una soluci\u00f3n integrada y optimizada para m\u00f3viles &#8211; crecen un 35% m\u00e1s r\u00e1pidamente que su competencia.<\/p>\n<\/div>\n<div class=\"single-cta\">\n\t<div class=\"single-cta__positioner\">\n\t\t<div class=\"single-cta__wrapper has-dark-background-color\">\n\t\t\t<div class=\"single-cta__content\">\n\t\t\t\t\t\t\t\t<h2 class=\"single-cta__title h3\">Subscr\u00edbete a la newsletter de Sage Advice<\/h2>\n\n\t\t\t\t\t\t\t\t\t<div class=\"single-cta__description\">\n\t\t\t\t\t\t<p>Recibe nuestros consejos m\u00e1s recientes directamente en la bandeja de entrada de tu correo electr\u00f3nico.<\/p>\n\t\t\t\t\t<\/div>\n\t\t\t\t\n\t\t\t\t\t\t\t\t\t\t\t\t\t\t<a\n\t\t\t\t\t\thref=\"#gate-263a5c00-99e4-4e71-8421-469deda8e674\"\n\t\t\t\t\t\tclass=\"single-cta__button button button--primary\"\n\t\t\t\t\t\t\t\t\t\t\t\t\t\t\t\t\t>Suscr\u00edbete<\/a>\n\t\t\t\t\t\t\t<\/div>\n\n\t\t\t\t\t<\/div>\n\n\t\t\t\t\t<img decoding=\"async\" width=\"1440\" height=\"810\" src=\"https:\/\/www.sage.com\/es-es\/blog\/wp-content\/uploads\/sites\/8\/2022\/04\/GettyImages-1171960556-1440x810.jpg\" class=\"single-cta__image\" alt=\"Sage\" loading=\"lazy\" srcset=\"https:\/\/www.sage.com\/es-es\/blog\/wp-content\/uploads\/sites\/8\/2022\/04\/GettyImages-1171960556-1440x810.jpg 1440w\" sizes=\"auto, (min-width: 48em) 33vw, 100vw\" \/>\t\t\t<\/div>\n<\/div>\n","protected":false},"excerpt":{"rendered":"<p>Querer que los empleados est\u00e9n disponibles todos los d\u00edas y a todas horas es una utop\u00eda. De hecho, cada vez m\u00e1s empresas est\u00e1n optando por fomentar la conciliaci\u00f3n entre la vida laboral y la personal, consider\u00e1ndolo incluso una ventaja competitiva para los empleados. Dicho esto, una encuesta reciente llevada a cabo por CDW revel\u00f3 que [&hellip;]<\/p>\n","protected":false},"author":316,"featured_media":9211,"comment_status":"open","ping_status":"closed","sticky":false,"template":"","format":"standard","meta":{"_sage_video":false,"post_featured_image_hide":false,"footnotes":""},"categories":[5],"tags":[139,37,237],"business_type":[10,11],"lilypad":[],"context":[],"industry":[],"persona":[],"imagine_tag":[258,257,282],"coauthors":[397],"class_list":["post-5915","post","type-post","status-publish","format-standard","has-post-thumbnail","hentry","category-tecnologia-innovacion","tag-gestion-de-personas","tag-gestion-empresarial","tag-transformacion-digital","business_type-pequena-empresa","business_type-mediana-empresa"],"sage_meta":{"region":"es-es","author_name":"Pilar Villanueva","featured_image":"https:\/\/www.sage.com\/es-es\/blog\/wp-content\/uploads\/sites\/8\/2018\/01\/11-enero_1675x1225.jpg","imagine_tags":{"258":"Gesti\u00f3n de equipos","257":"Movilidad","282":"RRHH y n\u00f3minas"}},"distributor_meta":false,"distributor_terms":false,"distributor_media":false,"distributor_original_site_name":"Sage Advice Espa\u00f1a","distributor_original_site_url":"https:\/\/www.sage.com\/es-es\/blog","push-errors":false,"_links":{"self":[{"href":"https:\/\/www.sage.com\/es-es\/blog\/api\/wp\/v2\/posts\/5915","targetHints":{"allow":["GET"]}}],"collection":[{"href":"https:\/\/www.sage.com\/es-es\/blog\/api\/wp\/v2\/posts"}],"about":[{"href":"https:\/\/www.sage.com\/es-es\/blog\/api\/wp\/v2\/types\/post"}],"author":[{"embeddable":true,"href":"https:\/\/www.sage.com\/es-es\/blog\/api\/wp\/v2\/users\/316"}],"replies":[{"embeddable":true,"href":"https:\/\/www.sage.com\/es-es\/blog\/api\/wp\/v2\/comments?post=5915"}],"version-history":[{"count":0,"href":"https:\/\/www.sage.com\/es-es\/blog\/api\/wp\/v2\/posts\/5915\/revisions"}],"wp:featuredmedia":[{"embeddable":true,"href":"https:\/\/www.sage.com\/es-es\/blog\/api\/wp\/v2\/media\/9211"}],"wp:attachment":[{"href":"https:\/\/www.sage.com\/es-es\/blog\/api\/wp\/v2\/media?parent=5915"}],"wp:term":[{"taxonomy":"category","embeddable":true,"href":"https:\/\/www.sage.com\/es-es\/blog\/api\/wp\/v2\/categories?post=5915"},{"taxonomy":"post_tag","embeddable":true,"href":"https:\/\/www.sage.com\/es-es\/blog\/api\/wp\/v2\/tags?post=5915"},{"taxonomy":"business_type","embeddable":true,"href":"https:\/\/www.sage.com\/es-es\/blog\/api\/wp\/v2\/business_type?post=5915"},{"taxonomy":"lilypad","embeddable":true,"href":"https:\/\/www.sage.com\/es-es\/blog\/api\/wp\/v2\/lilypad?post=5915"},{"taxonomy":"context","embeddable":true,"href":"https:\/\/www.sage.com\/es-es\/blog\/api\/wp\/v2\/context?post=5915"},{"taxonomy":"industry","embeddable":true,"href":"https:\/\/www.sage.com\/es-es\/blog\/api\/wp\/v2\/industry?post=5915"},{"taxonomy":"persona","embeddable":true,"href":"https:\/\/www.sage.com\/es-es\/blog\/api\/wp\/v2\/persona?post=5915"},{"taxonomy":"imagine_tag","embeddable":true,"href":"https:\/\/www.sage.com\/es-es\/blog\/api\/wp\/v2\/imagine_tag?post=5915"},{"taxonomy":"author","embeddable":true,"href":"https:\/\/www.sage.com\/es-es\/blog\/api\/wp\/v2\/coauthors?post=5915"}],"curies":[{"name":"wp","href":"https:\/\/api.w.org\/{rel}","templated":true}]}}