{"id":5958,"date":"2016-04-05T07:46:51","date_gmt":"2016-04-05T07:46:51","guid":{"rendered":"https:\/\/www.sage.com\/es-es\/blog\/como-gestionar-el-talento-en-el-siglo-xxi-llega-el-relevo-generacional-ebook\/"},"modified":"2026-02-04T19:38:35","modified_gmt":"2026-02-04T18:38:35","slug":"como-gestionar-el-talento-en-el-siglo-xxi-llega-el-relevo-generacional-ebook","status":"publish","type":"post","link":"https:\/\/www.sage.com\/es-es\/blog\/como-gestionar-el-talento-en-el-siglo-xxi-llega-el-relevo-generacional-ebook\/","title":{"rendered":"\u00bfC\u00f3mo gestionar el talento en el siglo XXI? Llega el relevo generacional (eBook)"},"content":{"rendered":"<header class=\"entry-header has-dark-background-color entry-header--has-illustration entry-header--has-illustration--generic\">\n\t<div class=\"container\">\n\t\t<div class=\"entry-header__row row align-center\">\n\t\t\t<div class=\"col col-lg-7 col-xlg-6 entry-header__content\">\n\t\t\t\t\t\t\t<div class=\"component component-single-header\">\n\t\t\t\t\t\t\t\t\t\t<div class=\"entry-header__misc text--subtitle text--uppercase text--small\">\n\t\t\t\t\t\t\t<a href=\"https:\/\/www.sage.com\/es-es\/blog\/categoria\/personas-liderazgo\/\" class=\"entry-header__link\">Personas y Liderazgo<\/a>\t\t\t\t\t\t<\/div>\n\t\t\t\t\n\t\t\t\t<div class=\"entry-title-wrapper\">\n\t\t\t\t\t<h1 class=\"entry-title\">\n\t\t\t\t\t\t\u00bfC\u00f3mo gestionar el talento en el siglo XXI? Llega el relevo generacional (eBook)\t\t\t\t\t<\/h1>\n\t\t\t\t<\/div>\n\n\t\t\t\t\t\t\t\t\t<p class=\"entry-header__description\">\n\t\t\t\t\t\t\t\t\t\t\t<\/p>\n\t\t\t\t\n\t\t\t\t\n\t\t\t\t\n\t\t\t<\/div>\n\n\t\t\t\t\t<\/div>\n\t\t\t\t\t<\/div>\n\t<\/div>\n\t<div class=\"single-post-details container\">\n\t\t<div class=\"col\">\n\t\t\t<span class=\"posted-on \"><time class=\"entry-date published\" datetime=\"2016-04-05T07:46:51+02:00\">5 April, 2016<\/time><\/span><span class=\"reading-time\"> minutos de lectura<\/span>\n\t\t<button\n\t\t\ttype=\"button\"\n\t\t\tclass=\"social-share-button button button--icon button--secondary js-social-share-button\"\n\t\t\tdata-share-title=\"\u00bfC\u00f3mo gestionar el talento en el siglo XXI? Llega el relevo generacional (eBook)\"\n\t\t\tdata-share-url=\"https:\/\/www.sage.com\/es-es\/blog\/como-gestionar-el-talento-en-el-siglo-xxi-llega-el-relevo-generacional-ebook\/\"\n\t\t\tdata-share-text=\"Please read this interesting article\"\n\t\t>\n\t\t\t<span class=\"social-share-button__share-label\">Compartir<\/span>\n\t\t\t<span class=\"social-share-button__copy-label\" hidden>Copiar enlace<\/span>\n\t\t\t<span class=\"social-share-button__copy-tooltip\" aria-hidden=\"true\" hidden>Copiado<\/span>\n\t\t<\/button>\n\n\t\t\t\t<\/div>\n\t<\/div>\n<\/header>\n\n\n\n<div class=\"wp-block-post-author has-dark-background-color alignfull\">\n\t<div class=\"container\">\n\t\t<div class=\"col\">\n\t\t\t\t\t\t\t<div class=\"co-authors\">\n\t\t\t\t\t\n\t\t<div class=\"entry-author-wrapper\">\n\t\t\t<a class=\"entry-author\" href=\"https:\/\/www.sage.com\/es-es\/blog\/author\/eva-cortes\/\">\n\t\t\t\t<img loading=\"lazy\" decoding=\"async\" width=\"40\" height=\"40\" src=\"https:\/\/www.sage.com\/es-es\/blog\/wp-content\/uploads\/sites\/8\/2017\/10\/EvaCorte\u0301s-350x350.jpg\" class=\"entry-author__image\" alt=\"Eva Cort\u00e9s\" \/>\t\t\t\t<span class=\"entry-author__name\">Eva Cort\u00e9s<\/span>\n\t\t\t<\/a>\n\n\t\t\t\t\t<\/div>\n\n\t\t\t\t\t\t<\/div>\n\t\t\t\t\t<\/div>\n\t<\/div>\n<\/div>\n<div class=\"sage-block-classic-wrapper\">\n\n<p>En todas las empresas de cierto tama\u00f1o, lo habitual es encontrar empleados y colaboradores de todas las edades. Y aunque siempre han convivido <strong>diferentes generaciones en una misma empresa<\/strong>, nunca hab\u00edan sido tan heterog\u00e9neas como hasta ahora en su forma de pensar, en lo que respecta a sus inquietudes, etc\u00e9tera, ni tan parecidas en los puestos que buscan desempe\u00f1ar. Combinar conocimientos, experiencias y generaciones debe suponer un esfuerzo que, lejos de llegar a ser un problema, debe convertirse en una oportunidad para aquellas empresas capaces de gestionar la diferencia de este <a href=\"https:\/\/www.sage.com\/es-es\/blog\/como-gestionar-el-talento-en-el-siglo-xxi-llega-el-relevo-generacional-ebook\/\">talento <\/a>y adaptarse al mercado de hoy en d\u00eda.<\/p>\n<blockquote><p><strong>Descarga el ebook gratuito <em>&#8220;\u00bfC\u00f3mo gestionar el talento en el siglo XXI?&#8221;<\/em><\/strong> <\/p><\/blockquote>\n<p>Todas aquellas organizaciones que quieran considerarse 2.0. no pueden hacer o\u00eddos sordos en lo referente a los valores y comportamientos de sus profesionales de diferentes generaciones si quieren gestionar bien su fuerza de trabajo. Mucho se habla hoy en d\u00eda de las diferencias entre los llamados <strong>Baby Boomers, la generaci\u00f3n X y la generaci\u00f3n Y<\/strong>. Pero, \u00bfos hab\u00e9is parado a preguntaros qu\u00e9 comparten estos grupos cuando est\u00e1n unidos? En Sage, hemos elaborado un eBook en el que te presentamos las claves para comprender a dichas generaciones y sacarles el mayor partido posible.<span id=\"more-30757\"><\/span><\/p>\n<p><!--more--><\/p>\n<h2>Gesti\u00f3n generacional del talento: cuando en la variedad se encuentra la oportunidad<\/h2>\n<p>Para qu\u00e9 negarlo. Cada vez que en un proyecto hay que definir el p\u00fablico objetivo, resulta chocante los nombres que se les han asignado a las <strong>diferentes generaciones<\/strong>, especialmente la primera vez: Baby Boom, generaci\u00f3n X o generaci\u00f3n Y.<\/p>\n<p>Los <strong>Baby Boomers<\/strong> son profesionales dedicados, con resistencia al cambio y adictos al trabajo. Ocupan altos puestos en las empresas de hoy en d\u00edas y tienen entre 50 y 65 a\u00f1os. La <strong>generaci\u00f3n X<\/strong> se caracteriza m\u00e1s por su car\u00e1cter reflexivo, m\u00e1s propensos a aceptar las propuestas y con la capacidad de trabajar tanto con medios digitales como las tradicionales. Su edad media son los 45 a\u00f1os.<\/p>\n<p>Por \u00faltimo, a la generaci\u00f3n Y pertenecen los m\u00e1s j\u00f3venes, que rozan la barrera de los 30 a\u00f1os, y que tambi\u00e9n son conocidos como <a href=\"https:\/\/www.sage.com\/es-es\/blog\/asesorar-a-emprendedores-millennials\/\">millennials.<\/a> Se han criado en pleno auge tecnol\u00f3gico. Cuentan con m\u00e1s t\u00edtulos que sus antecesores y llegan con una ambici\u00f3n muy grande al mundo laboral. Est\u00e1n pisando muy fuerte: en Estados Unidos ya son la mayor fuerza laboral y pronto representar\u00e1n la mayor parte de la fuerza laboral mundial.<\/p>\n<p><mark class=\"highlight-and-share\">Descarga el eBook \u00bfC\u00f3mo gestionar el talento en el siglo XXI? Llega el relevo generacional<\/mark><\/p>\n<p>Esta nueva generaci\u00f3n quiere m\u00e1s <strong>oportunidades de desarrollo de liderazgo<\/strong> que otros compa\u00f1eros. Tengamos en cuenta que viven en el mundo de &#8220;san ya&#8221;. La espera les desmotiva y la paciencia no es una de sus principales caracter\u00edsticas. Adem\u00e1s, son personas cambiantes, ya que no buscan encontrar el empleo de su vida a la primera, ya que est\u00e1n deseosos de conocer cosas nuevas.<\/p>\n<p>Sea como fuere, aprovechar esa diversidad generacional tan temida como beneficiosa es el reto de las empresas del siglo XXI. Es algo nuevo, ya que, por primera vez en la historia,<strong> tres generaciones coinciden en el mismo tiempo y espacio de estudio y trabajo<\/strong>. Las diferentes generaciones que hoy comparten parten de diferentes concepciones del mundo, en general, y del estudio y el trabajo, en particular. Para que haya una convivencia adecuada y eficiente entre estas generaciones, <strong>es muy importante saber m\u00e1s acerca de las motivaciones y valores que predominan en ellas<\/strong>.<\/p>\n<p>Pero no nos asustemos y hablemos de una &#8220;brecha generacional&#8221;. No es recomendable ser muy af\u00edn a esta idea y, por ello, es mejor trabajar desde la visi\u00f3n de facilitar una serie de ideas que sirvan para trabajar las diferencias generacionales existentes dentro de una empresa para no alimentar a los conflictos derivados de ellas:<\/p>\n<ul>\n<li><strong>Programas de mentoring<\/strong>: que los empleados de mayor generaci\u00f3n trabajen como mentores de los m\u00e1s j\u00f3venes.<\/li>\n<li>Trabajo en <strong>equipos transgeneracionales<\/strong>.<\/li>\n<li><a href=\"https:\/\/www.sage.com\/es-es\/blog\/tres-fases-basicas-para-crear-un-buen-plan-de-carrera\/\">Planes de carreras<\/a> adaptados al momento del empleado.<\/li>\n<li><strong>Actividades sociales<\/strong> que faciliten el encuentro entre personas de diferentes generaciones.<\/li>\n<li><strong>Programas de acompa\u00f1amiento y formaci\u00f3n en herramientas digitales<\/strong> en donde las nuevas generaciones refuercen el aprendizaje de los m\u00e1s antecesores.<\/li>\n<\/ul>\n<p>\u00bfQuieres saber m\u00e1s sobre el relevo generacional que est\u00e1 ocurriendo en las empresas de hoy en d\u00eda? Descarga el eBook gratuito que Sage ha preparado. Gracias a &#8220;\u00bfC\u00f3mo gestionar el talento en el s.XXI? Llega el relevo generacional&#8221;, aprender\u00e1s a sacar partido a este capital humano tan variado, conocer\u00e1s qu\u00e9 tipo de<a href=\"https:\/\/www.sage.com\/es-es\/blog\/big-data-busqueda-y-mejora-talento-en-recursos-humanos\/\"> recompensas puedes ofrecer para retenerles<\/a>, as\u00ed como las claves para construir una<strong> nueva din\u00e1mica de trabajo<\/strong> en la que cada generaci\u00f3n pueda contribuir con sus fortalezas y desarrollar su potencial. \u00a1Qu\u00e9 no te asuste este reto!<\/p>\n\n<div class=\"single-cta gated-content\">\n\t<div class=\"single-cta__positioner\">\n\t\t<div class=\"single-cta__wrapper has-dark-background-color\">\n\t\t\t<div class=\"single-cta__content\">\n\t\t\t\t\t\t\t\t<h2 class=\"single-cta__title h3\">\u00bfC\u00f3mo gestionar el talento en el s.XXI? <\/h2>\n\n\t\t\t\t\t\t\t\t\t<div class=\"single-cta__description\">\n\t\t\t\t\t\t<p>Los encuentros entre generaciones tambi\u00e9n se dan en las empresas. Descubre qu\u00e9 aporta cada una y c\u00f3mo gestionarlas de modo eficaz.<\/p>\n\t\t\t\t\t<\/div>\n\t\t\t\t\n\t\t\t\t\t\t\t\t\t\t\t\t\t\t<a\n\t\t\t\t\t\thref=\"#gate-525ffb1b-6c91-4165-8aaf-2c8abe6bef72\"\n\t\t\t\t\t\tclass=\"single-cta__button button button--primary\"\n\t\t\t\t\t\t\t\t\t\t\t\t\t\t\t\t\t>Descarga gratuita<\/a>\n\t\t\t\t\t\t\t<\/div>\n\n\t\t\t\t\t<\/div>\n\n\t\t\t\t\t<img decoding=\"async\" width=\"1215\" height=\"810\" src=\"https:\/\/www.sage.com\/es-es\/blog\/wp-content\/uploads\/sites\/8\/2018\/03\/1700x1100-Como-gestionar-talento-1215x810.jpg\" class=\"single-cta__image\" alt=\"ebook gestionar talento\" loading=\"lazy\" srcset=\"https:\/\/www.sage.com\/es-es\/blog\/wp-content\/uploads\/sites\/8\/2018\/03\/1700x1100-Como-gestionar-talento-1215x810.jpg 1215w\" sizes=\"auto, (min-width: 48em) 33vw, 100vw\" \/>\t\t\t<\/div>\n<\/div>\n<\/div>","protected":false},"excerpt":{"rendered":"<p>En todas las empresas de cierto tama\u00f1o, lo habitual es encontrar empleados y colaboradores de todas las edades. Y aunque siempre han convivido diferentes generaciones en una misma empresa, nunca hab\u00edan sido tan heterog\u00e9neas como hasta ahora en su forma de pensar, en lo que respecta a sus inquietudes, etc\u00e9tera, ni tan parecidas en los [&hellip;]<\/p>\n","protected":false},"author":239,"featured_media":8623,"comment_status":"open","ping_status":"closed","sticky":false,"template":"","format":"standard","meta":{"_sage_video":false,"post_featured_image_hide":false,"footnotes":""},"categories":[4],"tags":[60,139,236],"business_type":[11,8],"lilypad":[],"context":[],"industry":[],"persona":[],"imagine_tag":[282],"coauthors":[500],"class_list":["post-5958","post","type-post","status-publish","format-standard","has-post-thumbnail","hentry","category-personas-liderazgo","tag-ebook","tag-gestion-de-personas","tag-recursos-humanos","business_type-mediana-empresa","business_type-asesorias-despachos-profesionales"],"sage_meta":{"region":"es-es","author_name":"Eva Cort\u00e9s","featured_image":"https:\/\/www.sage.com\/es-es\/blog\/wp-content\/uploads\/sites\/8\/2017\/12\/ThinkstockPhotos-5323438421.jpg","imagine_tags":{"282":"RRHH y n\u00f3minas"}},"distributor_meta":false,"distributor_terms":false,"distributor_media":false,"distributor_original_site_name":"Sage Advice Espa\u00f1a","distributor_original_site_url":"https:\/\/www.sage.com\/es-es\/blog","push-errors":false,"_links":{"self":[{"href":"https:\/\/www.sage.com\/es-es\/blog\/api\/wp\/v2\/posts\/5958","targetHints":{"allow":["GET"]}}],"collection":[{"href":"https:\/\/www.sage.com\/es-es\/blog\/api\/wp\/v2\/posts"}],"about":[{"href":"https:\/\/www.sage.com\/es-es\/blog\/api\/wp\/v2\/types\/post"}],"author":[{"embeddable":true,"href":"https:\/\/www.sage.com\/es-es\/blog\/api\/wp\/v2\/users\/239"}],"replies":[{"embeddable":true,"href":"https:\/\/www.sage.com\/es-es\/blog\/api\/wp\/v2\/comments?post=5958"}],"version-history":[{"count":0,"href":"https:\/\/www.sage.com\/es-es\/blog\/api\/wp\/v2\/posts\/5958\/revisions"}],"wp:featuredmedia":[{"embeddable":true,"href":"https:\/\/www.sage.com\/es-es\/blog\/api\/wp\/v2\/media\/8623"}],"wp:attachment":[{"href":"https:\/\/www.sage.com\/es-es\/blog\/api\/wp\/v2\/media?parent=5958"}],"wp:term":[{"taxonomy":"category","embeddable":true,"href":"https:\/\/www.sage.com\/es-es\/blog\/api\/wp\/v2\/categories?post=5958"},{"taxonomy":"post_tag","embeddable":true,"href":"https:\/\/www.sage.com\/es-es\/blog\/api\/wp\/v2\/tags?post=5958"},{"taxonomy":"business_type","embeddable":true,"href":"https:\/\/www.sage.com\/es-es\/blog\/api\/wp\/v2\/business_type?post=5958"},{"taxonomy":"lilypad","embeddable":true,"href":"https:\/\/www.sage.com\/es-es\/blog\/api\/wp\/v2\/lilypad?post=5958"},{"taxonomy":"context","embeddable":true,"href":"https:\/\/www.sage.com\/es-es\/blog\/api\/wp\/v2\/context?post=5958"},{"taxonomy":"industry","embeddable":true,"href":"https:\/\/www.sage.com\/es-es\/blog\/api\/wp\/v2\/industry?post=5958"},{"taxonomy":"persona","embeddable":true,"href":"https:\/\/www.sage.com\/es-es\/blog\/api\/wp\/v2\/persona?post=5958"},{"taxonomy":"imagine_tag","embeddable":true,"href":"https:\/\/www.sage.com\/es-es\/blog\/api\/wp\/v2\/imagine_tag?post=5958"},{"taxonomy":"author","embeddable":true,"href":"https:\/\/www.sage.com\/es-es\/blog\/api\/wp\/v2\/coauthors?post=5958"}],"curies":[{"name":"wp","href":"https:\/\/api.w.org\/{rel}","templated":true}]}}