{"id":6498,"date":"2017-08-18T08:57:04","date_gmt":"2017-08-18T08:57:04","guid":{"rendered":"https:\/\/www.sage.com\/es-es\/blog\/asi-ayuda-la-nube-a-que-los-autonomos-disfruten-de-mas-tiempo-de-vacaciones\/"},"modified":"2026-02-04T19:07:13","modified_gmt":"2026-02-04T18:07:13","slug":"asi-ayuda-la-nube-a-que-los-autonomos-disfruten-de-mas-tiempo-de-vacaciones","status":"publish","type":"post","link":"https:\/\/www.sage.com\/es-es\/blog\/asi-ayuda-la-nube-a-que-los-autonomos-disfruten-de-mas-tiempo-de-vacaciones\/","title":{"rendered":"As\u00ed ayuda la nube a que los aut\u00f3nomos disfruten de m\u00e1s tiempo de vacaciones"},"content":{"rendered":"<header class=\"entry-header has-dark-background-color entry-header--has-illustration entry-header--has-illustration--generic\">\n\t<div class=\"container\">\n\t\t<div class=\"entry-header__row row align-center\">\n\t\t\t<div class=\"col col-lg-7 col-xlg-6 entry-header__content\">\n\t\t\t\t\t\t\t<div class=\"component component-single-header\">\n\t\t\t\t\t\t\t\t\t\t<div class=\"entry-header__misc text--subtitle text--uppercase text--small\">\n\t\t\t\t\t\t\t<a href=\"https:\/\/www.sage.com\/es-es\/blog\/categoria\/tecnologia-innovacion\/\" class=\"entry-header__link\">Tecnolog\u00eda e Innovaci\u00f3n<\/a>\t\t\t\t\t\t<\/div>\n\t\t\t\t\n\t\t\t\t<div class=\"entry-title-wrapper\">\n\t\t\t\t\t<h1 class=\"entry-title\">\n\t\t\t\t\t\tAs\u00ed ayuda la nube a que los aut\u00f3nomos disfruten de m\u00e1s tiempo de vacaciones\t\t\t\t\t<\/h1>\n\t\t\t\t<\/div>\n\n\t\t\t\t\t\t\t\t\t<p class=\"entry-header__description\">\n\t\t\t\t\t\t\t\t\t\t\t<\/p>\n\t\t\t\t\n\t\t\t\t\n\t\t\t\t\n\t\t\t<\/div>\n\n\t\t\t\t\t<\/div>\n\t\t\t\t\t<\/div>\n\t<\/div>\n\t<div class=\"single-post-details container\">\n\t\t<div class=\"col\">\n\t\t\t<span class=\"posted-on \"><time class=\"entry-date published\" datetime=\"2017-08-18T08:57:04+02:00\">18 August, 2017<\/time><\/span><span class=\"reading-time\"> minutos de lectura<\/span>\n\t\t<button\n\t\t\ttype=\"button\"\n\t\t\tclass=\"social-share-button button button--icon button--secondary js-social-share-button\"\n\t\t\tdata-share-title=\"As\u00ed ayuda la nube a que los aut\u00f3nomos disfruten de m\u00e1s tiempo de vacaciones\"\n\t\t\tdata-share-url=\"https:\/\/www.sage.com\/es-es\/blog\/asi-ayuda-la-nube-a-que-los-autonomos-disfruten-de-mas-tiempo-de-vacaciones\/\"\n\t\t\tdata-share-text=\"Please read this interesting article\"\n\t\t>\n\t\t\t<span class=\"social-share-button__share-label\">Compartir<\/span>\n\t\t\t<span class=\"social-share-button__copy-label\" hidden>Copiar enlace<\/span>\n\t\t\t<span class=\"social-share-button__copy-tooltip\" aria-hidden=\"true\" hidden>Copiado<\/span>\n\t\t<\/button>\n\n\t\t\t\t<\/div>\n\t<\/div>\n<\/header>\n\n\n\n<div class=\"wp-block-post-author has-dark-background-color alignfull\">\n\t<div class=\"container\">\n\t\t<div class=\"col\">\n\t\t\t\t\t\t\t<div class=\"co-authors\">\n\t\t\t\t\t\n\t\t<div class=\"entry-author-wrapper\">\n\t\t\t<a class=\"entry-author\" href=\"https:\/\/www.sage.com\/es-es\/blog\/author\/carlos-roberto-cabelllo\/\">\n\t\t\t\t<img loading=\"lazy\" decoding=\"async\" width=\"40\" height=\"40\" src=\"https:\/\/www.sage.com\/es-es\/blog\/wp-content\/uploads\/sites\/8\/2017\/10\/Carlos-Roberto-Cabello.jpg\" class=\"entry-author__image\" alt=\"Carlos Roberto Cabello\" \/>\t\t\t\t<span class=\"entry-author__name\">Carlos Roberto Cabello<\/span>\n\t\t\t<\/a>\n\n\t\t\t\t\t<\/div>\n\n\t\t\t\t\t\t<\/div>\n\t\t\t\t\t<\/div>\n\t<\/div>\n<\/div>\n<div class=\"sage-block-classic-wrapper\">\n\n<p>Las <a href=\"https:\/\/www.sage.com\/es-es\/blog\/puede-un-autonomo-cogerse-vacaciones-cuatro-autonomos-nos-cuentan-sus-planes\/\">vacaciones de los aut\u00f3nomos<\/a> muchas veces no son m\u00e1s que un fin de semana largo en medio del verano. En algunos casos se debe a que no generan suficientes ingresos a lo largo del a\u00f1o como para estar parados sin facturar durante quince d\u00edas. En otras ocasiones, aunque econ\u00f3micamente son viables, lo cierto es que no se puede dejar abandonados a los clientes. Es en este segundo caso cuando <strong><a href=\"https:\/\/www.sage.com\/es-es\/blog\/aplicaciones-nube-verano\/\">trabajar en la nube<\/a> nos ayuda a poder disfrutar de m\u00e1s tiempo de vacaciones<\/strong>.<\/p>\n<p>Es este miedo a perder clientes importantes el que tradicionalmente <strong>nos ha atado a la oficina durante el verano<\/strong>, aunque con horario reducido y una bajada de la actividad, pero sin poder marcharnos. Esto al final supone una gran frustraci\u00f3n. Se saca el poco trabajo que se tiene adelante, se procura organizar y adelantar, pero se aprovecha poco.<\/p>\n<p><!--more--><\/p>\n<h2>Las vacaciones de los aut\u00f3nomos no son una utop\u00eda<\/h2>\n<p>Las <strong>vacaciones de los aut\u00f3nomos no son una utop\u00eda<\/strong>. Muchas empresas podr\u00edan sacar este trabajo que tienen durante todo el a\u00f1o sin problemas con un par de horas de trabajo m\u00e1ximo en caso de necesidad. En muchos casos lo que se hace es anticipar el trabajo, para tener dos semanas de descanso en verano.<\/p>\n<p>Si el trabajo est\u00e1 hecho, lo \u00fanico que nos retiene, en la mayor\u00eda de las ocasiones, es <strong>mantener el contacto con los clientes<\/strong> y el <a href=\"https:\/\/www.sage.com\/es-es\/blog\/disfruta-de-tus-vacaciones-sin-perder-clientes-infografia\/\">miedo a perderlos<\/a> si nos vamos de vacaciones. Pero, actualmente, esto no deber\u00eda representar mayor problema, ya que la relaci\u00f3n empresa-cliente se mantiene activa a trav\u00e9s del tel\u00e9fono m\u00f3vil, mensajer\u00eda instant\u00e1nea o correo electr\u00f3nico. Y lo podemos gestionar desde cualquier lugar. El \u00fanico inconveniente ser\u00eda la gesti\u00f3n de las urgencias.<\/p>\n<h2>C\u00f3mo puede ayudar la nube a un aut\u00f3nomo<\/h2>\n<p>Y esto es relativo, ya que, muchas veces, las urgencias de los clientes no son tales. Son <strong>peticiones que podr\u00edan esperar en su mayor parte a la vuelta de vacaciones<\/strong>. A veces es f\u00e1cil reconducir la situaci\u00f3n, clamar a nuestro interlocutor con una simple llamada telef\u00f3nica. En otras, no tanto, y requieren una intervenci\u00f3n inmediata antes de que el problema se haga m\u00e1s grande.<\/p>\n<p>Es en estos casos donde disponer de <strong>nuestras herramientas de trabajo en la nube es fundamental<\/strong>. Esto nos permite, simplemente con un port\u00e1til o una tablet y conexi\u00f3n a Internet, poder realizar el trabajo que nos han solicitado desde cualquier lugar. Basta con utilizar nuestra propia conexi\u00f3n de datos del tel\u00e9fono m\u00f3vil para acceder a Internet y tomar medidas de forma inmediata ante una urgencia.<\/p>\n<p>Otras veces no es una urgencia, sino m\u00e1s bien que revisemos algo que se hizo hace tiempo. No es necesariamentealgo que pare el mundo, pero no quieren esperar un par de semanas a nuestra vuelta de vacaciones. Poder acceder a todos los datos de nuestros clientes desde cualquier lugar simplemente conect\u00e1ndonos a nuestras herramientas online, facilita mucho este trabajo. <a href=\"https:\/\/www.sage.com\/es-es\/blog\/estrategias-de-fidelizacion-de-clientes-a-traves-de-internet\/\">El cliente queda satisfecho <\/a>y nosotros seguimos con nuestro descanso.<\/p>\n<h2>El descanso activo y el peligro de no desconectar<\/h2>\n<p>Tener la tranquilidad de poder solventar cualquier inconveniente nos permite <strong>alargar esos d\u00edas de vacaciones<\/strong> y disfrutar con la familia o los amigos del tiempo libre sin tener que quedarnos en la oficina. En muchos casos es un descanso activo. Se tiene que trabajar un par de horas al d\u00eda y no se puede parar. Pero <strong>nosotros elegimos el momento<\/strong>. Basta con madrugar un poco, mientras los dem\u00e1s descansan para dejar todo listo y disfrutar del resto del d\u00eda.<\/p>\n<p>Quiz\u00e1s el mayor inconveniente sea <strong>tener que estar pegado al tel\u00e9fono<\/strong>. Lo ideal ser\u00eda poder desconectar para pasar <a href=\"https:\/\/www.sage.com\/es-es\/blog\/derechos-de-los-trabajadores\/\">de un descanso activo a una desconexi\u00f3n total<\/a> que nos ayude a cargar las pilas. Pero esto no es siempre posible. El aut\u00f3nomo no podr\u00e1 desviar el tel\u00e9fono a un compa\u00f1ero, como ocurrir\u00eda en una empresa.<\/p>\n<p>Es complicado asumir que la nube y las comunicaciones nos permiten disfrutar de vacaciones, pero a la vez las pueden interrumpir. Si pensamos en la alternativa, sentados en la oficina mientras el resto del mundo est\u00e1 disfrutando de la playa, de la monta\u00f1a, etc\u00e9tera, seguro que una llamada, un mensaje o conectarnos a la nube para solventar un problema no nos parece tan mal.<\/p>\n<h2>Coworking y centros de trabajo, el salvavidas que te ayuda para tener la infraestructura que necesitas<\/h2>\n<p>El \u00fanico inconveniente que podemos sufrir es si la <strong>conexi\u00f3n a Internet es deficiente en nuestro lugar de vacaciones<\/strong>. Y un trabajo que no nos llevar\u00eda m\u00e1s de un par de horas se puede alargar en el tiempo si tenemos mala cobertura o desconexiones. Vemos que todo va muy lento.<\/p>\n<p>En estos casos, siempre podemos buscar un <strong>coworking o un centro de trabajo donde trabajar un par de d\u00edas<\/strong>. Esto es de gran ayuda si, adem\u00e1s, necesitamos concentrarnos en el trabajo que tenemos que hacer. Muchas veces no es f\u00e1cil hacerlo en nuestro lugar de vacaciones, donde no vamos a tener la privacidad necesaria y nos interrumpen de forma constante.<\/p>\n<p>Es un fastidio, pero desplazarse una ma\u00f1ana a un coworking o un centro de empresas cercano para trabajar es mucho m\u00e1s pr\u00e1ctico que tener que volver a la oficina para solventar el problema que ha surgido. Adem\u00e1s, en estos centros muchas veces tenemos la infraestructura que necesitamos en un momento dado, como impresoras, salas de reuniones o videoconferencias o servicios como una secretar\u00eda virtual, que nos ayudan a desconectar mejor durante el d\u00eda y que har\u00e1n que no echemos nada de menos respecto al trabajo en nuestro despacho habitual.<\/p>\n<\/div>\n<div class=\"single-cta\">\n\t<div class=\"single-cta__positioner\">\n\t\t<div class=\"single-cta__wrapper has-dark-background-color\">\n\t\t\t<div class=\"single-cta__content\">\n\t\t\t\t\t\t\t\t<h2 class=\"single-cta__title h3\">Subscr\u00edbete a la newsletter de Sage Advice<\/h2>\n\n\t\t\t\t\t\t\t\t\t<div class=\"single-cta__description\">\n\t\t\t\t\t\t<p>Recibe nuestros consejos m\u00e1s recientes directamente en la bandeja de entrada de tu correo electr\u00f3nico.<\/p>\n\t\t\t\t\t<\/div>\n\t\t\t\t\n\t\t\t\t\t\t\t\t\t\t\t\t\t\t<a\n\t\t\t\t\t\thref=\"#gate-263a5c00-99e4-4e71-8421-469deda8e674\"\n\t\t\t\t\t\tclass=\"single-cta__button button button--primary\"\n\t\t\t\t\t\t\t\t\t\t\t\t\t\t\t\t\t>Suscr\u00edbete<\/a>\n\t\t\t\t\t\t\t<\/div>\n\n\t\t\t\t\t<\/div>\n\n\t\t\t\t\t<img decoding=\"async\" width=\"1440\" height=\"810\" src=\"https:\/\/www.sage.com\/es-es\/blog\/wp-content\/uploads\/sites\/8\/2022\/04\/GettyImages-1171960556-1440x810.jpg\" class=\"single-cta__image\" alt=\"Sage\" loading=\"lazy\" srcset=\"https:\/\/www.sage.com\/es-es\/blog\/wp-content\/uploads\/sites\/8\/2022\/04\/GettyImages-1171960556-1440x810.jpg 1440w\" sizes=\"auto, (min-width: 48em) 33vw, 100vw\" \/>\t\t\t<\/div>\n<\/div>\n","protected":false},"excerpt":{"rendered":"<p>Las vacaciones de los aut\u00f3nomos muchas veces no son m\u00e1s que un fin de semana largo en medio del verano. En algunos casos se debe a que no generan suficientes ingresos a lo largo del a\u00f1o como para estar parados sin facturar durante quince d\u00edas. En otras ocasiones, aunque econ\u00f3micamente son viables, lo cierto es [&hellip;]<\/p>\n","protected":false},"author":244,"featured_media":9075,"comment_status":"open","ping_status":"closed","sticky":false,"template":"","format":"standard","meta":{"_sage_video":false,"post_featured_image_hide":false,"footnotes":""},"categories":[5],"tags":[16,37,176],"business_type":[10,8],"lilypad":[],"context":[],"industry":[],"persona":[],"imagine_tag":[287,254,263],"coauthors":[413],"class_list":["post-6498","post","type-post","status-publish","format-standard","has-post-thumbnail","hentry","category-tecnologia-innovacion","tag-autonomos","tag-gestion-empresarial","tag-software-en-la-nube","business_type-pequena-empresa","business_type-asesorias-despachos-profesionales"],"sage_meta":{"region":"es-es","author_name":"Carlos Roberto Cabello","featured_image":"https:\/\/www.sage.com\/es-es\/blog\/wp-content\/uploads\/sites\/8\/2018\/01\/1675w-x-1275h_0001_Layer-53.jpg","imagine_tags":{"287":"Aut\u00f3nomos","254":"Cloud computing","263":"Tecnolog\u00eda"}},"distributor_meta":false,"distributor_terms":false,"distributor_media":false,"distributor_original_site_name":"Sage Advice Espa\u00f1a","distributor_original_site_url":"https:\/\/www.sage.com\/es-es\/blog","push-errors":false,"_links":{"self":[{"href":"https:\/\/www.sage.com\/es-es\/blog\/api\/wp\/v2\/posts\/6498","targetHints":{"allow":["GET"]}}],"collection":[{"href":"https:\/\/www.sage.com\/es-es\/blog\/api\/wp\/v2\/posts"}],"about":[{"href":"https:\/\/www.sage.com\/es-es\/blog\/api\/wp\/v2\/types\/post"}],"author":[{"embeddable":true,"href":"https:\/\/www.sage.com\/es-es\/blog\/api\/wp\/v2\/users\/244"}],"replies":[{"embeddable":true,"href":"https:\/\/www.sage.com\/es-es\/blog\/api\/wp\/v2\/comments?post=6498"}],"version-history":[{"count":0,"href":"https:\/\/www.sage.com\/es-es\/blog\/api\/wp\/v2\/posts\/6498\/revisions"}],"wp:featuredmedia":[{"embeddable":true,"href":"https:\/\/www.sage.com\/es-es\/blog\/api\/wp\/v2\/media\/9075"}],"wp:attachment":[{"href":"https:\/\/www.sage.com\/es-es\/blog\/api\/wp\/v2\/media?parent=6498"}],"wp:term":[{"taxonomy":"category","embeddable":true,"href":"https:\/\/www.sage.com\/es-es\/blog\/api\/wp\/v2\/categories?post=6498"},{"taxonomy":"post_tag","embeddable":true,"href":"https:\/\/www.sage.com\/es-es\/blog\/api\/wp\/v2\/tags?post=6498"},{"taxonomy":"business_type","embeddable":true,"href":"https:\/\/www.sage.com\/es-es\/blog\/api\/wp\/v2\/business_type?post=6498"},{"taxonomy":"lilypad","embeddable":true,"href":"https:\/\/www.sage.com\/es-es\/blog\/api\/wp\/v2\/lilypad?post=6498"},{"taxonomy":"context","embeddable":true,"href":"https:\/\/www.sage.com\/es-es\/blog\/api\/wp\/v2\/context?post=6498"},{"taxonomy":"industry","embeddable":true,"href":"https:\/\/www.sage.com\/es-es\/blog\/api\/wp\/v2\/industry?post=6498"},{"taxonomy":"persona","embeddable":true,"href":"https:\/\/www.sage.com\/es-es\/blog\/api\/wp\/v2\/persona?post=6498"},{"taxonomy":"imagine_tag","embeddable":true,"href":"https:\/\/www.sage.com\/es-es\/blog\/api\/wp\/v2\/imagine_tag?post=6498"},{"taxonomy":"author","embeddable":true,"href":"https:\/\/www.sage.com\/es-es\/blog\/api\/wp\/v2\/coauthors?post=6498"}],"curies":[{"name":"wp","href":"https:\/\/api.w.org\/{rel}","templated":true}]}}