{"id":6542,"date":"2025-04-01T10:55:00","date_gmt":"2025-04-01T08:55:00","guid":{"rendered":"https:\/\/www.sage.com\/es-es\/blog\/todo-lo-que-necesitas-saber-sobre-el-irpf-ebook\/"},"modified":"2025-05-07T15:42:47","modified_gmt":"2025-05-07T13:42:47","slug":"todo-sobre-irpf-ebook","status":"publish","type":"post","link":"https:\/\/www.sage.com\/es-es\/blog\/todo-sobre-irpf-ebook\/","title":{"rendered":"Renta 2025: Estas son las fechas de inicio para la declaraci\u00f3n del IRPF"},"content":{"rendered":"<header class=\"entry-header has-dark-background-color entry-header--has-illustration entry-header--has-illustration--generic\">\n\t<div class=\"container\">\n\t\t<div class=\"entry-header__row row align-center\">\n\t\t\t<div class=\"col col-lg-7 col-xlg-6 entry-header__content\">\n\t\t\t\t\t\t\t<div class=\"component component-single-header\">\n\t\t\t\t\t\t\t\t\t\t<div class=\"entry-header__misc text--subtitle text--uppercase text--small\">\n\t\t\t\t\t\t\t<a href=\"https:\/\/www.sage.com\/es-es\/blog\/categoria\/finanzas\/\" class=\"entry-header__link\">Finanzas<\/a>\t\t\t\t\t\t<\/div>\n\t\t\t\t\n\t\t\t\t<div class=\"entry-title-wrapper\">\n\t\t\t\t\t<h1 class=\"entry-title\">\n\t\t\t\t\t\tRenta 2025: Estas son las fechas de inicio para la declaraci\u00f3n del IRPF\t\t\t\t\t<\/h1>\n\t\t\t\t<\/div>\n\n\t\t\t\t\t\t\t\t\t<p class=\"entry-header__description\">\n\t\t\t\t\t\t\t\t\t\t\t<\/p>\n\t\t\t\t\n\t\t\t\t\n\t\t\t\t\n\t\t\t<\/div>\n\n\t\t\t\t\t<\/div>\n\t\t\t\t\t<\/div>\n\t<\/div>\n\t<div class=\"single-post-details container\">\n\t\t<div class=\"col\">\n\t\t\t<span class=\"posted-on \"><time class=\"entry-date published\" datetime=\"2025-04-01T10:55:00+02:00\">1 April, 2025<\/time><\/span><span class=\"reading-time\"> minutos de lectura<\/span>\n\t\t<button\n\t\t\ttype=\"button\"\n\t\t\tclass=\"social-share-button button button--icon button--secondary js-social-share-button\"\n\t\t\tdata-share-title=\"Renta 2025: Estas son las fechas de inicio para la declaraci\u00f3n del IRPF\"\n\t\t\tdata-share-url=\"https:\/\/www.sage.com\/es-es\/blog\/todo-sobre-irpf-ebook\/\"\n\t\t\tdata-share-text=\"Please read this interesting article\"\n\t\t>\n\t\t\t<span class=\"social-share-button__share-label\">Compartir<\/span>\n\t\t\t<span class=\"social-share-button__copy-label\" hidden>Copiar enlace<\/span>\n\t\t\t<span class=\"social-share-button__copy-tooltip\" aria-hidden=\"true\" hidden>Copiado<\/span>\n\t\t<\/button>\n\n\t\t\t\t<\/div>\n\t<\/div>\n<\/header>\n\n\n<div class=\"wp-block-post-author has-dark-background-color alignfull\">\n\t<div class=\"container\">\n\t\t<div class=\"col\">\n\t\t\t\t\t\t\t<div class=\"co-authors\">\n\t\t\t\t\t\n\t\t<div class=\"entry-author-wrapper\">\n\t\t\t<a class=\"entry-author\" href=\"https:\/\/www.sage.com\/es-es\/blog\/author\/gonzalo-garcia-abad\/\">\n\t\t\t\t<img loading=\"lazy\" decoding=\"async\" width=\"40\" height=\"40\" src=\"https:\/\/www.sage.com\/es-es\/blog\/wp-content\/uploads\/sites\/8\/2024\/02\/Gonzalo-Garcia_2024_600x600-350x350.jpg\" class=\"entry-author__image\" alt=\"\" srcset=\"https:\/\/www.sage.com\/es-es\/blog\/wp-content\/uploads\/sites\/8\/2024\/02\/Gonzalo-Garcia_2024_600x600-350x350.jpg 350w, https:\/\/www.sage.com\/es-es\/blog\/wp-content\/uploads\/sites\/8\/2024\/02\/Gonzalo-Garcia_2024_600x600.jpg 600w\" sizes=\"auto, (max-width: 40px) 100vw, 40px\" \/>\t\t\t\t<span class=\"entry-author__name\">Gonzalo Garc\u00eda Abad<\/span>\n\t\t\t<\/a>\n\n\t\t\t\t\t<\/div>\n\n\t\t\t\t\t\t<\/div>\n\t\t\t\t\t<\/div>\n\t<\/div>\n<\/div>\n\n\n\n<h4 class=\"wp-block-heading\" id=\"h-en-este-articulo-con-contenido-actualizado-te-vamos-guiando-por-las-fechas-mas-importantes-en-la-declaracion-de-la-renta-2025-ademas-te-explicamos-las-principales-novedades-que-afectan-al-irpf\" style=\"font-style:normal;font-weight:100\">En este art\u00edculo con contenido actualizado, te vamos guiando por las fechas m\u00e1s importantes en la declaraci\u00f3n de la Renta 2025. Adem\u00e1s, te explicamos las principales novedades que afectan al IRPF.<\/h4>\n\n\n\n<ul class=\"wp-block-list\">\n<li>La campa\u00f1a Renta 2025 comienza el 2 de abril y finaliza el 30 de junio.<\/li>\n\n\n\n<li>Conviene prepararse para asesorar a los clientes con todas las garant\u00edas y sin imprevistos.<\/li>\n<\/ul>\n\n\n\n<p>La <strong>campa\u00f1a Renta 2025<\/strong>, en la que se presenta la declaraci\u00f3n correspondiente a 2024. Por eso, oficialmente, la AEAT la denomina Renta 2024. <\/p>\n\n\n\n<p>Y ya la tenemos a la vuelta de la esquina. Este a\u00f1o, comienza el 2 de abril. Por tanto, es el momento de ponerse manos a la obra para preparar la declaraci\u00f3n del <strong>IRPF<\/strong>. L\u00f3gicamente, suele urgir m\u00e1s si te <a href=\"https:\/\/www.sage.com\/es-es\/blog\/devolucion-declaracion-irpf\/\">sale a devolver<\/a>.<\/p>\n\n\n\n<p>En general, la petici\u00f3n del <a href=\"https:\/\/www.sage.com\/es-es\/blog\/10-razones-para-consultar-con-tu-asesor-antes-de-confirmar-el-borrador-de-la-renta\/\">borrador<\/a> marca, para la mayor\u00eda de los obligados, el segundo paso. En realidad, el primero es anticiparse e informarse y <a href=\"https:\/\/www.sage.com\/es-es\/blog\/empieza-a-trabajar-ya-en-la-declaracion-de-la-renta-de-tus-clientes\/\">asesorarse<\/a> bien. Y dentro de los puntos de atenci\u00f3n destacan dos: las fechas de la campa\u00f1a de 2025 y las novedades normativas en la <strong>pr\u00f3xima declaraci\u00f3n de la Renta<\/strong>.<\/p>\n\n\n\n<p><strong>CONTENIDO DEL POST<\/strong><\/p>\n\n\n<?xml encoding=\"utf-8\" ?><div class=\"wp-block-yoast-seo-table-of-contents yoast-table-of-contents\"><ul><li><a href=\"#principales-fechas-en-la-campana-renta-2024\" data-level=\"2\">Principales fechas en la Campa&ntilde;a Renta 2025<\/a><\/li><li><a href=\"#novedades-mas-destacadas-de-la-campana-renta-2025\" data-level=\"2\">Novedades m&aacute;s destacadas de la campa&ntilde;a &ldquo;Renta 2025&rdquo;<\/a><ul><li><a href=\"#mantenimiento-de-la-escala-general-de-gravamen\" data-level=\"3\">Mantenimiento de la escala general de gravamen<\/a><\/li><li><a href=\"#medidas-para-colectivos-vulnerables\" data-level=\"3\">Medidas para colectivos vulnerables<\/a><\/li><li><a href=\"#otras-medidas-en-el-irpf\" data-level=\"3\">Otras medidas en el IRPF<\/a><\/li><\/ul><\/li><\/ul><\/div>\n\n\n\n<div class=\"single-cta gated-content\">\n\t<div class=\"single-cta__positioner\">\n\t\t<div class=\"single-cta__wrapper has-dark-background-color\">\n\t\t\t<div class=\"single-cta__content\">\n\t\t\t\t\t\t\t\t<h2 class=\"single-cta__title h3\">Campa\u00f1a Renta 2026<\/h2>\n\n\t\t\t\t\t\t\t\t\t<div class=\"single-cta__description\">\n\t\t\t\t\t\t<p><!-- wp:paragraph --><\/p>\n<p>En la gu\u00eda esencial para asesor\u00edas &#8220;Novedades IRPF 2025&#8221; encontrar\u00e1s todas las novedades legales en el c\u00e1lculo y\u00a0presentaci\u00f3n del ejercicio 2025.<\/p>\n<p><!-- \/wp:paragraph --><\/p>\n\t\t\t\t\t<\/div>\n\t\t\t\t\n\t\t\t\t\t\t\t\t\t\t\t\t\t\t<a\n\t\t\t\t\t\thref=\"#gate-79f4224a-f097-4605-b505-646dba520e83\"\n\t\t\t\t\t\tclass=\"single-cta__button button button--primary\"\n\t\t\t\t\t\t\t\t\t\t\t\t\t\t\t\t\t>\u00a1Quiero mi gu\u00eda GRATIS!<\/a>\n\t\t\t\t\t\t\t<\/div>\n\n\t\t\t\t\t<\/div>\n\n\t\t\t\t\t<img decoding=\"async\" width=\"1377\" height=\"810\" src=\"https:\/\/www.sage.com\/es-es\/blog\/wp-content\/uploads\/sites\/8\/2024\/05\/image-1700x1000-1-1377x810.jpg\" class=\"single-cta__image\" alt=\"Sage\" loading=\"lazy\" srcset=\"https:\/\/www.sage.com\/es-es\/blog\/wp-content\/uploads\/sites\/8\/2024\/05\/image-1700x1000-1-1377x810.jpg 1377w\" sizes=\"auto, (min-width: 48em) 33vw, 100vw\" \/>\t\t\t<\/div>\n<\/div>\n\n\n\n<h2 class=\"wp-block-heading\" id=\"principales-fechas-en-la-campana-renta-2024\">Principales fechas en la Campa\u00f1a Renta 2025<\/h2>\n\n\n\n<p>En primer lugar, ten en cuenta que nos estamos refiriendo a<strong> lo que coloquialmente llamamos <\/strong><strong>Renta 2025<\/strong>. Aunque, en realidad, hay que reiterar que la AEAT lo llama <strong>Renta 2024<\/strong>, ya que, aunque se presenta este a\u00f1o, la campa\u00f1a se destina a la declaraci\u00f3n de la Renta del pasado ejercicio.&nbsp;<\/p>\n\n\n\n<p>En este caso, las <strong>fechas clave<\/strong> de la campa\u00f1a Renta 2024 son:<\/p>\n\n\n\n<ul class=\"wp-block-list\">\n<li><strong>3 de abril: <\/strong>comienza el plazo de presentaci\u00f3n por internet de las declaraciones de Renta y patrimonio de 2023. Para identificarte, podr\u00e1s utilizar el DNI y una referencia obtenida a trav\u00e9s de la declaraci\u00f3n del a\u00f1o anterior. Tambi\u00e9n tienes otras alternativas como Cl@ve, certificado o DNI electr\u00f3nico. Estos \u00faltimos sistemas son necesarios en caso de representaci\u00f3n.<\/li>\n\n\n\n<li><strong>6 de mayo:<\/strong> comienza el plan \u201cLe Llamamos\u201d. Con \u00e9l, podr\u00e1s presentar la declaraci\u00f3n de la Renta con asistencia telef\u00f3nica.<\/li>\n\n\n\n<li><strong>2 de junio: <\/strong>comienza la presentaci\u00f3n presencial en las oficinas de la Agencia Tributaria.<\/li>\n\n\n\n<li>Hasta el <strong>25 de junio<\/strong> podr\u00e1n presentarse las declaraciones a ingresar con domiciliaci\u00f3n en cuenta.<\/li>\n\n\n\n<li><strong>30 de junio:<\/strong> termina la campa\u00f1a. Hasta esa fecha, pueden presentarse las declaraciones con resultado a devolver, negativo y a ingresar sin domiciliaci\u00f3n del primer plazo.<\/li>\n\n\n\n<li><strong>5 de noviembre:<\/strong> se ingresa el segundo plazo en caso de que la declaraci\u00f3n de la Renta te haya dado a pagar y hayas fraccionado el pago.<\/li>\n<\/ul>\n\n\n\n<figure class=\"wp-block-pullquote\"><blockquote><p>Planifica y gestiona los impuestos de tus clientes con fluidez gracias a <a href=\"https:\/\/www.sage.com\/es-es\/productos\/sage-for-accountants\/\">Sage for Accountants<\/a><\/p><\/blockquote><\/figure>\n\n\n\n<h2 class=\"wp-block-heading\" id=\"novedades-mas-destacadas-de-la-campana-renta-2025\">Novedades m\u00e1s destacadas de la campa\u00f1a \u201cRenta 2025\u201d<\/h2>\n\n\n\n<p>En la pr\u00f3xima declaraci\u00f3n, el foco se sit\u00faa sobre <a href=\"https:\/\/www.sage.com\/es-es\/blog\/novedades-de-la-declaracion-de-la-renta\/\"><strong>reformas con efectos en 2024<\/strong><\/a>, que es el a\u00f1o que se declara. Algunas de ellas se aprobaron hace casi dos a\u00f1os, surtieron efectos el 1 de enero siguiente y, ahora, llega el momento de aplicarlas en la declaraci\u00f3n.<\/p>\n\n\n\n<figure class=\"wp-block-pullquote\"><blockquote><p>La campa\u00f1a Renta 2025 se desarrollar\u00e1 entre los d\u00edas 2 de abril y 30 de junio, ambos inclusive.<\/p><\/blockquote><\/figure>\n\n\n\n<p>Aunque hay varias medidas, las reformas se orientan en las siguientes <strong>l\u00edneas principales<\/strong>:<\/p>\n\n\n\n<h3 class=\"wp-block-heading\" id=\"mantenimiento-de-la-escala-general-de-gravamen\">Mantenimiento de la escala general de gravamen<\/h3>\n\n\n\n<p>Aunque un mantenimiento de lo que hab\u00eda pueda parecer poco novedoso, en este caso es <strong>la principal noticia del IRPF para la pr\u00f3xima declaraci\u00f3n<\/strong>. De hecho, la escala general afecta a todos los contribuyentes, salvo los que solo tienen rentas del ahorro. Y lo cierto es que la escala, en su parte estatal (las comunidades pueden modificar su parte) contin\u00faa invariable desde 2020, que se modific\u00f3 con efectos a partir de 2021.&nbsp;<\/p>\n\n\n\n<p>El contexto de esos cuatro ejercicios ha sido de <strong>inflaci\u00f3n<\/strong>. El \u00cdndice de Precios al Consumo se ha elevado en cifras pr\u00f3ximas al 20&nbsp;%. Ello lleva aparejado tambi\u00e9n un cierto <strong>crecimiento de las rentas<\/strong> que pasan por la escala general. En consecuencia, ser\u00e1 habitual que muchos contribuyentes pasen a tributar por tipos m\u00e1s altos, ya que el efecto se acumula a\u00f1o tras a\u00f1o.<\/p>\n\n\n\n<p>Los principales afectados suelen ser<strong> los contribuyentes de rentas bajas <\/strong>que hayan crecido nominalmente solo por <a href=\"https:\/\/www.sage.com\/es-es\/blog\/como-puede-afectar-la-inflacion-a-tu-empresa-y-que-hacer-para-combatirla\/\">el efecto de la inflaci\u00f3n<\/a>. Para paliarlo, en todo o en parte, se vienen aprobando medidas enfocadas a los colectivos m\u00e1s vulnerables.<\/p>\n\n\n\n<h3 class=\"wp-block-heading\" id=\"medidas-para-colectivos-vulnerables\">Medidas para colectivos vulnerables<\/h3>\n\n\n\n<p>Aunque todas las medidas fiscales deban tener en consideraci\u00f3n a los <strong>colectivos vulnerables<\/strong>, estas son las principales que han tenido efectos a partir de 2024:<\/p>\n\n\n\n<ul class=\"wp-block-list\">\n<li>Se ha incrementado la <strong>reducci\u00f3n por rendimientos del trabajo<\/strong>. Para aquellos que ganan menos de 14.852 euros pasa de 6.498 euros en la declaraci\u00f3n del a\u00f1o pasado a 7.302 euros en la que presentes en 2025.<\/li>\n\n\n\n<li>Algunos contribuyentes ya no tendr\u00e1n <strong>obligaci\u00f3n de declarar<\/strong>. El l\u00edmite de 15.000 euros que se aplicaba en algunos casos para rendimientos del trabajo (ciertos supuestos de m\u00e1s de un pagador, por ejemplo) pasa a 15.876 euros anuales.<\/li>\n\n\n\n<li>Tambi\u00e9n hubo, en 2024, una modificaci\u00f3n del <a href=\"https:\/\/www.sage.com\/es-es\/blog\/como-calcular-las-retenciones-a-los-trabajadores\/\"><strong>sistema de c\u00e1lculo de retenciones del trabajo<\/strong><\/a> orientada a no retener las rentas derivadas del cobro del salario m\u00ednimo interprofesional.<\/li>\n\n\n\n<li>Medidas para los <strong>afectados por cat\u00e1strofes<\/strong>. Por ejemplo, gran parte de las indemnizaciones y <a href=\"https:\/\/www.sage.com\/es-es\/blog\/como-solicitar-ayudas-dana\/\">ayudas<\/a> a los afectados por la DANA de 2024 no tributar\u00e1n. Igualmente, se han prorrogado medidas que permiten a los residentes en La Palma disfrutar de incentivos semejantes a los de Ceuta y Melilla.<\/li>\n<\/ul>\n\n\n\n<h3 class=\"wp-block-heading\" id=\"otras-medidas-en-el-irpf\">Otras medidas en el IRPF<\/h3>\n\n\n\n<p>&nbsp;Adem\u00e1s de las orientaciones principales, se han aprobado<strong> medidas de diverso sentido:<\/strong><\/p>\n\n\n\n<ul class=\"wp-block-list\">\n<li>Modificaciones en las <strong>reducciones del rendimiento del capital inmobiliario<\/strong>.<\/li>\n\n\n\n<li>Pr\u00f3rroga de <strong>deducciones por obras de mejora de eficiencia energ\u00e9tica en viviendas.<\/strong><\/li>\n\n\n\n<li>Nuevo sistema para las <strong>reclamaciones de mutualistas<\/strong>.<\/li>\n\n\n\n<li><strong>Libertad de amortizaci\u00f3n en movilidad el\u00e9ctrica.<\/strong><\/li>\n\n\n\n<li>Concreciones reglamentarias sobre el r\u00e9gimen especial de <strong>Baleares<\/strong>.<\/li>\n<\/ul>\n\n\n\n<p>La declaraci\u00f3n de la Renta 2025 est\u00e1 llamando a tu puerta. Por ello, debes tener claros los <strong>principales conceptos y novedades<\/strong>. Y, para los asesores, la puesta al d\u00eda de las reformas es la garant\u00eda de que sus clientes est\u00e1n en buenas manos. Adem\u00e1s, es conveniente que cuenten con herramientas que, como <strong>Sage for Accountants<\/strong>, fomenten una relaci\u00f3n fluida entre cliente y asesor.<\/p>\n\n\n\n<p><em><strong>Nota del editor: <\/strong>Este art\u00edculo fue publicado con anterioridad y actualizado a 2025 por su relevancia.<\/em><\/p>\n \n<div class=\"single-cta gated-content\">\n\t<div class=\"single-cta__positioner\">\n\t\t<div class=\"single-cta__wrapper has-dark-background-color\">\n\t\t\t<div class=\"single-cta__content\">\n\t\t\t\t\t\t\t\t<h2 class=\"single-cta__title h3\">Campa\u00f1a Renta 2026<\/h2>\n\n\t\t\t\t\t\t\t\t\t<div class=\"single-cta__description\">\n\t\t\t\t\t\t<p><!-- wp:paragraph --><\/p>\n<p>DESCARGA TU GU\u00cdA GRATUITA<\/p>\n<p><!-- \/wp:paragraph --><\/p>\n<p><!-- wp:paragraph --><\/p>\n<p>Conoce todas las novedades en la Renta del ejercicio 2025:<\/p>\n<p><!-- \/wp:paragraph --><\/p>\n<p><!-- wp:list --><\/p>\n<ul class=\"wp-block-list\"><!-- wp:list-item --><\/p>\n<li>Qu\u00e9 novedades hay que aplicar este a\u00f1o.<\/li>\n<p><!-- \/wp:list-item --><\/p>\n<p><!-- wp:list-item --><\/p>\n<li>C\u00f3mo se declara en funci\u00f3n de la actividad.<\/li>\n<p><!-- \/wp:list-item --><\/p>\n<p><!-- wp:list-item --><\/p>\n<li>Qu\u00e9 trucos puedes aplicar.<\/li>\n<p><!-- \/wp:list-item --><\/ul>\n<p><!-- \/wp:list --><\/p>\n\t\t\t\t\t<\/div>\n\t\t\t\t\n\t\t\t\t\t\t\t\t\t\t\t\t\t\t<a\n\t\t\t\t\t\thref=\"#gate-79f4224a-f097-4605-b505-646dba520e83\"\n\t\t\t\t\t\tclass=\"single-cta__button button button--primary\"\n\t\t\t\t\t\t\t\t\t\t\t\t\t\t\t\t\t>\u00a1Quier mi gu\u00eda GRATIS!<\/a>\n\t\t\t\t\t\t\t<\/div>\n\n\t\t\t\t\t<\/div>\n\n\t\t\t\t\t<img decoding=\"async\" width=\"1377\" height=\"810\" src=\"https:\/\/www.sage.com\/es-es\/blog\/wp-content\/uploads\/sites\/8\/2024\/05\/image-1700x1000-1-1377x810.jpg\" class=\"single-cta__image\" alt=\"Sage\" loading=\"lazy\" srcset=\"https:\/\/www.sage.com\/es-es\/blog\/wp-content\/uploads\/sites\/8\/2024\/05\/image-1700x1000-1-1377x810.jpg 1377w\" sizes=\"auto, (min-width: 48em) 33vw, 100vw\" \/>\t\t\t<\/div>\n<\/div>\n","protected":false},"excerpt":{"rendered":"<p>Consulta el calendario de la campa\u00f1a Renta 2025 y conoce las novedades que afectan al IRPF en la declaraci\u00f3n de 2024.<\/p>\n","protected":false},"author":240,"featured_media":23659,"comment_status":"open","ping_status":"open","sticky":false,"template":"","format":"standard","meta":{"_sage_video":false,"post_featured_image_hide":false,"footnotes":""},"categories":[2],"tags":[23,181,43],"business_type":[10,8],"lilypad":[],"context":[],"industry":[],"persona":[],"imagine_tag":[280,268,260],"coauthors":[412],"class_list":["post-6542","post","type-post","status-publish","format-standard","has-post-thumbnail","hentry","category-finanzas","tag-contabilidad","tag-impuestos","tag-irpf","business_type-pequena-empresa","business_type-asesorias-despachos-profesionales"],"sage_meta":{"region":"es-es","author_name":"Gonzalo Garc\u00eda Abad","featured_image":"https:\/\/www.sage.com\/es-es\/blog\/wp-content\/uploads\/sites\/8\/2023\/09\/GettyImages-875247398.jpg","imagine_tags":{"280":"Asesor\u00edas y despachos","268":"Impuestos","260":"Legal"}},"distributor_meta":false,"distributor_terms":false,"distributor_media":false,"distributor_original_site_name":"Sage Advice Espa\u00f1a","distributor_original_site_url":"https:\/\/www.sage.com\/es-es\/blog","push-errors":false,"_links":{"self":[{"href":"https:\/\/www.sage.com\/es-es\/blog\/api\/wp\/v2\/posts\/6542","targetHints":{"allow":["GET"]}}],"collection":[{"href":"https:\/\/www.sage.com\/es-es\/blog\/api\/wp\/v2\/posts"}],"about":[{"href":"https:\/\/www.sage.com\/es-es\/blog\/api\/wp\/v2\/types\/post"}],"author":[{"embeddable":true,"href":"https:\/\/www.sage.com\/es-es\/blog\/api\/wp\/v2\/users\/240"}],"replies":[{"embeddable":true,"href":"https:\/\/www.sage.com\/es-es\/blog\/api\/wp\/v2\/comments?post=6542"}],"version-history":[{"count":0,"href":"https:\/\/www.sage.com\/es-es\/blog\/api\/wp\/v2\/posts\/6542\/revisions"}],"wp:featuredmedia":[{"embeddable":true,"href":"https:\/\/www.sage.com\/es-es\/blog\/api\/wp\/v2\/media\/23659"}],"wp:attachment":[{"href":"https:\/\/www.sage.com\/es-es\/blog\/api\/wp\/v2\/media?parent=6542"}],"wp:term":[{"taxonomy":"category","embeddable":true,"href":"https:\/\/www.sage.com\/es-es\/blog\/api\/wp\/v2\/categories?post=6542"},{"taxonomy":"post_tag","embeddable":true,"href":"https:\/\/www.sage.com\/es-es\/blog\/api\/wp\/v2\/tags?post=6542"},{"taxonomy":"business_type","embeddable":true,"href":"https:\/\/www.sage.com\/es-es\/blog\/api\/wp\/v2\/business_type?post=6542"},{"taxonomy":"lilypad","embeddable":true,"href":"https:\/\/www.sage.com\/es-es\/blog\/api\/wp\/v2\/lilypad?post=6542"},{"taxonomy":"context","embeddable":true,"href":"https:\/\/www.sage.com\/es-es\/blog\/api\/wp\/v2\/context?post=6542"},{"taxonomy":"industry","embeddable":true,"href":"https:\/\/www.sage.com\/es-es\/blog\/api\/wp\/v2\/industry?post=6542"},{"taxonomy":"persona","embeddable":true,"href":"https:\/\/www.sage.com\/es-es\/blog\/api\/wp\/v2\/persona?post=6542"},{"taxonomy":"imagine_tag","embeddable":true,"href":"https:\/\/www.sage.com\/es-es\/blog\/api\/wp\/v2\/imagine_tag?post=6542"},{"taxonomy":"author","embeddable":true,"href":"https:\/\/www.sage.com\/es-es\/blog\/api\/wp\/v2\/coauthors?post=6542"}],"curies":[{"name":"wp","href":"https:\/\/api.w.org\/{rel}","templated":true}]}}