{"id":6550,"date":"2017-08-21T08:10:08","date_gmt":"2017-08-21T08:10:08","guid":{"rendered":"https:\/\/www.sage.com\/es-es\/blog\/piensa-en-agosto-la-formacion-que-necesitas-para-septiembre\/"},"modified":"2026-02-04T19:07:08","modified_gmt":"2026-02-04T18:07:08","slug":"piensa-en-agosto-la-formacion-que-necesitas-para-septiembre","status":"publish","type":"post","link":"https:\/\/www.sage.com\/es-es\/blog\/piensa-en-agosto-la-formacion-que-necesitas-para-septiembre\/","title":{"rendered":"Piensa en agosto la formaci\u00f3n que necesitas para septiembre"},"content":{"rendered":"<header class=\"entry-header has-dark-background-color entry-header--has-illustration entry-header--has-illustration--generic\">\n\t<div class=\"container\">\n\t\t<div class=\"entry-header__row row align-center\">\n\t\t\t<div class=\"col col-lg-7 col-xlg-6 entry-header__content\">\n\t\t\t\t\t\t\t<div class=\"component component-single-header\">\n\t\t\t\t\t\t\t\t\t\t<div class=\"entry-header__misc text--subtitle text--uppercase text--small\">\n\t\t\t\t\t\t\t<a href=\"https:\/\/www.sage.com\/es-es\/blog\/categoria\/personas-liderazgo\/\" class=\"entry-header__link\">Personas y Liderazgo<\/a>\t\t\t\t\t\t<\/div>\n\t\t\t\t\n\t\t\t\t<div class=\"entry-title-wrapper\">\n\t\t\t\t\t<h1 class=\"entry-title\">\n\t\t\t\t\t\tPiensa en agosto la formaci\u00f3n que necesitas para septiembre\t\t\t\t\t<\/h1>\n\t\t\t\t<\/div>\n\n\t\t\t\t\t\t\t\t\t<p class=\"entry-header__description\">\n\t\t\t\t\t\t\t\t\t\t\t<\/p>\n\t\t\t\t\n\t\t\t\t\n\t\t\t\t\n\t\t\t<\/div>\n\n\t\t\t\t\t<\/div>\n\t\t\t\t\t<\/div>\n\t<\/div>\n\t<div class=\"single-post-details container\">\n\t\t<div class=\"col\">\n\t\t\t<span class=\"posted-on \"><time class=\"entry-date published\" datetime=\"2017-08-21T08:10:08+02:00\">21 August, 2017<\/time><\/span><span class=\"reading-time\"> minutos de lectura<\/span>\n\t\t<button\n\t\t\ttype=\"button\"\n\t\t\tclass=\"social-share-button button button--icon button--secondary js-social-share-button\"\n\t\t\tdata-share-title=\"Piensa en agosto la formaci\u00f3n que necesitas para septiembre\"\n\t\t\tdata-share-url=\"https:\/\/www.sage.com\/es-es\/blog\/piensa-en-agosto-la-formacion-que-necesitas-para-septiembre\/\"\n\t\t\tdata-share-text=\"Please read this interesting article\"\n\t\t>\n\t\t\t<span class=\"social-share-button__share-label\">Compartir<\/span>\n\t\t\t<span class=\"social-share-button__copy-label\" hidden>Copiar enlace<\/span>\n\t\t\t<span class=\"social-share-button__copy-tooltip\" aria-hidden=\"true\" hidden>Copiado<\/span>\n\t\t<\/button>\n\n\t\t\t\t<\/div>\n\t<\/div>\n<\/header>\n\n\n\n<div class=\"wp-block-post-author has-dark-background-color alignfull\">\n\t<div class=\"container\">\n\t\t<div class=\"col\">\n\t\t\t\t\t\t\t<div class=\"co-authors\">\n\t\t\t\t\t\n\t\t<div class=\"entry-author-wrapper\">\n\t\t\t<a class=\"entry-author\" href=\"https:\/\/www.sage.com\/es-es\/blog\/author\/jose-ramon-fernandez-de-la-cigona\/\">\n\t\t\t\t<img loading=\"lazy\" decoding=\"async\" width=\"40\" height=\"40\" src=\"https:\/\/www.sage.com\/es-es\/blog\/wp-content\/uploads\/sites\/8\/2024\/02\/foto_jose-ramon_400x400-350x350.jpg\" class=\"entry-author__image\" alt=\"Sage\" srcset=\"https:\/\/www.sage.com\/es-es\/blog\/wp-content\/uploads\/sites\/8\/2024\/02\/foto_jose-ramon_400x400-350x350.jpg 350w, https:\/\/www.sage.com\/es-es\/blog\/wp-content\/uploads\/sites\/8\/2024\/02\/foto_jose-ramon_400x400.jpg 585w\" sizes=\"auto, (max-width: 40px) 100vw, 40px\" \/>\t\t\t\t<span class=\"entry-author__name\">Jose Ram\u00f3n Fern\u00e1ndez de la Cigo\u00f1a<\/span>\n\t\t\t<\/a>\n\n\t\t\t\t\t<\/div>\n\n\t\t\t\t\t\t<\/div>\n\t\t\t\t\t<\/div>\n\t<\/div>\n<\/div>\n<div class=\"sage-block-classic-wrapper\">\n\n<p>Las vacaciones son sin\u00f3nimo de<strong>tiempo para el descanso<\/strong>, pero tambi\u00e9n un <a href=\"https:\/\/www.sage.com\/es-es\/blog\/siete-cosas-que-puede-hacer-un-contable-despues-de-las-vacaciones\/\">periodo para la reflexi\u00f3n<\/a>, por lo que puedeser un buen momentopara que aquellos que est\u00e1n disfrutando de unos d\u00edas libres reflexionen sobre sus <strong>necesidades de formaci\u00f3n<\/strong>, de cara al inicio de un <strong>nuevo curso en septiembre<\/strong>.<\/p>\n<blockquote><p>&#8220;La educaci\u00f3n es el pasaporte hacia el futuro, el ma\u00f1ana pertenece a aquellos que se preparan para \u00e9l en el d\u00eda de hoy&#8221;. Malcom X.<\/p><\/blockquote>\n<p>La formaci\u00f3n forma parte de la esencia del ser humano, desde el mismo momento en que nacemos empezamos a aprender, con la finalidad de asegurarnos el sustento en el futuro. Es por ello que, sin una <strong>adecuada formaci\u00f3n<\/strong>, las posibilidades de encontrar <strong>oportunidades laborales<\/strong> disminuyan radicalmente.<\/p>\n<p>El inicio de un <strong>nuevo curso escolar<\/strong> para los m\u00e1s peque\u00f1os en septiembre, puede ser un excelente momento para que los adultos empiecen a <a href=\"https:\/\/www.sage.com\/es-es\/blog\/formacion-online-iii-recursos-que-aporta-internet-al-aprendizaje-de-idiomas\/\">formarse en idiomas<\/a>, o realicenun M\u00e1ster o un <strong>curso que mejore sushabilidades y suempleabilidad<\/strong>.<span id=\"more-36605\"><\/span><\/p>\n<p><!--more--><\/p>\n<h2>Cincopreguntas que podemos hacernos de cara a nuestraformaci\u00f3n<\/h2>\n<h3><strong>1. \u00bfQu\u00e9 tipo de formaci\u00f3n se adapta mejor a nuestras necesidades?<\/strong><\/h3>\n<p>Con las nuevas tecnolog\u00edas y el incremento de la velocidad de transmisi\u00f3n de datos por Internet, formarse online es una opci\u00f3n cada vez m\u00e1s elegida por los profesionales que se encuentran trabajando, al permitir <strong>optimizar el tiempo de estudio<\/strong>, al evitar o minimizar los desplazamientos al centro de formaci\u00f3n. En este sentido, el Centro de Estudios Financieros destaca en este tipo de formaci\u00f3n trasser galardonado como Mejor Centro de Formaci\u00f3n Online en 2017, en los premios a la excelencia educativa.<\/p>\n<h3>2. <strong>\u00bfC\u00f3mo elegir la formaci\u00f3n que m\u00e1s nos conviene?<\/strong><\/h3>\n<p>Puede que tengamos muy claro el tipo de formaci\u00f3n que necesitamos, pero que dudemos en relaci\u00f3n a las diferentes opciones que nos ofrecen diferentes centros formativos. En este sentido, de cara a decidirnos, tenemos diferentes opciones para informarnos. No obstante, lo mejor es tener referencias de personas que hayan realizado la misma formaci\u00f3n, algo para lo que podemos utilizar redes sociales como LinkedIn, que nos permiten buscar antiguos alumnos a los que preguntarles por su grado de satisfacci\u00f3n con esa formaci\u00f3n. Adem\u00e1s, en algunos casos, se puede apreciar como algunos profesionales han <strong>mejorado su puesto de trabajo<\/strong>, despu\u00e9s de realizar un M\u00e1ster determinado.<\/p>\n<h3>3. <strong>\u00bfC\u00f3mo elegir un M\u00e1ster?<\/strong><\/h3>\n<p>Debido a su coste y a la repercusi\u00f3n que puede tener a la hora de marcar la diferencia en un proceso de selecci\u00f3n, la elecci\u00f3n de un M\u00e1ster es <strong>una de las decisiones m\u00e1s importantes que se suelen afrontar en relaci\u00f3n a la formaci\u00f3n<\/strong>, por lo que es conveniente dedicar un tiempo a la reflexi\u00f3n antes de tomar la decisi\u00f3n. En este sentido, ser\u00eda muy f\u00e1cil decidirse por los mejor valorados en los distintos <a href=\"http:\/\/www.elmundo.es\/especiales\/mejores-masters\/\" target=\"_blank\" rel=\"noopener noreferrer\">rankings<\/a>, como el que publica el diario El Mundo, si no fuera por otras variables que intervienen, como por ejemplo el <strong>precio<\/strong>, la <strong>cercan\u00eda<\/strong> al centro educativo y <a href=\"https:\/\/www.sage.com\/es-es\/blog\/david-calle-sage-sessions\/\">el profesorado<\/a>. Es por ello que, al igual que en otro tipo de compras, la optimizaci\u00f3n de la relaci\u00f3n calidad-precio es el ideal a conseguir.<\/p>\n<p>4. <strong>\u00bfPor qu\u00e9 septiembre es un buen mes para empezar una formaci\u00f3n?<\/strong><\/p>\n<p>En septiembre los ni\u00f1os vuelven al colegio. Para aquellos que son padres, la vuelta al cole es algo para lo que ya est\u00e1n mentalizados, por lo que solo hay que seguir los pasos de los hijos y aprovechar la inercia para <strong>comenzar una acci\u00f3n formativa<\/strong>. Adem\u00e1s, tanto para aquellos que se encuentran sin descendencia, como para los que la tienen, durante muchos a\u00f1os la rutina del comienzo de las clases en septiembre puede servir de ayuda, para empezar a tope de motivaci\u00f3n una nueva etapa formativa.<\/p>\n<h3>5. <strong>\u00bfBuscamos con esta formaci\u00f3n incorporarnos al mercado de trabajo?<\/strong><\/h3>\n<p>Si este es el objetivo, es importante buscar acciones formativas que incluyan <strong>pr\u00e1cticas en empresas<\/strong>, o que tengan bolsas de trabajo a disposici\u00f3n de sus alumnos. Adem\u00e1s, hay formaci\u00f3n que es indispensable para ejercer determinadas profesiones, como por ejemplo en los casos de los auditores de cuentas. Otra opci\u00f3n formativa para incorporarse al mercado laboral es <strong>formarse para superar una oposici\u00f3n<\/strong> que nos permita obtener un puesto de trabajo en el sector p\u00fablico.<\/p>\n<\/div>\n<div class=\"single-cta\">\n\t<div class=\"single-cta__positioner\">\n\t\t<div class=\"single-cta__wrapper has-dark-background-color\">\n\t\t\t<div class=\"single-cta__content\">\n\t\t\t\t\t\t\t\t<h2 class=\"single-cta__title h3\">Subscr\u00edbete a la newsletter de Sage Advice<\/h2>\n\n\t\t\t\t\t\t\t\t\t<div class=\"single-cta__description\">\n\t\t\t\t\t\t<p>Recibe nuestros consejos m\u00e1s recientes directamente en la bandeja de entrada de tu correo electr\u00f3nico.<\/p>\n\t\t\t\t\t<\/div>\n\t\t\t\t\n\t\t\t\t\t\t\t\t\t\t\t\t\t\t<a\n\t\t\t\t\t\thref=\"#gate-263a5c00-99e4-4e71-8421-469deda8e674\"\n\t\t\t\t\t\tclass=\"single-cta__button button button--primary\"\n\t\t\t\t\t\t\t\t\t\t\t\t\t\t\t\t\t>Suscr\u00edbete<\/a>\n\t\t\t\t\t\t\t<\/div>\n\n\t\t\t\t\t<\/div>\n\n\t\t\t\t\t<img decoding=\"async\" width=\"1440\" height=\"810\" src=\"https:\/\/www.sage.com\/es-es\/blog\/wp-content\/uploads\/sites\/8\/2022\/04\/GettyImages-1171960556-1440x810.jpg\" class=\"single-cta__image\" alt=\"Sage\" loading=\"lazy\" srcset=\"https:\/\/www.sage.com\/es-es\/blog\/wp-content\/uploads\/sites\/8\/2022\/04\/GettyImages-1171960556-1440x810.jpg 1440w\" sizes=\"auto, (min-width: 48em) 33vw, 100vw\" \/>\t\t\t<\/div>\n<\/div>\n","protected":false},"excerpt":{"rendered":"<p>Las vacaciones son sin\u00f3nimo detiempo para el descanso, pero tambi\u00e9n un periodo para la reflexi\u00f3n, por lo que puedeser un buen momentopara que aquellos que est\u00e1n disfrutando de unos d\u00edas libres reflexionen sobre sus necesidades de formaci\u00f3n, de cara al inicio de un nuevo curso en septiembre. &#8220;La educaci\u00f3n es el pasaporte hacia el futuro, [&hellip;]<\/p>\n","protected":false},"author":238,"featured_media":9159,"comment_status":"open","ping_status":"closed","sticky":false,"template":"","format":"standard","meta":{"_sage_video":false,"post_featured_image_hide":false,"footnotes":""},"categories":[4],"tags":[92,236],"business_type":[10,8],"lilypad":[],"context":[],"industry":[],"persona":[],"imagine_tag":[282],"coauthors":[396],"class_list":["post-6550","post","type-post","status-publish","format-standard","has-post-thumbnail","hentry","category-personas-liderazgo","tag-formacion","tag-recursos-humanos","business_type-pequena-empresa","business_type-asesorias-despachos-profesionales"],"sage_meta":{"region":"es-es","author_name":"Jose Ram\u00f3n Fern\u00e1ndez de la Cigo\u00f1a","featured_image":"https:\/\/www.sage.com\/es-es\/blog\/wp-content\/uploads\/sites\/8\/2018\/01\/1675w-x-1275h_0004_Layer-61.jpg","imagine_tags":{"282":"RRHH y n\u00f3minas"}},"distributor_meta":false,"distributor_terms":false,"distributor_media":false,"distributor_original_site_name":"Sage Advice Espa\u00f1a","distributor_original_site_url":"https:\/\/www.sage.com\/es-es\/blog","push-errors":false,"_links":{"self":[{"href":"https:\/\/www.sage.com\/es-es\/blog\/api\/wp\/v2\/posts\/6550","targetHints":{"allow":["GET"]}}],"collection":[{"href":"https:\/\/www.sage.com\/es-es\/blog\/api\/wp\/v2\/posts"}],"about":[{"href":"https:\/\/www.sage.com\/es-es\/blog\/api\/wp\/v2\/types\/post"}],"author":[{"embeddable":true,"href":"https:\/\/www.sage.com\/es-es\/blog\/api\/wp\/v2\/users\/238"}],"replies":[{"embeddable":true,"href":"https:\/\/www.sage.com\/es-es\/blog\/api\/wp\/v2\/comments?post=6550"}],"version-history":[{"count":0,"href":"https:\/\/www.sage.com\/es-es\/blog\/api\/wp\/v2\/posts\/6550\/revisions"}],"wp:featuredmedia":[{"embeddable":true,"href":"https:\/\/www.sage.com\/es-es\/blog\/api\/wp\/v2\/media\/9159"}],"wp:attachment":[{"href":"https:\/\/www.sage.com\/es-es\/blog\/api\/wp\/v2\/media?parent=6550"}],"wp:term":[{"taxonomy":"category","embeddable":true,"href":"https:\/\/www.sage.com\/es-es\/blog\/api\/wp\/v2\/categories?post=6550"},{"taxonomy":"post_tag","embeddable":true,"href":"https:\/\/www.sage.com\/es-es\/blog\/api\/wp\/v2\/tags?post=6550"},{"taxonomy":"business_type","embeddable":true,"href":"https:\/\/www.sage.com\/es-es\/blog\/api\/wp\/v2\/business_type?post=6550"},{"taxonomy":"lilypad","embeddable":true,"href":"https:\/\/www.sage.com\/es-es\/blog\/api\/wp\/v2\/lilypad?post=6550"},{"taxonomy":"context","embeddable":true,"href":"https:\/\/www.sage.com\/es-es\/blog\/api\/wp\/v2\/context?post=6550"},{"taxonomy":"industry","embeddable":true,"href":"https:\/\/www.sage.com\/es-es\/blog\/api\/wp\/v2\/industry?post=6550"},{"taxonomy":"persona","embeddable":true,"href":"https:\/\/www.sage.com\/es-es\/blog\/api\/wp\/v2\/persona?post=6550"},{"taxonomy":"imagine_tag","embeddable":true,"href":"https:\/\/www.sage.com\/es-es\/blog\/api\/wp\/v2\/imagine_tag?post=6550"},{"taxonomy":"author","embeddable":true,"href":"https:\/\/www.sage.com\/es-es\/blog\/api\/wp\/v2\/coauthors?post=6550"}],"curies":[{"name":"wp","href":"https:\/\/api.w.org\/{rel}","templated":true}]}}