{"id":6578,"date":"2017-06-07T08:55:59","date_gmt":"2017-06-07T08:55:59","guid":{"rendered":"https:\/\/www.sage.com\/es-es\/blog\/como-aprender-a-delegar-tareas-de-forma-efectiva-infografia\/"},"modified":"2026-02-04T19:10:53","modified_gmt":"2026-02-04T18:10:53","slug":"aprender-delegar-tareas","status":"publish","type":"post","link":"https:\/\/www.sage.com\/es-es\/blog\/aprender-delegar-tareas\/","title":{"rendered":"C\u00f3mo aprender a delegar tareas de forma efectiva (infograf\u00eda)"},"content":{"rendered":"<header class=\"entry-header has-dark-background-color entry-header--has-illustration entry-header--has-illustration--generic\">\n\t<div class=\"container\">\n\t\t<div class=\"entry-header__row row align-center\">\n\t\t\t<div class=\"col col-lg-7 col-xlg-6 entry-header__content\">\n\t\t\t\t\t\t\t<div class=\"component component-single-header\">\n\t\t\t\t\t\t\t\t\t\t<div class=\"entry-header__misc text--subtitle text--uppercase text--small\">\n\t\t\t\t\t\t\t<a href=\"https:\/\/www.sage.com\/es-es\/blog\/categoria\/personas-liderazgo\/\" class=\"entry-header__link\">Personas y Liderazgo<\/a>\t\t\t\t\t\t<\/div>\n\t\t\t\t\n\t\t\t\t<div class=\"entry-title-wrapper\">\n\t\t\t\t\t<h1 class=\"entry-title\">\n\t\t\t\t\t\tC\u00f3mo aprender a delegar tareas de forma efectiva (infograf\u00eda)\t\t\t\t\t<\/h1>\n\t\t\t\t<\/div>\n\n\t\t\t\t\t\t\t\t\t<p class=\"entry-header__description\">\n\t\t\t\t\t\t\t\t\t\t\t<\/p>\n\t\t\t\t\n\t\t\t\t\n\t\t\t\t\n\t\t\t<\/div>\n\n\t\t\t\t\t<\/div>\n\t\t\t\t\t<\/div>\n\t<\/div>\n\t<div class=\"single-post-details container\">\n\t\t<div class=\"col\">\n\t\t\t<span class=\"posted-on \"><time class=\"entry-date published\" datetime=\"2017-06-07T08:55:59+02:00\">7 June, 2017<\/time><\/span><span class=\"reading-time\"> minutos de lectura<\/span>\n\t\t<button\n\t\t\ttype=\"button\"\n\t\t\tclass=\"social-share-button button button--icon button--secondary js-social-share-button\"\n\t\t\tdata-share-title=\"C\u00f3mo aprender a delegar tareas de forma efectiva (infograf\u00eda)\"\n\t\t\tdata-share-url=\"https:\/\/www.sage.com\/es-es\/blog\/aprender-delegar-tareas\/\"\n\t\t\tdata-share-text=\"Please read this interesting article\"\n\t\t>\n\t\t\t<span class=\"social-share-button__share-label\">Compartir<\/span>\n\t\t\t<span class=\"social-share-button__copy-label\" hidden>Copiar enlace<\/span>\n\t\t\t<span class=\"social-share-button__copy-tooltip\" aria-hidden=\"true\" hidden>Copiado<\/span>\n\t\t<\/button>\n\n\t\t\t\t<\/div>\n\t<\/div>\n<\/header>\n\n\n\n<div class=\"wp-block-post-author has-dark-background-color alignfull\">\n\t<div class=\"container\">\n\t\t<div class=\"col\">\n\t\t\t\t\t\t\t<div class=\"co-authors\">\n\t\t\t\t\t\n\t\t<div class=\"entry-author-wrapper\">\n\t\t\t<a class=\"entry-author\" href=\"https:\/\/www.sage.com\/es-es\/blog\/author\/eva-cortes\/\">\n\t\t\t\t<img loading=\"lazy\" decoding=\"async\" width=\"40\" height=\"40\" src=\"https:\/\/www.sage.com\/es-es\/blog\/wp-content\/uploads\/sites\/8\/2017\/10\/EvaCorte\u0301s-350x350.jpg\" class=\"entry-author__image\" alt=\"Eva Cort\u00e9s\" \/>\t\t\t\t<span class=\"entry-author__name\">Eva Cort\u00e9s<\/span>\n\t\t\t<\/a>\n\n\t\t\t\t\t<\/div>\n\n\t\t\t\t\t\t<\/div>\n\t\t\t\t\t<\/div>\n\t<\/div>\n<\/div>\n<div class=\"sage-block-classic-wrapper\">\n\n<p>Atender a los clientes y proveedores, <a href=\"https:\/\/www.sage.com\/es-es\/blog\/contabilidad-para-todos-como-utilizar-informacion-contable-en-la-toma-de-decisiones-ebook\/\">gestionar la contabilidad<\/a> de la empresa, dise\u00f1ar estrategias para dar a conocer la marca, controlar cada uno de los proyectos de los trabajadores\u2026. \u00bfTe suena esta situaci\u00f3n? \u00bfSueles ocuparte de todo en tu negocio y te has convertido en un <strong>emprendedor\/gerente multiusos o <a href=\"https:\/\/www.sage.com\/es-es\/blog\/caracteristicas-empleado-digital\/\">multitarea<\/a><\/strong>?<\/p>\n<p><!--more--><\/p>\n<p>Sin embargo, desempe\u00f1ar todas y cada unas de las tareas de forma eficaz puede resultar misi\u00f3n imposible, <strong>impidiendo el buen desarrollo de tu negocio<\/strong> por la simple &#8220;cabezoner\u00eda&#8221; de querer ocuparte de todo y no delegar o por creer que &#8220;es mejor si lo hago yo&#8221;.<span id=\"more-35729\"><\/span><\/p>\n<p>Si te sientes cansado, <a href=\"https:\/\/www.sage.com\/es-es\/blog\/los-diez-trabajos-mas-estresantes-y-los-diez-que-menos-estres-causan-infografia\/\">estresado<\/a>, agotado o notas que en la empresa no todo est\u00e1 yendo bien, puede significar que tu vaso est\u00e1 en el l\u00edmite y que es momento de <strong>delegar tareas<\/strong> si no quieres que todo el agua se derrame.<\/p>\n<h2>Seis razones por las que delegar tareas<\/h2>\n<p>Los <a href=\"https:\/\/www.sage.com\/es-es\/blog\/sintomas-equipo-de-trabajo-fracasa\/\"><strong>equipos de trabajo<\/strong><\/a> son vitales para el desarrollo y progreso de una empresa. Aunque es cierto que las tareas individuales son fundamentales, las actividades o labores en grupo son m\u00e1s fruct\u00edferas.<\/p>\n<p>Si el delegar tareas trae m\u00e1s beneficios que fracasos, \u00bfpor qu\u00e9 en algunas empresas hay directivos o empleados con exceso de trabajo? Te mostramos una lista de las razones que te ayudar\u00e1n a elegir esta opci\u00f3n.<\/p>\n<h3><strong>1. Aumentar el talento<\/strong><\/h3>\n<p>A largo plazo y con continuas labores delegadas, las personas de tu equipo comenzar\u00e1n a potenciarse y desarrollarse en varios aspectos, <a href=\"https:\/\/www.sage.com\/es-es\/blog\/como-gestionar-el-talento-en-el-siglo-xxi-llega-el-relevo-generacional-ebook\/\">exponiendo su talento y esfuerzo en cumplir con lo que se pide<\/a>.<\/p>\n<h3><strong>2. Dispondr\u00e1s de m\u00e1s tiempo para ti y para desarrollar otras tareas<\/strong><\/h3>\n<p>A veces, llegar al l\u00edmite es lo que hace poner soluci\u00f3n a la situaci\u00f3n. Una de las razones por las que una persona decide que es momento de delegar es porque no es capaz de concluir, de forma eficaz y dentro de su jornada laboral, el trabajo asignado.<\/p>\n<p>Al delegar la sobrecarga de tareas, podr\u00e1s hacerte cargo a plena conciencia de la gesti\u00f3n de las tareas que m\u00e1s te requieran, as\u00ed de disponer de cierto tiempo libre.<\/p>\n<h3><strong>3. Disminuye el estr\u00e9s<\/strong><\/h3>\n<p>Hay quien dice que trabajar bajo estr\u00e9s o presi\u00f3n funciona. Es posible. Pero una presi\u00f3n contin\u00faa termina estallando por alg\u00fan sitio, como, por ejemplo, en estr\u00e9s. Una sobrecarga de trabajo que perdura en el tiempo, acompa\u00f1ado de un trabajo que no sale adelante tal y como estaba planificado, har\u00e1 que aparezcan<a href=\"https:\/\/www.sage.com\/es-es\/blog\/estres-postvacacional-como-combatirlo-para-que-la-productividad-no-se-vea-limitada\/\"> claros s\u00edntomas de estr\u00e9s<\/a>.<\/p>\n<p>Al delegar tareas, \u00e9stas pasar\u00e1n a ser compartidas, disminuyendo la carga de trabajo y siendo m\u00e1s f\u00e1cil focalizarse en los objetivos y cumplir con los plazos establecidos.<\/p>\n<h3><strong>4. Promueve la motivaci\u00f3n<\/strong><\/h3>\n<p>Que tu jefe conf\u00ede en tus habilidades y destrezas para hacer una tarea que es suya motiva. Significa que estamos creyendo en sus capacidades, que creemos en \u00e9l o ella para desarrollar la funci\u00f3n encomendada de manera resolutiva. Todo ello se traducir\u00e1 en un <a href=\"https:\/\/www.sage.com\/es-es\/blog\/como-aumentar-la-satisfaccion-de-tus-empleados-ebook\/\">trabajador mucho m\u00e1s valorado<\/a> y motivado.<\/p>\n<h3><strong>5. Mejora la productividad<\/strong><\/h3>\n<p>Cuando se delega de forma adecuada, bajo unos criterios, el rendimiento incrementa. Es m\u00e1s, cuando dentro de la empresa la plantilla conoce a la perfecci\u00f3n qu\u00e9 es lo que tiene que hacer y c\u00f3mo tiene que hacerlo, sin tener que perder tiempo en desconocimiento, la productividad de la empresa se ver\u00e1 incrementada.<\/p>\n<h3><strong>6. Desarrolla y aumenta las capacidades de tus trabajadores<\/strong><\/h3>\n<p>Al traspasar tus tareas a otras personas, les est\u00e1s ofreciendo la oportunidad de aprender, crecer profesionalmente, moverse en otros campos <a href=\"https:\/\/www.sage.com\/es-es\/blog\/razones-para-perder-trabajadores\/\">desarrollando nuevas habilidades y destrezas<\/a>. De esta forma estar\u00e1s creando un equipo mucho m\u00e1s cualificado.<\/p>\n<h2>\u00bfPor qu\u00e9 cuesta tanto delegar?<\/h2>\n<p>Con frecuencia, muchos emprendedores y CEO llenan su tiempo hasta el punto de no dar m\u00e1s de s\u00ed mismos. No se dan cuenta de que querer hacerlo todo es como llenar un vaso de agua hasta el borde y querer andar con \u00e9l. Elvaso ha alcanzado su capacidad m\u00e1xima, est\u00e1 al borde de derramamiento. Ese vaso eres t\u00fa.<\/p>\n<p>Una de las causas que hace que cueste tanto delegar es que se suele pensar que <strong>somos los \u00fanicos capaces de hacer un buen trabajo<\/strong>. Bien, eso puede ser correcto en algunos casos. Sin embargo, recuerda esto: el hecho de que puedas hacer una tarea mejor que otro no implica que ocuparte de ella sea el mejor uso de tu tiempo.<\/p>\n<p>En otras ocasiones, suele tenerse <strong>miedo a perder &#8220;el control&#8221;<\/strong>. Otras veces es dif\u00edcil decidir <strong>cu\u00e1l es el mejor momento para delegar o, directamente, no saben qu\u00e9 delegar<\/strong>. Sin embargo, es sencillo. Existen dos tareas que son las que no o las \u00faltimas que hay que delegar:<\/p>\n<ul>\n<li>Las <strong>tareas estrat\u00e9gicas<\/strong> que requieran creatividad e innovaci\u00f3n, y que son claves para el desarrollo del negocio.<\/li>\n<li>Las <strong>tareas que conformen tu &#8220;mayor arte&#8221;.<\/strong> Eso que t\u00fa haces como nadie y que te apasiona. Ya sea escribir, encargarte de los clientes, dise\u00f1ar\u2026 Intenta que sea de las \u00faltimas en delegar.<\/li>\n<\/ul>\n<p>El resto de tareas son aptas para ser delegables. Lo que peor se te d\u00e9 hacer, resolver problemas, tareas rutinarias o que no te de tiempo hacer\u2026. Si quieres saber m\u00e1s sobre<em>c\u00f3mo delegar tareas<\/em>, aqu\u00ed tienes una infograf\u00eda que puedes compartir.<\/p>\n\n<div class=\"single-cta\">\n\t<div class=\"single-cta__positioner\">\n\t\t<div class=\"single-cta__wrapper has-dark-background-color\">\n\t\t\t<div class=\"single-cta__content\">\n\t\t\t\t\t\t\t\t<h2 class=\"single-cta__title h3\">Aprende a delegar tareas <\/h2>\n\n\t\t\t\t\t\t\t\t\t<div class=\"single-cta__description\">\n\t\t\t\t\t\t<p><img loading=\"lazy\" decoding=\"async\" class=\" wp-image-16103 alignleft\" src=\"https:\/\/www.sage.com\/es-es\/blog\/wp-content\/uploads\/sites\/8\/2020\/01\/Icon-page.png\" alt=\"Sage\" width=\"58\" height=\"58\" \/><\/p>\n<p>- Descarga tu copia gratuita<br \/>\nde la infograf\u00eda<\/p>\n<p>- Conoce c\u00f3mo puedes aprender<br \/>\na delegar tareas en tu empresa<\/p>\n\t\t\t\t\t<\/div>\n\t\t\t\t\n\t\t\t\t\t\t\t\t\t\t\t\t\t\t<a\n\t\t\t\t\t\thref=\"https:\/\/www.sage.com\/es-es\/blog\/wp-content\/uploads\/sites\/8\/2021\/05\/INFGR_Como-aprender-a-delegar-tareas-760px-scaled.jpg\"\n\t\t\t\t\t\tclass=\"single-cta__button button button--primary\"\n\t\t\t\t\t\t\t\t\t\t\t\t\tid=\"cta-id-18431\"\n\t\t\t\t\t\t\t\t\t\t\t\t\t\t\t\t\t\t\tdata-button-location=\"cta_box\"\n\t\t\t\t\t\t\t\t\t\t\t>Descarga la infograf\u00eda<\/a>\n\t\t\t\t\t\t\t<\/div>\n\n\t\t\t\t\t<\/div>\n\n\t\t\t\t\t<img decoding=\"async\" width=\"1214\" height=\"810\" src=\"https:\/\/www.sage.com\/es-es\/blog\/wp-content\/uploads\/sites\/8\/2021\/05\/GettyImages-9421773121-1214x810.jpg\" class=\"single-cta__image\" alt=\"Sage\" loading=\"lazy\" srcset=\"https:\/\/www.sage.com\/es-es\/blog\/wp-content\/uploads\/sites\/8\/2021\/05\/GettyImages-9421773121-1214x810.jpg 1214w\" sizes=\"auto, (min-width: 48em) 33vw, 100vw\" \/>\t\t\t<\/div>\n<\/div>\n<\/div>","protected":false},"excerpt":{"rendered":"<p>Atender a los clientes y proveedores, gestionar la contabilidad de la empresa, dise\u00f1ar estrategias para dar a conocer la marca, controlar cada uno de los proyectos de los trabajadores\u2026. \u00bfTe suena esta situaci\u00f3n? \u00bfSueles ocuparte de todo en tu negocio y te has convertido en un emprendedor\/gerente multiusos o multitarea?<\/p>\n","protected":false},"author":239,"featured_media":8580,"comment_status":"open","ping_status":"closed","sticky":false,"template":"","format":"standard","meta":{"_sage_video":false,"post_featured_image_hide":false,"footnotes":""},"categories":[4],"tags":[139,59,108],"business_type":[10,11],"lilypad":[],"context":[],"industry":[],"persona":[],"imagine_tag":[282],"coauthors":[500],"class_list":["post-6578","post","type-post","status-publish","format-standard","has-post-thumbnail","hentry","category-personas-liderazgo","tag-gestion-de-personas","tag-infografia","tag-management","business_type-pequena-empresa","business_type-mediana-empresa"],"sage_meta":{"region":"es-es","author_name":"Eva Cort\u00e9s","featured_image":"https:\/\/www.sage.com\/es-es\/blog\/wp-content\/uploads\/sites\/8\/2017\/12\/ThinkstockPhotos-177760458.jpg","imagine_tags":{"282":"RRHH y n\u00f3minas"}},"distributor_meta":false,"distributor_terms":false,"distributor_media":false,"distributor_original_site_name":"Sage Advice Espa\u00f1a","distributor_original_site_url":"https:\/\/www.sage.com\/es-es\/blog","push-errors":false,"_links":{"self":[{"href":"https:\/\/www.sage.com\/es-es\/blog\/api\/wp\/v2\/posts\/6578","targetHints":{"allow":["GET"]}}],"collection":[{"href":"https:\/\/www.sage.com\/es-es\/blog\/api\/wp\/v2\/posts"}],"about":[{"href":"https:\/\/www.sage.com\/es-es\/blog\/api\/wp\/v2\/types\/post"}],"author":[{"embeddable":true,"href":"https:\/\/www.sage.com\/es-es\/blog\/api\/wp\/v2\/users\/239"}],"replies":[{"embeddable":true,"href":"https:\/\/www.sage.com\/es-es\/blog\/api\/wp\/v2\/comments?post=6578"}],"version-history":[{"count":0,"href":"https:\/\/www.sage.com\/es-es\/blog\/api\/wp\/v2\/posts\/6578\/revisions"}],"wp:featuredmedia":[{"embeddable":true,"href":"https:\/\/www.sage.com\/es-es\/blog\/api\/wp\/v2\/media\/8580"}],"wp:attachment":[{"href":"https:\/\/www.sage.com\/es-es\/blog\/api\/wp\/v2\/media?parent=6578"}],"wp:term":[{"taxonomy":"category","embeddable":true,"href":"https:\/\/www.sage.com\/es-es\/blog\/api\/wp\/v2\/categories?post=6578"},{"taxonomy":"post_tag","embeddable":true,"href":"https:\/\/www.sage.com\/es-es\/blog\/api\/wp\/v2\/tags?post=6578"},{"taxonomy":"business_type","embeddable":true,"href":"https:\/\/www.sage.com\/es-es\/blog\/api\/wp\/v2\/business_type?post=6578"},{"taxonomy":"lilypad","embeddable":true,"href":"https:\/\/www.sage.com\/es-es\/blog\/api\/wp\/v2\/lilypad?post=6578"},{"taxonomy":"context","embeddable":true,"href":"https:\/\/www.sage.com\/es-es\/blog\/api\/wp\/v2\/context?post=6578"},{"taxonomy":"industry","embeddable":true,"href":"https:\/\/www.sage.com\/es-es\/blog\/api\/wp\/v2\/industry?post=6578"},{"taxonomy":"persona","embeddable":true,"href":"https:\/\/www.sage.com\/es-es\/blog\/api\/wp\/v2\/persona?post=6578"},{"taxonomy":"imagine_tag","embeddable":true,"href":"https:\/\/www.sage.com\/es-es\/blog\/api\/wp\/v2\/imagine_tag?post=6578"},{"taxonomy":"author","embeddable":true,"href":"https:\/\/www.sage.com\/es-es\/blog\/api\/wp\/v2\/coauthors?post=6578"}],"curies":[{"name":"wp","href":"https:\/\/api.w.org\/{rel}","templated":true}]}}