{"id":6682,"date":"2019-05-01T00:00:35","date_gmt":"2019-04-30T22:00:35","guid":{"rendered":"https:\/\/www.sage.com\/es-es\/blog\/siete-derechos-alcanzados-por-los-trabajadores-en-el-ultimo-siglo-y-otros-cinco-que-conseguiremos\/"},"modified":"2026-02-04T18:12:03","modified_gmt":"2026-02-04T17:12:03","slug":"derechos-de-los-trabajadores","status":"publish","type":"post","link":"https:\/\/www.sage.com\/es-es\/blog\/derechos-de-los-trabajadores\/","title":{"rendered":"Siete derechos alcanzados por los trabajadores en el \u00faltimo siglo"},"content":{"rendered":"<header class=\"entry-header has-dark-background-color entry-header--has-illustration entry-header--has-illustration--generic\">\n\t<div class=\"container\">\n\t\t<div class=\"entry-header__row row align-center\">\n\t\t\t<div class=\"col col-lg-7 col-xlg-6 entry-header__content\">\n\t\t\t\t\t\t\t<div class=\"component component-single-header\">\n\t\t\t\t\t\t\t\t\t\t<div class=\"entry-header__misc text--subtitle text--uppercase text--small\">\n\t\t\t\t\t\t\t<a href=\"https:\/\/www.sage.com\/es-es\/blog\/categoria\/legal\/\" class=\"entry-header__link\">Legal<\/a>\t\t\t\t\t\t<\/div>\n\t\t\t\t\n\t\t\t\t<div class=\"entry-title-wrapper\">\n\t\t\t\t\t<h1 class=\"entry-title\">\n\t\t\t\t\t\tSiete derechos alcanzados por los trabajadores en el \u00faltimo siglo\t\t\t\t\t<\/h1>\n\t\t\t\t<\/div>\n\n\t\t\t\t\t\t\t\t\t<p class=\"entry-header__description\">\n\t\t\t\t\t\t\t\t\t\t\t<\/p>\n\t\t\t\t\n\t\t\t\t\n\t\t\t\t\n\t\t\t<\/div>\n\n\t\t\t\t\t<\/div>\n\t\t\t\t\t<\/div>\n\t<\/div>\n\t<div class=\"single-post-details container\">\n\t\t<div class=\"col\">\n\t\t\t<span class=\"posted-on \"><time class=\"entry-date published\" datetime=\"2019-05-01T00:00:35+02:00\">1 May, 2019<\/time><\/span><span class=\"reading-time\"> minutos de lectura<\/span>\n\t\t<button\n\t\t\ttype=\"button\"\n\t\t\tclass=\"social-share-button button button--icon button--secondary js-social-share-button\"\n\t\t\tdata-share-title=\"Siete derechos alcanzados por los trabajadores en el \u00faltimo siglo\"\n\t\t\tdata-share-url=\"https:\/\/www.sage.com\/es-es\/blog\/derechos-de-los-trabajadores\/\"\n\t\t\tdata-share-text=\"Please read this interesting article\"\n\t\t>\n\t\t\t<span class=\"social-share-button__share-label\">Compartir<\/span>\n\t\t\t<span class=\"social-share-button__copy-label\" hidden>Copiar enlace<\/span>\n\t\t\t<span class=\"social-share-button__copy-tooltip\" aria-hidden=\"true\" hidden>Copiado<\/span>\n\t\t<\/button>\n\n\t\t\t\t<\/div>\n\t<\/div>\n<\/header>\n\n\n\n<div class=\"wp-block-post-author has-dark-background-color alignfull\">\n\t<div class=\"container\">\n\t\t<div class=\"col\">\n\t\t\t\t\t\t\t<div class=\"co-authors\">\n\t\t\t\t\t\n\t\t<div class=\"entry-author-wrapper\">\n\t\t\t<a class=\"entry-author\" href=\"https:\/\/www.sage.com\/es-es\/blog\/author\/carlos-roberto-cabelllo\/\">\n\t\t\t\t<img loading=\"lazy\" decoding=\"async\" width=\"40\" height=\"40\" src=\"https:\/\/www.sage.com\/es-es\/blog\/wp-content\/uploads\/sites\/8\/2017\/10\/Carlos-Roberto-Cabello.jpg\" class=\"entry-author__image\" alt=\"Carlos Roberto Cabello\" \/>\t\t\t\t<span class=\"entry-author__name\">Carlos Roberto Cabello<\/span>\n\t\t\t<\/a>\n\n\t\t\t\t\t<\/div>\n\n\t\t\t\t\t\t<\/div>\n\t\t\t\t\t<\/div>\n\t<\/div>\n<\/div>\n\n\n\n<p>Un post con <strong>contenido actualizado<\/strong>, en el que, con motivo de la celebraci\u00f3n el 1 de mayo del D\u00eda de los Trabajadores, hablamos sobre cu\u00e1les son los derechos alcanzados en el \u00faltimo siglo.<\/p>\n\n\n\n<p>El 1 de mayo se conmemora la lucha sindical iniciada un 1 de mayo del a\u00f1o 1886 en Chicago. Los trabajadores reivindicaban una <u><a href=\"https:\/\/www.sage.com\/es-es\/blog\/jornada-laboral-en-las-empresas-todo-lo-que-debes-saber\/\">jornada laboral de 8 horas<\/a><\/u>, que mejorara la \u00fanica limitaci\u00f3n establecida hasta el momento de no poder trabajar m\u00e1s de 18 horas seguidas sin causa justificada. Por eso vamos a hacer un repaso a algunos de los <strong>derechos que hemos alcanzado los trabajadores en el \u00faltimo siglo.<\/strong><\/p>\n\n\n\n<p>La huelga de Chicago dur\u00f3 tres d\u00edas y hubo una decena de muertos y m\u00faltiples heridos. Afortunadamente, hoy en d\u00eda, este tipo de enfrentamientos, al menos en los pa\u00edses democr\u00e1ticos, son cosa del pasado. Hoy el primero de mayo se ha convertido en una <strong>fecha reivindicativa de car\u00e1cter festivo<\/strong>. Pero todav\u00eda hay derechos y demandas de los trabajadores que est\u00e1n pendientes y que tienen como objetivo mejorar sus condiciones laborales (y de vida, por ende).<\/p>\n\n\n\n<hr class=\"wp-block-separator has-alpha-channel-opacity\"\/>\n\n\n\n<h3 class=\"wp-block-heading\" id=\"h-te-interesa\">TE INTERESA<\/h3>\n\n\n\n<ul class=\"wp-block-list\">\n<li><em>Con el anteproyecto de ley del teletrabajo se pretende responder a una nueva realidad ocasionada por el COVID-19.<\/em><\/li>\n\n\n\n<li><em>As\u00ed, puede que el trabajo en remoto sea pr\u00f3ximamente otro derecho adquirido por los trabajadores.<\/em><\/li>\n<\/ul>\n\n\n\n<p><strong>Ent\u00e9rate en este art\u00edculo de todos los detalles de la pr\u00f3xima ley del <a href=\"https:\/\/www.sage.com\/es-es\/blog\/anteproyecto-ley-teletrabajo-empleados-negociar-horario\/\">teletrabajo.<\/a><br>\n<\/strong><\/p>\n\n\n\n<hr class=\"wp-block-separator has-alpha-channel-opacity\"\/>\n\n\n\n<h2 class=\"wp-block-heading\" id=\"h-derechos-de-los-trabajadores-alcanzados-en-el-ultimo-siglo\">Derechos de los trabajadores alcanzados en el \u00faltimo siglo<\/h2>\n\n\n\n<ol class=\"wp-block-list\">\n<li><br><h3>Jornada laboral de ocho horas<\/h3><br><\/li>\n<\/ol>\n\n\n\n<p>Aunque ya hemos comentado que la jornada laboral de ocho horas surgi\u00f3 con la huelga de Chicago en 1886, en Espa\u00f1a no se consigui\u00f3 de forma oficial hasta la <strong>huelga de La Canadiense en 1919<\/strong>. Se trataba de una empresa energ\u00e9tica que suministraba electricidad a la mayor parte de la ciudad. La huelga reivindicando la jornada de ocho horas paraliz\u00f3 pr\u00e1cticamente la industria de Barcelona, pero finalmente se logr\u00f3 y, pocos meses despu\u00e9s, el Gobierno lo implant\u00f3 con car\u00e1cter de ley para todo el pa\u00eds.<\/p>\n\n\n\n<ol start=\"2\" class=\"wp-block-list\">\n<li><br><h3>Derecho a la baja por maternidad y paternidad<\/h3><br><\/li>\n<\/ol>\n\n\n\n<p>Algo que ha sido <strong>m\u00e1s importante a medida que la mujer se ha ido incorporando al mercado laboral<\/strong>. Hay que tener en cuenta que en muchas ocasiones la llegada de los hijos supon\u00eda que dejaban de trabajar, para ocuparse de los m\u00e1s peque\u00f1os, sin tener derecho a una baja laboral remunerada, aunque el <u><a href=\"https:\/\/www.sage.com\/es-es\/blog\/secretos-de-las-bajas-laborales-embarazo-y-maternidad\/\">seguro de maternidad<\/a><\/u> est\u00e1 vigente en Espa\u00f1a desde 1923.<\/p>\n\n\n\n<p>Actualmente, en Espa\u00f1a, la <strong>baja por maternidad es de 16 semanas<\/strong>, mientras que la de paternidad recientemente se ha aumentado a <a href=\"https:\/\/www.elperiodico.com\/es\/economia\/20170306\/permiso-paternidad-5873123\">8 semanas.<\/a> No hay unanimidad, ya que los <u>pa\u00edses m\u00e1s avanzados de Europa,<\/u> en esta materia tienen m\u00e1s de un a\u00f1o de baja, aunque otros dentro de la UE tienen menos d\u00edas que Espa\u00f1a.<\/p>\n\n\n\n<ol start=\"3\" class=\"wp-block-list\">\n<li><br><h3>Derecho a la reducci\u00f3n de jornada para el cuidado de hijos<\/h3><br><\/li>\n<\/ol>\n\n\n\n<p>Otro de los aspectos importantes en un momento de la vida de los<strong> trabajadores es cuando se tienen hijos de corta edad<\/strong>. Quiz\u00e1s el problema est\u00e1 en que esta <u><a href=\"https:\/\/www.sage.com\/es-es\/blog\/claves-legales-sobre-la-reduccion-de-jornada-por-cuidado-de-menores-yo-dependientes\/\">reducci\u00f3n de jornada<\/a><\/u> la realizan mayoritariamente las madres, cuando se tendr\u00eda que lograr que fuera lo m\u00e1s paritaria posible. Afecta a aquellos que tienen hijos menores de 12 a\u00f1os y se puede reducir de una a cuatro horas diarias con la correspondiente reducci\u00f3n de salario.<\/p>\n\n\n\n<ol start=\"4\" class=\"wp-block-list\">\n<li><br><h3>Derecho al descanso<\/h3><br><\/li>\n<\/ol>\n\n\n\n<p>Viene asociado a la jornada laboral de cuarenta horas. Pero <strong>descansar al menos un d\u00eda a la semana<\/strong> parece un derecho conseguido, aunque no siempre aplicado. No tenemos m\u00e1s que ver las jornadas de empleados del sector tur\u00edstico, donde al trabajar una corta temporada del a\u00f1o concentran todas las horas en unos pocos meses, pasando varios de ellos sin llegar a tener un solo d\u00eda libre.<\/p>\n\n\n\n<p>El hecho de tener jornadas de menos de ocho horas puede llevar a <strong>trabajar durante todos los d\u00edas de la semana<\/strong> 5 o 6 horas. Tambi\u00e9n, con la llegada de <em>minijobs<\/em> y diferentes contratos de trabajo en muchos sectores, se pueden encadenar muchos d\u00edas trabajando de forma consecutiva. A mayor precariedad laboral, mayor riesgo.<\/p>\n\n\n\n<ol start=\"5\" class=\"wp-block-list\">\n<li><br><h3>Vacaciones anuales pagadas<\/h3><br><\/li>\n<\/ol>\n\n\n\n<p>Algo que damos por hecho, pero que no fue hasta la 2\u00aa Rep\u00fablica cuando se introduce, es la Ley del Contrato del Trabajo que permit\u00eda a los trabajadores disfrutar de <strong>siete d\u00edas de descanso anuales remunerados<\/strong>. Ya durante la dictadura y con posteriores reformas legislativas se fue ampliando dicho derecho hasta llegar a los 30 d\u00edas naturales actuales.<\/p>\n\n\n\n<ol start=\"6\" class=\"wp-block-list\">\n<li><br><h3>Derecho a una pensi\u00f3n llegado el momento de la jubilaci\u00f3n<\/h3><br><\/li>\n<\/ol>\n\n\n\n<p>Esta es una legislaci\u00f3n que se ha venido desarrollando en mayor o menor medida desde 1900, pero no ser\u00eda hasta la d\u00e9cada de los <strong>a\u00f1os sesenta del siglo XX cuando se fijaron las bases de la Seguridad Social<\/strong> y el sistema de pensiones tal y como lo conocemos actualmente, al menos en su mayor parte. Pensiones de <u><a href=\"https:\/\/www.sage.com\/es-es\/blog\/jubilacion-activa-del-autonomo-7-claves-para-tomar-la-mejor-decision\/\">jubilaci\u00f3n <\/a><\/u>e invalidez, que est\u00e1n basadas en las cotizaciones de los trabajadores, un sistema actualmente en cuesti\u00f3n por sus problemas de financiaci\u00f3n a corto y medio plazo.<\/p>\n\n\n\n<ol start=\"7\" class=\"wp-block-list\">\n<li><br><h3>Derecho a cobrar el desempleo si nos quedamos sin trabajo<\/h3><br><\/li>\n<\/ol>\n\n\n\n<p>Algo similar ocurre con el cobro del subsidio de desempleo, que dio sus <strong>primeros pasos durante la 2\u00aa Rep\u00fablica<\/strong>, pero que no vio desarrollado, tal y como lo conocemos hasta los <u><a href=\"http:\/\/www.elblogsalmon.com\/historia-de-la-economia\/la-historia-de-la-prestacion-por-desempleo-en-espana-historia-de-altibajos-mejoras-y-recortes\">a\u00f1os sesenta del pasado siglo<\/a><\/u>. Los recortes de los \u00faltimos a\u00f1os en la cuant\u00eda de estas prestaciones han sido notables.<\/p>\n\n\n\n<h2 class=\"wp-block-heading\" id=\"h-autonomos-un-sector-en-el-que-hay-mucho-por-hacer\">Aut\u00f3nomos: un sector en el que hay mucho por hacer<\/h2>\n\n\n\n<p>Pero no todo est\u00e1 conseguido y, como hemos visto con el caso del paro, puede haber <strong>retrocesos en muchos sectores<\/strong>. Por eso son muchas las reivindicaciones pendientes por lograr.<\/p>\n\n\n\n<p>Y es que precisamente el paro, junto con las bajas laborales o la jubilaci\u00f3n son algunos de los principales motivos de preocupaci\u00f3n para casi un 60% de los aut\u00f3nomos y trabajadores por cuenta ajena, seg\u00fan refleja el informe realizado con <strong>motivo del D\u00eda del Trabajador<\/strong> por el comparador de seguros <a href=\"http:\/\/email.acierto.com\/wf\/click?upn=GOI96PadzaSNq5JtYg7XeM11RkyX4IIRSdkvAZGn4gbHnX5A0QUSGfe0l4hGJwId_cf3FvYGjKaKao1Sy0vDRhuLpLdyLc-2BW8khRzJQcHEZxfeU8A-2BIKul6pYbleXMQcTsoJ4goR91EAYFz0K1IbMtt7-2B0qniW3U0l7vmJqld3CbmafFwSzIKYTlcKgXI0BMr9JySg4QT83XG2VuyaqEmpwWyonOzVMj-2FPiAB2yQaS9vOnop5Idc-2BUwe8kguUC2Gtr-2Fy7fDl3Alj8jLtyo36Js-2FrV0-2FJEg6OMNOa4Wnl-2BBaj55eGgHF6Votk7Wb5XSaxj8SKJtmWBTQbyDFu143DtZQ-3D-3D\">Acierto.com<\/a>.<\/p>\n\n\n\n<p>Del mismo estudio cabe destacar que, aunque el a\u00f1o pasado este sector creci\u00f3 notablemente, los datos m\u00e1s recientes muestran una deceleraci\u00f3n de este crecimiento. Fueron 6.000 <a href=\"https:\/\/www.sage.com\/es-es\/blog\/irpf-para-autonomos-en-2019-todas-las-novedades\/\">los aut\u00f3nomos<\/a> que se registraron en el primer trimestre de 2018, mientras que en 2019 apenas se ha llegado a los 1.600 en el mismo periodo. En definitiva, cinco veces menos trabajadores por cuenta ajena que en 2018.<\/p>\n\n\n\n<p>De esta manera y aunque el a\u00f1o pasado el n\u00famero de trabajadores por cuenta propia creci\u00f3 notablemente, los datos m\u00e1s recientes revelan una <strong>deceleraci\u00f3n de este crecimiento<\/strong>: en concreto, los aut\u00f3nomos han aumentado cinco veces menos que en 2018. En n\u00fameros, fueron 6.000 los que se registraron en el primer trimestre de 2018. Este 2019 apenas hemos llegado a los 1.600 trabajadores en el mismo periodo.<\/p>\n\n\n\n<h2 class=\"wp-block-heading\" id=\"h-el-trabajador-espanol-insatisfecho-y-poco-realizado-en-su-puesto-de-trabajo\">El trabajador espa\u00f1ol: insatisfecho y poco realizado en su puesto de trabajo<\/h2>\n\n\n\n<p>Seg\u00fan el mismo informe mencionado arriba, el <strong>desempleo encabeza la lista de preocupaciones de los espa\u00f1oles<\/strong>, por delante de la corrupci\u00f3n y el fraude. Algo l\u00f3gico teniendo en cuenta que el \u00faltimo trimestre del a\u00f1o cerr\u00f3 con 49.000 parados m\u00e1s (el peor arranque de a\u00f1o desde el 2013).<\/p>\n\n\n\n<p>Para entre los afortunados que cuentan con un puesto de trabajo la cosa tampoco mejora: poco realizados y peor valorados, as\u00ed es como se sienten en sus empresas. La <a href=\"https:\/\/www.sage.com\/es-es\/blog\/mejora-el-empleo-pero-no-suben-los-salarios\/\">retribuci\u00f3n salarial<\/a> sigue siendo uno de los grandes \u201ccaballos de batalla\u201d de las empresas. Solo 3 de cada 10 espa\u00f1oles encuestados se siente satisfecho con lo que cobra. Por otro lado, la falta de reconocimiento en general de superiores y jefes y la no proyecci\u00f3n profesional son tambi\u00e9n puntos negativos y que incrementan este sentimiento.<\/p>\n\n\n\n<p>Este \u201cc\u00f3ctel\u201d hace que del informe se extraiga un dato a tener en cuenta: <strong>el 60% de los espa\u00f1oles busca activamente empleo<\/strong>, utilizando principalmente los portales espec\u00edficos online o las redes sociales.<\/p>\n\n\n\n<p>En un d\u00eda como hoy, m\u00e1s all\u00e1 de la celebraci\u00f3n del Primero de Mayo como origen del movimiento obrero moderno, no est\u00e1 de m\u00e1s no olvidarnos de todos estos <strong>derechos adquiridos,<\/strong> adem\u00e1s de reflexionar sobre todo lo que queda a\u00fan por conseguir: desde una conciliaci\u00f3n laboral generalizada o la eliminaci\u00f3n de la brecha salarial entre hombres y mujeres.<\/p>\n\n\n<div class=\"single-cta\">\n\t<div class=\"single-cta__positioner\">\n\t\t<div class=\"single-cta__wrapper has-dark-background-color\">\n\t\t\t<div class=\"single-cta__content\">\n\t\t\t\t\t\t\t\t<h2 class=\"single-cta__title h3\">Subscr\u00edbete a la newsletter de Sage Advice<\/h2>\n\n\t\t\t\t\t\t\t\t\t<div class=\"single-cta__description\">\n\t\t\t\t\t\t<p>Recibe nuestros consejos m\u00e1s recientes directamente en la bandeja de entrada de tu correo electr\u00f3nico.<\/p>\n\t\t\t\t\t<\/div>\n\t\t\t\t\n\t\t\t\t\t\t\t\t\t\t\t\t\t\t<a\n\t\t\t\t\t\thref=\"#gate-263a5c00-99e4-4e71-8421-469deda8e674\"\n\t\t\t\t\t\tclass=\"single-cta__button button button--primary\"\n\t\t\t\t\t\t\t\t\t\t\t\t\t\t\t\t\t>Suscr\u00edbete<\/a>\n\t\t\t\t\t\t\t<\/div>\n\n\t\t\t\t\t<\/div>\n\n\t\t\t\t\t<img decoding=\"async\" width=\"1440\" height=\"810\" src=\"https:\/\/www.sage.com\/es-es\/blog\/wp-content\/uploads\/sites\/8\/2022\/04\/GettyImages-1171960556-1440x810.jpg\" class=\"single-cta__image\" alt=\"Sage\" loading=\"lazy\" srcset=\"https:\/\/www.sage.com\/es-es\/blog\/wp-content\/uploads\/sites\/8\/2022\/04\/GettyImages-1171960556-1440x810.jpg 1440w\" sizes=\"auto, (min-width: 48em) 33vw, 100vw\" \/>\t\t\t<\/div>\n<\/div>\n","protected":false},"excerpt":{"rendered":"<p>Un post con contenido actualizado, en el que, con motivo de la celebraci\u00f3n el 1 de mayo del D\u00eda de los Trabajadores, hablamos sobre cu\u00e1les son los derechos alcanzados en el \u00faltimo siglo. El 1 de mayo se conmemora la lucha sindical iniciada un 1 de mayo del a\u00f1o 1886 en Chicago. Los trabajadores reivindicaban [&hellip;]<\/p>\n","protected":false},"author":244,"featured_media":7984,"comment_status":"open","ping_status":"closed","sticky":false,"template":"","format":"standard","meta":{"_sage_video":false,"post_featured_image_hide":false,"footnotes":""},"categories":[6],"tags":[236,149],"business_type":[10,11],"lilypad":[],"context":[],"industry":[],"persona":[],"imagine_tag":[258,263],"coauthors":[413],"class_list":["post-6682","post","type-post","status-publish","format-standard","has-post-thumbnail","hentry","category-legal","tag-recursos-humanos","tag-relaciones-laborales","business_type-pequena-empresa","business_type-mediana-empresa"],"sage_meta":{"region":"es-es","author_name":"Carlos Roberto Cabello","featured_image":"https:\/\/www.sage.com\/es-es\/blog\/wp-content\/uploads\/sites\/8\/2017\/12\/13-diciembre-Sage_KWAutomotive_DE_031116_4105-1675x1225.jpg","imagine_tags":{"258":"Gesti\u00f3n de equipos","263":"Tecnolog\u00eda"}},"distributor_meta":false,"distributor_terms":false,"distributor_media":false,"distributor_original_site_name":"Sage Advice Espa\u00f1a","distributor_original_site_url":"https:\/\/www.sage.com\/es-es\/blog","push-errors":false,"_links":{"self":[{"href":"https:\/\/www.sage.com\/es-es\/blog\/api\/wp\/v2\/posts\/6682","targetHints":{"allow":["GET"]}}],"collection":[{"href":"https:\/\/www.sage.com\/es-es\/blog\/api\/wp\/v2\/posts"}],"about":[{"href":"https:\/\/www.sage.com\/es-es\/blog\/api\/wp\/v2\/types\/post"}],"author":[{"embeddable":true,"href":"https:\/\/www.sage.com\/es-es\/blog\/api\/wp\/v2\/users\/244"}],"replies":[{"embeddable":true,"href":"https:\/\/www.sage.com\/es-es\/blog\/api\/wp\/v2\/comments?post=6682"}],"version-history":[{"count":0,"href":"https:\/\/www.sage.com\/es-es\/blog\/api\/wp\/v2\/posts\/6682\/revisions"}],"wp:featuredmedia":[{"embeddable":true,"href":"https:\/\/www.sage.com\/es-es\/blog\/api\/wp\/v2\/media\/7984"}],"wp:attachment":[{"href":"https:\/\/www.sage.com\/es-es\/blog\/api\/wp\/v2\/media?parent=6682"}],"wp:term":[{"taxonomy":"category","embeddable":true,"href":"https:\/\/www.sage.com\/es-es\/blog\/api\/wp\/v2\/categories?post=6682"},{"taxonomy":"post_tag","embeddable":true,"href":"https:\/\/www.sage.com\/es-es\/blog\/api\/wp\/v2\/tags?post=6682"},{"taxonomy":"business_type","embeddable":true,"href":"https:\/\/www.sage.com\/es-es\/blog\/api\/wp\/v2\/business_type?post=6682"},{"taxonomy":"lilypad","embeddable":true,"href":"https:\/\/www.sage.com\/es-es\/blog\/api\/wp\/v2\/lilypad?post=6682"},{"taxonomy":"context","embeddable":true,"href":"https:\/\/www.sage.com\/es-es\/blog\/api\/wp\/v2\/context?post=6682"},{"taxonomy":"industry","embeddable":true,"href":"https:\/\/www.sage.com\/es-es\/blog\/api\/wp\/v2\/industry?post=6682"},{"taxonomy":"persona","embeddable":true,"href":"https:\/\/www.sage.com\/es-es\/blog\/api\/wp\/v2\/persona?post=6682"},{"taxonomy":"imagine_tag","embeddable":true,"href":"https:\/\/www.sage.com\/es-es\/blog\/api\/wp\/v2\/imagine_tag?post=6682"},{"taxonomy":"author","embeddable":true,"href":"https:\/\/www.sage.com\/es-es\/blog\/api\/wp\/v2\/coauthors?post=6682"}],"curies":[{"name":"wp","href":"https:\/\/api.w.org\/{rel}","templated":true}]}}