{"id":7925,"date":"2017-12-07T11:49:54","date_gmt":"2017-12-07T11:49:54","guid":{"rendered":"http:\/\/www.sage.com\/es-es\/blog\/?p=7925"},"modified":"2026-02-04T19:00:22","modified_gmt":"2026-02-04T18:00:22","slug":"ley-contratos-del-sector-publico-que-pueden-esperar-las-pymes-espanolas","status":"publish","type":"post","link":"https:\/\/www.sage.com\/es-es\/blog\/ley-contratos-del-sector-publico-que-pueden-esperar-las-pymes-espanolas\/","title":{"rendered":"Ley de Contratos del Sector P\u00fablico: \u00bfqu\u00e9 pueden esperar las pymes espa\u00f1olas?"},"content":{"rendered":"<header class=\"entry-header has-dark-background-color entry-header--has-illustration entry-header--has-illustration--generic\">\n\t<div class=\"container\">\n\t\t<div class=\"entry-header__row row align-center\">\n\t\t\t<div class=\"col col-lg-7 col-xlg-6 entry-header__content\">\n\t\t\t\t\t\t\t<div class=\"component component-single-header\">\n\t\t\t\t\t\t\t\t\t\t<div class=\"entry-header__misc text--subtitle text--uppercase text--small\">\n\t\t\t\t\t\t\t<a href=\"https:\/\/www.sage.com\/es-es\/blog\/categoria\/legal\/\" class=\"entry-header__link\">Legal<\/a>\t\t\t\t\t\t<\/div>\n\t\t\t\t\n\t\t\t\t<div class=\"entry-title-wrapper\">\n\t\t\t\t\t<h1 class=\"entry-title\">\n\t\t\t\t\t\tLey de Contratos del Sector P\u00fablico: \u00bfqu\u00e9 pueden esperar las pymes espa\u00f1olas?\t\t\t\t\t<\/h1>\n\t\t\t\t<\/div>\n\n\t\t\t\t\t\t\t\t\t<p class=\"entry-header__description\">\n\t\t\t\t\t\t\t\t\t\t\t<\/p>\n\t\t\t\t\n\t\t\t\t\n\t\t\t\t\n\t\t\t<\/div>\n\n\t\t\t\t\t<\/div>\n\t\t\t\t\t<\/div>\n\t<\/div>\n\t\t<div class=\"single-post-details container\">\n\t\t<div class=\"col\">\n\t\t\t<span class=\"posted-on \">Publicado el <time class=\"entry-date published\" datetime=\"2017-12-07T11:49:54+01:00\">7 diciembre, 2017<\/time><\/span><span class=\"reading-time\"> minutos de lectura<\/span>\n\t\t<button\n\t\t\ttype=\"button\"\n\t\t\tclass=\"social-share-button button button--icon button--secondary js-social-share-button\"\n\t\t\tdata-share-title=\"Ley de Contratos del Sector P\u00fablico: \u00bfqu\u00e9 pueden esperar las pymes espa\u00f1olas?\"\n\t\t\tdata-share-url=\"https:\/\/www.sage.com\/es-es\/blog\/ley-contratos-del-sector-publico-que-pueden-esperar-las-pymes-espanolas\/\"\n\t\t\tdata-share-text=\"Please read this interesting article\"\n\t\t>\n\t\t\t<span class=\"social-share-button__share-label\">Compartir<\/span>\n\t\t\t<span class=\"social-share-button__copy-label\" hidden>Copy Link<\/span>\n\t\t\t<span class=\"social-share-button__copy-tooltip\" aria-hidden=\"true\" hidden>Copied<\/span>\n\t\t<\/button>\n\n\t\t\t\t<\/div>\n\t<\/div>\n\t<\/header>\n\n\n\n<div class=\"wp-block-post-author has-dark-background-color alignfull\">\n\t<div class=\"container\">\n\t\t<div class=\"col\">\n\t\t\t\t\t\t\t<div class=\"co-authors\">\n\t\t\t\t\t\n\t\t<div class=\"entry-author-wrapper\">\n\t\t\t<a class=\"entry-author\" href=\"https:\/\/www.sage.com\/es-es\/blog\/author\/gonzalo-garcia-abad\/\">\n\t\t\t\t<img loading=\"lazy\" decoding=\"async\" width=\"40\" height=\"40\" src=\"https:\/\/www.sage.com\/es-es\/blog\/wp-content\/uploads\/sites\/8\/2024\/02\/Gonzalo-Garcia_2024_600x600-350x350.jpg\" class=\"entry-author__image\" alt=\"\" srcset=\"https:\/\/www.sage.com\/es-es\/blog\/wp-content\/uploads\/sites\/8\/2024\/02\/Gonzalo-Garcia_2024_600x600-350x350.jpg 350w, https:\/\/www.sage.com\/es-es\/blog\/wp-content\/uploads\/sites\/8\/2024\/02\/Gonzalo-Garcia_2024_600x600.jpg 600w\" sizes=\"auto, (max-width: 40px) 100vw, 40px\" \/>\t\t\t\t<span class=\"entry-author__name\">Gonzalo Garc\u00eda Abad<\/span>\n\t\t\t<\/a>\n\n\t\t\t\t\t<\/div>\n\n\t\t\t\t\t\t<\/div>\n\t\t\t\t\t<\/div>\n\t<\/div>\n<\/div>\n<div class=\"sage-block-classic-wrapper mb-m\">\n\n<p>Hace unos d\u00edas se publicaba en el BOE la <strong><a href=\"https:\/\/www.boe.es\/buscar\/act.php?id=BOE-A-2017-12902\">Ley de Contratos del Sector P\u00fablico<\/a><\/strong>. Esta pretende, entre otros objetivos, facilitar el acceso de las pymes a la contrataci\u00f3n p\u00fablica. Tambi\u00e9n busca trasponer directivas comunitarias que persiguen esos mismos fines.<\/p>\n<p>No obstante, hay que tener en cuenta que la mayor parte del contenido de la Ley de Contratos del Sector P\u00fablico<strong> entrar\u00e1 en vigor el d\u00eda 9 de marzo de 2018<\/strong>, y que traer\u00e1 un buen n\u00famero de <strong>novedades<\/strong>. Algunas de ellas afectar\u00e1n de forma importante a las pymes, entre las que destacan las siguientes.<!--more--><\/p>\n<h2>La Ley de contratos del Sector P\u00fablico promueve la divisi\u00f3n en lotes<\/h2>\n<p>Con la nueva norma,<strong> la regla general ser\u00e1 que los contratos se dividan en lotes<\/strong>. En caso contrario, la Administraci\u00f3n deber\u00e1 justificar porque no lo hace: razones t\u00e9cnicas, de competencia u otros motivos v\u00e1lidos.<\/p>\n<p>La divisi\u00f3n en lotes puede implicar repartir la cuant\u00eda de lo que podr\u00eda ser un solo contrato en <strong>fragmentos m\u00e1s peque\u00f1os<\/strong>. Otra posibilidad es que se distribuya en diferentes prestaciones m\u00e1s <strong>especializadas<\/strong>.<\/p>\n<p>Con ello<strong> se busca que las pymes puedan tener un mejor acceso a la contrataci\u00f3n p\u00fablica<\/strong>. Se supone que los contratos no requerir\u00e1n ni un <strong>tama\u00f1o<\/strong> tan grande ni una <strong>especializaci\u00f3n<\/strong> tan diversa. Por lo tanto, deber\u00edan estar m\u00e1s a su alcance.<\/p>\n<h2>El perfil del contratante<\/h2>\n<p>La nueva Ley de Contratos del Sector P\u00fablico da un mayor protagonismo al <strong>perfil del contratante<\/strong>. Por un lado, se establece un conjunto de informaci\u00f3n que deber\u00e1 publicarse en Internet a trav\u00e9s del perfil del contratante.<\/p>\n<p>Por otro lado, el <strong>acceso ser\u00e1 libre y sin identificaci\u00f3n previa<\/strong>. Adem\u00e1s, permanecer\u00e1 accesible al p\u00fablico durante, al menos, <strong>cinco a\u00f1os<\/strong>.<\/p>\n<p>Aunque a\u00fan quedar\u00e1 mucha informaci\u00f3n no accesible, esta mayor disponibilidad deber\u00eda favorecer a las pymes. Pueden, incluso si no han sido licitadores, conocer muchos <strong>detalles sobre los contratos<\/strong>. Ello deber\u00eda ayudar a desentra\u00f1ar cu\u00e1les son las caracter\u00edsticas de calidad, ejecuci\u00f3n, precio, condiciones, etc. que pueden hacer atractivas sus ofertas.<\/p>\n<h2>Las ofertas anormalmente bajas<\/h2>\n<p>Otra de las dificultades de las pymes es que la <a href=\"https:\/\/www.sage.com\/es-es\/blog\/cinco-vias-para-conocer-informacion-de-tu-competencia\/\"><strong>competencia<\/strong><\/a> no siempre es limpia. Con cierta frecuencia, se enfrentan a rivales que pueden ofrecer mejores condiciones porque <strong>incumplen la ley<\/strong>.<\/p>\n<p>La ley que se ha aprobado introduce algunos nuevos mecanismos para evitarlo. Por ejemplo, permite al \u00f3rgano o mesa de contrataci\u00f3n solicitar a los licitadores <strong>informaci\u00f3n <\/strong>sobre circunstancias que pueden estar detr\u00e1s de una <strong>oferta anormalmente baja<\/strong>. Entre ellas se encuentra el <strong>cumplimiento de la normativa ambiental, social, <\/strong><a href=\"https:\/\/www.sage.com\/es-es\/blog\/asi-es-como-una-empresa-cumplira-con-la-normativa-en-materia-de-nominas-ebook\/\"><strong>laboral<\/strong><\/a><strong> o de subcontrataci\u00f3n<\/strong>. Y tambi\u00e9n podr\u00e1n tomar medidas para garantizar que se cumplen las normas durante la ejecuci\u00f3n del contrato.<\/p>\n<p>El cumplimiento de las leyes es una materia compleja que ata\u00f1e a diferentes \u00f3rganos administrativos y judiciales. Seguramente, la <a href=\"https:\/\/www.sage.com\/es-es\/blog\/contratacion-publica-todo-lo-que-necesitas-saber-para-trabajar-con-la-administracion\/\">contrataci\u00f3n p\u00fablica<\/a> no ser\u00e1 el principal punto de ataque de estas <strong>irregularidades que distorsionan gravemente la <\/strong><strong>competencia<\/strong><strong>.<\/strong> Sin embargo, es un paso que se den instrumentos a las mesas de contrataci\u00f3n para rechazar ofertas anormalmente bajas por estas causas.<\/p>\n<h2>Los pagos en la Ley de Contratos del Sector P\u00fablico<\/h2>\n<p>Otra dificultad tradicional de las pymes en la contrataci\u00f3n administrativa son los <strong>pagos<\/strong>. Durante mucho tiempo, la <strong>morosidad <\/strong>ha sido un problema extendido que lastraba su financiaci\u00f3n.<\/p>\n<p>El plazo de pago ser\u00e1 de <strong>30 d\u00edas a partir de la aprobaci\u00f3n<\/strong> de las certificaciones de obra o documento acreditativo. Esa aprobaci\u00f3n deber\u00e1 producirse en el transcurso de los <strong>30 d\u00edas siguientes a la entrega de los bienes o la prestaci\u00f3n de los servicios<\/strong>. Con la nueva ley, ya no ser\u00e1 posible que la Administraci\u00f3n dilate, mediante un acuerdo al que se vea obligada la empresa, dicha aprobaci\u00f3n.<\/p>\n<p>Tambi\u00e9n se refuerzan las garant\u00edas de que se <a href=\"https:\/\/www.sage.com\/es-es\/blog\/como-controlas-tus-cobros-y-pagos-en-tu-empresa\/\">cobrar\u00e1<\/a> en caso de ser <strong>subcontratista<\/strong>. El \u00f3rgano de contrataci\u00f3n deber\u00e1 comprobar que el contratista principal realiza el pago.<\/p>\n<h2>El informe de la Junta Consultiva de Contrataci\u00f3n P\u00fablica<\/h2>\n<p>Esta junta ser\u00e1 la encargada de elaborar cada tres a\u00f1os un <strong>informe sobre contrataci\u00f3n p\u00fablica<\/strong> que se remitir\u00e1 al Comisi\u00f3n Europea. Entre las materias incluidas se incluye la participaci\u00f3n de las pymes en la contrataci\u00f3n.<\/p>\n<p>Para recabar informaci\u00f3n, se ha elaborado un <strong>cuestionario <\/strong>que pregunte, entre otros aspectos, sobre el nivel de participaci\u00f3n de las pymes en la contrataci\u00f3n p\u00fablica.<\/p>\n<h2>El procedimiento abierto simplificado<\/h2>\n<p>Antes de esta Ley de Contratos del Sector P\u00fablico, viene siendo frecuente el uso del <strong>procedimiento negociado sin publicidad<\/strong>. Era \u00e1gil, r\u00e1pido y sencillo, pero adolec\u00eda de falta de transparencia.<\/p>\n<p>En contratos de peque\u00f1a cuant\u00eda, y por tanto m\u00e1s accesibles para las pymes, resultaba una <strong>barrera importante<\/strong>. Muchas empresas no participaban de una parte sustancial de la contrataci\u00f3n p\u00fablica te\u00f3ricamente a su alcance por <strong>desconocimiento<\/strong>.<\/p>\n<p>A partir de la entrada en vigor de la Ley de Contratos del Sector P\u00fablico la situaci\u00f3n cambia. Se crea el <strong>procedimiento abierto simplificado<\/strong>. Con \u00e9l se presentar\u00e1 un anuncio de licitaci\u00f3n en el perfil del contratante. A continuaci\u00f3n, habr\u00e1 un plazo, no menor de 15 d\u00edas, para presentar ofertas.<\/p>\n<h2>La orientaci\u00f3n de la pol\u00edtica europea<\/h2>\n<p>El de la contrataci\u00f3n p\u00fablica ha sido uno de los \u00e1mbitos en los que ha habido muchas <strong>normas europeas<\/strong> a lo largo de los a\u00f1os. Uno de los objetivos es que las pymes puedan tener un papel relevante en la contrataci\u00f3n administrativa.<\/p>\n<p>A trav\u00e9s de un largo proceso que viene de muchos a\u00f1os atr\u00e1s, la UE va, progresivamente, <strong>aproximando el marco de la contrataci\u00f3n p\u00fablica en diferentes pa\u00edses <\/strong>y, con ello, los requisitos para ser adjudicatario de contratos en esos estados.<\/p>\n<p>Eso tiene <strong>consecuencias en los procesos de las pymes<\/strong>. Saben que lo que sirve ante una Administraci\u00f3n cada vez es m\u00e1s probable que sirva ante otras de otros estados. Y esa puede ser una prioridad en su estrategia de <a href=\"https:\/\/www.sage.com\/es-es\/blog\/amplia-las-fronteras-de-tu-negocio-ebook\/\">internacionalizaci\u00f3n<\/a> y <a href=\"https:\/\/www.sage.com\/es-es\/blog\/como-hacer-sostenible-un-proceso-de-crecimiento-empresarial\/\">crecimiento<\/a>.<\/p>\n<h2>La simplificaci\u00f3n de tr\u00e1mites<\/h2>\n<p>Los tr\u00e1mites consumen una <a href=\"https:\/\/www.sage.com\/es-es\/blog\/porque-perdemos-tanto-tiempo-tareas-administrativas\/\">gran cantidad de <strong>tiempo<\/strong><\/a>, un recurso de enorme valor en las pymes. No obstante, la tendencia es que gracias a los nuevos desarrollos tecnol\u00f3gicos, las labores administrativas en general se realicen de una forma <a href=\"https:\/\/www.sage.com\/es-es\/blog\/todavia-no-sabes-que-es-la-gestion-invisible-y-por-que-puede-ser-ideal-para-tu-empresa\/\">m\u00e1s r\u00e1pida, c\u00f3moda y \u00fatil<\/a>.<\/p>\n<p>En el \u00e1mbito de la contrataci\u00f3n p\u00fablica la orientaci\u00f3n, que contin\u00faa la Ley de Contratos del Sector P\u00fablico es la de la <strong>simplificaci\u00f3n de tr\u00e1mites<\/strong>. Por ejemplo, se va generalizando el uso de medios electr\u00f3nicos para anuncios y notificaciones.<\/p>\n<p>Adem\u00e1s, otro punto importante es la mayor aplicaci\u00f3n de la <strong>declaraci\u00f3n responsable<\/strong>. Mediante un documento europeo \u00fanico se evita tener que presentar una y otra vez la misma documentaci\u00f3n.<\/p>\n<h2>La solvencia en la Ley de Contratos del Sector P\u00fablico<\/h2>\n<p>Una barrera muy relevante para el acceso de las pymes a la contrataci\u00f3n p\u00fablica es la de la <strong>acreditaci\u00f3n de la solvencia<\/strong>. Los criterios para su valoraci\u00f3n pueden exigir caracter\u00edsticas dif\u00edciles de cumplir.<\/p>\n<p>La <strong>experiencia <\/strong>previa puede ser una barrera para las empresas emergentes. Lo mismo sucede para el conjunto de las pymes, por ejemplo, con la declaraci\u00f3n de la <strong>plantilla <\/strong>media anual de la empresa, el <strong>volumen anual de negocios<\/strong> o el <strong>patrimonio neto<\/strong>.<\/p>\n<p>Ahora, se pretende una <strong>flexibilizaci\u00f3n de algunos requisitos<\/strong>. As\u00ed, por poner un ejemplo, en el contrato de obra se deber\u00e1 acreditar las realizadas en los 5 \u00faltimos a\u00f1os, frente a los 10 anteriores. Y en las empresas con una antig\u00fcedad menor a 5 a\u00f1os, la solvencia se acreditar\u00e1 por otros medios.<\/p>\n<p>La nueva Ley de Contratos del Sector P\u00fablico es un paso m\u00e1s que pretende <strong>acercar m\u00e1s la contrataci\u00f3n administrativa a las pymes<\/strong>. El tiempo dir\u00e1 si esos esfuerzos dan el fruto deseado.<\/p>\n<\/div>\n<div class=\"single-cta\">\n\t<div class=\"single-cta__positioner on-scroll-highlight__target\">\n\t\t<div class=\"single-cta__wrapper has-dark-background-color\">\n\t\t\t<div class=\"single-cta__content\">\n\t\t\t\t\t\t\t\t<h2 class=\"single-cta__title h3\">Subscr\u00edbete a la newsletter de Sage Advice<\/h2>\n\n\t\t\t\t\t\t\t\t\t<div class=\"single-cta__description\">\n\t\t\t\t\t\t<p>Recibe nuestros consejos m\u00e1s recientes directamente en la bandeja de entrada de tu correo electr\u00f3nico.<\/p>\n\t\t\t\t\t<\/div>\n\t\t\t\t\n\t\t\t\t\t\t\t\t\t\t\t\t\t\t<a\n\t\t\t\t\t\thref=\"#gate-263a5c00-99e4-4e71-8421-469deda8e674\"\n\t\t\t\t\t\tclass=\"single-cta__button button button--primary\"\n\t\t\t\t\t\t\t\t\t\t\t\t\t\t\t\t\t>Suscr\u00edbete<\/a>\n\t\t\t\t\t\t\t<\/div>\n\n\t\t\t\t\t<\/div>\n\n\t\t\t\t\t<img decoding=\"async\" width=\"1440\" height=\"810\" src=\"https:\/\/www.sage.com\/es-es\/blog\/wp-content\/uploads\/sites\/8\/2022\/04\/GettyImages-1171960556-1440x810.jpg\" class=\"single-cta__image\" alt=\"Sage\" loading=\"lazy\" srcset=\"https:\/\/www.sage.com\/es-es\/blog\/wp-content\/uploads\/sites\/8\/2022\/04\/GettyImages-1171960556-1440x810.jpg 1440w\" sizes=\"auto, (min-width: 48em) 33vw, 100vw\" \/>\t\t\t<\/div>\n<\/div>\n\n<section class=\"more-topics alignfull has-grey-light-background-color wp-block-sage-post-topics\">\n\t<div class=\"container\">\n\t\t<div class=\"row\">\n\t\t\t<div class=\"col col-12 col-lg-4\">\n\t\t\t\t<h3 class=\"more-topics__title h2\">Encuentra m\u00e1s art\u00edculos sobre estas tem\u00e1ticas<\/h3>\n\t\t\t<\/div>\n\t\t\t<div class=\"col col-12 col-lg-8\">\n\t\t\t\t<ul class=\"post-tags__list\">\n\t\t\t\t\t\t\t\t\t\t\t<li class=\"post-tags__item\">\n\t\t\t\t\t\t\t<a href=\"https:\/\/www.sage.com\/es-es\/blog\/tag\/gestion-empresarial\/\" class=\"post-tags__link button button--secondary\">\n\t\t\t\t\t\t\t\tGesti\u00f3n empresarial\t\t\t\t\t\t\t<\/a>\n\t\t\t\t\t\t<\/li>\n\t\t\t\t\t\t\t\t\t\t\t<li class=\"post-tags__item\">\n\t\t\t\t\t\t\t<a href=\"https:\/\/www.sage.com\/es-es\/blog\/tag\/novedades-legales\/\" class=\"post-tags__link button button--secondary\">\n\t\t\t\t\t\t\t\tNovedades legales\t\t\t\t\t\t\t<\/a>\n\t\t\t\t\t\t<\/li>\n\t\t\t\t\t\t\t\t\t<\/ul>\n\t\t\t<\/div>\n\t\t<\/div>\n\t<\/div>\n<\/section>\n\n<div class=\"alignfull wp-block-sage-related-posts\">\n\t<section class=\"related-posts card-grid has-dark-background-color\">\n\t<div class=\"container\">\n\t\t\t\t\t<div class=\"row\">\n\t\t\t\t<div class=\"col\">\n\t\t\t\t\t<h2 class=\"related-posts__heading related-posts__heading--featured h1\">Encuentra m\u00e1s consejos<\/h2>\n\t\t\t\t<\/div>\n\t\t\t<\/div>\n\n\t\t\t<div class=\"row related-posts__featured\">\n\t\t\t\t<div class=\"col card-grid__item\">\n\t\t\t\t\t<article\n\t\tclass=\"card-post related-post related-post-0 post-29859 post type-post status-publish format-standard has-post-thumbnail hentry category-tecnologia-innovacion tag-casos-de-exito tag-erp tag-gestion-empresarial tag-transformacion-digital business_type-mediana-empresa card-post--is-clickable\"\n>\n\t<div class=\"card-post__media-wrapper\">\n\t\t<figure class=\"card-post__media card-post__media--video\">\n\t\t\t\t\t\t\t<img decoding=\"async\" width=\"1214\" height=\"810\" src=\"https:\/\/www.sage.com\/es-es\/blog\/wp-content\/uploads\/sites\/8\/2024\/10\/BrandShoot-LND_June2024_Distribution_1017-1214x810.jpg\" class=\"card-post__image\" alt=\"Chica trabajando en un almac\u00e9n\" loading=\"lazy\" srcset=\"https:\/\/www.sage.com\/es-es\/blog\/wp-content\/uploads\/sites\/8\/2024\/10\/BrandShoot-LND_June2024_Distribution_1017-684x384.jpg 684w, https:\/\/www.sage.com\/es-es\/blog\/wp-content\/uploads\/sites\/8\/2024\/10\/BrandShoot-LND_June2024_Distribution_1017-768x512.jpg 768w, https:\/\/www.sage.com\/es-es\/blog\/wp-content\/uploads\/sites\/8\/2024\/10\/BrandShoot-LND_June2024_Distribution_1017-1214x810.jpg 1214w\" sizes=\"auto, (min-width: 48em) 250px, (min-width: 30em) 100vw, 100vw\" \/>\t\t\t\n\t\t\t\t\t\t\t\t\t\t\t\t<span class=\"card-post__play-video\">\n\t\t\t\t\t\t<svg role=\"presentation\" aria-hidden=\"true\" focusable=\"false\" class=\"card-post__play-icon svg-icon\" width=\"28\" height=\"28\" xmlns=\"http:\/\/www.w3.org\/2000\/svg\" viewbox=\"0 0 33 36\"><path d=\"M3.947.936C1.889 1.016 0 2.661 0 4.878v27.11c0 2.956 3.36 4.896 5.999 3.463l24.965-13.555c2.715-1.474 2.715-5.451 0-6.925L6 1.416a3.96 3.96 0 0 0-2.052-.48Zm.032 2.6c.232-.001.475.058.713.187L29.66 17.28c.986.535.986 1.774 0 2.309L4.692 33.144c-.952.517-1.999-.088-1.999-1.155V4.878c0-.533.261-.95.642-1.17.19-.11.411-.171.644-.172\" \/><\/svg>\t\t\t\t\t<\/span>\n\t\t\t\t\t\t\t\n\t\t\t\t\t<\/figure>\n\t<\/div>\n\n\t<div class=\"card-post__content\">\n\t\t\t\t\t<div class=\"card-post__label\">Recomendado<\/div>\n\t\t\n\t\t\t\t\t<div class=\"card-post__meta\">\n\t\t\t\t\t\t\t\t\t<svg role=\"presentation\" aria-hidden=\"true\" focusable=\"false\" width=\"24\" height=\"24\" class=\"card-post__meta-icon svg-icon\" xmlns=\"http:\/\/www.w3.org\/2000\/svg\" viewbox=\"0 0 24 24\"><path d=\"M5.25 3C3.74 3 2.5 4.24 2.5 5.75v12.5C2.5 19.76 3.74 21 5.25 21h14c1.51 0 2.75-1.24 2.75-2.75V5.75C22 4.24 20.76 3 19.25 3zm0 1.5h14c.699 0 1.25.551 1.25 1.25v12.5a1.24 1.24 0 0 1-1.25 1.25h-14A1.24 1.24 0 0 1 4 18.25V5.75c0-.699.551-1.25 1.25-1.25m.25.75a.5.5 0 0 0-.5.5v.5a.5.5 0 0 0 .5.5H6a.5.5 0 0 0 .5-.5v-.5a.5.5 0 0 0-.5-.5zm13 0a.5.5 0 0 0-.5.5v.5a.5.5 0 0 0 .5.5h.5a.5.5 0 0 0 .5-.5v-.5a.5.5 0 0 0-.5-.5zm-8.25 2.751A1.248 1.248 0 0 0 9 9.251v5.5c0 .442.231.849.613 1.074.389.231.846.237 1.239.021l5.001-2.751c.396-.219.646-.639.646-1.094s-.25-.876-.646-1.095l-.001-.001-5.002-2.751a1.25 1.25 0 0 0-.601-.153zM5.5 8.25a.5.5 0 0 0-.5.5v.5a.5.5 0 0 0 .5.5H6a.5.5 0 0 0 .5-.5v-.5a.5.5 0 0 0-.5-.5zm13 0a.5.5 0 0 0-.5.5v.5a.5.5 0 0 0 .5.5h.5a.5.5 0 0 0 .5-.5v-.5a.5.5 0 0 0-.5-.5zm-8 1.423L14.731 12 10.5 14.328zm-5 1.577a.5.5 0 0 0-.5.5v.5a.5.5 0 0 0 .5.5H6a.5.5 0 0 0 .5-.5v-.5a.5.5 0 0 0-.5-.5zm13 0a.5.5 0 0 0-.5.5v.5a.5.5 0 0 0 .5.5h.5a.5.5 0 0 0 .5-.5v-.5a.5.5 0 0 0-.5-.5zm-13 3a.5.5 0 0 0-.5.5v.5a.5.5 0 0 0 .5.5H6a.5.5 0 0 0 .5-.5v-.5a.5.5 0 0 0-.5-.5zm13 0a.5.5 0 0 0-.5.5v.5a.5.5 0 0 0 .5.5h.5a.5.5 0 0 0 .5-.5v-.5a.5.5 0 0 0-.5-.5zm-13 3a.5.5 0 0 0-.5.5v.5a.5.5 0 0 0 .5.5H6a.5.5 0 0 0 .5-.5v-.5a.5.5 0 0 0-.5-.5zm13 0a.5.5 0 0 0-.5.5v.5a.5.5 0 0 0 .5.5h.5a.5.5 0 0 0 .5-.5v-.5a.5.5 0 0 0-.5-.5z\" \/><\/svg>\t\t\t\t\t\t\t\t\t\t\t\t\t\t\t\t\t\t\t<span class=\"card-post__meta-text\"><span class=\"posted-on \"><time class=\"entry-date published\" datetime=\"2026-07-30T13:34:42+02:00\">30 julio, 2026<\/time><\/span><\/span>\n\t\t\t\t\t\t\t\t\t\t\t<span class=\"card-post__meta-text\"><span class=\"reading-time\">16 minutos de lectura<\/span><\/span>\n\t\t\t\t\t\t\t\t\t\t\t\t<\/div>\n\t\t\n\t\t<p class=\"card-post__title h3\">\n\t\t\t\t\t\t\t<a\n\t\t\t\t\tclass=\"card-post__title-link\"\n\t\t\t\t\thref=\"https:\/\/www.sage.com\/es-es\/blog\/salto-tecnologico-de-plasticos-alhambra\/\"\n\t\t\t\t>\n\t\t\t\n\t\t\tC\u00f3mo Pl\u00e1sticos Alhambra evoluciona su gesti\u00f3n industrial con Sage 200\n\t\t\t\t\t\t\t<\/a>\n\t\t\t\t\t<\/p>\n\n\t\t\n\t\t\t\t\t<p class=\"card-post__description\">\n\t\t\t\tPl\u00e1sticos Alhambra evolucion\u00f3 de Sage 50 a Sage 200 para centralizar datos y responder a una producci\u00f3n cada vez m\u00e1s compleja. La empresa ya identifica una mayor agilidad en el muestreo de datos, que facilitar\u00e1 la toma de decisiones a medio y largo plazo.\t\t\t<\/p>\n\t\t\n\t\t\t<\/div>\n\n\t<\/article>\n\t\t\t\t<\/div>\n\t\t\t<\/div>\n\t\t\n\t\t\t\t\t<div class=\"row related-posts__non-featured\">\n\t\t\t\t<div class=\"col col-12\">\n\t\t\t\t\t<h2 class=\"related-posts__heading related-posts__heading--more h4\">M\u00e1s sobre esta tem\u00e1tica<\/h2>\n\t\t\t\t<\/div>\n\n\t\t\t\t\n\t\t\t\t\t<div class=\"col col-6 col-lg-3 card-grid__item\">\n\t\t\t\t\t\t<article\n\t\tclass=\"card-post related-post related-post-1 post-6454 post type-post status-publish format-standard has-post-thumbnail hentry category-asesorias-despachos-profesionales tag-asesorias-y-despachos-profesionales tag-gestion-empresarial tag-impuesto-de-sociedades business_type-asesorias-despachos-profesionales\"\n>\n\t\t\t<a\n\t\t\tclass=\"card-post__link\"\n\t\t\thref=\"https:\/\/www.sage.com\/es-es\/blog\/conoce-el-impuesto-de-sociedades-con-el-ebook-gratuito-de-sage\/\"\n\t\t\t\t\t>\n\t\t\t<figure class=\"card-post__media\">\n\t\t\t\t\t\t\t<img decoding=\"async\" width=\"684\" height=\"384\" src=\"https:\/\/www.sage.com\/es-es\/blog\/wp-content\/uploads\/sites\/8\/2022\/04\/GettyImages-1300507545-684x384.jpg\" class=\"card-post__image\" alt=\"Chica revisando en una tablet\" loading=\"lazy\" srcset=\"https:\/\/www.sage.com\/es-es\/blog\/wp-content\/uploads\/sites\/8\/2022\/04\/GettyImages-1300507545-684x384.jpg 684w, https:\/\/www.sage.com\/es-es\/blog\/wp-content\/uploads\/sites\/8\/2022\/04\/GettyImages-1300507545-768x432.jpg 768w, https:\/\/www.sage.com\/es-es\/blog\/wp-content\/uploads\/sites\/8\/2022\/04\/GettyImages-1300507545-1440x810.jpg 1440w\" sizes=\"auto, (min-width: 48em) 250px, (min-width: 30em) 100vw, 100vw\" \/>\t\t\t\n\t\t\t\n\t\t\t\t\t<\/figure>\n\n\t\t\n\t\t\t\t\t<div class=\"card-post__meta\">\n\t\t\t\t\t\t\t\t\t\t\t\t\t\t\t\t\t\t\t\t\t\t\t\t\t\t<span class=\"card-post__meta-text\"><span class=\"posted-on \"><time class=\"entry-date published\" datetime=\"2026-07-14T15:59:58+02:00\">14 julio, 2026<\/time><\/span><\/span>\n\t\t\t\t\t\t\t\t\t\t\t\t\t\t\t\t\t\t\t\t\t\t\t\t<span class=\"card-post__meta-text\"><span class=\"reading-time\">19 minutos de lectura<\/span><\/span>\n\t\t\t\t\t\t\t\t\t\t\t\t\t\t\t\t\t\t<\/div>\n\t\t\n\t\t<p class=\"card-post__title h5\">\n\t\t\tImpuesto sobre Sociedades 2026: Plazos, tipos y claves para presentar el modelo 200\t\t<\/p>\n\n\t\t\t<\/a>\n\t\n\t\n\t\t\n\t\n\t<\/article>\n\t\t\t\t\t<\/div>\n\t\t\t\t\n\t\t\t\t\t<div class=\"col col-6 col-lg-3 card-grid__item\">\n\t\t\t\t\t\t<article\n\t\tclass=\"card-post related-post related-post-2 post-38129 post type-post status-publish format-standard has-post-thumbnail hentry category-tecnologia-innovacion tag-erp tag-gestion-empresarial tag-solucion-de-gestion-empresarial-erp business_type-mediana-empresa\"\n>\n\t\t\t<a\n\t\t\tclass=\"card-post__link\"\n\t\t\thref=\"https:\/\/www.sage.com\/es-es\/blog\/mejorar-gestion-cadena-de-suministro-proveedores\/\"\n\t\t\t\t\t>\n\t\t\t<figure class=\"card-post__media\">\n\t\t\t\t\t\t\t<img decoding=\"async\" width=\"684\" height=\"384\" src=\"https:\/\/www.sage.com\/es-es\/blog\/wp-content\/uploads\/sites\/8\/2025\/08\/Mar2025_GB-Trucking-Logistics_0612-684x384.jpeg\" class=\"card-post__image\" alt=\"Pessoa a mover uma caixa e um porta-paletes num armaz\u00e9m com estantes cheias de mercadorias.\" loading=\"lazy\" srcset=\"https:\/\/www.sage.com\/es-es\/blog\/wp-content\/uploads\/sites\/8\/2025\/08\/Mar2025_GB-Trucking-Logistics_0612-684x384.jpeg 684w, https:\/\/www.sage.com\/es-es\/blog\/wp-content\/uploads\/sites\/8\/2025\/08\/Mar2025_GB-Trucking-Logistics_0612-768x512.jpeg 768w, https:\/\/www.sage.com\/es-es\/blog\/wp-content\/uploads\/sites\/8\/2025\/08\/Mar2025_GB-Trucking-Logistics_0612-1214x810.jpeg 1214w\" sizes=\"auto, (min-width: 48em) 250px, (min-width: 30em) 100vw, 100vw\" \/>\t\t\t\n\t\t\t\n\t\t\t\t\t<\/figure>\n\n\t\t\n\t\t\t\t\t<div class=\"card-post__meta\">\n\t\t\t\t\t\t\t\t\t\t\t\t\t\t\t\t\t\t\t\t\t\t\t\t\t\t<span class=\"card-post__meta-text\"><span class=\"posted-on \"><time class=\"entry-date published\" datetime=\"2026-07-13T10:26:19+02:00\">13 julio, 2026<\/time><\/span><\/span>\n\t\t\t\t\t\t\t\t\t\t\t\t\t\t\t\t\t\t\t\t\t\t\t\t<span class=\"card-post__meta-text\"><span class=\"reading-time\">8 minutos de lectura<\/span><\/span>\n\t\t\t\t\t\t\t\t\t\t\t\t\t\t\t\t\t\t<\/div>\n\t\t\n\t\t<p class=\"card-post__title h5\">\n\t\t\tC\u00f3mo mejorar la gesti\u00f3n de la cadena de suministro cuando trabajas con muchos proveedores\t\t<\/p>\n\n\t\t\t<\/a>\n\t\n\t\n\t\t\n\t\n\t<\/article>\n\t\t\t\t\t<\/div>\n\t\t\t\t\n\t\t\t\t\t<div class=\"col col-6 col-lg-3 card-grid__item\">\n\t\t\t\t\t\t<article\n\t\tclass=\"card-post related-post related-post-3 post-14233 post type-post status-publish format-standard has-post-thumbnail hentry category-asesorias-despachos-profesionales category-estrategia-gestion tag-impuesto-de-sociedades tag-impuestos tag-iva tag-novedades-legales business_type-asesorias-despachos-profesionales\"\n>\n\t\t\t<a\n\t\t\tclass=\"card-post__link\"\n\t\t\thref=\"https:\/\/www.sage.com\/es-es\/blog\/calendario-del-contribuyente-estos-son-los-principales-cambios\/\"\n\t\t\t\t\t>\n\t\t\t<figure class=\"card-post__media\">\n\t\t\t\t\t\t\t<img decoding=\"async\" width=\"684\" height=\"384\" src=\"https:\/\/www.sage.com\/es-es\/blog\/wp-content\/uploads\/sites\/8\/2022\/04\/GettyImages-1004712242-684x384.jpg\" class=\"card-post__image\" alt=\"Chica charlando delante de su ordenador\" loading=\"lazy\" srcset=\"https:\/\/www.sage.com\/es-es\/blog\/wp-content\/uploads\/sites\/8\/2022\/04\/GettyImages-1004712242-684x384.jpg 684w, https:\/\/www.sage.com\/es-es\/blog\/wp-content\/uploads\/sites\/8\/2022\/04\/GettyImages-1004712242-768x432.jpg 768w, https:\/\/www.sage.com\/es-es\/blog\/wp-content\/uploads\/sites\/8\/2022\/04\/GettyImages-1004712242-1440x810.jpg 1440w\" sizes=\"auto, (min-width: 48em) 250px, (min-width: 30em) 100vw, 100vw\" \/>\t\t\t\n\t\t\t\n\t\t\t\t\t<\/figure>\n\n\t\t\n\t\t\t\t\t<div class=\"card-post__meta\">\n\t\t\t\t\t\t\t\t\t\t\t\t\t\t\t\t\t\t\t\t\t\t\t\t\t\t<span class=\"card-post__meta-text\"><span class=\"posted-on \"><time class=\"entry-date published\" datetime=\"2026-02-02T12:30:16+01:00\">2 febrero, 2026<\/time><\/span><\/span>\n\t\t\t\t\t\t\t\t\t\t\t\t\t\t\t\t\t\t\t\t\t\t\t\t<span class=\"card-post__meta-text\"><span class=\"reading-time\">7 minutos de lectura<\/span><\/span>\n\t\t\t\t\t\t\t\t\t\t\t\t\t\t\t\t\t\t<\/div>\n\t\t\n\t\t<p class=\"card-post__title h5\">\n\t\t\tCalendario del contribuyente 2026: Todas las fechas e impuestos a tener en cuenta\t\t<\/p>\n\n\t\t\t<\/a>\n\t\n\t\n\t\t\n\t\n\t<\/article>\n\t\t\t\t\t<\/div>\n\t\t\t\t\n\t\t\t\t\t<div class=\"col col-6 col-lg-3 card-grid__item\">\n\t\t\t\t\t\t<article\n\t\tclass=\"card-post related-post related-post-4 post-33676 post type-post status-publish format-standard has-post-thumbnail hentry category-estrategia-gestion tag-crm tag-direccion-comercial tag-gestion-de-equipos tag-gestion-empresarial business_type-pequena-empresa business_type-mediana-empresa\"\n>\n\t\t\t<a\n\t\t\tclass=\"card-post__link\"\n\t\t\thref=\"https:\/\/www.sage.com\/es-es\/blog\/funciones-departamento-comercial\/\"\n\t\t\t\t\t>\n\t\t\t<figure class=\"card-post__media\">\n\t\t\t\t\t\t\t<img decoding=\"async\" width=\"684\" height=\"384\" src=\"https:\/\/www.sage.com\/es-es\/blog\/wp-content\/uploads\/sites\/8\/2024\/10\/BrandShoot-LND_June2024_Financial-Services_0229-684x384.jpg\" class=\"card-post__image\" alt=\"Chica al tel\u00e9fono en su empresa\" loading=\"lazy\" srcset=\"https:\/\/www.sage.com\/es-es\/blog\/wp-content\/uploads\/sites\/8\/2024\/10\/BrandShoot-LND_June2024_Financial-Services_0229-684x384.jpg 684w, https:\/\/www.sage.com\/es-es\/blog\/wp-content\/uploads\/sites\/8\/2024\/10\/BrandShoot-LND_June2024_Financial-Services_0229-768x512.jpg 768w, https:\/\/www.sage.com\/es-es\/blog\/wp-content\/uploads\/sites\/8\/2024\/10\/BrandShoot-LND_June2024_Financial-Services_0229-1214x810.jpg 1214w\" sizes=\"auto, (min-width: 48em) 250px, (min-width: 30em) 100vw, 100vw\" \/>\t\t\t\n\t\t\t\n\t\t\t\t\t<\/figure>\n\n\t\t\n\t\t\t\t\t<div class=\"card-post__meta\">\n\t\t\t\t\t\t\t\t\t\t\t\t\t\t\t\t\t\t\t\t\t\t\t\t\t\t<span class=\"card-post__meta-text\"><span class=\"posted-on \"><time class=\"entry-date published\" datetime=\"2026-01-29T18:49:11+01:00\">29 enero, 2026<\/time><\/span><\/span>\n\t\t\t\t\t\t\t\t\t\t\t\t\t\t\t\t\t\t\t\t\t\t\t\t<span class=\"card-post__meta-text\"><span class=\"reading-time\">8 minutos de lectura<\/span><\/span>\n\t\t\t\t\t\t\t\t\t\t\t\t\t\t\t\t\t\t<\/div>\n\t\t\n\t\t<p class=\"card-post__title h5\">\n\t\t\tEl departamento comercial moderno: Funciones, roles y organigramas que s\u00ed venden\t\t<\/p>\n\n\t\t\t<\/a>\n\t\n\t\n\t\t\n\t\n\t<\/article>\n\t\t\t\t\t<\/div>\n\t\t\t\t\t\t\t<\/div>\n\t\t\t<\/div>\n<\/section>\n<\/div>\n","protected":false},"excerpt":{"rendered":"<p>Hace unos d\u00edas se publicaba en el BOE la Ley de Contratos del Sector P\u00fablico. Esta pretende, entre otros objetivos, facilitar el acceso de las pymes a la contrataci\u00f3n p\u00fablica. Tambi\u00e9n busca trasponer directivas comunitarias que persiguen esos mismos fines. No obstante, hay que tener en cuenta que la mayor parte del contenido de la [&hellip;]<\/p>\n","protected":false},"author":240,"featured_media":7926,"comment_status":"open","ping_status":"closed","sticky":false,"template":"","format":"standard","meta":{"_yoast_wpseo_is_cornerstone":"","_yoast_wpseo_meta-robots-noindex":"","_yoast_wpseo_meta-robots-nofollow":"","_yoast_wpseo_opengraph-title":"","_yoast_wpseo_opengraph-description":"","_yoast_wpseo_opengraph-image":"","_yoast_wpseo_opengraph-image-id":"","_yoast_wpseo_twitter-title":"","_yoast_wpseo_twitter-description":"","_yoast_wpseo_twitter-image":"","_yoast_wpseo_twitter-image-id":"","_yoast_wpseo_schema_page_type":"","_yoast_wpseo_schema_article_type":"","_sage_video":false,"_yoast_wpseo_focuskeywords":"","_yoast_wpseo_keywordsynonyms":"","_yoast_wpseo_primary_category":"6","post_featured_image_hide":false,"sage_hide_published_date":false,"sage_hide_read_time":false,"sage_hide_share_buttons":false,"_pwl_sage_podcast_buzzsprout_src":"","footnotes":""},"categories":[7,3,6],"tags":[37,202],"business_type":[10,11,8],"lilypad":[],"context":[],"industry":[],"persona":[],"imagine_tag":[280,260,284],"coauthors":[412],"class_list":["post-7925","post","type-post","status-publish","format-standard","has-post-thumbnail","hentry","category-asesorias-despachos-profesionales","category-estrategia-gestion","category-legal","tag-gestion-empresarial","tag-novedades-legales","business_type-pequena-empresa","business_type-mediana-empresa","business_type-asesorias-despachos-profesionales"],"sage_meta":{"region":"es-es","author_name":"Gonzalo Garc\u00eda Abad","featured_image":"https:\/\/www.sage.com\/es-es\/blog\/wp-content\/uploads\/sites\/8\/2017\/12\/4-diciembre-5E3A0573-1675x1225.jpg","imagine_tags":{"280":"Asesor\u00edas y despachos","260":"Legal","284":"Pymes"}},"distributor_meta":false,"distributor_terms":false,"distributor_media":false,"distributor_original_site_name":"Sage Advice Espa\u00f1a","distributor_original_site_url":"https:\/\/www.sage.com\/es-es\/blog","push-errors":false,"_links":{"self":[{"href":"https:\/\/www.sage.com\/es-es\/blog\/api\/wp\/v2\/posts\/7925","targetHints":{"allow":["GET"]}}],"collection":[{"href":"https:\/\/www.sage.com\/es-es\/blog\/api\/wp\/v2\/posts"}],"about":[{"href":"https:\/\/www.sage.com\/es-es\/blog\/api\/wp\/v2\/types\/post"}],"author":[{"embeddable":true,"href":"https:\/\/www.sage.com\/es-es\/blog\/api\/wp\/v2\/users\/240"}],"replies":[{"embeddable":true,"href":"https:\/\/www.sage.com\/es-es\/blog\/api\/wp\/v2\/comments?post=7925"}],"version-history":[{"count":0,"href":"https:\/\/www.sage.com\/es-es\/blog\/api\/wp\/v2\/posts\/7925\/revisions"}],"wp:featuredmedia":[{"embeddable":true,"href":"https:\/\/www.sage.com\/es-es\/blog\/api\/wp\/v2\/media\/7926"}],"wp:attachment":[{"href":"https:\/\/www.sage.com\/es-es\/blog\/api\/wp\/v2\/media?parent=7925"}],"wp:term":[{"taxonomy":"category","embeddable":true,"href":"https:\/\/www.sage.com\/es-es\/blog\/api\/wp\/v2\/categories?post=7925"},{"taxonomy":"post_tag","embeddable":true,"href":"https:\/\/www.sage.com\/es-es\/blog\/api\/wp\/v2\/tags?post=7925"},{"taxonomy":"business_type","embeddable":true,"href":"https:\/\/www.sage.com\/es-es\/blog\/api\/wp\/v2\/business_type?post=7925"},{"taxonomy":"lilypad","embeddable":true,"href":"https:\/\/www.sage.com\/es-es\/blog\/api\/wp\/v2\/lilypad?post=7925"},{"taxonomy":"context","embeddable":true,"href":"https:\/\/www.sage.com\/es-es\/blog\/api\/wp\/v2\/context?post=7925"},{"taxonomy":"industry","embeddable":true,"href":"https:\/\/www.sage.com\/es-es\/blog\/api\/wp\/v2\/industry?post=7925"},{"taxonomy":"persona","embeddable":true,"href":"https:\/\/www.sage.com\/es-es\/blog\/api\/wp\/v2\/persona?post=7925"},{"taxonomy":"imagine_tag","embeddable":true,"href":"https:\/\/www.sage.com\/es-es\/blog\/api\/wp\/v2\/imagine_tag?post=7925"},{"taxonomy":"author","embeddable":true,"href":"https:\/\/www.sage.com\/es-es\/blog\/api\/wp\/v2\/coauthors?post=7925"}],"curies":[{"name":"wp","href":"https:\/\/api.w.org\/{rel}","templated":true}]}}