{"id":8411,"date":"2015-03-02T00:00:00","date_gmt":"2015-03-02T00:00:00","guid":{"rendered":"https:\/\/www.sage.com\/es-es\/blog\/legal%20news\/canarias-modelo-415-2014-de-operaciones-con-terceros\/"},"modified":"2026-03-13T14:31:32","modified_gmt":"2026-03-13T13:31:32","slug":"canarias-modelo-415-2014-de-operaciones-con-terceros","status":"publish","type":"post","link":"https:\/\/www.sage.com\/es-es\/blog\/canarias-modelo-415-2014-de-operaciones-con-terceros\/","title":{"rendered":"Canarias &#8211; Modelo 415 (2014) de operaciones con terceros"},"content":{"rendered":"<header class=\"entry-header has-dark-background-color entry-header--has-illustration entry-header--has-illustration--generic\">\n\t<div class=\"container\">\n\t\t<div class=\"entry-header__row row align-center\">\n\t\t\t<div class=\"col col-lg-7 col-xlg-6 entry-header__content\">\n\t\t\t\t\t\t\t<div class=\"component component-single-header\">\n\t\t\t\t\t\t\t\t\t\t<div class=\"entry-header__misc text--subtitle text--uppercase text--small\">\n\t\t\t\t\t\t\t<a href=\"https:\/\/www.sage.com\/es-es\/blog\/categoria\/legal\/\" class=\"entry-header__link\">Legal<\/a>\t\t\t\t\t\t<\/div>\n\t\t\t\t\n\t\t\t\t<div class=\"entry-title-wrapper\">\n\t\t\t\t\t<h1 class=\"entry-title\">\n\t\t\t\t\t\tCanarias &#8211; Modelo 415 (2014) de operaciones con terceros\t\t\t\t\t<\/h1>\n\t\t\t\t<\/div>\n\n\t\t\t\t\t\t\t\t\t<p class=\"entry-header__description\">\n\t\t\t\t\t\t\t\t\t\t\t<\/p>\n\t\t\t\t\n\t\t\t\t\n\t\t\t\t\n\t\t\t<\/div>\n\n\t\t\t\t\t<\/div>\n\t\t\t\t\t<\/div>\n\t<\/div>\n\t<div class=\"single-post-details container\">\n\t\t<div class=\"col\">\n\t\t\t<span class=\"posted-on \"><time class=\"entry-date published\" datetime=\"2015-03-02T00:00:00+01:00\">2 March, 2015<\/time><\/span><span class=\"reading-time\"> minutos de lectura<\/span>\n\t\t<button\n\t\t\ttype=\"button\"\n\t\t\tclass=\"social-share-button button button--icon button--secondary js-social-share-button\"\n\t\t\tdata-share-title=\"Canarias &#8211; Modelo 415 (2014) de operaciones con terceros\"\n\t\t\tdata-share-url=\"https:\/\/www.sage.com\/es-es\/blog\/canarias-modelo-415-2014-de-operaciones-con-terceros\/\"\n\t\t\tdata-share-text=\"Please read this interesting article\"\n\t\t>\n\t\t\t<span class=\"social-share-button__share-label\">Compartir<\/span>\n\t\t\t<span class=\"social-share-button__copy-label\" hidden>Copiar enlace<\/span>\n\t\t\t<span class=\"social-share-button__copy-tooltip\" aria-hidden=\"true\" hidden>Copiado<\/span>\n\t\t<\/button>\n\n\t\t\t\t<\/div>\n\t<\/div>\n<\/header>\n\n\n\n<div class=\"wp-block-post-author has-dark-background-color alignfull\">\n\t<div class=\"container\">\n\t\t<div class=\"col\">\n\t\t\t\t\t\t\t<div class=\"co-authors\">\n\t\t\t\t\t\n\t\t<div class=\"entry-author-wrapper\">\n\t\t\t<a class=\"entry-author\" href=\"https:\/\/www.sage.com\/es-es\/blog\/author\/ronald-lozano\/\">\n\t\t\t\t<img loading=\"lazy\" decoding=\"async\" width=\"40\" height=\"40\" src=\"https:\/\/www.sage.com\/es-es\/blog\/wp-content\/uploads\/sites\/8\/2025\/02\/Ronald-Lozano-350x350.jpg\" class=\"entry-author__image\" alt=\"Sage\" srcset=\"https:\/\/www.sage.com\/es-es\/blog\/wp-content\/uploads\/sites\/8\/2025\/02\/Ronald-Lozano-350x350.jpg 350w, https:\/\/www.sage.com\/es-es\/blog\/wp-content\/uploads\/sites\/8\/2025\/02\/Ronald-Lozano.jpg 600w\" sizes=\"auto, (max-width: 40px) 100vw, 40px\" \/>\t\t\t\t<span class=\"entry-author__name\">Ronald Lozano<\/span>\n\t\t\t<\/a>\n\n\t\t\t\t\t<\/div>\n\n\t\t\t\t\t\t<\/div>\n\t\t\t\t\t<\/div>\n\t<\/div>\n<\/div>\n\n\n\n<div>\n<p style=\"text-align: justify\"><strong>\u00bfA qu\u00e9 afecta?<\/strong><\/p>\n<p style=\"text-align: justify\">A la modificaci\u00f3n \/ actualizaci\u00f3n del modelo 415 (2014).<\/p>\n<p><strong>\u00bfA qui\u00e9n afecta? <\/strong><\/p>\n<p style=\"text-align: justify\">A los sujetos pasivos del IGIC que deban presentar la declaraci\u00f3n anual con terceros.<\/p>\n<p style=\"text-align: justify\"><strong>\u00bfC\u00f3mo afecta?<\/strong><\/p>\n<ul>\n<li>Se adapta el modelo 415 (2014) como consecuencia de la aprobaci\u00f3n y aplicaci\u00f3n, a partir del 01\/01\/2014 del R\u00e9gimen Especial del Criterio de Caja.<\/li>\n<li>Se introducen los siguientes campos:\n<ul>\n<li>Marca &#8220;Operaci\u00f3n IGIC de caja&#8221;<\/li>\n<li>Marca &#8220;Operaci\u00f3n inversi\u00f3n sujeto pasivo&#8221;<\/li>\n<li>Marca &#8220;Operaci\u00f3n exenta art. 13 Ley 20\/1991&#8221;.<\/li>\n<li>&#8220;Importe anual de las operaciones devengadas con criterio IGIC de caja&#8221; (es decir, devengadas al cobro\/pago&#8221;.<\/li>\n<li><strong>Cambio de criterio de declaraci\u00f3n de las operaciones:<\/strong>\n<ul>\n<li>Las operaciones de <strong>arrendamiento<\/strong>, as\u00ed como las de <strong>transmisiones de inmuebles sujetas a IGIC<\/strong> se declarar\u00e1n<strong> \u00fanica y exclusivamente<\/strong> en las correspondientes casillas de importes anuales y trimestrales de arrendamientos y transmisiones de inmuebles, <strong>no debiendo consignarlas<\/strong> adem\u00e1s, en los campos de <strong>&#8220;Importe anual de las operaciones&#8221;<\/strong> as\u00ed como tampoco en el desglose trimestral de <strong>&#8220;Importe trimestral de las operaciones&#8221;<\/strong>.<\/li>\n<\/ul>\n<\/li>\n<\/ul>\n<\/li>\n<\/ul>\n<p><strong>\u00bfCu\u00e1ndo afecta?<\/strong><\/p>\n<ul>\n<li>En vigor, 03\/03\/2015.<\/li>\n\n<li>Aplicaci\u00f3n para el ejercicio 2014, por tanto, la primera declaraci\u00f3n afectada es para la que se presentar\u00e1 durante el mes de marzo de 2015.<\/li>\n<\/ul>\n\n<p>Mas informaci\u00f3n en: <a href=\"http:\/\/sede.gobcan.es\/boc\/boc-a-2015-041-863.pdf\" target=\"_blank\" rel=\"noopener noreferrer\">http:\/\/sede.gobcan.es\/boc\/boc-a-2015-041-863.pdf<\/a><\/p>\n<\/div>\n\n\n<div class=\"single-cta\">\n\t<div class=\"single-cta__positioner\">\n\t\t<div class=\"single-cta__wrapper has-dark-background-color\">\n\t\t\t<div class=\"single-cta__content\">\n\t\t\t\t\t\t\t\t<h2 class=\"single-cta__title h3\">Subscr\u00edbete a la newsletter de Sage Advice<\/h2>\n\n\t\t\t\t\t\t\t\t\t<div class=\"single-cta__description\">\n\t\t\t\t\t\t<p>Recibe nuestros consejos m\u00e1s recientes directamente en la bandeja de entrada de tu correo electr\u00f3nico.<\/p>\n\t\t\t\t\t<\/div>\n\t\t\t\t\n\t\t\t\t\t\t\t\t\t\t\t\t\t\t<a\n\t\t\t\t\t\thref=\"#gate-263a5c00-99e4-4e71-8421-469deda8e674\"\n\t\t\t\t\t\tclass=\"single-cta__button button button--primary\"\n\t\t\t\t\t\t\t\t\t\t\t\t\t\t\t\t\t>Suscr\u00edbete<\/a>\n\t\t\t\t\t\t\t<\/div>\n\n\t\t\t\t\t<\/div>\n\n\t\t\t\t\t<img decoding=\"async\" width=\"1440\" height=\"810\" src=\"https:\/\/www.sage.com\/es-es\/blog\/wp-content\/uploads\/sites\/8\/2022\/04\/GettyImages-1171960556-1440x810.jpg\" class=\"single-cta__image\" alt=\"Sage\" loading=\"lazy\" srcset=\"https:\/\/www.sage.com\/es-es\/blog\/wp-content\/uploads\/sites\/8\/2022\/04\/GettyImages-1171960556-1440x810.jpg 1440w\" sizes=\"auto, (min-width: 48em) 33vw, 100vw\" \/>\t\t\t<\/div>\n<\/div>\n","protected":false},"excerpt":{"rendered":"<p>\u00bfA qu\u00e9 afecta? A la modificaci\u00f3n \/ actualizaci\u00f3n del modelo 415 (2014). \u00bfA qui\u00e9n afecta? A los sujetos pasivos del IGIC que deban presentar la declaraci\u00f3n anual con terceros. \u00bfC\u00f3mo afecta? Se adapta el modelo 415 (2014) como consecuencia de la aprobaci\u00f3n y aplicaci\u00f3n, a partir del 01\/01\/2014 del R\u00e9gimen Especial del Criterio de Caja. [&hellip;]<\/p>\n","protected":false},"author":248,"featured_media":10159,"comment_status":"open","ping_status":"closed","sticky":false,"template":"","format":"standard","meta":{"_sage_video":false,"post_featured_image_hide":false,"footnotes":""},"categories":[6],"tags":[201],"business_type":[10,11,8],"lilypad":[],"context":[],"industry":[],"persona":[],"imagine_tag":[],"coauthors":[670],"class_list":["post-8411","post","type-post","status-publish","format-standard","has-post-thumbnail","hentry","category-legal","tag-normativa-legal","business_type-pequena-empresa","business_type-mediana-empresa","business_type-asesorias-despachos-profesionales"],"sage_meta":{"region":"es-es","author_name":"Ronald Lozano","featured_image":"https:\/\/www.sage.com\/es-es\/blog\/wp-content\/uploads\/sites\/8\/2018\/02\/legal-image-chevron_Amethyst.png","imagine_tags":[]},"distributor_meta":false,"distributor_terms":false,"distributor_media":false,"distributor_original_site_name":"Sage Advice Espa\u00f1a","distributor_original_site_url":"https:\/\/www.sage.com\/es-es\/blog","push-errors":false,"_links":{"self":[{"href":"https:\/\/www.sage.com\/es-es\/blog\/api\/wp\/v2\/posts\/8411","targetHints":{"allow":["GET"]}}],"collection":[{"href":"https:\/\/www.sage.com\/es-es\/blog\/api\/wp\/v2\/posts"}],"about":[{"href":"https:\/\/www.sage.com\/es-es\/blog\/api\/wp\/v2\/types\/post"}],"author":[{"embeddable":true,"href":"https:\/\/www.sage.com\/es-es\/blog\/api\/wp\/v2\/users\/248"}],"replies":[{"embeddable":true,"href":"https:\/\/www.sage.com\/es-es\/blog\/api\/wp\/v2\/comments?post=8411"}],"version-history":[{"count":0,"href":"https:\/\/www.sage.com\/es-es\/blog\/api\/wp\/v2\/posts\/8411\/revisions"}],"wp:featuredmedia":[{"embeddable":true,"href":"https:\/\/www.sage.com\/es-es\/blog\/api\/wp\/v2\/media\/10159"}],"wp:attachment":[{"href":"https:\/\/www.sage.com\/es-es\/blog\/api\/wp\/v2\/media?parent=8411"}],"wp:term":[{"taxonomy":"category","embeddable":true,"href":"https:\/\/www.sage.com\/es-es\/blog\/api\/wp\/v2\/categories?post=8411"},{"taxonomy":"post_tag","embeddable":true,"href":"https:\/\/www.sage.com\/es-es\/blog\/api\/wp\/v2\/tags?post=8411"},{"taxonomy":"business_type","embeddable":true,"href":"https:\/\/www.sage.com\/es-es\/blog\/api\/wp\/v2\/business_type?post=8411"},{"taxonomy":"lilypad","embeddable":true,"href":"https:\/\/www.sage.com\/es-es\/blog\/api\/wp\/v2\/lilypad?post=8411"},{"taxonomy":"context","embeddable":true,"href":"https:\/\/www.sage.com\/es-es\/blog\/api\/wp\/v2\/context?post=8411"},{"taxonomy":"industry","embeddable":true,"href":"https:\/\/www.sage.com\/es-es\/blog\/api\/wp\/v2\/industry?post=8411"},{"taxonomy":"persona","embeddable":true,"href":"https:\/\/www.sage.com\/es-es\/blog\/api\/wp\/v2\/persona?post=8411"},{"taxonomy":"imagine_tag","embeddable":true,"href":"https:\/\/www.sage.com\/es-es\/blog\/api\/wp\/v2\/imagine_tag?post=8411"},{"taxonomy":"author","embeddable":true,"href":"https:\/\/www.sage.com\/es-es\/blog\/api\/wp\/v2\/coauthors?post=8411"}],"curies":[{"name":"wp","href":"https:\/\/api.w.org\/{rel}","templated":true}]}}