{"id":8425,"date":"2015-05-12T00:00:00","date_gmt":"2015-05-12T00:00:00","guid":{"rendered":"https:\/\/www.sage.com\/es-es\/blog\/legal%20news\/canarias-modificacion-del-reglamento-de-gestion-de-los-tributos-derivados-del-regimen-economico-y-fiscal-de-canarias\/"},"modified":"2026-04-17T12:41:00","modified_gmt":"2026-04-17T10:41:00","slug":"canarias-modificacion-del-reglamento-de-gestion-de-los-tributos-derivados-del-regimen-economico-y-fiscal-de-canarias","status":"publish","type":"post","link":"https:\/\/www.sage.com\/es-es\/blog\/canarias-modificacion-del-reglamento-de-gestion-de-los-tributos-derivados-del-regimen-economico-y-fiscal-de-canarias\/","title":{"rendered":"Canarias &#8211; Modificaci\u00f3n del Reglamento de Gesti\u00f3n de los Tributos derivados del R\u00e9gimen Econ\u00f3mico y Fiscal de Canarias"},"content":{"rendered":"<header class=\"entry-header has-dark-background-color entry-header--standard entry-header--has-illustration entry-header--has-illustration--standard\">\n\t<div class=\"container\">\n\t\t<div class=\"entry-header__row row align-center\">\n\t\t\t<div class=\"col col-lg-7 col-xlg-6 entry-header__content\">\n\t\t\t\t\t\t\t<div class=\"component component-single-header\">\n\t\t\t\t\t\t\t\t\t\t<div class=\"entry-header__misc text--subtitle text--uppercase text--small\">\n\t\t\t\t\t\t\t<a href=\"https:\/\/www.sage.com\/es-es\/blog\/categoria\/legal\/\" class=\"entry-header__link\">Legal<\/a>\t\t\t\t\t\t<\/div>\n\t\t\t\t\n\t\t\t\t<div class=\"entry-title-wrapper\">\n\t\t\t\t\t<h1 class=\"entry-title\">\n\t\t\t\t\t\tCanarias &#8211; Modificaci\u00f3n del Reglamento de Gesti\u00f3n de los Tributos derivados del R\u00e9gimen Econ\u00f3mico y Fiscal de Canarias\t\t\t\t\t<\/h1>\n\t\t\t\t<\/div>\n\n\t\t\t\t\t\t\t\t\t<p class=\"entry-header__description\">\n\t\t\t\t\t\t\t\t\t\t\t<\/p>\n\t\t\t\t\n\t\t\t\t\n\t\t\t\t\n\t\t\t<\/div>\n\n\t\t\t\t\t<\/div>\n\t\t\t\t\t<\/div>\n\t<\/div>\n\t<div class=\"single-post-details container\">\n\t\t<div class=\"col\">\n\t\t\t<span class=\"posted-on \"><time class=\"entry-date published\" datetime=\"2015-05-12T00:00:00+02:00\">12 May, 2015<\/time><\/span><span class=\"reading-time\"> minutos de lectura<\/span>\n\t\t<button\n\t\t\ttype=\"button\"\n\t\t\tclass=\"social-share-button button button--icon button--secondary js-social-share-button\"\n\t\t\tdata-share-title=\"Canarias &#8211; Modificaci\u00f3n del Reglamento de Gesti\u00f3n de los Tributos derivados del R\u00e9gimen Econ\u00f3mico y Fiscal de Canarias\"\n\t\t\tdata-share-url=\"https:\/\/www.sage.com\/es-es\/blog\/canarias-modificacion-del-reglamento-de-gestion-de-los-tributos-derivados-del-regimen-economico-y-fiscal-de-canarias\/\"\n\t\t\tdata-share-text=\"Please read this interesting article\"\n\t\t>\n\t\t\t<span class=\"social-share-button__share-label\">Compartir<\/span>\n\t\t\t<span class=\"social-share-button__copy-label\" hidden>Copiar enlace<\/span>\n\t\t\t<span class=\"social-share-button__copy-tooltip\" aria-hidden=\"true\" hidden>Copiado<\/span>\n\t\t<\/button>\n\n\t\t\t\t<\/div>\n\t<\/div>\n<\/header>\n\n\n\n<div class=\"wp-block-post-author has-dark-background-color alignfull\">\n\t<div class=\"container\">\n\t\t<div class=\"col\">\n\t\t\t\t\t\t\t<div class=\"co-authors\">\n\t\t\t\t\t\n\t\t<div class=\"entry-author-wrapper\">\n\t\t\t<a class=\"entry-author\" href=\"https:\/\/www.sage.com\/es-es\/blog\/author\/ronald-lozano\/\">\n\t\t\t\t<img loading=\"lazy\" decoding=\"async\" width=\"40\" height=\"40\" src=\"https:\/\/www.sage.com\/es-es\/blog\/wp-content\/uploads\/sites\/8\/2025\/02\/Ronald-Lozano-350x350.jpg\" class=\"entry-author__image\" alt=\"Sage\" srcset=\"https:\/\/www.sage.com\/es-es\/blog\/wp-content\/uploads\/sites\/8\/2025\/02\/Ronald-Lozano-350x350.jpg 350w, https:\/\/www.sage.com\/es-es\/blog\/wp-content\/uploads\/sites\/8\/2025\/02\/Ronald-Lozano.jpg 600w\" sizes=\"auto, (max-width: 40px) 100vw, 40px\" \/>\t\t\t\t<span class=\"entry-author__name\">Ronald Lozano<\/span>\n\t\t\t<\/a>\n\n\t\t\t\t\t<\/div>\n\n\t\t\t\t\t\t<\/div>\n\t\t\t\t\t<\/div>\n\t<\/div>\n<\/div>\n\n\n\n<p><strong>\u00bfA qu\u00e9 afecta?<\/strong><\/p>\n\n\n\n<p>A la modificaci\u00f3n del Reglamento de Gesti\u00f3n 268\/2011, de 4 de agosto como consecuencia de la modificaci\u00f3n efectuada al IGIC a trav\u00e9s de la Ley 28\/2014, de 27 noviembre.<\/p>\n\n\n\n<p><strong>\u00bfA qui\u00e9n afecta?<\/strong><\/p>\n\n\n\n<p>A los sujetos pasivos del IGIC.<\/p>\n\n\n\n<p><strong>\u00bfC\u00f3mo afecta?<\/strong><\/p>\n\n\n\n<ul class=\"wp-block-list\">\n<li>Se adapta la regulaci\u00f3n del IGIC a la modificaci\u00f3n efectuada.<\/li>\n\n\n\n<li>En las modificaciones de la base imponible, la acreditaci\u00f3n de la remisi\u00f3n de la factura queda solamente para los supuestos de concurso de acreedores o bien de cr\u00e9ditos incobrables.<\/li>\n\n\n\n<li>Empresario \/ Revendedor:\n<ul class=\"wp-block-list\">\n<li>Concepto: aquel que se dedique con habitualidad a la reventa de bienes adquiridos en operaciones de entregas de plata, platinio y paladio; de tel\u00e9fonos m\u00f3viles, consolas de videojuegos, ordenadores port\u00e1tiles y tabletas digitales.<\/li>\n\n\n\n<li>Comunicaci\u00f3n de la condici\u00f3n de revendedor:\n<ul class=\"wp-block-list\">\n<li>Al presentar la declaraci\u00f3n censal de alta de actividad.<\/li>\n\n\n\n<li>Durante el mes de diciembre del a\u00f1o anterior al que deba surtir efectos.<\/li>\n<\/ul>\n<\/li>\n\n\n\n<li>Plazo de 1 mes desde la entrada en vigor de este Decreto (hasta 13\/06\/2015) para comunicar la condici\u00f3n de sujeto revendedor para 2015 cuando el sujeto ya realizara actividades en 2014.<\/li>\n\n\n\n<li>Pr\u00f3rroga de condici\u00f3n de revendedor:\n<ul class=\"wp-block-list\">\n<li>Norma general, se entiende prorrogado si no se pierde dicha condici\u00f3n.<\/li>\n\n\n\n<li>P\u00e9rdida de la condici\u00f3n de empresario revendedor: causa efectos a d\u00eda 01\/01 del a\u00f1o siguiente al que se ha comunicado la misma.<\/li>\n<\/ul>\n<\/li>\n\n\n\n<li>Si es minorista y no obligado a presentar autoliquidaciones peri\u00f3dicas, declarar\u00e1, como sujeto pasivo por inversi\u00f3n, las cuotas devengadas a trav\u00e9s de autoliquidaci\u00f3n ocasional.<\/li>\n<\/ul>\n<\/li>\n\n\n\n<li>Devoluciones en r\u00e9gimen de viajeros: se permite realizar mediante tarjeta de cr\u00e9dito u otro medio que permita dejar constancia de su devoluci\u00f3n.<\/li>\n\n\n\n<li>Nuevos supuestos de ISP para:\n<ul class=\"wp-block-list\">\n<li>Entregas de plata, platino y paladio..<\/li>\n\n\n\n<li>Tel\u00e9fonos m\u00f3viles<\/li>\n\n\n\n<li>Consolas de videojuegos, ordenadores port\u00e1tiles y tabletas digitales.<\/li>\n<\/ul>\n<\/li>\n\n\n\n<li>Diversas modificaciones en lo que respecta al \u00e1mbito del arbitrio.<\/li>\n\n\n\n<li>Se modifica el plazo de presentaci\u00f3n del modelo 415, que pasar\u00e1 a presentarse durante el mes de febrero. Se iguala pues el plazo con la presentaci\u00f3n del modelo 347 a nivel estatal.<\/li>\n<\/ul>\n\n\n\n<p><strong>\u00bfCu\u00e1ndo afecta?<\/strong><\/p>\n\n\n\n<ul class=\"wp-block-list\">\n<li>En general, 13\/05\/2015.<\/li>\n\n\n\n<li>Para los supuestos de ISP, a partir del 01\/04\/2015.<\/li>\n\n\n\n<li>Para el modelo 415, en vigor el 01\/01\/2015 con primera afectaci\u00f3n a la declaraci\u00f3n que se presente durante el mes de febrero de 2016 correspondiente a los datos del ejercicio 2015.<\/li>\n\n\n\n<li>En cuanto a las modificaciones efectuadas en el \u00e1mbito del arbitrio, desde el 01\/07\/2014.<\/li>\n<\/ul>\n\n\n\n<div class=\"single-cta\">\n\t<div class=\"single-cta__positioner\">\n\t\t<div class=\"single-cta__wrapper has-dark-background-color\">\n\t\t\t<div class=\"single-cta__content\">\n\t\t\t\t\t\t\t\t<h2 class=\"single-cta__title h3\">Subscr\u00edbete a la newsletter de Sage Advice<\/h2>\n\n\t\t\t\t\t\t\t\t\t<div class=\"single-cta__description\">\n\t\t\t\t\t\t<p>Recibe nuestros consejos m\u00e1s recientes directamente en la bandeja de entrada de tu correo electr\u00f3nico.<\/p>\n\t\t\t\t\t<\/div>\n\t\t\t\t\n\t\t\t\t\t\t\t\t\t\t\t\t\t\t<a\n\t\t\t\t\t\thref=\"#gate-263a5c00-99e4-4e71-8421-469deda8e674\"\n\t\t\t\t\t\tclass=\"single-cta__button button button--primary\"\n\t\t\t\t\t\t\t\t\t\t\t\t\t\t\t\t\t>Suscr\u00edbete<\/a>\n\t\t\t\t\t\t\t<\/div>\n\n\t\t\t\t\t<\/div>\n\n\t\t\t\t\t<img decoding=\"async\" width=\"1440\" height=\"810\" src=\"https:\/\/www.sage.com\/es-es\/blog\/wp-content\/uploads\/sites\/8\/2022\/04\/GettyImages-1171960556-1440x810.jpg\" class=\"single-cta__image\" alt=\"Sage\" loading=\"lazy\" srcset=\"https:\/\/www.sage.com\/es-es\/blog\/wp-content\/uploads\/sites\/8\/2022\/04\/GettyImages-1171960556-1440x810.jpg 1440w\" sizes=\"auto, (min-width: 48em) 33vw, 100vw\" \/>\t\t\t<\/div>\n<\/div>\n","protected":false},"excerpt":{"rendered":"<p>\u00bfA qu\u00e9 afecta? A la modificaci\u00f3n del Reglamento de Gesti\u00f3n 268\/2011, de 4 de agosto como consecuencia de la modificaci\u00f3n efectuada al IGIC a trav\u00e9s de la Ley 28\/2014, de 27 noviembre. \u00bfA qui\u00e9n afecta? A los sujetos pasivos del IGIC. \u00bfC\u00f3mo afecta? \u00bfCu\u00e1ndo afecta?<\/p>\n","protected":false},"author":248,"featured_media":10162,"comment_status":"open","ping_status":"closed","sticky":false,"template":"","format":"standard","meta":{"_sage_video":false,"post_featured_image_hide":false,"footnotes":""},"categories":[6],"tags":[201],"business_type":[10,11,8],"lilypad":[],"context":[],"industry":[],"persona":[],"imagine_tag":[],"coauthors":[670],"class_list":["post-8425","post","type-post","status-publish","format-standard","has-post-thumbnail","hentry","category-legal","tag-normativa-legal","business_type-pequena-empresa","business_type-mediana-empresa","business_type-asesorias-despachos-profesionales"],"sage_meta":{"region":"es-es","author_name":"Ronald Lozano","featured_image":"https:\/\/www.sage.com\/es-es\/blog\/wp-content\/uploads\/sites\/8\/2018\/02\/legal-image-chevron_Plum.png","imagine_tags":[]},"distributor_meta":false,"distributor_terms":false,"distributor_media":false,"distributor_original_site_name":"Sage Advice Espa\u00f1a","distributor_original_site_url":"https:\/\/www.sage.com\/es-es\/blog","push-errors":false,"_links":{"self":[{"href":"https:\/\/www.sage.com\/es-es\/blog\/api\/wp\/v2\/posts\/8425","targetHints":{"allow":["GET"]}}],"collection":[{"href":"https:\/\/www.sage.com\/es-es\/blog\/api\/wp\/v2\/posts"}],"about":[{"href":"https:\/\/www.sage.com\/es-es\/blog\/api\/wp\/v2\/types\/post"}],"author":[{"embeddable":true,"href":"https:\/\/www.sage.com\/es-es\/blog\/api\/wp\/v2\/users\/248"}],"replies":[{"embeddable":true,"href":"https:\/\/www.sage.com\/es-es\/blog\/api\/wp\/v2\/comments?post=8425"}],"version-history":[{"count":1,"href":"https:\/\/www.sage.com\/es-es\/blog\/api\/wp\/v2\/posts\/8425\/revisions"}],"predecessor-version":[{"id":37532,"href":"https:\/\/www.sage.com\/es-es\/blog\/api\/wp\/v2\/posts\/8425\/revisions\/37532"}],"wp:featuredmedia":[{"embeddable":true,"href":"https:\/\/www.sage.com\/es-es\/blog\/api\/wp\/v2\/media\/10162"}],"wp:attachment":[{"href":"https:\/\/www.sage.com\/es-es\/blog\/api\/wp\/v2\/media?parent=8425"}],"wp:term":[{"taxonomy":"category","embeddable":true,"href":"https:\/\/www.sage.com\/es-es\/blog\/api\/wp\/v2\/categories?post=8425"},{"taxonomy":"post_tag","embeddable":true,"href":"https:\/\/www.sage.com\/es-es\/blog\/api\/wp\/v2\/tags?post=8425"},{"taxonomy":"business_type","embeddable":true,"href":"https:\/\/www.sage.com\/es-es\/blog\/api\/wp\/v2\/business_type?post=8425"},{"taxonomy":"lilypad","embeddable":true,"href":"https:\/\/www.sage.com\/es-es\/blog\/api\/wp\/v2\/lilypad?post=8425"},{"taxonomy":"context","embeddable":true,"href":"https:\/\/www.sage.com\/es-es\/blog\/api\/wp\/v2\/context?post=8425"},{"taxonomy":"industry","embeddable":true,"href":"https:\/\/www.sage.com\/es-es\/blog\/api\/wp\/v2\/industry?post=8425"},{"taxonomy":"persona","embeddable":true,"href":"https:\/\/www.sage.com\/es-es\/blog\/api\/wp\/v2\/persona?post=8425"},{"taxonomy":"imagine_tag","embeddable":true,"href":"https:\/\/www.sage.com\/es-es\/blog\/api\/wp\/v2\/imagine_tag?post=8425"},{"taxonomy":"author","embeddable":true,"href":"https:\/\/www.sage.com\/es-es\/blog\/api\/wp\/v2\/coauthors?post=8425"}],"curies":[{"name":"wp","href":"https:\/\/api.w.org\/{rel}","templated":true}]}}