{"id":8447,"date":"2015-08-04T00:00:00","date_gmt":"2015-08-04T00:00:00","guid":{"rendered":"https:\/\/www.sage.com\/es-es\/blog\/legal%20news\/cambios-que-introduce-el-proyecto-de-presupuestos-en-el-impuesto-sobre-sociedades-para-el-2016\/"},"modified":"2026-04-17T12:36:01","modified_gmt":"2026-04-17T10:36:01","slug":"cambios-que-introduce-el-proyecto-de-presupuestos-en-el-impuesto-sobre-sociedades-para-el-2016","status":"publish","type":"post","link":"https:\/\/www.sage.com\/es-es\/blog\/cambios-que-introduce-el-proyecto-de-presupuestos-en-el-impuesto-sobre-sociedades-para-el-2016\/","title":{"rendered":"Cambios que introduce el Proyecto de Presupuestos en el Impuesto sobre Sociedades, para el 2016"},"content":{"rendered":"<header class=\"entry-header has-dark-background-color entry-header--standard entry-header--has-illustration entry-header--has-illustration--standard\">\n\t<div class=\"container\">\n\t\t<div class=\"entry-header__row row align-center\">\n\t\t\t<div class=\"col col-lg-7 col-xlg-6 entry-header__content\">\n\t\t\t\t\t\t\t<div class=\"component component-single-header\">\n\t\t\t\t\t\t\t\t\t\t<div class=\"entry-header__misc text--subtitle text--uppercase text--small\">\n\t\t\t\t\t\t\t<a href=\"https:\/\/www.sage.com\/es-es\/blog\/categoria\/legal\/\" class=\"entry-header__link\">Legal<\/a>\t\t\t\t\t\t<\/div>\n\t\t\t\t\n\t\t\t\t<div class=\"entry-title-wrapper\">\n\t\t\t\t\t<h1 class=\"entry-title\">\n\t\t\t\t\t\tCambios que introduce el Proyecto de Presupuestos en el Impuesto sobre Sociedades, para el 2016\t\t\t\t\t<\/h1>\n\t\t\t\t<\/div>\n\n\t\t\t\t\t\t\t\t\t<p class=\"entry-header__description\">\n\t\t\t\t\t\t\t\t\t\t\t<\/p>\n\t\t\t\t\n\t\t\t\t\n\t\t\t\t\n\t\t\t<\/div>\n\n\t\t\t\t\t<\/div>\n\t\t\t\t\t<\/div>\n\t<\/div>\n\t<div class=\"single-post-details container\">\n\t\t<div class=\"col\">\n\t\t\t<span class=\"posted-on \"><time class=\"entry-date published\" datetime=\"2015-08-04T00:00:00+02:00\">4 August, 2015<\/time><\/span><span class=\"reading-time\"> minutos de lectura<\/span>\n\t\t<button\n\t\t\ttype=\"button\"\n\t\t\tclass=\"social-share-button button button--icon button--secondary js-social-share-button\"\n\t\t\tdata-share-title=\"Cambios que introduce el Proyecto de Presupuestos en el Impuesto sobre Sociedades, para el 2016\"\n\t\t\tdata-share-url=\"https:\/\/www.sage.com\/es-es\/blog\/cambios-que-introduce-el-proyecto-de-presupuestos-en-el-impuesto-sobre-sociedades-para-el-2016\/\"\n\t\t\tdata-share-text=\"Please read this interesting article\"\n\t\t>\n\t\t\t<span class=\"social-share-button__share-label\">Compartir<\/span>\n\t\t\t<span class=\"social-share-button__copy-label\" hidden>Copiar enlace<\/span>\n\t\t\t<span class=\"social-share-button__copy-tooltip\" aria-hidden=\"true\" hidden>Copiado<\/span>\n\t\t<\/button>\n\n\t\t\t\t<\/div>\n\t<\/div>\n<\/header>\n\n\n\n<div class=\"wp-block-post-author has-dark-background-color alignfull\">\n\t<div class=\"container\">\n\t\t<div class=\"col\">\n\t\t\t\t\t\t\t<div class=\"co-authors\">\n\t\t\t\t\t\n\t\t<div class=\"entry-author-wrapper\">\n\t\t\t<a class=\"entry-author\" href=\"https:\/\/www.sage.com\/es-es\/blog\/author\/ronald-lozano\/\">\n\t\t\t\t<img loading=\"lazy\" decoding=\"async\" width=\"40\" height=\"40\" src=\"https:\/\/www.sage.com\/es-es\/blog\/wp-content\/uploads\/sites\/8\/2025\/02\/Ronald-Lozano-350x350.jpg\" class=\"entry-author__image\" alt=\"Sage\" srcset=\"https:\/\/www.sage.com\/es-es\/blog\/wp-content\/uploads\/sites\/8\/2025\/02\/Ronald-Lozano-350x350.jpg 350w, https:\/\/www.sage.com\/es-es\/blog\/wp-content\/uploads\/sites\/8\/2025\/02\/Ronald-Lozano.jpg 600w\" sizes=\"auto, (max-width: 40px) 100vw, 40px\" \/>\t\t\t\t<span class=\"entry-author__name\">Ronald Lozano<\/span>\n\t\t\t<\/a>\n\n\t\t\t\t\t<\/div>\n\n\t\t\t\t\t\t<\/div>\n\t\t\t\t\t<\/div>\n\t<\/div>\n<\/div>\n\n\n\n<p>\u200b<strong>\u00bfA qu\u00e9 afecta?<\/strong><\/p>\n\n\n\n<p>Durante el ejercicio 2016:<\/p>\n\n\n\n<ul class=\"wp-block-list\">\n<li>Establece que actividades tendr\u00e1n la consideraci\u00f3n de ser de \u00abexcepcional inter\u00e9s p\u00fablico\u00bb.<\/li>\n\n\n\n<li>El tipo de inter\u00e9s del dinero y el inter\u00e9s de demora.<\/li>\n<\/ul>\n\n\n\n<p>A partir del ejercicio 2016:<\/p>\n\n\n\n<ul class=\"wp-block-list\">\n<li>Nacen 6 eventos que se beneficiar\u00e1n del r\u00e9gimen fiscal de mecenazgo.<\/li>\n\n\n\n<li>Modifica la forma de c\u00e1lculo de la reducci\u00f3n de los ingresos procedentes de la cesi\u00f3n de los derechos de uso o la transmisi\u00f3n de los derechos de propiedad industrial, patentes,\u2026<\/li>\n\n\n\n<li>Para las Sociedades Civiles que en 2016 ser\u00e1n contribuyentes del Impuesto sobre Sociedades cambian el r\u00e9gimen de IVA por el que tributan a partir del 01\/01\/2016.<\/li>\n<\/ul>\n\n\n\n<p><strong>\u00bfA qui\u00e9n afecta?<\/strong><\/p>\n\n\n\n<p>A los contribuyentes del Impuesto sobre Sociedades, y a los no residentes que operan en Espa\u00f1a a trav\u00e9s de establecimiento permanente.<\/p>\n\n\n\n<p><strong>\u00bfC\u00f3mo afecta?<\/strong><\/p>\n\n\n\n<ul class=\"wp-block-list\">\n<li>Se establecen las entidades cuyas actividades en 2016, tendr\u00e1n la consideraci\u00f3n de ser de \u00abexcepcional inter\u00e9s p\u00fablico\u00bb. Los donativos a estas entidades, tendr\u00e1n derecho a deducci\u00f3n por donativos incrementada en 5 puntos, (15% de deducci\u00f3n), y a un incremento en un 5% en el l\u00edmite sobre la base de la deducci\u00f3n, (como m\u00e1ximo el 15% de la Base Imponible).<\/li>\n\n\n\n<li>El tipo de inter\u00e9s ser\u00e1 el 3%.<\/li>\n\n\n\n<li>El tipo de inter\u00e9s de demora aplicables tanto por la Administraci\u00f3n Tributaria, como en la gesti\u00f3n de las subvenciones ser\u00e1 el 3,75%.<\/li>\n\n\n\n<li>6 nuevos eventos de mecenazgo de excepcional inter\u00e9s p\u00fablico que nacen en 2016.<\/li>\n\n\n\n<li>Los gastos en publicidad del evento, que cumplan determinados requisitos, respecto a los donativos al evento, podr\u00e1n disfrutar del la deducci\u00f3n del 15%, en la cuota del Impuesto sobre sociedades, y los donativos que superen los l\u00edmites establecidos podr\u00e1n disfrutar de la deducci\u00f3n por donativos.<\/li>\n<\/ul>\n\n\n\n<figure class=\"wp-block-table\"><table class=\"has-fixed-layout\"><tbody><tr><td class=\"has-text-align-left\" data-align=\"left\" colspan=\"2\"><strong>MECENAZGO 2016<\/strong><\/td><\/tr><tr><td class=\"has-text-align-left\" data-align=\"left\"><strong>Evento<\/strong><\/td><td class=\"has-text-align-left\" data-align=\"left\"><strong>Inicio Fin<\/strong><\/td><\/tr><tr><td class=\"has-text-align-left\" data-align=\"left\">\u00abII Centenario del Museo Nacional del Prado\u00bb<\/td><td class=\"has-text-align-left\" data-align=\"left\">20\/11\/2016 19\/11\/2019<\/td><\/tr><tr><td class=\"has-text-align-left\" data-align=\"left\">\u00abCampeonatos del Mundo FIS de Freestyle y Snowboard Sierra Nevada 2017\u00bb<\/td><td class=\"has-text-align-left\" data-align=\"left\">01\/01\/2016 31\/12\/2018<\/td><\/tr><tr><td class=\"has-text-align-left\" data-align=\"left\">\u00abVigesimoquinto aniversario del Museo Thyssen-Bornemisza\u00bb<\/td><td class=\"has-text-align-left\" data-align=\"left\">01\/01\/2016 31\/12\/2018<\/td><\/tr><tr><td class=\"has-text-align-left\" data-align=\"left\">\u00abCampeonato de Europa de Waterpolo Barcelona 2018\u00bb<\/td><td class=\"has-text-align-left\" data-align=\"left\">01\/01\/2016 31\/12\/2018<\/td><\/tr><tr><td class=\"has-text-align-left\" data-align=\"left\">\u00abCentenario del nacimiento de Camilo Jos\u00e9 Cela\u00bb<\/td><td class=\"has-text-align-left\" data-align=\"left\">01\/01\/2016 30\/06\/2017<\/td><\/tr><tr><td class=\"has-text-align-left\" data-align=\"left\">\u00ab2017: A\u00f1o de la retina en Espa\u00f1a\u00bb<\/td><td class=\"has-text-align-left\" data-align=\"left\">01\/01\/2016 31\/12\/2017<\/td><\/tr><\/tbody><\/table><\/figure>\n\n\n\n<ul class=\"wp-block-list\">\n<li>Modifica la forma de calcular el importe a informar por los usuarios del ajuste sobre la reducci\u00f3n de los ingresos procedentes de la cesi\u00f3n de los derechos de uso y la transmisi\u00f3n de propiedad industrial y patentes, art\u00edculo 23 de la Ley 27\/2014, incorporando un r\u00e9gimen transitorio de aplicaci\u00f3n de ambos sistemas, nueva Disposici\u00f3n Transitoria vig\u00e9sima de la Ley 27\/2014.<\/li>\n\n\n\n<li>Las Sociedades Civiles que a partir del ejercicio 2016 pasen a ser contribuyentes del Impuesto sobre Sociedades, en relaci\u00f3n al r\u00e9gimen de IVA, con efectos desde el 01\/01\/2016 dejar\u00e1n de tributar en recargo de equivalencia si\u00e9ndoles de aplicaci\u00f3n el art. 155 de la Ley del IVA, y el art. 60 del Reglamento.<\/li>\n<\/ul>\n\n\n\n<p><strong>\u00bfCu\u00e1ndo afecta?<\/strong><\/p>\n\n\n\n<ul class=\"wp-block-list\">\n<li>En vigor a partir del 01\/01\/2016.<\/li>\n\n\n\n<li>A efectos del Impuesto sobre sociedades, de aplicaci\u00f3n para ejercicios iniciados a partir del 01\/01\/2016.<\/li>\n<\/ul>\n\n\n\n<div class=\"single-cta\">\n\t<div class=\"single-cta__positioner\">\n\t\t<div class=\"single-cta__wrapper has-dark-background-color\">\n\t\t\t<div class=\"single-cta__content\">\n\t\t\t\t\t\t\t\t<h2 class=\"single-cta__title h3\">Subscr\u00edbete a la newsletter de Sage Advice<\/h2>\n\n\t\t\t\t\t\t\t\t\t<div class=\"single-cta__description\">\n\t\t\t\t\t\t<p>Recibe nuestros consejos m\u00e1s recientes directamente en la bandeja de entrada de tu correo electr\u00f3nico.<\/p>\n\t\t\t\t\t<\/div>\n\t\t\t\t\n\t\t\t\t\t\t\t\t\t\t\t\t\t\t<a\n\t\t\t\t\t\thref=\"#gate-263a5c00-99e4-4e71-8421-469deda8e674\"\n\t\t\t\t\t\tclass=\"single-cta__button button button--primary\"\n\t\t\t\t\t\t\t\t\t\t\t\t\t\t\t\t\t>Suscr\u00edbete<\/a>\n\t\t\t\t\t\t\t<\/div>\n\n\t\t\t\t\t<\/div>\n\n\t\t\t\t\t<img decoding=\"async\" width=\"1440\" height=\"810\" src=\"https:\/\/www.sage.com\/es-es\/blog\/wp-content\/uploads\/sites\/8\/2022\/04\/GettyImages-1171960556-1440x810.jpg\" class=\"single-cta__image\" alt=\"Sage\" loading=\"lazy\" srcset=\"https:\/\/www.sage.com\/es-es\/blog\/wp-content\/uploads\/sites\/8\/2022\/04\/GettyImages-1171960556-1440x810.jpg 1440w\" sizes=\"auto, (min-width: 48em) 33vw, 100vw\" \/>\t\t\t<\/div>\n<\/div>\n","protected":false},"excerpt":{"rendered":"<p>\u200b\u00bfA qu\u00e9 afecta? Durante el ejercicio 2016: A partir del ejercicio 2016: \u00bfA qui\u00e9n afecta? A los contribuyentes del Impuesto sobre Sociedades, y a los no residentes que operan en Espa\u00f1a a trav\u00e9s de establecimiento permanente. \u00bfC\u00f3mo afecta? MECENAZGO 2016 Evento Inicio Fin \u00abII Centenario del Museo Nacional del Prado\u00bb 20\/11\/2016 19\/11\/2019 \u00abCampeonatos del Mundo [&hellip;]<\/p>\n","protected":false},"author":248,"featured_media":10160,"comment_status":"open","ping_status":"closed","sticky":false,"template":"","format":"standard","meta":{"_sage_video":false,"post_featured_image_hide":false,"footnotes":""},"categories":[6],"tags":[201],"business_type":[10,11,8],"lilypad":[],"context":[],"industry":[],"persona":[],"imagine_tag":[],"coauthors":[670],"class_list":["post-8447","post","type-post","status-publish","format-standard","has-post-thumbnail","hentry","category-legal","tag-normativa-legal","business_type-pequena-empresa","business_type-mediana-empresa","business_type-asesorias-despachos-profesionales"],"sage_meta":{"region":"es-es","author_name":"Ronald Lozano","featured_image":"https:\/\/www.sage.com\/es-es\/blog\/wp-content\/uploads\/sites\/8\/2018\/02\/legal-image-chevron_Azul.png","imagine_tags":[]},"distributor_meta":false,"distributor_terms":false,"distributor_media":false,"distributor_original_site_name":"Sage Advice Espa\u00f1a","distributor_original_site_url":"https:\/\/www.sage.com\/es-es\/blog","push-errors":false,"_links":{"self":[{"href":"https:\/\/www.sage.com\/es-es\/blog\/api\/wp\/v2\/posts\/8447","targetHints":{"allow":["GET"]}}],"collection":[{"href":"https:\/\/www.sage.com\/es-es\/blog\/api\/wp\/v2\/posts"}],"about":[{"href":"https:\/\/www.sage.com\/es-es\/blog\/api\/wp\/v2\/types\/post"}],"author":[{"embeddable":true,"href":"https:\/\/www.sage.com\/es-es\/blog\/api\/wp\/v2\/users\/248"}],"replies":[{"embeddable":true,"href":"https:\/\/www.sage.com\/es-es\/blog\/api\/wp\/v2\/comments?post=8447"}],"version-history":[{"count":1,"href":"https:\/\/www.sage.com\/es-es\/blog\/api\/wp\/v2\/posts\/8447\/revisions"}],"predecessor-version":[{"id":37528,"href":"https:\/\/www.sage.com\/es-es\/blog\/api\/wp\/v2\/posts\/8447\/revisions\/37528"}],"wp:featuredmedia":[{"embeddable":true,"href":"https:\/\/www.sage.com\/es-es\/blog\/api\/wp\/v2\/media\/10160"}],"wp:attachment":[{"href":"https:\/\/www.sage.com\/es-es\/blog\/api\/wp\/v2\/media?parent=8447"}],"wp:term":[{"taxonomy":"category","embeddable":true,"href":"https:\/\/www.sage.com\/es-es\/blog\/api\/wp\/v2\/categories?post=8447"},{"taxonomy":"post_tag","embeddable":true,"href":"https:\/\/www.sage.com\/es-es\/blog\/api\/wp\/v2\/tags?post=8447"},{"taxonomy":"business_type","embeddable":true,"href":"https:\/\/www.sage.com\/es-es\/blog\/api\/wp\/v2\/business_type?post=8447"},{"taxonomy":"lilypad","embeddable":true,"href":"https:\/\/www.sage.com\/es-es\/blog\/api\/wp\/v2\/lilypad?post=8447"},{"taxonomy":"context","embeddable":true,"href":"https:\/\/www.sage.com\/es-es\/blog\/api\/wp\/v2\/context?post=8447"},{"taxonomy":"industry","embeddable":true,"href":"https:\/\/www.sage.com\/es-es\/blog\/api\/wp\/v2\/industry?post=8447"},{"taxonomy":"persona","embeddable":true,"href":"https:\/\/www.sage.com\/es-es\/blog\/api\/wp\/v2\/persona?post=8447"},{"taxonomy":"imagine_tag","embeddable":true,"href":"https:\/\/www.sage.com\/es-es\/blog\/api\/wp\/v2\/imagine_tag?post=8447"},{"taxonomy":"author","embeddable":true,"href":"https:\/\/www.sage.com\/es-es\/blog\/api\/wp\/v2\/coauthors?post=8447"}],"curies":[{"name":"wp","href":"https:\/\/api.w.org\/{rel}","templated":true}]}}