{"id":8485,"date":"2016-03-21T00:00:00","date_gmt":"2016-03-21T00:00:00","guid":{"rendered":"https:\/\/www.sage.com\/es-es\/blog\/legal%20news\/boletin-de-noticias-red-201602\/"},"modified":"2026-03-13T14:26:42","modified_gmt":"2026-03-13T13:26:42","slug":"boletin-de-noticias-red-201602","status":"publish","type":"post","link":"https:\/\/www.sage.com\/es-es\/blog\/boletin-de-noticias-red-201602\/","title":{"rendered":"Bolet\u00edn de Noticias RED 2016\/02"},"content":{"rendered":"<header class=\"entry-header has-dark-background-color entry-header--has-illustration entry-header--has-illustration--generic\">\n\t<div class=\"container\">\n\t\t<div class=\"entry-header__row row align-center\">\n\t\t\t<div class=\"col col-lg-7 col-xlg-6 entry-header__content\">\n\t\t\t\t\t\t\t<div class=\"component component-single-header\">\n\t\t\t\t\t\t\t\t\t\t<div class=\"entry-header__misc text--subtitle text--uppercase text--small\">\n\t\t\t\t\t\t\t<a href=\"https:\/\/www.sage.com\/es-es\/blog\/categoria\/legal\/\" class=\"entry-header__link\">Legal<\/a>\t\t\t\t\t\t<\/div>\n\t\t\t\t\n\t\t\t\t<div class=\"entry-title-wrapper\">\n\t\t\t\t\t<h1 class=\"entry-title\">\n\t\t\t\t\t\tBolet\u00edn de Noticias RED 2016\/02\t\t\t\t\t<\/h1>\n\t\t\t\t<\/div>\n\n\t\t\t\t\t\t\t\t\t<p class=\"entry-header__description\">\n\t\t\t\t\t\t\t\t\t\t\t<\/p>\n\t\t\t\t\n\t\t\t\t\n\t\t\t\t\n\t\t\t<\/div>\n\n\t\t\t\t\t<\/div>\n\t\t\t\t\t<\/div>\n\t<\/div>\n\t<div class=\"single-post-details container\">\n\t\t<div class=\"col\">\n\t\t\t<span class=\"posted-on \"><time class=\"entry-date published\" datetime=\"2016-03-21T00:00:00+01:00\">21 March, 2016<\/time><\/span><span class=\"reading-time\"> minutos de lectura<\/span>\n\t\t<button\n\t\t\ttype=\"button\"\n\t\t\tclass=\"social-share-button button button--icon button--secondary js-social-share-button\"\n\t\t\tdata-share-title=\"Bolet\u00edn de Noticias RED 2016\/02\"\n\t\t\tdata-share-url=\"https:\/\/www.sage.com\/es-es\/blog\/boletin-de-noticias-red-201602\/\"\n\t\t\tdata-share-text=\"Please read this interesting article\"\n\t\t>\n\t\t\t<span class=\"social-share-button__share-label\">Compartir<\/span>\n\t\t\t<span class=\"social-share-button__copy-label\" hidden>Copiar enlace<\/span>\n\t\t\t<span class=\"social-share-button__copy-tooltip\" aria-hidden=\"true\" hidden>Copiado<\/span>\n\t\t<\/button>\n\n\t\t\t\t<\/div>\n\t<\/div>\n<\/header>\n\n\n\n<div class=\"wp-block-post-author has-dark-background-color alignfull\">\n\t<div class=\"container\">\n\t\t<div class=\"col\">\n\t\t\t\t\t\t\t<div class=\"co-authors\">\n\t\t\t\t\t\n\t\t<div class=\"entry-author-wrapper\">\n\t\t\t<a class=\"entry-author\" href=\"https:\/\/www.sage.com\/es-es\/blog\/author\/ronald-lozano\/\">\n\t\t\t\t<img loading=\"lazy\" decoding=\"async\" width=\"40\" height=\"40\" src=\"https:\/\/www.sage.com\/es-es\/blog\/wp-content\/uploads\/sites\/8\/2025\/02\/Ronald-Lozano-350x350.jpg\" class=\"entry-author__image\" alt=\"Sage\" srcset=\"https:\/\/www.sage.com\/es-es\/blog\/wp-content\/uploads\/sites\/8\/2025\/02\/Ronald-Lozano-350x350.jpg 350w, https:\/\/www.sage.com\/es-es\/blog\/wp-content\/uploads\/sites\/8\/2025\/02\/Ronald-Lozano.jpg 600w\" sizes=\"auto, (max-width: 40px) 100vw, 40px\" \/>\t\t\t\t<span class=\"entry-author__name\">Ronald Lozano<\/span>\n\t\t\t<\/a>\n\n\t\t\t\t\t<\/div>\n\n\t\t\t\t\t\t<\/div>\n\t\t\t\t\t<\/div>\n\t<\/div>\n<\/div>\n\n\n\n<p><strong>\u00bfA qu\u00e9 afecta?<\/strong><\/p>\n\n\n\n<p>A la cotizaci\u00f3n, afiliaci\u00f3n a la SS y comunicaci\u00f3n a INSS.<\/p>\n\n\n\n<p><strong>\u00bfA qui\u00e9n afecta?<\/strong><\/p>\n\n\n\n<p>A todos los autorizados RED usuarios de WinSuite32 y SILTRA que comunican datos de cotizaci\u00f3n, afiliaci\u00f3n a la S.S. e INSS.<\/p>\n\n\n\n<p><strong>\u00bfC\u00f3mo afecta?<\/strong><\/p>\n\n\n\n<ul class=\"wp-block-list\">\n<li>A todos los autorizados SILTRA que comunican datos de cotizaci\u00f3n de trabajadores en situaci\u00f3n de pluriempleo cuando en alguna de las empresas en las que figura en alta alguna de las contingencias est\u00e1 excluida de cotizaci\u00f3n.Los autorizados Sistema RED contin\u00faan comunicando esta situaci\u00f3n de cotizaci\u00f3n por medio de liquidaci\u00f3n TP2.<\/li>\n\n\n\n<li>Se deber\u00e1 comunicar de forma independiente la base o bases de cotizaci\u00f3n no afectadas por la distribuci\u00f3n del tope de pluriempleo. Bases nuevas a comunicar en fichero de bases:\n<ul class=\"wp-block-list\">\n<li>701, Base de Desempleo.<\/li>\n\n\n\n<li>702, Base de FOGASA.<\/li>\n\n\n\n<li>703, Base de Formaci\u00f3n Profesional.<\/li>\n\n\n\n<li>705, Base de Desempleo Cotiz. Empresarial.<\/li>\n\n\n\n<li>706, Base FOGASA Empresarial.<\/li>\n\n\n\n<li>707, Base Formaci\u00f3n Profesional Cotiz. Empresarial.<\/li>\n\n\n\n<li>708, Desempleo Maternidad Tiempo Parcial.<\/li>\n\n\n\n<li>709, Base de FOGASA Maternidad Tiempo Parcial.<\/li>\n\n\n\n<li>710, Base de Formaci\u00f3n Profesional Mater. Tiempo Parcial.<\/li>\n\n\n\n<li>711, Desempleo ERE Tiempo Parcial.<\/li>\n\n\n\n<li>712, Base FOGASA ERE Parcial.<\/li>\n\n\n\n<li>713, Base Formaci\u00f3n Profesional ERE Parcial.<\/li>\n<\/ul>\n<\/li>\n\n\n\n<li>Desaparici\u00f3n de los certificados SILCON en septiembre. Sustituci\u00f3n paulatina a partir de las pr\u00f3ximas versiones de SILTRA y Winsuite32.<\/li>\n\n\n\n<li>Adelanto del primer cierre de oficio de la liquidaci\u00f3n SLD de Marzo.<\/li>\n<\/ul>\n\n\n\n<p><strong>\u00bfCu\u00e1ndo afecta?<\/strong><\/p>\n\n\n\n<p>Pluriempleo: a las liquidaciones 03\/2016 que se presentan en 04\/2016.<\/p>\n\n\n\n<p>&nbsp;<\/p>\n\n\n\n<p>M\u00e1s informaci\u00f3n en: <a href=\"http:\/\/www.seg-social.es\/prdi00\/groups\/public\/documents\/binario\/212104.pdf\" target=\"_blank\" rel=\"noopener noreferrer\">http:\/\/www.seg-social.es\/prdi00\/groups\/public\/documents\/binario\/212104.pdf<\/a><\/p>\n\n\n<div class=\"single-cta\">\n\t<div class=\"single-cta__positioner\">\n\t\t<div class=\"single-cta__wrapper has-dark-background-color\">\n\t\t\t<div class=\"single-cta__content\">\n\t\t\t\t\t\t\t\t<h2 class=\"single-cta__title h3\">Subscr\u00edbete a la newsletter de Sage Advice<\/h2>\n\n\t\t\t\t\t\t\t\t\t<div class=\"single-cta__description\">\n\t\t\t\t\t\t<p>Recibe nuestros consejos m\u00e1s recientes directamente en la bandeja de entrada de tu correo electr\u00f3nico.<\/p>\n\t\t\t\t\t<\/div>\n\t\t\t\t\n\t\t\t\t\t\t\t\t\t\t\t\t\t\t<a\n\t\t\t\t\t\thref=\"#gate-263a5c00-99e4-4e71-8421-469deda8e674\"\n\t\t\t\t\t\tclass=\"single-cta__button button button--primary\"\n\t\t\t\t\t\t\t\t\t\t\t\t\t\t\t\t\t>Suscr\u00edbete<\/a>\n\t\t\t\t\t\t\t<\/div>\n\n\t\t\t\t\t<\/div>\n\n\t\t\t\t\t<img decoding=\"async\" width=\"1440\" height=\"810\" src=\"https:\/\/www.sage.com\/es-es\/blog\/wp-content\/uploads\/sites\/8\/2022\/04\/GettyImages-1171960556-1440x810.jpg\" class=\"single-cta__image\" alt=\"Sage\" loading=\"lazy\" srcset=\"https:\/\/www.sage.com\/es-es\/blog\/wp-content\/uploads\/sites\/8\/2022\/04\/GettyImages-1171960556-1440x810.jpg 1440w\" sizes=\"auto, (min-width: 48em) 33vw, 100vw\" \/>\t\t\t<\/div>\n<\/div>\n","protected":false},"excerpt":{"rendered":"<p>\u00bfA qu\u00e9 afecta? A la cotizaci\u00f3n, afiliaci\u00f3n a la SS y comunicaci\u00f3n a INSS. \u00bfA qui\u00e9n afecta? A todos los autorizados RED usuarios de WinSuite32 y SILTRA que comunican datos de cotizaci\u00f3n, afiliaci\u00f3n a la S.S. e INSS. \u00bfC\u00f3mo afecta? \u00bfCu\u00e1ndo afecta? Pluriempleo: a las liquidaciones 03\/2016 que se presentan en 04\/2016. &nbsp; M\u00e1s informaci\u00f3n [&hellip;]<\/p>\n","protected":false},"author":248,"featured_media":10160,"comment_status":"open","ping_status":"closed","sticky":false,"template":"","format":"standard","meta":{"_sage_video":false,"post_featured_image_hide":false,"footnotes":""},"categories":[6],"tags":[201],"business_type":[10,11,8],"lilypad":[],"context":[],"industry":[],"persona":[],"imagine_tag":[],"coauthors":[670],"class_list":["post-8485","post","type-post","status-publish","format-standard","has-post-thumbnail","hentry","category-legal","tag-normativa-legal","business_type-pequena-empresa","business_type-mediana-empresa","business_type-asesorias-despachos-profesionales"],"sage_meta":{"region":"es-es","author_name":"Ronald Lozano","featured_image":"https:\/\/www.sage.com\/es-es\/blog\/wp-content\/uploads\/sites\/8\/2018\/02\/legal-image-chevron_Azul.png","imagine_tags":[]},"distributor_meta":false,"distributor_terms":false,"distributor_media":false,"distributor_original_site_name":"Sage Advice Espa\u00f1a","distributor_original_site_url":"https:\/\/www.sage.com\/es-es\/blog","push-errors":false,"_links":{"self":[{"href":"https:\/\/www.sage.com\/es-es\/blog\/api\/wp\/v2\/posts\/8485","targetHints":{"allow":["GET"]}}],"collection":[{"href":"https:\/\/www.sage.com\/es-es\/blog\/api\/wp\/v2\/posts"}],"about":[{"href":"https:\/\/www.sage.com\/es-es\/blog\/api\/wp\/v2\/types\/post"}],"author":[{"embeddable":true,"href":"https:\/\/www.sage.com\/es-es\/blog\/api\/wp\/v2\/users\/248"}],"replies":[{"embeddable":true,"href":"https:\/\/www.sage.com\/es-es\/blog\/api\/wp\/v2\/comments?post=8485"}],"version-history":[{"count":0,"href":"https:\/\/www.sage.com\/es-es\/blog\/api\/wp\/v2\/posts\/8485\/revisions"}],"wp:featuredmedia":[{"embeddable":true,"href":"https:\/\/www.sage.com\/es-es\/blog\/api\/wp\/v2\/media\/10160"}],"wp:attachment":[{"href":"https:\/\/www.sage.com\/es-es\/blog\/api\/wp\/v2\/media?parent=8485"}],"wp:term":[{"taxonomy":"category","embeddable":true,"href":"https:\/\/www.sage.com\/es-es\/blog\/api\/wp\/v2\/categories?post=8485"},{"taxonomy":"post_tag","embeddable":true,"href":"https:\/\/www.sage.com\/es-es\/blog\/api\/wp\/v2\/tags?post=8485"},{"taxonomy":"business_type","embeddable":true,"href":"https:\/\/www.sage.com\/es-es\/blog\/api\/wp\/v2\/business_type?post=8485"},{"taxonomy":"lilypad","embeddable":true,"href":"https:\/\/www.sage.com\/es-es\/blog\/api\/wp\/v2\/lilypad?post=8485"},{"taxonomy":"context","embeddable":true,"href":"https:\/\/www.sage.com\/es-es\/blog\/api\/wp\/v2\/context?post=8485"},{"taxonomy":"industry","embeddable":true,"href":"https:\/\/www.sage.com\/es-es\/blog\/api\/wp\/v2\/industry?post=8485"},{"taxonomy":"persona","embeddable":true,"href":"https:\/\/www.sage.com\/es-es\/blog\/api\/wp\/v2\/persona?post=8485"},{"taxonomy":"imagine_tag","embeddable":true,"href":"https:\/\/www.sage.com\/es-es\/blog\/api\/wp\/v2\/imagine_tag?post=8485"},{"taxonomy":"author","embeddable":true,"href":"https:\/\/www.sage.com\/es-es\/blog\/api\/wp\/v2\/coauthors?post=8485"}],"curies":[{"name":"wp","href":"https:\/\/api.w.org\/{rel}","templated":true}]}}