{"id":8494,"date":"2016-06-20T00:00:00","date_gmt":"2016-06-20T00:00:00","guid":{"rendered":"https:\/\/www.sage.com\/es-es\/blog\/legal%20news\/nuevas-obligaciones-y-condiciones-que-obligan-a-la-presentacion-de-factura-electronica-en-bizkaia\/"},"modified":"2026-03-13T14:26:40","modified_gmt":"2026-03-13T13:26:40","slug":"nuevas-obligaciones-y-condiciones-que-obligan-a-la-presentacion-de-factura-electronica-en-bizkaia","status":"publish","type":"post","link":"https:\/\/www.sage.com\/es-es\/blog\/nuevas-obligaciones-y-condiciones-que-obligan-a-la-presentacion-de-factura-electronica-en-bizkaia\/","title":{"rendered":"Nuevas obligaciones y condiciones que obligan a la presentaci\u00f3n de factura electr\u00f3nica en Bizkaia"},"content":{"rendered":"<header class=\"entry-header has-dark-background-color entry-header--has-illustration entry-header--has-illustration--generic\">\n\t<div class=\"container\">\n\t\t<div class=\"entry-header__row row align-center\">\n\t\t\t<div class=\"col col-lg-7 col-xlg-6 entry-header__content\">\n\t\t\t\t\t\t\t<div class=\"component component-single-header\">\n\t\t\t\t\t\t\t\t\t\t<div class=\"entry-header__misc text--subtitle text--uppercase text--small\">\n\t\t\t\t\t\t\t<a href=\"https:\/\/www.sage.com\/es-es\/blog\/categoria\/legal\/\" class=\"entry-header__link\">Legal<\/a>\t\t\t\t\t\t<\/div>\n\t\t\t\t\n\t\t\t\t<div class=\"entry-title-wrapper\">\n\t\t\t\t\t<h1 class=\"entry-title\">\n\t\t\t\t\t\tNuevas obligaciones y condiciones que obligan a la presentaci\u00f3n de factura electr\u00f3nica en Bizkaia\t\t\t\t\t<\/h1>\n\t\t\t\t<\/div>\n\n\t\t\t\t\t\t\t\t\t<p class=\"entry-header__description\">\n\t\t\t\t\t\t\t\t\t\t\t<\/p>\n\t\t\t\t\n\t\t\t\t\n\t\t\t\t\n\t\t\t<\/div>\n\n\t\t\t\t\t<\/div>\n\t\t\t\t\t<\/div>\n\t<\/div>\n\t<div class=\"single-post-details container\">\n\t\t<div class=\"col\">\n\t\t\t<span class=\"posted-on \"><time class=\"entry-date published\" datetime=\"2016-06-20T00:00:00+02:00\">20 June, 2016<\/time><\/span><span class=\"reading-time\"> minutos de lectura<\/span>\n\t\t<button\n\t\t\ttype=\"button\"\n\t\t\tclass=\"social-share-button button button--icon button--secondary js-social-share-button\"\n\t\t\tdata-share-title=\"Nuevas obligaciones y condiciones que obligan a la presentaci\u00f3n de factura electr\u00f3nica en Bizkaia\"\n\t\t\tdata-share-url=\"https:\/\/www.sage.com\/es-es\/blog\/nuevas-obligaciones-y-condiciones-que-obligan-a-la-presentacion-de-factura-electronica-en-bizkaia\/\"\n\t\t\tdata-share-text=\"Please read this interesting article\"\n\t\t>\n\t\t\t<span class=\"social-share-button__share-label\">Compartir<\/span>\n\t\t\t<span class=\"social-share-button__copy-label\" hidden>Copiar enlace<\/span>\n\t\t\t<span class=\"social-share-button__copy-tooltip\" aria-hidden=\"true\" hidden>Copiado<\/span>\n\t\t<\/button>\n\n\t\t\t\t<\/div>\n\t<\/div>\n<\/header>\n\n\n\n<div class=\"wp-block-post-author has-dark-background-color alignfull\">\n\t<div class=\"container\">\n\t\t<div class=\"col\">\n\t\t\t\t\t\t\t<div class=\"co-authors\">\n\t\t\t\t\t\n\t\t<div class=\"entry-author-wrapper\">\n\t\t\t<a class=\"entry-author\" href=\"https:\/\/www.sage.com\/es-es\/blog\/author\/ronald-lozano\/\">\n\t\t\t\t<img loading=\"lazy\" decoding=\"async\" width=\"40\" height=\"40\" src=\"https:\/\/www.sage.com\/es-es\/blog\/wp-content\/uploads\/sites\/8\/2025\/02\/Ronald-Lozano-350x350.jpg\" class=\"entry-author__image\" alt=\"Sage\" srcset=\"https:\/\/www.sage.com\/es-es\/blog\/wp-content\/uploads\/sites\/8\/2025\/02\/Ronald-Lozano-350x350.jpg 350w, https:\/\/www.sage.com\/es-es\/blog\/wp-content\/uploads\/sites\/8\/2025\/02\/Ronald-Lozano.jpg 600w\" sizes=\"auto, (max-width: 40px) 100vw, 40px\" \/>\t\t\t\t<span class=\"entry-author__name\">Ronald Lozano<\/span>\n\t\t\t<\/a>\n\n\t\t\t\t\t<\/div>\n\n\t\t\t\t\t\t<\/div>\n\t\t\t\t\t<\/div>\n\t<\/div>\n<\/div>\n\n\n\n<p><strong>\u00bfA qu\u00e9 afecta?<\/strong><\/p>\n\n\n\n<p>A&nbsp;la regulaci\u00f3n, obligaci\u00f3n y presentaci\u00f3n de facturas electr\u00f3nicas.<\/p>\n\n\n\n<p><strong>\u00bfA&nbsp;qui\u00e9n afecta?<\/strong><\/p>\n\n\n\n<p>A&nbsp;los proveedores de la administraci\u00f3n que por su naturaleza deban presentar&nbsp;factura electr\u00f3nica.<\/p>\n\n\n\n<p><strong>\u00bfC\u00f3mo&nbsp;afecta?<\/strong><\/p>\n\n\n\n<ul class=\"wp-block-list\">\n<li>Los\u00a0que presenten, por obligaci\u00f3n, una factura electr\u00f3nica estar\u00e1n obligados, en lo\u00a0sucesivo, a presentar factura electr\u00f3nica.<\/li>\n\n\n\n<li>Si\u00a0en el a\u00f1o anterior al presentar la factura electr\u00f3nica, se ha superado el\u00a0importe de 5.000 Euros, se queda autom\u00e1ticamente obligado a presentar factura\u00a0electr\u00f3nica.\n<ul class=\"wp-block-list\">\n<li>Se\u00a0sigue manteniendo la exclusi\u00f3n de presentar factura electr\u00f3nica por importes\u00a0inferiores a 5.000 Euros.<\/li>\n<\/ul>\n<\/li>\n\n\n\n<li>En\u00a0el caso de procedimientos de contrataci\u00f3n todas las facturas presentadas en su\u00a0ejecuci\u00f3n deber\u00e1n tener formato electr\u00f3nico.<\/li>\n\n\n\n<li>Resulta\u00a0necesario crear un registro de proveedores obligados como medida de control de\u00a0la obligaci\u00f3n para el uso de la factura electr\u00f3nica.<\/li>\n<\/ul>\n\n\n\n<p><strong>\u00bfCu\u00e1ndo&nbsp;afecta?<\/strong><\/p>\n\n\n\n<p>En&nbsp;vigor 01\/07\/2016.<\/p>\n\n\n\n<p>&nbsp;<\/p>\n\n\n\n<p>M\u00e1s informaci\u00f3n: <a href=\"http:\/\/www.bizkaia.eus\/lehendakaritza\/Bao_bob\/2016\/06\/20160617a116.pdf#page=5\" target=\"_blank\" rel=\"noopener noreferrer\">http:\/\/www.bizkaia.eus\/lehendakaritza\/Bao_bob\/2016\/06\/20160617a116.pdf#page=5<\/a><\/p>\n\n\n<div class=\"single-cta\">\n\t<div class=\"single-cta__positioner\">\n\t\t<div class=\"single-cta__wrapper has-dark-background-color\">\n\t\t\t<div class=\"single-cta__content\">\n\t\t\t\t\t\t\t\t<h2 class=\"single-cta__title h3\">Subscr\u00edbete a la newsletter de Sage Advice<\/h2>\n\n\t\t\t\t\t\t\t\t\t<div class=\"single-cta__description\">\n\t\t\t\t\t\t<p>Recibe nuestros consejos m\u00e1s recientes directamente en la bandeja de entrada de tu correo electr\u00f3nico.<\/p>\n\t\t\t\t\t<\/div>\n\t\t\t\t\n\t\t\t\t\t\t\t\t\t\t\t\t\t\t<a\n\t\t\t\t\t\thref=\"#gate-263a5c00-99e4-4e71-8421-469deda8e674\"\n\t\t\t\t\t\tclass=\"single-cta__button button button--primary\"\n\t\t\t\t\t\t\t\t\t\t\t\t\t\t\t\t\t>Suscr\u00edbete<\/a>\n\t\t\t\t\t\t\t<\/div>\n\n\t\t\t\t\t<\/div>\n\n\t\t\t\t\t<img decoding=\"async\" width=\"1440\" height=\"810\" src=\"https:\/\/www.sage.com\/es-es\/blog\/wp-content\/uploads\/sites\/8\/2022\/04\/GettyImages-1171960556-1440x810.jpg\" class=\"single-cta__image\" alt=\"Sage\" loading=\"lazy\" srcset=\"https:\/\/www.sage.com\/es-es\/blog\/wp-content\/uploads\/sites\/8\/2022\/04\/GettyImages-1171960556-1440x810.jpg 1440w\" sizes=\"auto, (min-width: 48em) 33vw, 100vw\" \/>\t\t\t<\/div>\n<\/div>\n","protected":false},"excerpt":{"rendered":"<p>\u00bfA qu\u00e9 afecta? A&nbsp;la regulaci\u00f3n, obligaci\u00f3n y presentaci\u00f3n de facturas electr\u00f3nicas. \u00bfA&nbsp;qui\u00e9n afecta? A&nbsp;los proveedores de la administraci\u00f3n que por su naturaleza deban presentar&nbsp;factura electr\u00f3nica. \u00bfC\u00f3mo&nbsp;afecta? \u00bfCu\u00e1ndo&nbsp;afecta? En&nbsp;vigor 01\/07\/2016. &nbsp; M\u00e1s informaci\u00f3n: http:\/\/www.bizkaia.eus\/lehendakaritza\/Bao_bob\/2016\/06\/20160617a116.pdf#page=5<\/p>\n","protected":false},"author":248,"featured_media":10162,"comment_status":"open","ping_status":"closed","sticky":false,"template":"","format":"standard","meta":{"_sage_video":false,"post_featured_image_hide":false,"footnotes":""},"categories":[6],"tags":[201],"business_type":[10,11,8],"lilypad":[],"context":[],"industry":[],"persona":[],"imagine_tag":[],"coauthors":[670],"class_list":["post-8494","post","type-post","status-publish","format-standard","has-post-thumbnail","hentry","category-legal","tag-normativa-legal","business_type-pequena-empresa","business_type-mediana-empresa","business_type-asesorias-despachos-profesionales"],"sage_meta":{"region":"es-es","author_name":"Ronald Lozano","featured_image":"https:\/\/www.sage.com\/es-es\/blog\/wp-content\/uploads\/sites\/8\/2018\/02\/legal-image-chevron_Plum.png","imagine_tags":[]},"distributor_meta":false,"distributor_terms":false,"distributor_media":false,"distributor_original_site_name":"Sage Advice Espa\u00f1a","distributor_original_site_url":"https:\/\/www.sage.com\/es-es\/blog","push-errors":false,"_links":{"self":[{"href":"https:\/\/www.sage.com\/es-es\/blog\/api\/wp\/v2\/posts\/8494","targetHints":{"allow":["GET"]}}],"collection":[{"href":"https:\/\/www.sage.com\/es-es\/blog\/api\/wp\/v2\/posts"}],"about":[{"href":"https:\/\/www.sage.com\/es-es\/blog\/api\/wp\/v2\/types\/post"}],"author":[{"embeddable":true,"href":"https:\/\/www.sage.com\/es-es\/blog\/api\/wp\/v2\/users\/248"}],"replies":[{"embeddable":true,"href":"https:\/\/www.sage.com\/es-es\/blog\/api\/wp\/v2\/comments?post=8494"}],"version-history":[{"count":0,"href":"https:\/\/www.sage.com\/es-es\/blog\/api\/wp\/v2\/posts\/8494\/revisions"}],"wp:featuredmedia":[{"embeddable":true,"href":"https:\/\/www.sage.com\/es-es\/blog\/api\/wp\/v2\/media\/10162"}],"wp:attachment":[{"href":"https:\/\/www.sage.com\/es-es\/blog\/api\/wp\/v2\/media?parent=8494"}],"wp:term":[{"taxonomy":"category","embeddable":true,"href":"https:\/\/www.sage.com\/es-es\/blog\/api\/wp\/v2\/categories?post=8494"},{"taxonomy":"post_tag","embeddable":true,"href":"https:\/\/www.sage.com\/es-es\/blog\/api\/wp\/v2\/tags?post=8494"},{"taxonomy":"business_type","embeddable":true,"href":"https:\/\/www.sage.com\/es-es\/blog\/api\/wp\/v2\/business_type?post=8494"},{"taxonomy":"lilypad","embeddable":true,"href":"https:\/\/www.sage.com\/es-es\/blog\/api\/wp\/v2\/lilypad?post=8494"},{"taxonomy":"context","embeddable":true,"href":"https:\/\/www.sage.com\/es-es\/blog\/api\/wp\/v2\/context?post=8494"},{"taxonomy":"industry","embeddable":true,"href":"https:\/\/www.sage.com\/es-es\/blog\/api\/wp\/v2\/industry?post=8494"},{"taxonomy":"persona","embeddable":true,"href":"https:\/\/www.sage.com\/es-es\/blog\/api\/wp\/v2\/persona?post=8494"},{"taxonomy":"imagine_tag","embeddable":true,"href":"https:\/\/www.sage.com\/es-es\/blog\/api\/wp\/v2\/imagine_tag?post=8494"},{"taxonomy":"author","embeddable":true,"href":"https:\/\/www.sage.com\/es-es\/blog\/api\/wp\/v2\/coauthors?post=8494"}],"curies":[{"name":"wp","href":"https:\/\/api.w.org\/{rel}","templated":true}]}}