{"id":9418,"date":"2025-08-05T09:59:26","date_gmt":"2025-08-05T07:59:26","guid":{"rendered":"http:\/\/www.sage.com\/es-es\/blog\/?p=9418"},"modified":"2025-08-05T09:59:28","modified_gmt":"2025-08-05T07:59:28","slug":"operaciones-intracomunitarias-los-secretos-del-modelo-349","status":"publish","type":"post","link":"https:\/\/www.sage.com\/es-es\/blog\/operaciones-intracomunitarias-los-secretos-del-modelo-349\/","title":{"rendered":"Gu\u00eda del modelo 349: Qu\u00e9 son las operaciones intracomunitarias y c\u00f3mo declararlas"},"content":{"rendered":"<header class=\"entry-header has-dark-background-color entry-header--has-illustration entry-header--has-illustration--generic\">\n\t<div class=\"container\">\n\t\t<div class=\"entry-header__row row align-center\">\n\t\t\t<div class=\"col col-lg-7 col-xlg-6 entry-header__content\">\n\t\t\t\t\t\t\t<div class=\"component component-single-header\">\n\t\t\t\t\t\t\t\t\t\t<div class=\"entry-header__misc text--subtitle text--uppercase text--small\">\n\t\t\t\t\t\t\t<a href=\"https:\/\/www.sage.com\/es-es\/blog\/categoria\/asesorias-despachos-profesionales\/\" class=\"entry-header__link\">Asesor\u00edas y Despachos Profesionales<\/a>\t\t\t\t\t\t<\/div>\n\t\t\t\t\n\t\t\t\t<div class=\"entry-title-wrapper\">\n\t\t\t\t\t<h1 class=\"entry-title\">\n\t\t\t\t\t\tGu\u00eda del modelo 349: Qu\u00e9 son las operaciones intracomunitarias y c\u00f3mo declararlas\t\t\t\t\t<\/h1>\n\t\t\t\t<\/div>\n\n\t\t\t\t\t\t\t\t\t<p class=\"entry-header__description\">\n\t\t\t\t\t\t\t\t\t\t\t<\/p>\n\t\t\t\t\n\t\t\t\t\n\t\t\t\t\n\t\t\t<\/div>\n\n\t\t\t\t\t<\/div>\n\t\t\t\t\t<\/div>\n\t<\/div>\n\t<div class=\"single-post-details container\">\n\t\t<div class=\"col\">\n\t\t\t<span class=\"posted-on \"><time class=\"entry-date published\" datetime=\"2025-08-05T09:59:26+02:00\">5 August, 2025<\/time><\/span><span class=\"reading-time\"> minutos de lectura<\/span>\n\t\t<button\n\t\t\ttype=\"button\"\n\t\t\tclass=\"social-share-button button button--icon button--secondary js-social-share-button\"\n\t\t\tdata-share-title=\"Gu\u00eda del modelo 349: Qu\u00e9 son las operaciones intracomunitarias y c\u00f3mo declararlas\"\n\t\t\tdata-share-url=\"https:\/\/www.sage.com\/es-es\/blog\/operaciones-intracomunitarias-los-secretos-del-modelo-349\/\"\n\t\t\tdata-share-text=\"Please read this interesting article\"\n\t\t>\n\t\t\t<span class=\"social-share-button__share-label\">Compartir<\/span>\n\t\t\t<span class=\"social-share-button__copy-label\" hidden>Copiar enlace<\/span>\n\t\t\t<span class=\"social-share-button__copy-tooltip\" aria-hidden=\"true\" hidden>Copiado<\/span>\n\t\t<\/button>\n\n\t\t\t\t<\/div>\n\t<\/div>\n<\/header>\n\n\n\n<div class=\"wp-block-post-author has-dark-background-color alignfull\">\n\t<div class=\"container\">\n\t\t<div class=\"col\">\n\t\t\t\t\t\t\t<div class=\"co-authors\">\n\t\t\t\t\t\n\t\t<div class=\"entry-author-wrapper\">\n\t\t\t<a class=\"entry-author\" href=\"https:\/\/www.sage.com\/es-es\/blog\/author\/jose-ramon-fernandez-de-la-cigona\/\">\n\t\t\t\t<img loading=\"lazy\" decoding=\"async\" width=\"40\" height=\"40\" src=\"https:\/\/www.sage.com\/es-es\/blog\/wp-content\/uploads\/sites\/8\/2024\/02\/foto_jose-ramon_400x400-350x350.jpg\" class=\"entry-author__image\" alt=\"Sage\" srcset=\"https:\/\/www.sage.com\/es-es\/blog\/wp-content\/uploads\/sites\/8\/2024\/02\/foto_jose-ramon_400x400-350x350.jpg 350w, https:\/\/www.sage.com\/es-es\/blog\/wp-content\/uploads\/sites\/8\/2024\/02\/foto_jose-ramon_400x400.jpg 585w\" sizes=\"auto, (max-width: 40px) 100vw, 40px\" \/>\t\t\t\t<span class=\"entry-author__name\">Jose Ram\u00f3n Fern\u00e1ndez de la Cigo\u00f1a<\/span>\n\t\t\t<\/a>\n\n\t\t\t\t\t<\/div>\n\n\t\t\t\t\t\t<\/div>\n\t\t\t\t\t<\/div>\n\t<\/div>\n<\/div>\n\n\n\n\n\n<p class=\"has-paragraph-medium-font-size\">En el modelo 349 se declaran las operaciones intracomunitarias de bienes y servicios para cumplir con las obligaciones fiscales en la UE.&nbsp;<\/p>\n\n\n\n<p>Si, como empresa o profesional, realizas operaciones intracomunitarias con pa\u00edses de la Uni\u00f3n Europea est\u00e1s obligado a presentar el modelo 349.<\/p>\n\n\n\n<ul class=\"wp-block-list\">\n<li>Te explicamos qu\u00e9 son las operaciones intracomunitarias, qui\u00e9nes est\u00e1n obligados a presentar el 349 y los plazos para su presentaci\u00f3n.<\/li>\n\n\n\n<li>Conoce qu\u00e9 es el Registro de Operadores Intracomunitarios y c\u00f3mo funciona la inversi\u00f3n del sujeto pasivo en las adquisiciones intracomunitarias<\/li>\n<\/ul>\n\n\n\n<p>Cada vez es m\u00e1s habitual que las empresas, incluidas las pymes, realicen <strong>compras y ventas intracomunitarias.&nbsp;<\/strong><\/p>\n\n\n\n<p>Las entregas y adquisiciones intracomunitarias deben ser correctamente contabilizadas y declaradas en el <strong>modelo 349<\/strong>.&nbsp;<\/p>\n\n\n\n<p>El Modelo 349 es una declaraci\u00f3n informativa. En ella&nbsp;se<strong> declaran las entregas y adquisiciones de bienes y prestaciones de servicios<\/strong>&nbsp;efectuadas por empresarios o profesionales pertenecientes a la Uni\u00f3n Europea.<\/p>\n\n\n\n<p>Conoce todo lo que necesitas saber para contabilizar correctamente las operaciones intracomunitarias y presentar f\u00e1cilmente el modelo 349.<\/p>\n\n\n\n<div class=\"single-cta gated-content\">\n\t<div class=\"single-cta__positioner\">\n\t\t<div class=\"single-cta__wrapper has-dark-background-color\">\n\t\t\t<div class=\"single-cta__content\">\n\t\t\t\t\t\t\t\t<h2 class=\"single-cta__title h3\">Calendario Fiscal 2026<\/h2>\n\n\t\t\t\t\t\t\t\t\t<div class=\"single-cta__description\">\n\t\t\t\t\t\t<p><!-- wp:paragraph --><\/p>\n<p>DESCARGA DE MODO GRATUITO<\/p>\n<p><!-- \/wp:paragraph --><\/p>\n<p><!-- wp:paragraph --><\/p>\n<p><span style=\"font-size: 11pt\">Tu versi\u00f3n del calendario en formato PDF y Outlook:<\/span><\/p>\n<p><!-- \/wp:paragraph --><\/p>\n<p><!-- wp:list --><\/p>\n<ul class=\"wp-block-list\"><!-- wp:list-item --><\/p>\n<li><span style=\"font-size: 11pt\">Modelos de impuestos m\u00e1s comunes.<\/span><\/li>\n<p><!-- \/wp:list-item --><\/p>\n<p><!-- wp:list-item --><\/p>\n<li><span style=\"font-size: 11pt\">Novedades destacadas en los modelos tributarios.<\/span><\/li>\n<p><!-- \/wp:list-item --><\/p>\n<p><!-- wp:list-item --><\/p>\n<li><span style=\"font-size: 11pt\">Fechas l\u00edmites de presentaci\u00f3n.<\/span><\/li>\n<p><!-- \/wp:list-item --><\/p>\n<p><!-- wp:list-item --><\/p>\n<li><span style=\"font-size: 11pt\">Recomendaciones para la presentaci\u00f3n de modelos.<\/span><\/li>\n<p><!-- \/wp:list-item --><\/ul>\n<p><!-- \/wp:list --><\/p>\n\t\t\t\t\t<\/div>\n\t\t\t\t\n\t\t\t\t\t\t\t\t\t\t\t\t\t\t<a\n\t\t\t\t\t\thref=\"#gate-68dd5e89-2e70-4461-979f-fb3c0739cd5b\"\n\t\t\t\t\t\tclass=\"single-cta__button button button--primary\"\n\t\t\t\t\t\t\t\t\t\t\t\t\t\t\t\t\t>\u00a1Quiero mi calendario GRATIS!<\/a>\n\t\t\t\t\t\t\t<\/div>\n\n\t\t\t\t\t<\/div>\n\n\t\t\t\t\t<img decoding=\"async\" width=\"1252\" height=\"810\" src=\"https:\/\/www.sage.com\/es-es\/blog\/wp-content\/uploads\/sites\/8\/2024\/04\/1700x1100-1252x810.jpg\" class=\"single-cta__image\" alt=\"Sage\" loading=\"lazy\" srcset=\"https:\/\/www.sage.com\/es-es\/blog\/wp-content\/uploads\/sites\/8\/2024\/04\/1700x1100-1252x810.jpg 1252w\" sizes=\"auto, (min-width: 48em) 33vw, 100vw\" \/>\t\t\t<\/div>\n<\/div>\n\n\n\n<h2 class=\"wp-block-heading\">Contenido del post<\/h2>\n\n\n<?xml encoding=\"utf-8\" ?><div class=\"wp-block-yoast-seo-table-of-contents yoast-table-of-contents\"><ul><li><a href=\"#que-son-las-operaciones-intracomunitarias\" data-level=\"2\">&iquest;Qu&eacute; son las operaciones intracomunitarias?<\/a><\/li><li><a href=\"#quienes-estan-obligados-a-presentar-el-modelo-349-de-operaciones-intracomunitarias\" data-level=\"2\">&iquest;Qui&eacute;nes est&aacute;n obligados a presentar el modelo 349 de operaciones intracomunitarias?<\/a><\/li><li><a href=\"#cuando-tengo-que-presentar-el-modelo-349-de-operaciones-intracomunitarias\" data-level=\"2\">&iquest;Cu&aacute;ndo tengo que presentar el modelo 349 de operaciones intracomunitarias?<\/a><\/li><li><a href=\"#como-presentar-el-modelo-349-para-declarar-las-operaciones-intracomunitarias\" data-level=\"2\">&iquest;C&oacute;mo presentar el modelo 349 para declarar las operaciones intracomunitarias?<\/a><\/li><li><a href=\"#que-datos-vamos-a-necesitar-para-rellenar-el-modelo-349\" data-level=\"2\">&iquest;Qu&eacute; datos vamos a necesitar para rellenar el modelo 349?<\/a><\/li><li><a href=\"#que-es-el-registro-de-operadores-intracomunitarios\" data-level=\"2\">&iquest;Qu&eacute; es el Registro de operadores intracomunitarios?<\/a><\/li><li><a href=\"#que-pasos-se-deben-dar-cuando-se-recibe-una-factura-intracomunitaria\" data-level=\"2\">&iquest;Qu&eacute; pasos se deben dar cuando se recibe una factura intracomunitaria?<\/a><\/li><li><a href=\"#como-funciona-la-inversion-del-sujeto-pasivo-en-las-adquisiciones-intracomunitarias\" data-level=\"2\">&iquest;C&oacute;mo funciona la inversi&oacute;n del sujeto pasivo en las adquisiciones intracomunitarias?<\/a><\/li><\/ul><\/div>\n\n\n\n<figure class=\"wp-block-pullquote\"><blockquote><p><a href=\"https:\/\/www.sage.com\/es-es\/productos\/sage-for-accountants\/\">Sage for Accountants<\/a> te facilita la contabilizaci\u00f3n de tus operaciones intracomunitarias y te permite presentar de forma automatizada el modelo 349. \u00a1Empieza a utilizar Sage for Accountants y optimizar\u00e1s la presentaci\u00f3n de tus modelos tributarios!<\/p><\/blockquote><\/figure>\n\n\n\n<h2 class=\"wp-block-heading\" id=\"que-son-las-operaciones-intracomunitarias\">\u00bfQu\u00e9 son las operaciones intracomunitarias?<\/h2>\n\n\n\n<p>Las operaciones intracomunitarias son las&nbsp;<strong>ventas o compras realizadas a una empresa o profesional de un pa\u00eds de la Uni\u00f3n Europea<\/strong>. Si el destinatario de la factura es una persona f\u00edsica, no se considera operaci\u00f3n intracomunitaria.<\/p>\n\n\n\n<p>Presentar dicho modelo no va a suponer realizar ning\u00fan pago a la Agencia Tributaria, ya que el modelo 349 es una <strong>declaraci\u00f3n informativa<\/strong>.&nbsp;<\/p>\n\n\n\n<p>No todos los pa\u00edses de Europa pertenecen a la UE. Por ello, si no pertenecen, se considerar\u00edan exportaciones. Sea como fuere, todos los importes que declaremos en el modelo 349 tambi\u00e9n se declarar\u00e1n en el&nbsp;<a href=\"https:\/\/www.sage.com\/es-es\/blog\/modelo-303-resuelve-las-dudas-mas-habituales\/\">modelo 303 de IVA<\/a>.&nbsp;<strong>Los importes de ambos modelos deber\u00e1n coincidir<\/strong>.<\/p>\n\n\n\n<h2 class=\"wp-block-heading\" id=\"quienes-estan-obligados-a-presentar-el-modelo-349-de-operaciones-intracomunitarias\">\u00bfQui\u00e9nes est\u00e1n obligados a presentar el modelo 349 de operaciones intracomunitarias?<\/h2>\n\n\n\n<p>Est\u00e1n obligados a presentar el modelo 349 los sujetos pasivos de IVA que realicen:<\/p>\n\n\n\n<ul class=\"wp-block-list\">\n<li>Entregas intracomunitarias de bienes y servicios con estados miembros de la UE.\u00a0<\/li>\n\n\n\n<li>Adquisiciones intracomunitarias de bienes y servicios con estados miembros de la UE.\u00a0<\/li>\n\n\n\n<li>El vendedor que transporte bienes a otro estado miembro en el marco de un acuerdo de ventas de bienes en consigna.\u00a0<\/li>\n<\/ul>\n\n\n\n<p>Adem\u00e1s, se debe cumplir lo siguiente:&nbsp;<\/p>\n\n\n\n<ul class=\"wp-block-list\">\n<li>Que las operaciones est\u00e9n grabadas por otro Estado miembro.<\/li>\n\n\n\n<li>Que el destinatario sea empresario o profesional que act\u00fae como tal y radique en dicho estado miembro la sede de su actividad econ\u00f3mica o establecimiento permanente, o bien sea una persona jur\u00eddica que no act\u00fae como empresario o profesional, pero posea un n\u00famero de identificaci\u00f3n de\u00a0<a href=\"https:\/\/www.sage.com\/es-es\/blog\/no-puedo-atenderte-estoy-presentando-el-iva-ebook\/\">IVA<\/a>\u00a0que le proporcione dicho estado miembro.<\/li>\n\n\n\n<li>Que el sujeto pasivo sea el mismo destinatario (inversi\u00f3n del sujeto pasivo).<\/li>\n<\/ul>\n\n\n\n<h2 class=\"wp-block-heading\" id=\"cuando-tengo-que-presentar-el-modelo-349-de-operaciones-intracomunitarias\">\u00bfCu\u00e1ndo tengo que presentar el modelo 349 de operaciones intracomunitarias?<\/h2>\n\n\n\n<p>El <strong>periodo y plazo para presentar el modelo 349<\/strong> de operaciones intracomunitarias ser\u00e1n los siguientes:&nbsp;<\/p>\n\n\n\n<ul class=\"wp-block-list\">\n<li><strong>Presentaci\u00f3n mensual.<\/strong> Si finalizado alguno de los meses de un trimestre se superan los 50.000 \u20ac, excluido el IVA se deber\u00e1 presentar de forma mensual. En este caso, se incluir\u00e1n las operaciones realizadas en cada mes natural. El <strong>plazo para realizar la presentaci\u00f3n<\/strong> ser\u00e1 durante los <strong>veinte primeros d\u00edas naturales del mes inmediato siguiente al correspondiente per\u00edodo mensual.<\/strong> Esto ser\u00e1 siempre as\u00ed, salvo las siguientes excepciones:<\/li>\n<\/ul>\n\n\n\n<ul class=\"wp-block-list\">\n<li>La del mes de julio, podr\u00e1 presentarse durante el mes de agosto y los veinte primeros d\u00edas naturales del mes de septiembre.<\/li>\n\n\n\n<li>La del mes de diciembre, deber\u00e1 presentarse durante los treinta primeros d\u00edas naturales del mes de enero.<\/li>\n\n\n\n<li><strong>Presentaci\u00f3n trimestral.<\/strong> Cuando en el trimestre de referencia, ni en cada uno de los cuatro trimestres naturales anteriores se superan los <strong>50.000 euros, excluido el Impuesto sobre el IVA. <\/strong>En este caso, el plazo de presentaci\u00f3n ser\u00e1 durante los veinte primeros d\u00edas naturales del mes inmediato siguiente <strong>al correspondiente per\u00edodo trimestral. <\/strong>Esto es siempre as\u00ed, salvo la del \u00faltimo trimestre del a\u00f1o, que deber\u00e1 presentarse durante los treinta primeros d\u00edas naturales del mes de enero.<\/li>\n<\/ul>\n\n\n\n<figure class=\"wp-block-pullquote\"><blockquote><p>El periodo y plazo para presentar el modelo 349 dependen del volumen de operaciones intracomunitarias. Si se superan los 50.000 \u20ac, excluido el IVA se debe presentar de forma mensual. Si no se supera esta cifra se debe presentar de forma trimestral.\u00a0<\/p><\/blockquote><\/figure>\n\n\n\n<h2 class=\"wp-block-heading\" id=\"como-presentar-el-modelo-349-para-declarar-las-operaciones-intracomunitarias\">\u00bfC\u00f3mo presentar el modelo 349 para declarar las operaciones intracomunitarias?<\/h2>\n\n\n\n<p>La presentaci\u00f3n del modelo 349 para la declaraci\u00f3n de las operaciones intracomunitarias, se podr\u00e1 realizar de las siguientes formas:&nbsp;<\/p>\n\n\n\n<ol class=\"wp-block-list\">\n<li><strong>Presentaci\u00f3n electr\u00f3nica por Internet con certificado electr\u00f3nico<\/strong>: Tendr\u00e1 car\u00e1cter obligatorio, para los siguientes obligados tributarios:\u00a0<\/li>\n<\/ol>\n\n\n\n<ul class=\"wp-block-list\">\n<li>Administraciones P\u00fablicas.<\/li>\n\n\n\n<li>Adscritos a la Delegaci\u00f3n Central de Grandes Contribuyentes o a alguna de las Unidades de Gesti\u00f3n de Grandes Empresas de la Agencia Estatal de Administraci\u00f3n Tributaria.<\/li>\n\n\n\n<li>Sociedades an\u00f3nimas o sociedades de responsabilidad limitada.<\/li>\n\n\n\n<li>Obligados tributarios cuyo per\u00edodo de liquidaci\u00f3n coincida con el mes natural.<\/li>\n<\/ul>\n\n\n\n<ol start=\"2\" class=\"wp-block-list\">\n<li><strong>Sistema de firma con clave de acceso en un registro previo como usuario (Cl@ve):<\/strong> En el caso de obligados tributarios personas f\u00edsicas.<\/li>\n<\/ol>\n\n\n\n<h2 class=\"wp-block-heading\" id=\"que-datos-vamos-a-necesitar-para-rellenar-el-modelo-349\">\u00bfQu\u00e9 datos vamos a necesitar para rellenar el modelo 349?<\/h2>\n\n\n\n<p>Antes de empezar a rellenar las casillas, tendremos que reunir todos los datos que vamos a necesitar.&nbsp;<\/p>\n\n\n\n<p>Si no cuentas con un software de contabilidad e impuestos como Sage for Accountants, deber\u00e1s sacar un mayor de todas las operaciones intracomunitarias o llevar un Excel con todas estas operaciones. Adem\u00e1s, deber\u00e1s tener a mano tus <a href=\"https:\/\/www.sage.com\/es-es\/blog\/facturas-intracomunitarias-guia-emision-y-cumplimiento\/\">facturas intracomunitarias<\/a>.&nbsp;<\/p>\n\n\n\n<p>Recuerda que el NIF <strong>intracomunitario<\/strong>&nbsp;debe empezar por las letras del c\u00f3digo del pa\u00eds de la UE. Junto al NIF se reflejar\u00e1 el nombre del operador intracomunitario y el <strong>importe de la suma total de las facturas.<\/strong><\/p>\n\n\n\n<h2 class=\"wp-block-heading\" id=\"que-es-el-registro-de-operadores-intracomunitarios\">\u00bfQu\u00e9 es el Registro de operadores intracomunitarios?<\/h2>\n\n\n\n<p>Si realizamos asiduamente operaciones con empresas de otros estados miembros, debemos darnos de alta en el&nbsp;<strong>Registro de Operadores Intracomunitarios (ROI). <\/strong>Para ello utilizaremos un <strong>modelo 036<\/strong>.&nbsp;<\/p>\n\n\n\n<p>Con el alta en el ROI, la empresa se obtendr\u00e1 el <strong>NIF-IVA<\/strong> que es<strong> necesario para:<\/strong><\/p>\n\n\n\n<ul class=\"wp-block-list\">\n<li>Poder deducirse el IVA,<strong> <\/strong>en el caso de las <a href=\"https:\/\/www.sage.com\/es-es\/blog\/la-factura-perfecta-infografia\/\">facturas<\/a> recibidas.<\/li>\n\n\n\n<li>Que el emisor de la factura pueda emitirla sin IVA.<\/li>\n<\/ul>\n\n\n\n<p>Si el vendedor o el comprador no figuran dados de alta en el ROI, la factura deber\u00e1 expedirse con el IVA del pa\u00eds del vendedor.<\/p>\n\n\n\n<p>El Registro de Operadores Intracomunitarios forma parte del <strong>Censo de empresarios, profesionales y retenedores. <\/strong>En \u00e9l se deben dar de alta las personas o entidades que tengan asignado el NIF-IVA y que se encuentren en alguno de los siguientes supuestos:<\/p>\n\n\n\n<ul class=\"wp-block-list\">\n<li>Que vayan a realizar compras y ventas intracomunitarias de bienes sujetas al IVA;<\/li>\n\n\n\n<li>Que vayan a adquirir servicios prestados por empresarios o profesionales intracomunitarios;<\/li>\n\n\n\n<li>Que vayan a prestar servicios a profesionales o empresarios intracomunitarios.<\/li>\n<\/ul>\n\n\n\n<h2 class=\"wp-block-heading\" id=\"que-pasos-se-deben-dar-cuando-se-recibe-una-factura-intracomunitaria\">\u00bfQu\u00e9 pasos se deben dar cuando se recibe una factura intracomunitaria?<\/h2>\n\n\n\n<p>Cuando se recibe una factura intracomunitaria se deben seguir los siguientes pasos:&nbsp;<\/p>\n\n\n\n<ul class=\"wp-block-list\">\n<li>Comprobar que el proveedor se encuentra inscrito en el Registro de Operadores Intracomunitarios (ROI).<\/li>\n\n\n\n<li>Comprobar que la factura est\u00e1 correctamente emitida.<\/li>\n\n\n\n<li>Contabilizar la factura diferenciando entre las dos casu\u00edsticas posibles:\n<ul class=\"wp-block-list\">\n<li>Tanto la empresa que recibe la factura como quien la emite est\u00e1n dados de alta en el ROI.<\/li>\n\n\n\n<li>El que la emite o el que la recibe no figuran dados de alta en el ROI.<\/li>\n<\/ul>\n<\/li>\n<\/ul>\n\n\n\n<h2 class=\"wp-block-heading\" id=\"como-funciona-la-inversion-del-sujeto-pasivo-en-las-adquisiciones-intracomunitarias\">\u00bfC\u00f3mo funciona la inversi\u00f3n del sujeto pasivo en las adquisiciones intracomunitarias?<\/h2>\n\n\n\n<p>La inversi\u00f3n del sujeto pasivo en las operaciones intracomunitarias busca la neutralidad del IVA. A efectos del IVA, el que realiza una adquisici\u00f3n intracomunitaria es a la vez comprador (deduce el IVA) y vendedor (lo repercute por el mismo importe).<\/p>\n\n\n\n<p>Para ello, cuando se <strong>contabiliza una factura de un proveedor intracomunitario<\/strong>, y tanto el comprador como el vendedor se encuentren dados de alta en el ROI, aunque la factura no lleve IVA, se contabilizar\u00e1 calculando el IVA <a href=\"https:\/\/www.sage.com\/es-es\/blog\/como-recuperar-el-iva-soportado-fuera-de-espana\/\">soportado<\/a> que deber\u00eda tener y se repercutir\u00e1 el mismo tipo de IVA.<\/p>\n\n\n\n<p>El asiento contable ser\u00eda de la siguiente forma:&nbsp;<\/p>\n\n\n\n<figure class=\"wp-block-table\"><table class=\"has-fixed-layout\"><tbody><tr><td>Cuenta contable<\/td><td>Debe<\/td><td>Haber<\/td><\/tr><tr><td>Compra de mercader\u00edas intracomunitarias (600)<\/td><td>1.000<\/td><td><\/td><\/tr><tr><td>H.P. IVA intracomunitario soportado (472) (supuesto de IVA al 21%)<\/td><td>210<\/td><td><\/td><\/tr><tr><td>a Proveedores (410)<\/td><td><\/td><td>1.000<\/td><\/tr><tr><td>a H.P. IVA intracomunitario repercutido (477) (supuesto de IVA al 21%)<\/td><td><\/td><td>210<\/td><\/tr><\/tbody><\/table><\/figure>\n\n\n\n<p>Al realizar este asiento, <strong>el efecto del IVA resulta neutro<\/strong>, ya que no se produce liquidaci\u00f3n alguna, pero se debe reflejar as\u00ed para trasladarlo correctamente al modelo 303.&nbsp;<\/p>\n\n\n\n<p>Es importante destacar, que con la pr\u00f3xima <a href=\"https:\/\/www.sage.com\/es-es\/blog\/factura-electronica-proyecto-vida\/\">implantaci\u00f3n del proyecto VIDA<\/a> en la UE se eliminar\u00e1 la obligatoriedad de presentar el modelo 349. Aunque, todav\u00eda le pueden quedar 10 a\u00f1os a este modelo.&nbsp;<\/p>\n\n\n\n<p>Por lo tanto, el modelo 349 todav\u00eda tiene una gran importancia, aunque se trate de una declaraci\u00f3n informativa con fecha de caducidad.&nbsp;<\/p>\n\n\n\n<p><em><strong>Nota del editor: <\/strong>Este art\u00edculo fue publicado con anterioridad y actualizado a 2025 por su relevancia.<\/em><\/p>\n\n\n\n<div class=\"single-cta gated-content\">\n\t<div class=\"single-cta__positioner\">\n\t\t<div class=\"single-cta__wrapper has-dark-background-color\">\n\t\t\t<div class=\"single-cta__content\">\n\t\t\t\t\t\t\t\t<h2 class=\"single-cta__title h3\">Calendario Fiscal 2026<\/h2>\n\n\t\t\t\t\t\t\t\t\t<div class=\"single-cta__description\">\n\t\t\t\t\t\t<p><!-- wp:paragraph --><\/p>\n<p>Descarga de modo gratuito tu versi\u00f3n del calendario en formato PDF y Outlook para conocer mes a mes las obligaciones legales de 2026.<\/p>\n<p><!-- \/wp:paragraph --><\/p>\n\t\t\t\t\t<\/div>\n\t\t\t\t\n\t\t\t\t\t\t\t\t\t\t\t\t\t\t<a\n\t\t\t\t\t\thref=\"#gate-68dd5e89-2e70-4461-979f-fb3c0739cd5b\"\n\t\t\t\t\t\tclass=\"single-cta__button button button--primary\"\n\t\t\t\t\t\t\t\t\t\t\t\t\t\t\t\t\t>\u00a1Quiero mi calendario GRATIS!<\/a>\n\t\t\t\t\t\t\t<\/div>\n\n\t\t\t\t\t<\/div>\n\n\t\t\t\t\t<img decoding=\"async\" width=\"1252\" height=\"810\" src=\"https:\/\/www.sage.com\/es-es\/blog\/wp-content\/uploads\/sites\/8\/2024\/04\/1700x1100-1252x810.jpg\" class=\"single-cta__image\" alt=\"Sage\" loading=\"lazy\" srcset=\"https:\/\/www.sage.com\/es-es\/blog\/wp-content\/uploads\/sites\/8\/2024\/04\/1700x1100-1252x810.jpg 1252w\" sizes=\"auto, (min-width: 48em) 33vw, 100vw\" \/>\t\t\t<\/div>\n<\/div>\n","protected":false},"excerpt":{"rendered":"<p>En el modelo 349 se declaran las operaciones intracomunitarias de bienes y servicios para cumplir con las obligaciones fiscales en la UE.<\/p>\n","protected":false},"author":238,"featured_media":25940,"comment_status":"open","ping_status":"closed","sticky":false,"template":"","format":"standard","meta":{"_sage_video":false,"post_featured_image_hide":false,"footnotes":""},"categories":[7],"tags":[187,102,181,44,202],"business_type":[8],"lilypad":[],"context":[],"industry":[],"persona":[],"imagine_tag":[280,268,260],"coauthors":[396],"class_list":["post-9418","post","type-post","status-publish","format-standard","has-post-thumbnail","hentry","category-asesorias-despachos-profesionales","tag-asesorias-y-despachos-profesionales","tag-hacienda","tag-impuestos","tag-iva","tag-novedades-legales","business_type-asesorias-despachos-profesionales"],"sage_meta":{"region":"es-es","author_name":"Jose Ram\u00f3n Fern\u00e1ndez de la Cigo\u00f1a","featured_image":"https:\/\/www.sage.com\/es-es\/blog\/wp-content\/uploads\/sites\/8\/2024\/03\/Sage_BrandShootNC_Feb2024_Accountants_0738.jpg","imagine_tags":{"280":"Asesor\u00edas y despachos","268":"Impuestos","260":"Legal"}},"distributor_meta":false,"distributor_terms":false,"distributor_media":false,"distributor_original_site_name":"Sage Advice Espa\u00f1a","distributor_original_site_url":"https:\/\/www.sage.com\/es-es\/blog","push-errors":false,"_links":{"self":[{"href":"https:\/\/www.sage.com\/es-es\/blog\/api\/wp\/v2\/posts\/9418","targetHints":{"allow":["GET"]}}],"collection":[{"href":"https:\/\/www.sage.com\/es-es\/blog\/api\/wp\/v2\/posts"}],"about":[{"href":"https:\/\/www.sage.com\/es-es\/blog\/api\/wp\/v2\/types\/post"}],"author":[{"embeddable":true,"href":"https:\/\/www.sage.com\/es-es\/blog\/api\/wp\/v2\/users\/238"}],"replies":[{"embeddable":true,"href":"https:\/\/www.sage.com\/es-es\/blog\/api\/wp\/v2\/comments?post=9418"}],"version-history":[{"count":0,"href":"https:\/\/www.sage.com\/es-es\/blog\/api\/wp\/v2\/posts\/9418\/revisions"}],"wp:featuredmedia":[{"embeddable":true,"href":"https:\/\/www.sage.com\/es-es\/blog\/api\/wp\/v2\/media\/25940"}],"wp:attachment":[{"href":"https:\/\/www.sage.com\/es-es\/blog\/api\/wp\/v2\/media?parent=9418"}],"wp:term":[{"taxonomy":"category","embeddable":true,"href":"https:\/\/www.sage.com\/es-es\/blog\/api\/wp\/v2\/categories?post=9418"},{"taxonomy":"post_tag","embeddable":true,"href":"https:\/\/www.sage.com\/es-es\/blog\/api\/wp\/v2\/tags?post=9418"},{"taxonomy":"business_type","embeddable":true,"href":"https:\/\/www.sage.com\/es-es\/blog\/api\/wp\/v2\/business_type?post=9418"},{"taxonomy":"lilypad","embeddable":true,"href":"https:\/\/www.sage.com\/es-es\/blog\/api\/wp\/v2\/lilypad?post=9418"},{"taxonomy":"context","embeddable":true,"href":"https:\/\/www.sage.com\/es-es\/blog\/api\/wp\/v2\/context?post=9418"},{"taxonomy":"industry","embeddable":true,"href":"https:\/\/www.sage.com\/es-es\/blog\/api\/wp\/v2\/industry?post=9418"},{"taxonomy":"persona","embeddable":true,"href":"https:\/\/www.sage.com\/es-es\/blog\/api\/wp\/v2\/persona?post=9418"},{"taxonomy":"imagine_tag","embeddable":true,"href":"https:\/\/www.sage.com\/es-es\/blog\/api\/wp\/v2\/imagine_tag?post=9418"},{"taxonomy":"author","embeddable":true,"href":"https:\/\/www.sage.com\/es-es\/blog\/api\/wp\/v2\/coauthors?post=9418"}],"curies":[{"name":"wp","href":"https:\/\/api.w.org\/{rel}","templated":true}]}}