{"id":10170,"date":"2025-09-22T18:00:00","date_gmt":"2025-09-22T16:00:00","guid":{"rendered":"https:\/\/www.sage.com\/fr-fr\/blog\/?p=10170"},"modified":"2026-01-07T15:20:09","modified_gmt":"2026-01-07T14:20:09","slug":"facture-electronique-factur-x-de-a-a-z","status":"publish","type":"post","link":"https:\/\/www.sage.com\/fr-fr\/blog\/facture-electronique-factur-x-de-a-a-z\/","title":{"rendered":"Factur-X de A \u00e0 Z"},"content":{"rendered":"<header class=\"entry-header has-dark-background-color entry-header--has-illustration entry-header--has-illustration--generic\">\n\t<div class=\"container\">\n\t\t<div class=\"entry-header__row row align-center\">\n\t\t\t<div class=\"col col-lg-7 col-xlg-6 entry-header__content\">\n\t\t\t\t\t\t\t<div class=\"component component-single-header\">\n\t\t\t\t\t\t\t\t\t\t<div class=\"entry-header__misc text--subtitle text--uppercase text--small\">\n\t\t\t\t\t\t\t<a href=\"https:\/\/www.sage.com\/fr-fr\/blog\/categorie\/digitalisation-et-tendances\/\" class=\"entry-header__link\">Digitalisation &amp; Tendances<\/a>\t\t\t\t\t\t<\/div>\n\t\t\t\t\n\t\t\t\t<div class=\"entry-title-wrapper\">\n\t\t\t\t\t<h1 class=\"entry-title\">\n\t\t\t\t\t\tFactur-X de A \u00e0 Z\t\t\t\t\t<\/h1>\n\t\t\t\t<\/div>\n\n\t\t\t\t\t\t\t\t\t<p class=\"entry-header__description\">\n\t\t\t\t\t\t\t\t\t\t\t<\/p>\n\t\t\t\t\n\t\t\t\t\n\t\t\t\t\n\t\t\t<\/div>\n\n\t\t\t\t\t<\/div>\n\t\t\t\t\t<\/div>\n\t<\/div>\n\t<div class=\"single-post-details container\">\n\t\t<div class=\"col\">\n\t\t\t<span class=\"posted-on \"><time class=\"entry-date published\" datetime=\"2025-09-22T18:00:00+02:00\">22 septembre 2025<\/time><\/span><span class=\"reading-time\"> min de lecture<\/span>\n\t\t<button\n\t\t\ttype=\"button\"\n\t\t\tclass=\"social-share-button button button--icon button--secondary js-social-share-button\"\n\t\t\tdata-share-title=\"Factur-X de A \u00e0 Z\"\n\t\t\tdata-share-url=\"https:\/\/www.sage.com\/fr-fr\/blog\/facture-electronique-factur-x-de-a-a-z\/\"\n\t\t\tdata-share-text=\"Veuillez lire cet article int\u00e9ressant\"\n\t\t>\n\t\t\t<span class=\"social-share-button__share-label\">Partager<\/span>\n\t\t\t<span class=\"social-share-button__copy-label\" hidden>Copier le lien<\/span>\n\t\t\t<span class=\"social-share-button__copy-tooltip\" aria-hidden=\"true\" hidden>Copi\u00e9<\/span>\n\t\t<\/button>\n\n\t\t\t\t<\/div>\n\t<\/div>\n<\/header>\n\n\n\n<div class=\"wp-block-post-author has-dark-background-color alignfull\">\n\t<div class=\"container\">\n\t\t<div class=\"col\">\n\t\t\t\t\t\t\t<div class=\"co-authors\">\n\t\t\t\t\t\n\t\t<div class=\"entry-author-wrapper\">\n\t\t\t<a class=\"entry-author\" href=\"https:\/\/www.sage.com\/fr-fr\/blog\/author\/cedric-suire\/\">\n\t\t\t\t<img loading=\"lazy\" decoding=\"async\" width=\"40\" height=\"40\" src=\"https:\/\/www.sage.com\/fr-fr\/blog\/wp-content\/uploads\/sites\/4\/2018\/10\/Suire-Cedric_350x350.jpg\" class=\"entry-author__image\" alt=\"\" \/>\t\t\t\t<span class=\"entry-author__name\">C\u00e9dric Suire<\/span>\n\t\t\t<\/a>\n\n\t\t\t\t\t<\/div>\n\n\t\t\t\t\t\t<\/div>\n\t\t\t\t\t<\/div>\n\t<\/div>\n<\/div>\n\n\n\n\n\n<p>Factur-X est un format de facture \u00e9lectronique hybride d\u00e9velopp\u00e9 conjointement par la France et l&rsquo;Allemagne. Il combine un fichier PDF avec une structure de donn\u00e9es XML int\u00e9gr\u00e9e. Ce format innovant permet une lecture \u00e0 la fois par l&rsquo;homme et par la machine, sans n\u00e9cessiter d&rsquo;outils de lecture automatique de documents. Explications.<\/p>\n\n\n\n<div class=\"wp-block-buttons is-content-justification-center is-layout-flex wp-container-core-buttons-is-layout-16018d1d wp-block-buttons-is-layout-flex\">\n<div class=\"wp-block-button\"><a class=\"wp-block-button__link wp-element-button\" href=\"#gate-ef5fadf6-6d44-4f96-86eb-e7f6eb123962\">T\u00e9l\u00e9chargez le guide de la facture \u00e9lectronique pour les PME<\/a><\/div>\n<\/div>\n\n\n<?xml encoding=\"utf-8\" ?><div class=\"wp-block-yoast-seo-table-of-contents yoast-table-of-contents\"><ul><li><a href=\"#definition\" data-level=\"2\">Qu&rsquo;est ce que le format Factur-X ?<\/a><\/li><li><a href=\"#h-quels-sont-les-avantages-de-ce-format-pour-l-entreprise\" data-level=\"2\">Quels sont les avantages de ce format pour l&rsquo;entreprise ?<\/a><\/li><li><a href=\"#comment\" data-level=\"2\">Comment &eacute;mettre une facture au format Factur-X ?<\/a><\/li><li><a href=\"#declarez\" data-level=\"2\">La plateforme agr&eacute;&eacute;e Sage<\/a><ul><li><a href=\"#h-les-avantages-de-la-plateforme-agree-sage\" data-level=\"3\">Les avantages de la plateforme agr&eacute;&eacute; Sage<\/a><\/li><li><a href=\"#h-comment-s-inscrire-a-la-plateforme-agreee-de-sage\" data-level=\"3\">Comment s&rsquo;inscrire &agrave; la plateforme agr&eacute;&eacute;e de Sage ?<\/a><\/li><\/ul><\/li><\/ul><\/div>\n\n\n\n<h2 class=\"wp-block-heading\" id=\"definition\">Qu&rsquo;est ce que le format Factur-X ?<\/h2>\n\n\n\n<p>Factur-X est un format de facture \u00e9lectronique hybride qui combine une version lisible pour les humains (PDF) et des donn\u00e9es structur\u00e9es (XML) destin\u00e9es \u00e0 l\u2019automatisation. Il est conforme aux normes europ\u00e9ennes et facilite les \u00e9changes entre entreprises, notamment pour la comptabilit\u00e9 et la gestion des paiements.<\/p>\n\n\n\n<p>Factur-X int\u00e8gre cinq profils de donn\u00e9es en fonction des exigences r\u00e9glementaires et sectorielles propres \u00e0 chaque entreprise :<\/p>\n\n\n\n<ul class=\"wp-block-list\">\n<li>Le <strong>profil Minimum<\/strong> contient les donn\u00e9es exig\u00e9es par la r\u00e9glementation en vigueur.<\/li>\n\n\n\n<li>Le <strong>profil Basic WL<\/strong> est le profil minimum enrichi de donn\u00e9es n\u00e9cessaires \u00e0 l\u2019automatisation de la facturation chez les clients. Il ne comprend pas le d\u00e9tail des donn\u00e9es de facturation.<\/li>\n\n\n\n<li>Le <strong>profil Basic<\/strong> est identique au profil Basic WL mais il inclut, en outre, un certain nombre de donn\u00e9es.<\/li>\n\n\n\n<li>Le <strong>profil Comfort EN 16931<\/strong> \u00e9quivaut au profil Basic enrichi des donn\u00e9es de la Norme S\u00e9mantique Europ\u00e9enne (NSE).<\/li>\n\n\n\n<li>Le <strong>profil Extended<\/strong> est le profil Comfort enrichi de donn\u00e9es satisfaisant \u00e0 des besoins sp\u00e9cifiques li\u00e9s aux extensions de la Norme S\u00e9mantique Europ\u00e9enne (NSE).<\/li>\n<\/ul>\n\n\n\n<h2 class=\"wp-block-heading\" id=\"h-quels-sont-les-avantages-de-ce-format-pour-l-entreprise\">Quels sont les avantages de ce format pour l&rsquo;entreprise ?<\/h2>\n\n\n\n<p>Ce format pr\u00e9sente de nombreux avantages pour l&rsquo;entreprise :<\/p>\n\n\n\n<ul class=\"wp-block-list\">\n<li><strong>Double lisibilit\u00e9<\/strong> : il combine une facture lisible en PDF pour les humains et un fichier XML structur\u00e9 pour les syst\u00e8mes informatiques.<\/li>\n\n\n\n<li><strong>Automatisation<\/strong> : gr\u00e2ce aux donn\u00e9es XML, il simplifie le traitement des factures, r\u00e9duisant les t\u00e2ches manuelles et le risque d\u2019erreurs.<\/li>\n\n\n\n<li><strong>Conformit\u00e9 l\u00e9gale<\/strong> : il respecte les normes europ\u00e9ennes sur la facturation \u00e9lectronique, facilitant la mise en conformit\u00e9 des entreprises.<\/li>\n\n\n\n<li>I<strong>nterop\u00e9rabilit\u00e9<\/strong> : ce format est compatible avec divers logiciels de comptabilit\u00e9 et de gestion.<\/li>\n\n\n\n<li><strong>Transition num\u00e9rique facilit\u00e9e<\/strong> : id\u00e9al pour accompagner les entreprises dans leur <a href=\"https:\/\/www.sage.com\/fr-fr\/dematerialisation\/facture-electronique\/\">passage \u00e0 la facturation \u00e9lectronique<\/a>.<\/li>\n\n\n\n<li><strong>Efficacit\u00e9 <\/strong>: il am\u00e9liore les processus de facturation, du traitement \u00e0 l\u2019archivage, tout en acc\u00e9l\u00e9rant les d\u00e9lais de paiement.<\/li>\n\n\n\n<li><strong>R\u00e9duction des co\u00fbts<\/strong> : en diminuant les t\u00e2ches administratives et les erreurs, il permet des \u00e9conomies significatives.<\/li>\n<\/ul>\n\n\n\n<h2 class=\"wp-block-heading\" id=\"comment\">Comment \u00e9mettre une facture au format Factur-X ? <\/h2>\n\n\n\n<p>Pour \u00e9mettre une facture au format <strong>Factur-X<\/strong>, suivez ces \u00e9tapes :<\/p>\n\n\n\n<ol class=\"wp-block-list\">\n<li>Utilisez votre logiciel de facturation habituel pour g\u00e9n\u00e9rer une facture au format PDF.<\/li>\n\n\n\n<li>Int\u00e9grez un fichier XML structur\u00e9 contenant les informations cl\u00e9s de la facture (num\u00e9ro, date, montants, TVA, coordonn\u00e9es des parties, etc.). Certains <a href=\"https:\/\/www.sage.com\/fr-fr\/comptabilite-logiciels\/facturation\/\">logiciels de facturation<\/a> proposent cette fonctionnalit\u00e9 automatiquement.<\/li>\n\n\n\n<li>Assurez-vous que le fichier XML respecte la norme Factur-X, qui d\u00e9finit plusieurs profils (de base \u00e0 enrichi) selon la complexit\u00e9 des donn\u00e9es.<\/li>\n\n\n\n<li>Utilisez un outil de validation pour v\u00e9rifier que la facture est conforme \u00e0 la norme Factur-X.<\/li>\n\n\n\n<li>Envoyez-la \u00e0 votre client par voie \u00e9lectronique, en respectant les modes de transmission convenus (e-mail, plateforme d\u00e9di\u00e9e, etc.).<\/li>\n<\/ol>\n\n\n\n<p>Certains logiciels ou plateformes sp\u00e9cialis\u00e9es permettent de g\u00e9n\u00e9rer facilement des factures Factur-X sans intervention technique.<\/p>\n\n\n\n<h2 class=\"wp-block-heading\" id=\"declarez\">La plateforme agr\u00e9\u00e9e Sage <\/h2>\n\n\n\n<p>Il est d\u00e9sormais obligatoire pour toutes les entreprises fran\u00e7aises assujetties \u00e0 la TVA de s\u2019\u00e9quiper d\u2019une plateforme agr\u00e9\u00e9e (anciennement PDP) pour \u00e9mettre et recevoir leurs <a href=\"https:\/\/www.sage.com\/fr-fr\/dematerialisation\/facture-electronique\/\">factures \u00e9lectroniques <\/a>de mani\u00e8re s\u00e9curis\u00e9e. Ces plateformes garantissent la conformit\u00e9 r\u00e9glementaire, la tra\u00e7abilit\u00e9 des \u00e9changes et la s\u00e9curisation des flux de facturation.<\/p>\n\n\n\n<h3 class=\"wp-block-heading\" id=\"h-les-avantages-de-la-plateforme-agree-sage\">Les avantages de la plateforme agr\u00e9\u00e9 Sage<\/h3>\n\n\n\n<p><strong>Parmi les <a href=\"https:\/\/www.impots.gouv.fr\/liste-des-plateformes-agreees-immatriculees\" target=\"_blank\" rel=\"noreferrer noopener\">plateformes agr\u00e9\u00e9es (ex PDP) immatricul\u00e9es par l\u2019\u00c9tat<\/a>, celle de Sage est la plus simple et la plus universelle du march\u00e9<\/strong>. Elle offre de nombreux avantages :<\/p>\n\n\n\n<ul class=\"wp-block-list\">\n<li><strong>Int\u00e9gration<\/strong> aux derni\u00e8res versions des logiciels Sage et mises \u00e0 jour automatiques.<\/li>\n\n\n\n<li><strong>Autonomie<\/strong> : compatible avec toutes les solutions de gestion conformes.<\/li>\n\n\n\n<li><strong>Ouverture<\/strong> : connecte les solutions Sage et non-Sage gr\u00e2ce \u00e0 son API publique.<\/li>\n\n\n\n<li><strong>Conforme<\/strong> au standard europ\u00e9en <a href=\"https:\/\/www.impots.gouv.fr\/rejoindre-le-reseau-peppol\" target=\"_blank\" rel=\"noreferrer noopener\">PEPPOL<\/a>.<\/li>\n\n\n\n<li><strong>Connexion en temps r\u00e9el<\/strong> avec les clients, fournisseurs, banques, organismes fiscaux et experts-comptables.<\/li>\n\n\n\n<li><strong>Nettoyage automatique des donn\u00e9es<\/strong> clients et fournisseurs : doublons, incoh\u00e9rences, SIREN\/SIRET manquant.<\/li>\n<\/ul>\n\n\n\n<figure class=\"wp-block-embed is-type-video is-provider-youtube wp-block-embed-youtube wp-embed-aspect-16-9 wp-has-aspect-ratio\"><div class=\"wp-block-embed__wrapper\">\n<div class=\"video-container-wrap -mode-full\"><div class=\"video-container\"><video\n\t\t\t\tclass=\"sage-video video-js vjs-default-skin \"\n\t\t\t\twidth=\"640\"\n\t\t\t\theight=\"360\"\n\t\t\t\tdata-setup='{ \"controls\": true, \"aspectRatio\" : \"16:9\", \"poster\": \"https:\/\/img.youtube.com\/vi\/YPmlHc_KOo0\/maxresdefault.jpg\", \"techOrder\": [\"youtube\"], \"enablejsapi\": 1, \"origin\": \"https:\/\/www.sage.com\", \"sources\": [{ \"type\": \"video\/youtube\", \"src\": \"https:\/\/www.youtube.com\/watch?v=YPmlHc_KOo0\"}], \"youtube\": { \"ytControls\": 0, \"cc_load_policy\": 3, \"modestbranding\": 1, \"hl\": \"fr_FR\", \"playsinline\": 1 } }'\n\t\t\t\tcrossorigin=\"\"><\/video><\/div><\/div>\n<\/div><\/figure>\n\n\n\n<h3 class=\"wp-block-heading\" id=\"h-comment-s-inscrire-a-la-plateforme-agreee-de-sage\">Comment s&rsquo;inscrire \u00e0 la plateforme agr\u00e9\u00e9e de Sage ?<\/h3>\n\n\n\n<p><strong>La <a href=\"https:\/\/www.sage.com\/fr-fr\/dematerialisation\/facture-electronique\/sage-plateforme-de-dematerialisation-partenaire\/\">plateforme agr\u00e9\u00e9e Sage<\/a>, certifi\u00e9e par la <a href=\"https:\/\/www.economie.gouv.fr\/dgfip\" target=\"_blank\" rel=\"noreferrer noopener\">DGFiP,<\/a> r\u00e9pond aux exigences r\u00e9glementaires de la facture \u00e9lectronique.<\/strong> Conform\u00e9ment au calendrier r\u00e9glementaire, Sage vous propose de vous inscrire \u00e0 sa plateforme agr\u00e9\u00e9e, \u00e9tape importante de la mise en conformit\u00e9.<\/p>\n\n\n\n<p><strong>D\u00e9couvrez votre parcours d\u2019inscription en vid\u00e9o \u2b07\ufe0f<\/strong><\/p>\n\n\n\n<figure class=\"wp-block-embed is-type-video is-provider-youtube wp-block-embed-youtube wp-embed-aspect-16-9 wp-has-aspect-ratio\"><div class=\"wp-block-embed__wrapper\">\n<div class=\"video-container-wrap -mode-full\"><div class=\"video-container\"><video\n\t\t\t\tclass=\"sage-video video-js vjs-default-skin \"\n\t\t\t\twidth=\"640\"\n\t\t\t\theight=\"360\"\n\t\t\t\tdata-setup='{ \"controls\": true, \"aspectRatio\" : \"16:9\", \"poster\": \"https:\/\/img.youtube.com\/vi\/Bi81lRXa3kI\/hqdefault.jpg\", \"techOrder\": [\"youtube\"], \"enablejsapi\": 1, \"origin\": \"https:\/\/www.sage.com\", \"sources\": [{ \"type\": \"video\/youtube\", \"src\": \"https:\/\/www.youtube.com\/watch?v=Bi81lRXa3kI\"}], \"youtube\": { \"ytControls\": 0, \"cc_load_policy\": 3, \"modestbranding\": 1, \"hl\": \"fr_FR\", \"playsinline\": 1 } }'\n\t\t\t\tcrossorigin=\"\"><\/video><\/div><\/div>\n<\/div><\/figure>\n\n\n\n<p>Ces articles peuvent \u00e9galement vous int\u00e9resser : <\/p>\n\n\n\n<ul class=\"wp-block-list\">\n<li><a href=\"https:\/\/www.sage.com\/fr-fr\/blog\/pour-qui-la-facture-electronique-cqfe-video\/\">[#CQFE] Pour qui la facture \u00e9lectronique ? Pour toutes les entreprises !<\/a><\/li>\n\n\n\n<li><a href=\"https:\/\/www.sage.com\/fr-fr\/blog\/quapporte-la-facture-electronique-cqfe\/\">[#CQFE] Qu\u2019apporte la facture \u00e9lectronique ? Du temps et de l\u2019argent !<\/a><\/li>\n\n\n\n<li><a href=\"https:\/\/www.sage.com\/fr-fr\/blog\/choisir-pdp-plateforme-dematerialisation-partenaire-cqf\/\">[#CQFE] Choisir sa plateforme agr\u00e9\u00e9e : quatre crit\u00e8res pour y voir clair<\/a><\/li>\n\n\n\n<li><a href=\"https:\/\/www.sage.com\/fr-fr\/blog\/cloud-et-facture-electronique\/\">Cloud et facture \u00e9lectronique<\/a><\/li>\n<\/ul>\n\n\n\n<div class=\"single-cta gated-content\">\n\t<div class=\"single-cta__positioner\">\n\t\t<div class=\"single-cta__wrapper has-dark-background-color\">\n\t\t\t<div class=\"single-cta__content\">\n\t\t\t\t\t\t\t\t<h2 class=\"single-cta__title h3\">La facture \u00e9lectronique pour les TPE : le guide pas \u00e0 pas d&rsquo;un transition r\u00e9ussie<\/h2>\n\n\t\t\t\t\n\t\t\t\t\t\t\t\t\t\t\t\t\t\t<a\n\t\t\t\t\t\thref=\"#gate-bd444974-64de-400f-8271-1fb3c4bffcb9\"\n\t\t\t\t\t\tclass=\"single-cta__button button button--primary\"\n\t\t\t\t\t\t\t\t\t\t\t\t\t\t\t\t\t>T\u00e9l\u00e9charger le guide<\/a>\n\t\t\t\t\t\t\t<\/div>\n\n\t\t\t\t\t<\/div>\n\n\t\t\t\t\t<img decoding=\"async\" width=\"1215\" height=\"810\" src=\"https:\/\/www.sage.com\/fr-fr\/blog\/wp-content\/uploads\/sites\/4\/2023\/09\/GettyImages-608166817-1215x810.jpg\" class=\"single-cta__image\" alt=\"Un vendeuse et une cliente dans un magasin\" loading=\"lazy\" srcset=\"https:\/\/www.sage.com\/fr-fr\/blog\/wp-content\/uploads\/sites\/4\/2023\/09\/GettyImages-608166817-1215x810.jpg 1215w\" sizes=\"auto, (min-width: 48em) 33vw, 100vw\" \/>\t\t\t<\/div>\n<\/div>\n\n\n<div class=\"single-cta\">\n\t<div class=\"single-cta__positioner\">\n\t\t<div class=\"single-cta__wrapper has-dark-background-color\">\n\t\t\t<div class=\"single-cta__content\">\n\t\t\t\t\t\t\t\t<h2 class=\"single-cta__title h3\">Inscrivez-vous \u00e0 la e-newsletter mensuelle<\/h2>\n\n\t\t\t\t\n\t\t\t\t\t\t\t\t\t\t\t\t\t\t<a\n\t\t\t\t\t\thref=\"#gate-a947ade1-e692-455f-94ce-a275d72a9a11\"\n\t\t\t\t\t\tclass=\"single-cta__button button button--primary\"\n\t\t\t\t\t\t\t\t\t\t\t\t\t\t\t\t\t>Je m&#039;abonne<\/a>\n\t\t\t\t\t\t\t<\/div>\n\n\t\t\t\t\t<\/div>\n\n\t\t\t\t\t<img decoding=\"async\" width=\"1024\" height=\"779\" src=\"https:\/\/www.sage.com\/fr-fr\/blog\/wp-content\/uploads\/sites\/4\/2021\/05\/spreadsheets-1024x779-1.jpg\" class=\"single-cta__image\" alt=\"\" loading=\"lazy\" srcset=\"https:\/\/www.sage.com\/fr-fr\/blog\/wp-content\/uploads\/sites\/4\/2021\/05\/spreadsheets-1024x779-1.jpg 1024w\" sizes=\"auto, (min-width: 48em) 33vw, 100vw\" \/>\t\t\t<\/div>\n<\/div>\n","protected":false},"excerpt":{"rendered":"<p>Factur-X, c&rsquo;est l&rsquo;assurance de factures \u00e9lectroniques fiables, s\u00e9curis\u00e9es, productives et conformes aux futures obligations l\u00e9gales.<\/p>\n","protected":false},"author":293,"featured_media":10184,"comment_status":"closed","ping_status":"closed","sticky":false,"template":"","format":"standard","meta":{"_sage_video":true,"post_featured_image_hide":false,"footnotes":""},"categories":[16],"tags":[70,605,660],"business_type":[8,9],"lilypad":[],"context":[],"industry":[23,24,25,26],"persona":[867,35,34,868],"imagine_tag":[446,728,714,470,462],"coauthors":[924],"class_list":["post-10170","post","type-post","status-publish","format-standard","has-post-thumbnail","hentry","category-digitalisation-et-tendances","tag-comptabilite","tag-daf-directeur-administratif-financier","tag-facture-electronique","business_type-artisans-et-petites-entreprises","business_type-petites-et-moyennes-entreprises","industry-btp","industry-industrie","industry-negoce","industry-services"],"sage_meta":{"region":"fr-fr","author_name":"C\u00e9dric Suire","featured_image":"https:\/\/www.sage.com\/fr-fr\/blog\/wp-content\/uploads\/sites\/4\/2021\/10\/10-25_Factur-X-de-A-Z.jpg","imagine_tags":{"446":"Comptabilit\u00e9","728":"DAF - DSI","714":"Dirigeant de PME","470":"Finance","462":"Grandes Entreprises"}},"distributor_meta":false,"distributor_terms":false,"distributor_media":false,"distributor_original_site_name":"Sage Advice France","distributor_original_site_url":"https:\/\/www.sage.com\/fr-fr\/blog","push-errors":false,"_links":{"self":[{"href":"https:\/\/www.sage.com\/fr-fr\/blog\/api\/wp\/v2\/posts\/10170","targetHints":{"allow":["GET"]}}],"collection":[{"href":"https:\/\/www.sage.com\/fr-fr\/blog\/api\/wp\/v2\/posts"}],"about":[{"href":"https:\/\/www.sage.com\/fr-fr\/blog\/api\/wp\/v2\/types\/post"}],"author":[{"embeddable":true,"href":"https:\/\/www.sage.com\/fr-fr\/blog\/api\/wp\/v2\/users\/293"}],"replies":[{"embeddable":true,"href":"https:\/\/www.sage.com\/fr-fr\/blog\/api\/wp\/v2\/comments?post=10170"}],"version-history":[{"count":0,"href":"https:\/\/www.sage.com\/fr-fr\/blog\/api\/wp\/v2\/posts\/10170\/revisions"}],"wp:featuredmedia":[{"embeddable":true,"href":"https:\/\/www.sage.com\/fr-fr\/blog\/api\/wp\/v2\/media\/10184"}],"wp:attachment":[{"href":"https:\/\/www.sage.com\/fr-fr\/blog\/api\/wp\/v2\/media?parent=10170"}],"wp:term":[{"taxonomy":"category","embeddable":true,"href":"https:\/\/www.sage.com\/fr-fr\/blog\/api\/wp\/v2\/categories?post=10170"},{"taxonomy":"post_tag","embeddable":true,"href":"https:\/\/www.sage.com\/fr-fr\/blog\/api\/wp\/v2\/tags?post=10170"},{"taxonomy":"business_type","embeddable":true,"href":"https:\/\/www.sage.com\/fr-fr\/blog\/api\/wp\/v2\/business_type?post=10170"},{"taxonomy":"lilypad","embeddable":true,"href":"https:\/\/www.sage.com\/fr-fr\/blog\/api\/wp\/v2\/lilypad?post=10170"},{"taxonomy":"context","embeddable":true,"href":"https:\/\/www.sage.com\/fr-fr\/blog\/api\/wp\/v2\/context?post=10170"},{"taxonomy":"industry","embeddable":true,"href":"https:\/\/www.sage.com\/fr-fr\/blog\/api\/wp\/v2\/industry?post=10170"},{"taxonomy":"persona","embeddable":true,"href":"https:\/\/www.sage.com\/fr-fr\/blog\/api\/wp\/v2\/persona?post=10170"},{"taxonomy":"imagine_tag","embeddable":true,"href":"https:\/\/www.sage.com\/fr-fr\/blog\/api\/wp\/v2\/imagine_tag?post=10170"},{"taxonomy":"author","embeddable":true,"href":"https:\/\/www.sage.com\/fr-fr\/blog\/api\/wp\/v2\/coauthors?post=10170"}],"curies":[{"name":"wp","href":"https:\/\/api.w.org\/{rel}","templated":true}]}}