{"id":10186,"date":"2023-10-24T14:42:23","date_gmt":"2023-10-24T12:42:23","guid":{"rendered":"https:\/\/www.sage.com\/fr-fr\/blog\/?p=10186"},"modified":"2026-01-07T16:16:54","modified_gmt":"2026-01-07T15:16:54","slug":"facture-electronique-deux-formats-possibles","status":"publish","type":"post","link":"https:\/\/www.sage.com\/fr-fr\/blog\/facture-electronique-deux-formats-possibles\/","title":{"rendered":"Facture \u00e9lectronique : deux formats sont possibles"},"content":{"rendered":"<header class=\"entry-header has-dark-background-color entry-header--has-illustration entry-header--has-illustration--generic\">\n\t<div class=\"container\">\n\t\t<div class=\"entry-header__row row align-center\">\n\t\t\t<div class=\"col col-lg-7 col-xlg-6 entry-header__content\">\n\t\t\t\t\t\t\t<div class=\"component component-single-header\">\n\t\t\t\t\t\t\t\t\t\t<div class=\"entry-header__misc text--subtitle text--uppercase text--small\">\n\t\t\t\t\t\t\t<a href=\"https:\/\/www.sage.com\/fr-fr\/blog\/categorie\/digitalisation-et-tendances\/\" class=\"entry-header__link\">Digitalisation &amp; Tendances<\/a>\t\t\t\t\t\t<\/div>\n\t\t\t\t\n\t\t\t\t<div class=\"entry-title-wrapper\">\n\t\t\t\t\t<h1 class=\"entry-title\">\n\t\t\t\t\t\tFacture \u00e9lectronique : deux formats sont possibles\t\t\t\t\t<\/h1>\n\t\t\t\t<\/div>\n\n\t\t\t\t\t\t\t\t\t<p class=\"entry-header__description\">\n\t\t\t\t\t\t\t\t\t\t\t<\/p>\n\t\t\t\t\n\t\t\t\t\n\t\t\t\t\n\t\t\t<\/div>\n\n\t\t\t\t\t<\/div>\n\t\t\t\t\t<\/div>\n\t<\/div>\n\t<div class=\"single-post-details container\">\n\t\t<div class=\"col\">\n\t\t\t<span class=\"posted-on \"><time class=\"entry-date published\" datetime=\"2023-10-24T14:42:23+02:00\">October 24, 2023<\/time><\/span><span class=\"reading-time\"> min de lecture<\/span>\n\t\t<button\n\t\t\ttype=\"button\"\n\t\t\tclass=\"social-share-button button button--icon button--secondary js-social-share-button\"\n\t\t\tdata-share-title=\"Facture \u00e9lectronique : deux formats sont possibles\"\n\t\t\tdata-share-url=\"https:\/\/www.sage.com\/fr-fr\/blog\/facture-electronique-deux-formats-possibles\/\"\n\t\t\tdata-share-text=\"Veuillez lire cet article int\u00e9ressant\"\n\t\t>\n\t\t\t<span class=\"social-share-button__share-label\">Partager<\/span>\n\t\t\t<span class=\"social-share-button__copy-label\" hidden>Copier le lien<\/span>\n\t\t\t<span class=\"social-share-button__copy-tooltip\" aria-hidden=\"true\" hidden>Copi\u00e9<\/span>\n\t\t<\/button>\n\n\t\t\t\t<\/div>\n\t<\/div>\n<\/header>\n\n\n\n<div class=\"wp-block-post-author has-dark-background-color alignfull\">\n\t<div class=\"container\">\n\t\t<div class=\"col\">\n\t\t\t\t\t\t\t<div class=\"co-authors\">\n\t\t\t\t\t\n\t\t<div class=\"entry-author-wrapper\">\n\t\t\t<a class=\"entry-author\" href=\"https:\/\/www.sage.com\/fr-fr\/blog\/author\/cedric-suire\/\">\n\t\t\t\t<img loading=\"lazy\" decoding=\"async\" width=\"40\" height=\"40\" src=\"https:\/\/www.sage.com\/fr-fr\/blog\/wp-content\/uploads\/sites\/4\/2018\/10\/Suire-Cedric_350x350.jpg\" class=\"entry-author__image\" alt=\"\" \/>\t\t\t\t<span class=\"entry-author__name\">C\u00e9dric Suire<\/span>\n\t\t\t<\/a>\n\n\t\t\t\t\t<\/div>\n\n\t\t\t\t\t\t<\/div>\n\t\t\t\t\t<\/div>\n\t<\/div>\n<\/div>\n\n\n\n\n<?xml encoding=\"utf-8\" ?><div class=\"wp-block-yoast-seo-table-of-contents yoast-table-of-contents\"><ul><li><a href=\"#h-calendrier-de-la-facture-electronique\" data-level=\"2\">Calendrier de la facture &eacute;lectronique<\/a><\/li><li><a href=\"#h-factur-x-la-solution-preferee-des-pme-pmi\" data-level=\"2\">Factur-X, la solution pr&eacute;f&eacute;r&eacute;e des PME-PMI<\/a><ul><li><a href=\"#h-factur-x-mode-d-emploi\" data-level=\"3\">Factur-X mode d&rsquo;emploi<\/a><\/li><\/ul><\/li><li><a href=\"#h-l-edi-de-grands-gains-pour-les-grandes-entreprises\" data-level=\"2\">L&rsquo;EDI, de grands gains pour les grandes entreprises<\/a><\/li><li><a href=\"#h-la-plateforme-agreee-ex-pdp\" data-level=\"2\">La plateforme agr&eacute;&eacute;e (ex PDP)<\/a><ul><li><a href=\"#sage\" data-level=\"3\">Pourquoi choisir la plateforme agr&eacute;&eacute;e Sage ?<\/a><\/li><li><a href=\"#h-les-avantages-de-la-plateforme-agreee-sage\" data-level=\"3\">Les avantages de la plateforme agr&eacute;&eacute;e Sage<\/a><\/li><li><a href=\"#declarez\" data-level=\"3\">Comment s&rsquo;inscrire &agrave; la plateforme agr&eacute;&eacute;e de Sage ?<\/a><\/li><\/ul><\/li><\/ul><\/div>\n\n\n\n<h2 class=\"wp-block-heading\" id=\"h-calendrier-de-la-facture-electronique\">Calendrier de la facture \u00e9lectronique<\/h2>\n\n\n\n<p>Conform\u00e9ment \u00e0 la <a href=\"https:\/\/www.legifrance.gouv.fr\/jorf\/id\/JORFTEXT000048727345\" target=\"_blank\" rel=\"noreferrer noopener\">loi de finance 2024<\/a>, le nouveau calendrier pour l\u2019obligation de la facture \u00e9lectronique s\u2019articule en 2 temps :<\/p>\n\n\n\n<p><strong>1<sup>er <\/sup>septembre 2026 <\/strong><\/p>\n\n\n\n<ul class=\"wp-block-list\">\n<li>Obligation d\u2019\u00e9mission et e-reporting pour les ETI et les Grandes Entreprises<\/li>\n\n\n\n<li>Obligation de r\u00e9ception pour toutes les entreprises<\/li>\n<\/ul>\n\n\n\n<p><strong>1<sup>er<\/sup> septembre 2027 <\/strong>: obligation d\u2019\u00e9mission et e-reporting pour toutes les entreprises, y compris TPE, PME et ind\u00e9pendants.<\/p>\n\n\n\n<figure class=\"wp-block-embed is-type-video is-provider-youtube wp-block-embed-youtube wp-embed-aspect-16-9 wp-has-aspect-ratio\"><div class=\"wp-block-embed__wrapper\">\n<div class=\"video-container-wrap -mode-full\"><div class=\"video-container\"><video\n\t\t\t\tclass=\"sage-video video-js vjs-default-skin \"\n\t\t\t\twidth=\"640\"\n\t\t\t\theight=\"360\"\n\t\t\t\tdata-setup='{ \"controls\": true, \"aspectRatio\" : \"16:9\", \"poster\": \"https:\/\/img.youtube.com\/vi\/dkKXxIVjdFo\/maxresdefault.jpg\", \"techOrder\": [\"youtube\"], \"enablejsapi\": 1, \"origin\": \"https:\/\/www.sage.com\", \"sources\": [{ \"type\": \"video\/youtube\", \"src\": \"https:\/\/www.youtube.com\/watch?v=dkKXxIVjdFo\"}], \"youtube\": { \"ytControls\": 0, \"cc_load_policy\": 3, \"modestbranding\": 1, \"hl\": \"fr_FR\", \"playsinline\": 1 } }'\n\t\t\t\tcrossorigin=\"\"><\/video><\/div><\/div>\n<\/div><\/figure>\n\n\n\n<p>Pour remplir cette obligation l\u00e9gale, les entreprises auront le choix entre l\u2019outil <strong>Factur-X<\/strong> , simple \u00e0 mettre en \u0153uvre, et le passage \u00e0 l\u2019<a href=\"https:\/\/www.sage.com\/fr-fr\/blog\/glossaire\/edi-echange-de-donnees-informatise-definition\/\">EDI (\u00e9change de donn\u00e9es informatis\u00e9)<\/a>, qui sera probablement plut\u00f4t choisi par les grandes entreprises. Explications et conseils pour faire le bon choix.<\/p>\n\n\n\n<div class=\"wp-block-buttons is-content-justification-center is-layout-flex wp-container-core-buttons-is-layout-16018d1d wp-block-buttons-is-layout-flex\">\n<div class=\"wp-block-button\"><a class=\"wp-block-button__link wp-element-button\" href=\"#gate-bd444974-64de-400f-8271-1fb3c4bffcb9\">T\u00e9l\u00e9chargez le guide de la facture \u00e9lectronique pour les TPE<\/a><\/div>\n<\/div>\n\n\n\n<h2 class=\"wp-block-heading\" id=\"h-factur-x-la-solution-preferee-des-pme-pmi\">Factur-X, la solution pr\u00e9f\u00e9r\u00e9e des PME-PMI<\/h2>\n\n\n\n<p>Factur-X est un PDF, intelligible par le cerveau humain, mais c\u2019est aussi un fichier XML, lisible par un syst\u00e8me d\u2019informations. C\u2019est le nom fran\u00e7ais d\u2019un standard franco-allemand de facture num\u00e9rique hybride mis en service en 2017 et compr\u00e9hensible par l\u2019\u0153il et la Machine, <strong>sans outil de lecture automatique de documents (LAD)<\/strong>. N\u00e9 en 2017 dans notre pays et d\u00e9j\u00e0 en place sur le portail <a href=\"https:\/\/chorus-pro.gouv.fr\/cpp\/utilisateur?execution=e1s1\" target=\"_blank\" rel=\"noopener\">Chorus Pro<\/a>, qui centralise la commande publique,<a href=\"https:\/\/www.sage.com\/fr-fr\/blog\/facture-electronique-factur-x-de-a-a-z\/\"><strong> Factur-X<\/strong><\/a> constitue une alternative au PDF, simplissime \u00e0 \u00e9mettre mais qui ne sera bient\u00f4t plus reconnu comme un format valide de facture dans notre pays, puisque le passage \u00e0 la <a href=\"https:\/\/www.sage.com\/fr-fr\/dematerialisation\/facture-electronique\/\">facture \u00e9lectronique<\/a> sera une obligation l\u00e9gale \u00e0 partir de 2026. <\/p>\n\n\n\n<p>Comment fonctionne Factur-X ? Il se pr\u00e9sente sous la forme d\u2019un fichier PDF\/A3, c\u2019est-\u00e0-dire <strong>un fichier PDF qui int\u00e8gre un fichier XML contenant les donn\u00e9es \u00e9lectroniques de la facture<\/strong>. L\u2019avantage est double : d\u2019une part, il est lisible par l\u2019\u0153il humain ; d\u2019autre part, il l\u2019est aussi par les syst\u00e8mes d\u2019information (notamment ceux de l\u2019administration fiscale), qui peuvent donc proc\u00e9der \u00e0 une lecture et \u00e0 un rapprochement automatis\u00e9 des donn\u00e9es.<br><strong>Le standard Factur-X a \u00e9t\u00e9 con\u00e7u pour que tous types d\u2019entreprises puissent l\u2019utiliser<\/strong>. Il int\u00e8gre cinq profils de donn\u00e9es en fonction des exigences r\u00e9glementaires et sectorielles propres \u00e0 chaque entreprise.<\/p>\n\n\n\n<h3 class=\"wp-block-heading\" id=\"h-factur-x-mode-d-emploi\">Factur-X mode d\u2019emploi<\/h3>\n\n\n\n<p>Autre atout de Factur-X : sa simplicit\u00e9 de mise en \u0153uvre. L\u2019entreprise \u00e9mettrice n\u2019aura qu\u2019\u00e0 \u00e9tablir ses factures au format PDF en respectant, bien entendu, les mentions l\u00e9gales (date d\u2019\u00e9mission, date de la vente ou de la prestation de service, descriptif des produits ou services vendus, identit\u00e9 du fournisseur, identit\u00e9 du client, date ou d\u00e9lai de paiement\u2026). Puis, elle aura recours \u00e0 une <a href=\"https:\/\/www.sage.com\/fr-fr\/blog\/plateforme-de-dematerialisation-portail-public\/\">Plateforme de D\u00e9mat\u00e9rialisation Partenaire (PDP)<\/a> laquelle convertira le PDF en PDF\/A3 totalement s\u00e9curis\u00e9. La facture \u00e9lectronique Factur-X sera alors envoy\u00e9e au client et les donn\u00e9es des factures et des transactions seront automatiquement transmises \u00e0 l&#8217;administration fiscale qui se chargera notamment de contr\u00f4ler et de pr\u00e9d\u00e9clarer la <a href=\"https:\/\/www.sage.com\/fr-fr\/blog\/glossaire\/tva-taxe-sur-valeur-ajoutee-definition\/\">TVA<\/a>.<\/p>\n\n\n\n<p>Conviviale et universelle, la solution Factur-X permet une automatisation de la gestion des factures. Ses b\u00e9n\u00e9fices sont nombreux :<\/p>\n\n\n\n<ul class=\"wp-block-list\">\n<li><strong>Simplicit\u00e9<\/strong> de mise en \u0153uvre et d\u2019utilisation<\/li>\n\n\n\n<li><strong>S\u00e9curit\u00e9<\/strong><\/li>\n\n\n\n<li><strong>Gratuit\u00e9<\/strong> (ou quasi gratuit\u00e9)<\/li>\n\n\n\n<li><strong>Gain de temps<\/strong> sur la d\u00e9claration de TVA<\/li>\n\n\n\n<li>R\u00e9duction du temps de gestion, des risques d\u2019erreurs et, de ce fait, <strong>potentielle r\u00e9duction des d\u00e9lais de paiement<\/strong> de vos clients.<\/li>\n<\/ul>\n\n\n\n<h2 class=\"wp-block-heading\" id=\"h-l-edi-de-grands-gains-pour-les-grandes-entreprises\">L\u2019EDI, de grands gains pour les grandes entreprises<\/h2>\n\n\n\n<p><strong>L\u2019EDI est un \u00e9change informatis\u00e9 de donn\u00e9es entre entreprises<\/strong>, dans un format standard qui se substitue aux documents papier et aux documents PDF.<br>L\u2019<strong>EDI fiscal<\/strong> est un syst\u00e8me qui autorise l\u2019envoi de <a href=\"https:\/\/www.sage.com\/fr-fr\/blog\/glossaire\/facture-electronique-definition-de-la-facture-dematerialisee\/\">factures d\u00e9mat\u00e9rialis\u00e9es<\/a> depuis le <strong>syst\u00e8me d\u2019informations du fournisseur vers celui du client,<\/strong> dans un format totalement norm\u00e9. La communication des data s\u2019op\u00e8re donc <strong>de machine \u00e0 machine,<\/strong> ce qui est source d\u2019un \u00e9norme gain de temps, de fiabilit\u00e9 et d\u2019efficacit\u00e9, et <strong>permet de traiter des volumes industriels de factures<\/strong>. Toutefois, la mise en place de l\u2019EDI est un projet d\u2019envergure qui implique du temps, un important travail pr\u00e9paratoire entre partenaires commerciaux et des investissements humains et informatiques significatifs. C\u2019est pourquoi, m\u00eame s\u2019il tend \u00e0 se d\u00e9mocratiser, l\u2019EDI est plut\u00f4t utilis\u00e9 par les grandes entreprises voire les ETI.<\/p>\n\n\n\n<h2 class=\"wp-block-heading\" id=\"h-la-plateforme-agreee-ex-pdp\">La plateforme agr\u00e9\u00e9e (ex PDP)<\/h2>\n\n\n\n<p>Les factures \u00e9lectroniques transiteront sur une <a href=\"https:\/\/www.impots.gouv.fr\/liste-des-plateformes-agreees-immatriculees\" target=\"_blank\" rel=\"noreferrer noopener\">plateforme agr\u00e9\u00e9e (ex PDP) accr\u00e9dit\u00e9e par l\u2019administration fiscale<\/a>.<\/p>\n\n\n\n<h3 class=\"wp-block-heading\" id=\"sage\">Pourquoi choisir la plateforme agr\u00e9\u00e9e Sage ?<\/h3>\n\n\n\n<p>Beaucoup d\u2019entreprises attendent une facilitation de leur passage \u00e0 la facture \u00e9lectronique. La plateforme agr\u00e9\u00e9e Sage apporte <strong>une r\u00e9ponse 100 % adapt\u00e9e \u00e0 leurs besoins concrets<\/strong>.<\/p>\n\n\n\n<figure class=\"wp-block-embed is-type-video is-provider-youtube wp-block-embed-youtube wp-embed-aspect-16-9 wp-has-aspect-ratio\"><div class=\"wp-block-embed__wrapper\">\n<div class=\"video-container-wrap -mode-full\"><div class=\"video-container\"><video\n\t\t\t\tclass=\"sage-video video-js vjs-default-skin \"\n\t\t\t\twidth=\"640\"\n\t\t\t\theight=\"360\"\n\t\t\t\tdata-setup='{ \"controls\": true, \"aspectRatio\" : \"16:9\", \"poster\": \"https:\/\/img.youtube.com\/vi\/YPmlHc_KOo0\/maxresdefault.jpg\", \"techOrder\": [\"youtube\"], \"enablejsapi\": 1, \"origin\": \"https:\/\/www.sage.com\", \"sources\": [{ \"type\": \"video\/youtube\", \"src\": \"https:\/\/www.youtube.com\/watch?v=YPmlHc_KOo0\"}], \"youtube\": { \"ytControls\": 0, \"cc_load_policy\": 3, \"modestbranding\": 1, \"hl\": \"fr_FR\", \"playsinline\": 1 } }'\n\t\t\t\tcrossorigin=\"\"><\/video><\/div><\/div>\n<\/div><\/figure>\n\n\n\n<h3 class=\"wp-block-heading\" id=\"h-les-avantages-de-la-plateforme-agreee-sage\">Les avantages de la plateforme agr\u00e9\u00e9e Sage<\/h3>\n\n\n\n<p><strong>Parmi les plateformes agr\u00e9\u00e9es immatricul\u00e9es par l\u2019\u00c9tat, celle de Sage est la plus simple et la plus universelle du march\u00e9<\/strong>. Elle offre ainsi de nombreux avantages :<\/p>\n\n\n\n<ul class=\"wp-block-list\">\n<li><strong>Int\u00e9gration<\/strong> <strong>sans surco\u00fbt <\/strong>aux derni\u00e8res versions des logiciels Sage et mises \u00e0 jour automatiques.<\/li>\n\n\n\n<li><strong>Autonomie<\/strong> : compatible avec toutes les solutions de gestion conformes.<\/li>\n\n\n\n<li><strong>Ouverture<\/strong> : connecte les solutions Sage et non-Sage gr\u00e2ce \u00e0 son API publique.<\/li>\n\n\n\n<li><strong>Conforme<\/strong> au standard europ\u00e9en <a href=\"https:\/\/www.impots.gouv.fr\/rejoindre-le-reseau-peppol\" target=\"_blank\" rel=\"noreferrer noopener\">PEPPOL<\/a>. <\/li>\n\n\n\n<li><strong>Connexion en temps r\u00e9el<\/strong> avec les clients, fournisseurs, banques, organismes fiscaux et experts-comptables.<\/li>\n\n\n\n<li><strong>Nettoyage automatique des donn\u00e9es<\/strong> clients et fournisseurs : doublons, incoh\u00e9rences, SIREN\/SIRET manquant.<\/li>\n<\/ul>\n\n\n\n<h3 class=\"wp-block-heading\" id=\"declarez\">Comment s\u2019inscrire \u00e0 la plateforme agr\u00e9\u00e9e de Sage ?<\/h3>\n\n\n\n<p><strong>La <a href=\"https:\/\/www.sage.com\/fr-fr\/dematerialisation\/facture-electronique\/sage-plateforme-de-dematerialisation-partenaire\/\">plateforme agr\u00e9\u00e9e Sage<\/a>, certifi\u00e9e par la <a href=\"https:\/\/www.economie.gouv.fr\/dgfip\" target=\"_blank\" rel=\"noreferrer noopener\">DGFiP<\/a>, r\u00e9pond aux exigences r\u00e9glementaires de la facture \u00e9lectronique<\/strong>. Conform\u00e9ment au calendrier r\u00e9glementaire, Sage vous propose de vous inscrire \u00e0 sa plateforme agr\u00e9\u00e9e, \u00e9tape importante de la mise en conformit\u00e9.<\/p>\n\n\n\n<p><strong>D\u00e9couvrez votre parcours d\u2019inscription en vid\u00e9o \u2b07\ufe0f<\/strong><\/p>\n\n\n\n<figure class=\"wp-block-embed is-type-video is-provider-youtube wp-block-embed-youtube wp-embed-aspect-16-9 wp-has-aspect-ratio\"><div class=\"wp-block-embed__wrapper\">\n<div class=\"video-container-wrap -mode-full\"><div class=\"video-container\"><video\n\t\t\t\tclass=\"sage-video video-js vjs-default-skin \"\n\t\t\t\twidth=\"640\"\n\t\t\t\theight=\"360\"\n\t\t\t\tdata-setup='{ \"controls\": true, \"aspectRatio\" : \"16:9\", \"poster\": \"https:\/\/img.youtube.com\/vi\/Bi81lRXa3kI\/hqdefault.jpg\", \"techOrder\": [\"youtube\"], \"enablejsapi\": 1, \"origin\": \"https:\/\/www.sage.com\", \"sources\": [{ \"type\": \"video\/youtube\", \"src\": \"https:\/\/www.youtube.com\/watch?v=Bi81lRXa3kI\"}], \"youtube\": { \"ytControls\": 0, \"cc_load_policy\": 3, \"modestbranding\": 1, \"hl\": \"fr_FR\", \"playsinline\": 1 } }'\n\t\t\t\tcrossorigin=\"\"><\/video><\/div><\/div>\n<\/div><\/figure>\n\n\n\n<p><em>\u00c0 noter : depuis juillet 2025, les plateformes de d\u00e9mat\u00e9rialisation partenaires (PDP) sont devenus plateformes agr\u00e9\u00e9es. Certaines vid\u00e9os int\u00e9gr\u00e9es \u00e0 cet article ont \u00e9t\u00e9 r\u00e9alis\u00e9es\u00a0avant cette date et peuvent mentionner l\u2019ancien nom.<\/em><\/p>\n\n\n\n<p>Ces articles peuvent \u00e9galement vous int\u00e9resser :<\/p>\n\n\n\n<ul class=\"wp-block-list\">\n<li><a href=\"https:\/\/www.sage.com\/fr-fr\/blog\/cest-quoi-la-facture-electronique-videos\/\">C\u2019est quoi la facture \u00e9lectronique : tout comprendre en vid\u00e9o<\/a><\/li>\n\n\n\n<li><a href=\"https:\/\/www.sage.com\/fr-fr\/blog\/facture-electronique-et-si-on-allegeait-son-montant-en-anticipant\/\"><span data-sheets-formula-bar-text-style=\"font-size:13px;color:#00b050;font-weight:normal;text-decoration:none;font-family:'Arial';font-style:normal;text-decoration-skip-ink:none;\">Facture \u00e9lectronique : et si on all\u00e9geait son montant en anticipant<\/span><\/a><\/li>\n\n\n\n<li><a href=\"https:\/\/www.sage.com\/fr-fr\/dematerialisation\/facture-electronique\/\">Facture \u00e9lectronique : ce que \u00e7a change pour les entreprises<\/a><\/li>\n\n\n\n<li><a href=\"https:\/\/www.sage.com\/fr-fr\/blog\/facture-electronique-etre-accompagne\/\">Pour passer \u00e0 la facture \u00e9lectronique, faites-vous accompagner !<\/a><\/li>\n\n\n\n<li><a href=\"https:\/\/www.sage.com\/fr-fr\/blog\/facture-electronique-que-doit-elle-contenir-transmettre\/\">Facture \u00e9lectronique : que doit-elle contenir ?<\/a><\/li>\n\n\n\n<li><a href=\"https:\/\/www.sage.com\/fr-fr\/blog\/facture-electronique-tour-horizon\/\">Facture \u00e9lectronique : tour d\u2019horizon<\/a><\/li>\n<\/ul>\n\n\n\n<p>Derni\u00e8re mise \u00e0 jour le 17\/12\/2025.<\/p>\n\n\n\n<div class=\"single-cta gated-content\">\n\t<div class=\"single-cta__positioner\">\n\t\t<div class=\"single-cta__wrapper has-dark-background-color\">\n\t\t\t<div class=\"single-cta__content\">\n\t\t\t\t\t\t\t\t<h2 class=\"single-cta__title h3\">La facture \u00e9lectronique pour les PME : les cl\u00e9s d\u2019une transformation ma\u00eetris\u00e9e de bout en bout<\/h2>\n\n\t\t\t\t\n\t\t\t\t\t\t\t\t\t\t\t\t\t\t<a\n\t\t\t\t\t\thref=\"#gate-ef5fadf6-6d44-4f96-86eb-e7f6eb123962\"\n\t\t\t\t\t\tclass=\"single-cta__button button button--primary\"\n\t\t\t\t\t\t\t\t\t\t\t\t\t\t\t\t\t>T\u00e9l\u00e9chargez le guide<\/a>\n\t\t\t\t\t\t\t<\/div>\n\n\t\t\t\t\t<\/div>\n\n\t\t\t\t\t<img decoding=\"async\" width=\"1214\" height=\"810\" src=\"https:\/\/www.sage.com\/fr-fr\/blog\/wp-content\/uploads\/sites\/4\/2025\/08\/Mar2025_GB-Trucking-Logistics_0380-1214x810.jpeg\" class=\"single-cta__image\" alt=\"Un chauffeur de camion discute avec une coll\u00e8gue\" loading=\"lazy\" srcset=\"https:\/\/www.sage.com\/fr-fr\/blog\/wp-content\/uploads\/sites\/4\/2025\/08\/Mar2025_GB-Trucking-Logistics_0380-1214x810.jpeg 1214w\" sizes=\"auto, (min-width: 48em) 33vw, 100vw\" \/>\t\t\t<\/div>\n<\/div>\n\n\n<div class=\"single-cta\">\n\t<div class=\"single-cta__positioner\">\n\t\t<div class=\"single-cta__wrapper has-dark-background-color\">\n\t\t\t<div class=\"single-cta__content\">\n\t\t\t\t\t\t\t\t<h2 class=\"single-cta__title h3\">Inscrivez-vous \u00e0 la e-newsletter mensuelle<\/h2>\n\n\t\t\t\t\n\t\t\t\t\t\t\t\t\t\t\t\t\t\t<a\n\t\t\t\t\t\thref=\"#gate-a947ade1-e692-455f-94ce-a275d72a9a11\"\n\t\t\t\t\t\tclass=\"single-cta__button button button--primary\"\n\t\t\t\t\t\t\t\t\t\t\t\t\t\t\t\t\t>Je m&#039;abonne<\/a>\n\t\t\t\t\t\t\t<\/div>\n\n\t\t\t\t\t<\/div>\n\n\t\t\t\t\t<img decoding=\"async\" width=\"1024\" height=\"779\" src=\"https:\/\/www.sage.com\/fr-fr\/blog\/wp-content\/uploads\/sites\/4\/2021\/05\/spreadsheets-1024x779-1.jpg\" class=\"single-cta__image\" alt=\"\" loading=\"lazy\" srcset=\"https:\/\/www.sage.com\/fr-fr\/blog\/wp-content\/uploads\/sites\/4\/2021\/05\/spreadsheets-1024x779-1.jpg 1024w\" sizes=\"auto, (min-width: 48em) 33vw, 100vw\" \/>\t\t\t<\/div>\n<\/div>\n","protected":false},"excerpt":{"rendered":"<p>Tout savoir sur les deux formats de facture \u00e9lectronique propos\u00e9s : le standard Factur-X et l\u2019EDI.<\/p>\n","protected":false},"author":293,"featured_media":10187,"comment_status":"closed","ping_status":"closed","sticky":false,"template":"","format":"standard","meta":{"_sage_video":true,"post_featured_image_hide":false,"footnotes":""},"categories":[16],"tags":[70,660,224],"business_type":[8,9,11],"lilypad":[],"context":[],"industry":[23,24,25,26],"persona":[867,35,34,37,40,868],"imagine_tag":[446,728,463,452,475,460],"coauthors":[924],"class_list":["post-10186","post","type-post","status-publish","format-standard","has-post-thumbnail","hentry","category-digitalisation-et-tendances","tag-comptabilite","tag-facture-electronique","tag-ia-digitalisation","business_type-artisans-et-petites-entreprises","business_type-petites-et-moyennes-entreprises","business_type-expertise-comptable","industry-btp","industry-industrie","industry-negoce","industry-services"],"sage_meta":{"region":"fr-fr","author_name":"C\u00e9dric Suire","featured_image":"https:\/\/www.sage.com\/fr-fr\/blog\/wp-content\/uploads\/sites\/4\/2021\/10\/11-02_facture-electronique-2-formats-possibles.jpg","imagine_tags":{"446":"Comptabilit\u00e9","728":"DAF - DSI","463":"Expertise comptable","452":"Experts-Comptables","475":"Gestion factuation","460":"Petites Entreprises"}},"distributor_meta":false,"distributor_terms":false,"distributor_media":false,"distributor_original_site_name":"Sage Advice France","distributor_original_site_url":"https:\/\/www.sage.com\/fr-fr\/blog","push-errors":false,"_links":{"self":[{"href":"https:\/\/www.sage.com\/fr-fr\/blog\/api\/wp\/v2\/posts\/10186","targetHints":{"allow":["GET"]}}],"collection":[{"href":"https:\/\/www.sage.com\/fr-fr\/blog\/api\/wp\/v2\/posts"}],"about":[{"href":"https:\/\/www.sage.com\/fr-fr\/blog\/api\/wp\/v2\/types\/post"}],"author":[{"embeddable":true,"href":"https:\/\/www.sage.com\/fr-fr\/blog\/api\/wp\/v2\/users\/293"}],"replies":[{"embeddable":true,"href":"https:\/\/www.sage.com\/fr-fr\/blog\/api\/wp\/v2\/comments?post=10186"}],"version-history":[{"count":0,"href":"https:\/\/www.sage.com\/fr-fr\/blog\/api\/wp\/v2\/posts\/10186\/revisions"}],"wp:featuredmedia":[{"embeddable":true,"href":"https:\/\/www.sage.com\/fr-fr\/blog\/api\/wp\/v2\/media\/10187"}],"wp:attachment":[{"href":"https:\/\/www.sage.com\/fr-fr\/blog\/api\/wp\/v2\/media?parent=10186"}],"wp:term":[{"taxonomy":"category","embeddable":true,"href":"https:\/\/www.sage.com\/fr-fr\/blog\/api\/wp\/v2\/categories?post=10186"},{"taxonomy":"post_tag","embeddable":true,"href":"https:\/\/www.sage.com\/fr-fr\/blog\/api\/wp\/v2\/tags?post=10186"},{"taxonomy":"business_type","embeddable":true,"href":"https:\/\/www.sage.com\/fr-fr\/blog\/api\/wp\/v2\/business_type?post=10186"},{"taxonomy":"lilypad","embeddable":true,"href":"https:\/\/www.sage.com\/fr-fr\/blog\/api\/wp\/v2\/lilypad?post=10186"},{"taxonomy":"context","embeddable":true,"href":"https:\/\/www.sage.com\/fr-fr\/blog\/api\/wp\/v2\/context?post=10186"},{"taxonomy":"industry","embeddable":true,"href":"https:\/\/www.sage.com\/fr-fr\/blog\/api\/wp\/v2\/industry?post=10186"},{"taxonomy":"persona","embeddable":true,"href":"https:\/\/www.sage.com\/fr-fr\/blog\/api\/wp\/v2\/persona?post=10186"},{"taxonomy":"imagine_tag","embeddable":true,"href":"https:\/\/www.sage.com\/fr-fr\/blog\/api\/wp\/v2\/imagine_tag?post=10186"},{"taxonomy":"author","embeddable":true,"href":"https:\/\/www.sage.com\/fr-fr\/blog\/api\/wp\/v2\/coauthors?post=10186"}],"curies":[{"name":"wp","href":"https:\/\/api.w.org\/{rel}","templated":true}]}}