{"id":10338,"date":"2021-12-20T09:10:05","date_gmt":"2021-12-20T08:10:05","guid":{"rendered":"https:\/\/www.sage.com\/fr-fr\/blog\/?p=10338"},"modified":"2026-02-05T14:18:35","modified_gmt":"2026-02-05T13:18:35","slug":"jeunes-chefs-entreprise-comment-financer-formations","status":"publish","type":"post","link":"https:\/\/www.sage.com\/fr-fr\/blog\/jeunes-chefs-entreprise-comment-financer-formations\/","title":{"rendered":"Jeunes chefs d\u2019entreprises : quelles options pour financer vos formations ?"},"content":{"rendered":"<header class=\"entry-header has-dark-background-color entry-header--has-illustration entry-header--has-illustration--generic\">\n\t<div class=\"container\">\n\t\t<div class=\"entry-header__row row align-center\">\n\t\t\t<div class=\"col col-lg-7 col-xlg-6 entry-header__content\">\n\t\t\t\t\t\t\t<div class=\"component component-single-header\">\n\t\t\t\t\t\t\t\t\t\t<div class=\"entry-header__misc text--subtitle text--uppercase text--small\">\n\t\t\t\t\t\t\t<a href=\"https:\/\/www.sage.com\/fr-fr\/blog\/categorie\/legal-et-reglementation\/\" class=\"entry-header__link\">L\u00e9gal &amp; R\u00e9glementation<\/a>\t\t\t\t\t\t<\/div>\n\t\t\t\t\n\t\t\t\t<div class=\"entry-title-wrapper\">\n\t\t\t\t\t<h1 class=\"entry-title\">\n\t\t\t\t\t\tJeunes chefs d\u2019entreprises : quelles options pour financer vos formations ?\t\t\t\t\t<\/h1>\n\t\t\t\t<\/div>\n\n\t\t\t\t\t\t\t\t\t<p class=\"entry-header__description\">\n\t\t\t\t\t\t\t\t\t\t\t<\/p>\n\t\t\t\t\n\t\t\t\t\n\t\t\t\t\n\t\t\t<\/div>\n\n\t\t\t\t\t<\/div>\n\t\t\t\t\t<\/div>\n\t<\/div>\n\t<div class=\"single-post-details container\">\n\t\t<div class=\"col\">\n\t\t\t<span class=\"posted-on \"><time class=\"entry-date published\" datetime=\"2021-12-20T09:10:05+01:00\">December 20, 2021<\/time><\/span><span class=\"reading-time\"> min de lecture<\/span>\n\t\t<button\n\t\t\ttype=\"button\"\n\t\t\tclass=\"social-share-button button button--icon button--secondary js-social-share-button\"\n\t\t\tdata-share-title=\"Jeunes chefs d\u2019entreprises : quelles options pour financer vos formations ?\"\n\t\t\tdata-share-url=\"https:\/\/www.sage.com\/fr-fr\/blog\/jeunes-chefs-entreprise-comment-financer-formations\/\"\n\t\t\tdata-share-text=\"Veuillez lire cet article int\u00e9ressant\"\n\t\t>\n\t\t\t<span class=\"social-share-button__share-label\">Partager<\/span>\n\t\t\t<span class=\"social-share-button__copy-label\" hidden>Copier le lien<\/span>\n\t\t\t<span class=\"social-share-button__copy-tooltip\" aria-hidden=\"true\" hidden>Copi\u00e9<\/span>\n\t\t<\/button>\n\n\t\t\t\t<\/div>\n\t<\/div>\n<\/header>\n\n\n\n<div class=\"wp-block-post-author has-dark-background-color alignfull\">\n\t<div class=\"container\">\n\t\t<div class=\"col\">\n\t\t\t\t\t\t\t<div class=\"co-authors\">\n\t\t\t\t\t\n\t\t<div class=\"entry-author-wrapper\">\n\t\t\t<a class=\"entry-author\" href=\"https:\/\/www.sage.com\/fr-fr\/blog\/author\/tristandebroucker\/\">\n\t\t\t\t<img loading=\"lazy\" decoding=\"async\" width=\"40\" height=\"40\" src=\"https:\/\/www.sage.com\/fr-fr\/blog\/wp-content\/uploads\/sites\/4\/2021\/10\/de-broucker-tristan_350x350.jpg\" class=\"entry-author__image\" alt=\"de-broucker-tristan\" \/>\t\t\t\t<span class=\"entry-author__name\">Tristan de Broucker<\/span>\n\t\t\t<\/a>\n\n\t\t\t\t\t<\/div>\n\n\t\t\t\t\t\t<\/div>\n\t\t\t\t\t<\/div>\n\t<\/div>\n<\/div>\n\n\n\n<p>La formation professionnelle est rarement la priorit\u00e9 des jeunes entrepreneurs dans les premiers mois d\u2019activit\u00e9 de l\u2019entreprise. Dans certains cas, elle passe m\u00eame \u00e0 l\u2019as durablement, pour des questions de temps ou de budget. Se donner les moyens de se former d\u00e8s le d\u00e9part peut pourtant faire toute la diff\u00e9rence. Le projet de loi de finances pour 2022 (PLF 2022) pr\u00e9voit un doublement du cr\u00e9dit d\u2019imp\u00f4t pour la formation des dirigeants de tr\u00e8s petites entreprises. Quelles sont les conditions pour en b\u00e9n\u00e9ficier et comment compl\u00e9ter ? Explications.<\/p>\n\n\n\n<h2 class=\"wp-block-heading\" id=\"h-en-quoi-consiste-le-credit-d-impot-pour-la-formation\">En quoi consiste le cr\u00e9dit d\u2019imp\u00f4t pour la formation ?<\/h2>\n\n\n\n<p>Faciliter l\u2019acc\u00e8s \u00e0 la formation des dirigeants et des entrepreneurs pour leur permettre de renforcer et diversifier leurs comp\u00e9tences : c\u2019est l\u2019objectif vis\u00e9 par le cr\u00e9dit d\u2019imp\u00f4t formation pour les dirigeants, mis en place au milieu des ann\u00e9es 2000. Concr\u00e8tement, cette mesure permet aux chefs d\u2019entreprise de <strong>d\u00e9duire une partie des co\u00fbts annuels de formation professionnelle<\/strong>, soit de<strong> l\u2019imp\u00f4t sur les soci\u00e9t\u00e9s<\/strong>, soit de <strong>l\u2019imp\u00f4t sur le revenu<\/strong> dans le cas d\u2019une entreprise individuelle. Il s\u2019agit donc d\u2019une incitation fiscale.<\/p>\n\n\n\n<h2 class=\"wp-block-heading\" id=\"h-plf-2022-qu-est-ce-qui-change-l-annee-prochaine\">PLF 2022 : qu\u2019est-ce qui change l\u2019ann\u00e9e prochaine ?<\/h2>\n\n\n\n<p>D\u00e9voil\u00e9 en septembre dernier, le plan du gouvernement en faveur des ind\u00e9pendants consacrait un volet \u00e0 la formation professionnelle. Quelques semaines plus tard, cette mesure figure bien au Projet de loi de finances 2022.<\/p>\n\n\n\n<p>Tandis que le cr\u00e9dit d\u2019imp\u00f4t formation reste en vigueur pour tous les dirigeants d\u2019entreprise, ceux qui rel\u00e8vent d\u2019une <strong>micro-entreprise<\/strong> pourront pr\u00e9tendre \u00e0 un <strong>doublement du montant<\/strong> pour toutes les formations suivies entre le 1er janvier et le 31 d\u00e9cembre 2022. Une opportunit\u00e9 \u00e0 saisir pour les jeunes entrepreneurs.<\/p>\n\n\n\n<h2 class=\"wp-block-heading\" id=\"h-qui-peut-en-beneficier\">Qui peut en b\u00e9n\u00e9ficier ?<\/h2>\n\n\n\n<p>Toutes celles et ceux \u00e0 la t\u00eate d\u2019une micro-entreprise, au sens de la <a href=\"https:\/\/eur-lex.europa.eu\/legal-content\/FR\/TXT\/?uri=LEGISSUM:n26026\" target=\"_blank\" rel=\"noopener\">d\u00e9finition europ\u00e9enne<\/a>. Il convient autrement dit de :<\/p>\n\n\n\n<ul class=\"wp-block-list\">\n<li><strong>diriger une entreprise de moins de 10 salari\u00e9s<\/strong>, dont le chiffre d\u2019affaires est inf\u00e9rieur \u00e0 2 millions d\u2019euros ;<\/li>\n\n\n\n<li><strong>relever d\u2019un r\u00e9gime r\u00e9el d\u2019imposition<\/strong> (sauf dans le cas d\u2019une exon\u00e9ration).<\/li>\n<\/ul>\n\n\n\n<p>Cette mesure concerne th\u00e9oriquement tous les chefs d\u2019entreprise (administrateurs, g\u00e9rants, directeurs g\u00e9n\u00e9raux, etc.), mais \u00e9galement les entrepreneurs individuels r\u00e9pondant \u00e0 ces crit\u00e8res. En revanche, le dispositif ne s\u2019applique pas aux micro-entrepreneurs (anciennement auto-entrepreneurs), car ils rel\u00e8vent d\u2019un autre r\u00e9gime fiscal et social.<\/p>\n\n\n\n<h2 class=\"wp-block-heading\" id=\"h-comment-calculer-le-credit-d-impot\">Comment calculer le cr\u00e9dit d\u2019imp\u00f4t ?<\/h2>\n\n\n\n<p>Le cr\u00e9dit d\u2019imp\u00f4t <strong>d\u00e9pend du nombre d\u2019heures de formation<\/strong> suivie par le dirigeant, dans la limite de 40 heures par ann\u00e9e civile. Pour 2022, il conviendra de multiplier le nombre d\u2019heures par deux fois le SMIC horaire brut, pour les dirigeants \u00e9ligibles au doublement du dispositif.<\/p>\n\n\n\n<p>Pour 15 heures de formation suivies dans l\u2019ann\u00e9e, le cr\u00e9dit d\u2019imp\u00f4t s\u2019\u00e9l\u00e8vera ainsi \u00e0 304,50 euros. La d\u00e9duction maximum s\u2019\u00e9tablira \u00e0 812 euros, compte-tenu du plafond de 40 heures.<\/p>\n\n\n\n<p><em><strong>Calcul du cr\u00e9dit d\u2019imp\u00f4t pour 45 heures de formation suivie dans l\u2019ann\u00e9e<\/strong><\/em><\/p>\n\n\n\n<p><strong>(10,15 x 2) x 40 = 812 euros<\/strong><\/p>\n\n\n\n<p>Le montant du cr\u00e9dit d\u2019imp\u00f4t doit \u00eatre report\u00e9 sur les formulaires ad\u00e9quats au moment de la d\u00e9claration de r\u00e9sultats 2022.<\/p>\n\n\n\n<h2 class=\"wp-block-heading\" id=\"h-quelles-autres-solutions-de-financement\">Quelles autres solutions de financement ?<\/h2>\n\n\n\n<p>Tout travailleur non salari\u00e9 (TNS) en activit\u00e9 est soumis au versement d\u2019une contribution \u00e0 la formation professionnelle (ou CFP). C\u2019est le cas de tr\u00e8s nombreux chefs et cr\u00e9ateurs d\u2019entreprise. En contrepartie, ils peuvent donc obtenir un financement partiel de leur formation, voire m\u00eame total, <strong>aupr\u00e8s du fonds d\u2019assurance formation dont ils d\u00e9pendent<\/strong>. Parmi les fonds les plus communs, on compte :<\/p>\n\n\n\n<ul class=\"wp-block-list\">\n<li>l&#8217;<a href=\"https:\/\/communication-agefice.fr\/\" target=\"_blank\" rel=\"noopener\">AGEFICE<\/a> pour les dirigeants non-salari\u00e9s dans les secteurs du commerce, de l&#8217;industrie et des services ;<\/li>\n\n\n\n<li>Le <a href=\"https:\/\/www.fifpl.fr\/\" target=\"_blank\" rel=\"noopener\">FIFPL<\/a> pour les activit\u00e9s lib\u00e9rales ;<\/li>\n\n\n\n<li>le <a href=\"https:\/\/www.fafcea.com\/\" target=\"_blank\" rel=\"noopener\">FAFCEA<\/a> pour les artisans non-salari\u00e9s.<\/li>\n<\/ul>\n\n\n\n<p>Les conditions de prise en charge et les montants financ\u00e9s varient d\u2019un fonds \u00e0 l\u2019autre. Ils se concentrent g\u00e9n\u00e9ralement sur le financement de formations en lien direct avec le secteur d\u2019activit\u00e9 de l\u2019entreprise.<br>\nPar le biais de cette contribution, les entrepreneurs ind\u00e9pendants et chefs d\u2019entreprise non-salari\u00e9s cotisent aussi pour leur <a href=\"https:\/\/www.moncompteformation.gouv.fr\/espace-prive\/html\/#\/\" target=\"_blank\" rel=\"noopener\">Compte personnel de formation<\/a> (CPF), aliment\u00e9 chaque ann\u00e9e \u00e0 hauteur de <strong>500 euros par an<\/strong>. C\u2019est une autre option \u00e0 avoir en t\u00eate, sachant que certaines formations \u00e9ligibles au CPF peuvent ne pas \u00eatre financ\u00e9es par les fonds d\u2019assurance formation, y compris dans le domaine de la cr\u00e9ation d\u2019entreprise.<\/p>\n\n\n\n<p>Tandis que le cr\u00e9dit d\u2019imp\u00f4t destin\u00e9 aux dirigeants de TPE s\u2019applique th\u00e9oriquement \u00e0 toute formation professionnelle continue, l\u2019\u00e9ligibilit\u00e9 des formations financ\u00e9es par les fonds d\u2019assurance ou le CPF doit donc \u00eatre \u00e9tudi\u00e9e au cas par cas.<\/p>\n\n\n\n<p>Ces contenus pourraient \u00e9galement vous int\u00e9resser :<\/p>\n\n\n\n<ul class=\"wp-block-list\">\n<li><a href=\"https:\/\/www.sage.com\/fr-fr\/blog\/tpe-pme-dispositifs-accompagnement-numerique-france-num\/\">TPE et PME : les dispositifs d\u2019accompagnement publics pour d\u00e9velopper ses activit\u00e9s num\u00e9riques<\/a><\/li>\n\n\n\n<li><a href=\"https:\/\/www.sage.com\/fr-fr\/blog\/chefs-entreprise-tpe-pme-choisir-formation-professionnelle\/\">Chefs d\u2019entreprise : comment bien choisir sa formation ?<\/a><\/li>\n<\/ul>\n\n\n<div class=\"single-cta\">\n\t<div class=\"single-cta__positioner\">\n\t\t<div class=\"single-cta__wrapper has-dark-background-color\">\n\t\t\t<div class=\"single-cta__content\">\n\t\t\t\t\t\t\t\t<h2 class=\"single-cta__title h3\">Inscrivez-vous \u00e0 la e-newsletter mensuelle<\/h2>\n\n\t\t\t\t\n\t\t\t\t\t\t\t\t\t\t\t\t\t\t<a\n\t\t\t\t\t\thref=\"#gate-a947ade1-e692-455f-94ce-a275d72a9a11\"\n\t\t\t\t\t\tclass=\"single-cta__button button button--primary\"\n\t\t\t\t\t\t\t\t\t\t\t\t\t\t\t\t\t>Je m&#039;abonne<\/a>\n\t\t\t\t\t\t\t<\/div>\n\n\t\t\t\t\t<\/div>\n\n\t\t\t\t\t<img decoding=\"async\" width=\"1024\" height=\"779\" src=\"https:\/\/www.sage.com\/fr-fr\/blog\/wp-content\/uploads\/sites\/4\/2021\/05\/spreadsheets-1024x779-1.jpg\" class=\"single-cta__image\" alt=\"\" loading=\"lazy\" srcset=\"https:\/\/www.sage.com\/fr-fr\/blog\/wp-content\/uploads\/sites\/4\/2021\/05\/spreadsheets-1024x779-1.jpg 1024w\" sizes=\"auto, (min-width: 48em) 33vw, 100vw\" \/>\t\t\t<\/div>\n<\/div>\n","protected":false},"excerpt":{"rendered":"<p>La formation professionnelle est rarement la priorit\u00e9 des jeunes entrepreneurs dans les premiers mois d\u2019activit\u00e9 de l\u2019entreprise. Dans certains cas, elle passe m\u00eame \u00e0 l\u2019as durablement, pour des questions de temps ou de budget. Se donner les moyens de se former d\u00e8s le d\u00e9part peut pourtant faire toute la diff\u00e9rence. Le projet de loi de [&hellip;]<\/p>\n","protected":false},"author":1308,"featured_media":10339,"comment_status":"closed","ping_status":"closed","sticky":false,"template":"","format":"standard","meta":{"_sage_video":false,"post_featured_image_hide":false,"footnotes":""},"categories":[13,56],"tags":[147,91,347],"business_type":[8,9],"lilypad":[],"context":[],"industry":[23,24,25,26],"persona":[34,36],"imagine_tag":[744,741,456,454,460,715],"coauthors":[919],"class_list":["post-10338","post","type-post","status-publish","format-standard","has-post-thumbnail","hentry","category-legal-et-reglementation","category-management-et-rh","tag-formation-professionnelle","tag-rh-et-fiche-de-paie","tag-tpe-petite-entreprise","business_type-artisans-et-petites-entreprises","business_type-petites-et-moyennes-entreprises","industry-btp","industry-industrie","industry-negoce","industry-services"],"sage_meta":{"region":"fr-fr","author_name":"Tristan de Broucker","featured_image":"https:\/\/www.sage.com\/fr-fr\/blog\/wp-content\/uploads\/sites\/4\/2021\/12\/jeunes-chefs-dentreprises-quelles-options-pour-financer-vos-formations.jpg","imagine_tags":{"744":"CPF","741":"DRH","456":"Gestion Commerciale","454":"Paie et RH","460":"Petites Entreprises","715":"R\u00e9glementation sociale"}},"distributor_meta":false,"distributor_terms":false,"distributor_media":false,"distributor_original_site_name":"Sage Advice France","distributor_original_site_url":"https:\/\/www.sage.com\/fr-fr\/blog","push-errors":false,"_links":{"self":[{"href":"https:\/\/www.sage.com\/fr-fr\/blog\/api\/wp\/v2\/posts\/10338","targetHints":{"allow":["GET"]}}],"collection":[{"href":"https:\/\/www.sage.com\/fr-fr\/blog\/api\/wp\/v2\/posts"}],"about":[{"href":"https:\/\/www.sage.com\/fr-fr\/blog\/api\/wp\/v2\/types\/post"}],"author":[{"embeddable":true,"href":"https:\/\/www.sage.com\/fr-fr\/blog\/api\/wp\/v2\/users\/1308"}],"replies":[{"embeddable":true,"href":"https:\/\/www.sage.com\/fr-fr\/blog\/api\/wp\/v2\/comments?post=10338"}],"version-history":[{"count":0,"href":"https:\/\/www.sage.com\/fr-fr\/blog\/api\/wp\/v2\/posts\/10338\/revisions"}],"wp:featuredmedia":[{"embeddable":true,"href":"https:\/\/www.sage.com\/fr-fr\/blog\/api\/wp\/v2\/media\/10339"}],"wp:attachment":[{"href":"https:\/\/www.sage.com\/fr-fr\/blog\/api\/wp\/v2\/media?parent=10338"}],"wp:term":[{"taxonomy":"category","embeddable":true,"href":"https:\/\/www.sage.com\/fr-fr\/blog\/api\/wp\/v2\/categories?post=10338"},{"taxonomy":"post_tag","embeddable":true,"href":"https:\/\/www.sage.com\/fr-fr\/blog\/api\/wp\/v2\/tags?post=10338"},{"taxonomy":"business_type","embeddable":true,"href":"https:\/\/www.sage.com\/fr-fr\/blog\/api\/wp\/v2\/business_type?post=10338"},{"taxonomy":"lilypad","embeddable":true,"href":"https:\/\/www.sage.com\/fr-fr\/blog\/api\/wp\/v2\/lilypad?post=10338"},{"taxonomy":"context","embeddable":true,"href":"https:\/\/www.sage.com\/fr-fr\/blog\/api\/wp\/v2\/context?post=10338"},{"taxonomy":"industry","embeddable":true,"href":"https:\/\/www.sage.com\/fr-fr\/blog\/api\/wp\/v2\/industry?post=10338"},{"taxonomy":"persona","embeddable":true,"href":"https:\/\/www.sage.com\/fr-fr\/blog\/api\/wp\/v2\/persona?post=10338"},{"taxonomy":"imagine_tag","embeddable":true,"href":"https:\/\/www.sage.com\/fr-fr\/blog\/api\/wp\/v2\/imagine_tag?post=10338"},{"taxonomy":"author","embeddable":true,"href":"https:\/\/www.sage.com\/fr-fr\/blog\/api\/wp\/v2\/coauthors?post=10338"}],"curies":[{"name":"wp","href":"https:\/\/api.w.org\/{rel}","templated":true}]}}