{"id":11935,"date":"2023-10-31T10:55:58","date_gmt":"2023-10-31T09:55:58","guid":{"rendered":"https:\/\/www.sage.com\/fr-fr\/blog\/?p=11935"},"modified":"2026-01-07T16:04:51","modified_gmt":"2026-01-07T15:04:51","slug":"agenda-2023-pour-la-facture-electronique","status":"publish","type":"post","link":"https:\/\/www.sage.com\/fr-fr\/blog\/agenda-2023-pour-la-facture-electronique\/","title":{"rendered":"Votre agenda pour la facture \u00e9lectronique"},"content":{"rendered":"<header class=\"entry-header has-dark-background-color entry-header--has-illustration entry-header--has-illustration--generic\">\n\t<div class=\"container\">\n\t\t<div class=\"entry-header__row row align-center\">\n\t\t\t<div class=\"col col-lg-7 col-xlg-6 entry-header__content\">\n\t\t\t\t\t\t\t<div class=\"component component-single-header\">\n\t\t\t\t\t\t\t\t\t\t<div class=\"entry-header__misc text--subtitle text--uppercase text--small\">\n\t\t\t\t\t\t\t<a href=\"https:\/\/www.sage.com\/fr-fr\/blog\/categorie\/guides-et-modeles-gratuits\/\" class=\"entry-header__link\">Guides et mod\u00e8les gratuits<\/a>\t\t\t\t\t\t<\/div>\n\t\t\t\t\n\t\t\t\t<div class=\"entry-title-wrapper\">\n\t\t\t\t\t<h1 class=\"entry-title\">\n\t\t\t\t\t\tVotre agenda pour la facture \u00e9lectronique\t\t\t\t\t<\/h1>\n\t\t\t\t<\/div>\n\n\t\t\t\t\t\t\t\t\t<p class=\"entry-header__description\">\n\t\t\t\t\t\t\t\t\t\t\t<\/p>\n\t\t\t\t\n\t\t\t\t\n\t\t\t\t\n\t\t\t<\/div>\n\n\t\t\t\t\t<\/div>\n\t\t\t\t\t<\/div>\n\t<\/div>\n\t<div class=\"single-post-details container\">\n\t\t<div class=\"col\">\n\t\t\t<span class=\"posted-on \"><time class=\"entry-date published\" datetime=\"2023-10-31T10:55:58+01:00\">31 octobre 2023<\/time><\/span><span class=\"reading-time\"> min de lecture<\/span>\n\t\t<button\n\t\t\ttype=\"button\"\n\t\t\tclass=\"social-share-button button button--icon button--secondary js-social-share-button\"\n\t\t\tdata-share-title=\"Votre agenda pour la facture \u00e9lectronique\"\n\t\t\tdata-share-url=\"https:\/\/www.sage.com\/fr-fr\/blog\/agenda-2023-pour-la-facture-electronique\/\"\n\t\t\tdata-share-text=\"Veuillez lire cet article int\u00e9ressant\"\n\t\t>\n\t\t\t<span class=\"social-share-button__share-label\">Partager<\/span>\n\t\t\t<span class=\"social-share-button__copy-label\" hidden>Copier le lien<\/span>\n\t\t\t<span class=\"social-share-button__copy-tooltip\" aria-hidden=\"true\" hidden>Copi\u00e9<\/span>\n\t\t<\/button>\n\n\t\t\t\t<\/div>\n\t<\/div>\n<\/header>\n\n\n\n<div class=\"wp-block-post-author has-dark-background-color alignfull\">\n\t<div class=\"container\">\n\t\t<div class=\"col\">\n\t\t\t\t\t\t\t<div class=\"co-authors\">\n\t\t\t\t\t\n\t\t<div class=\"entry-author-wrapper\">\n\t\t\t<a class=\"entry-author\" href=\"https:\/\/www.sage.com\/fr-fr\/blog\/author\/sabineducrot\/\">\n\t\t\t\t<img loading=\"lazy\" decoding=\"async\" width=\"40\" height=\"40\" src=\"https:\/\/www.sage.com\/fr-fr\/blog\/wp-content\/uploads\/sites\/4\/2021\/04\/Sabine-Ducrot-Ciss-350x350.png\" class=\"entry-author__image\" alt=\"\" \/>\t\t\t\t<span class=\"entry-author__name\">Sabine Ducrot-Ciss<\/span>\n\t\t\t<\/a>\n\n\t\t\t\t\t<\/div>\n\n\t\t\t\t\t\t<\/div>\n\t\t\t\t\t<\/div>\n\t<\/div>\n<\/div>\n\n\n\n\n<?xml encoding=\"utf-8\" ?><div class=\"wp-block-yoast-seo-table-of-contents yoast-table-of-contents\"><ul><li><a href=\"#h-la-facture-electronique-une-obligation-pour-toutes-les-entreprises\" data-level=\"2\">La facture &eacute;lectronique, une obligation pour toutes les entreprises<\/a><\/li><li><a href=\"#pdp\" data-level=\"2\">La plateforme agr&eacute;&eacute;e (ex PDP)<\/a><ul><li><a href=\"#sage\" data-level=\"3\">Pourquoi choisir la plateforme agr&eacute;&eacute;e Sage ?<\/a><\/li><li><a href=\"#declarez\" data-level=\"3\">Comment s&rsquo;inscrire &agrave; la plateforme agr&eacute;&eacute;e de Sage ?<\/a><\/li><\/ul><\/li><\/ul><\/div>\n\n\n\n<div class=\"wp-block-buttons is-content-justification-center is-layout-flex wp-container-core-buttons-is-layout-16018d1d wp-block-buttons-is-layout-flex\">\n<div class=\"wp-block-button\"><a class=\"wp-block-button__link wp-element-button\" href=\"#gate-bd444974-64de-400f-8271-1fb3c4bffcb9\">T\u00e9l\u00e9chargez le guide de la facture \u00e9lectronique pour les TPE<\/a><\/div>\n<\/div>\n\n\n\n<h2 class=\"wp-block-heading\" id=\"h-la-facture-electronique-une-obligation-pour-toutes-les-entreprises\">La facture \u00e9lectronique, une obligation pour toutes les entreprises<\/h2>\n\n\n\n<p>Conform\u00e9ment \u00e0 la <a href=\"https:\/\/www.legifrance.gouv.fr\/jorf\/id\/JORFTEXT000048727345\" target=\"_blank\" rel=\"noreferrer noopener\">loi de finance 2024<\/a>, le nouveau calendrier pour l\u2019obligation de la facture \u00e9lectronique s\u2019articule en 2 phases espac\u00e9es d\u2019une ann\u00e9e :<br><strong>1<sup>er <\/sup>septembre 2026<\/strong><\/p>\n\n\n\n<ul class=\"wp-block-list\">\n<li>Obligation d\u2019\u00e9mission et e-reporting pour les ETI et les Grandes Entreprises<\/li>\n\n\n\n<li>Obligation de r\u00e9ception pour toutes les entreprises<\/li>\n<\/ul>\n\n\n\n<p><strong>1<sup>er<\/sup> septembre 2027<\/strong> : obligation d\u2019\u00e9mission et e-reporting pour toutes les entreprises, y compris TPE, PME et ind\u00e9pendants.<\/p>\n\n\n\n<p>D\u00e9j\u00e0 obligatoire dans le cadre de la commande publique, la facturation \u00e9lectronique va donc \u00eatre g\u00e9n\u00e9ralis\u00e9e dans les relations interentreprises. <a href=\"https:\/\/www.legifrance.gouv.fr\/jorf\/article_jo\/JORFARTI000039684090\" target=\"_blank\" rel=\"noreferrer noopener\">Ce projet est port\u00e9 par l\u2019\u00c9tat<\/a>, avec l\u2019ambition de simplifier la cha\u00eene de facturation et de paiement et d\u2019optimiser la perception de la TVA.<\/p>\n\n\n\n<p><strong>Pour se conformer \u00e0 l\u2019obligation, progressive entre 2026 et 2027, les entreprises devront <\/strong>:<\/p>\n\n\n\n<ul class=\"wp-block-list\">\n<li>Disposer de la capacit\u00e9 d\u2019\u00e9mettre des factures dans le <a href=\"https:\/\/www.sage.com\/fr-fr\/blog\/facture-electronique-factur-x-de-a-a-z\/\">format conforme<\/a> et pouvoir les transmettre automatiquement vers la <a href=\"https:\/\/www.sage.com\/fr-fr\/blog\/plateforme-de-dematerialisation-portail-public\/\">plateforme agr\u00e9\u00e9e (ex PDP)<\/a> qu\u2019elles auront librement choisie<\/li>\n\n\n\n<li>Pouvoir recevoir automatiquement dans leur syst\u00e8me d\u2019information de gestion des factures fournisseurs aux formats conformes depuis n\u2019importe quelle plateforme et \u00eatre en mesure de les int\u00e9grer dans leur comptabilit\u00e9<\/li>\n<\/ul>\n\n\n\n<figure class=\"wp-block-embed is-type-video is-provider-youtube wp-block-embed-youtube wp-embed-aspect-16-9 wp-has-aspect-ratio\"><div class=\"wp-block-embed__wrapper\">\n<div class=\"video-container-wrap -mode-full\"><div class=\"video-container\"><video\n\t\t\t\tclass=\"sage-video video-js vjs-default-skin \"\n\t\t\t\twidth=\"640\"\n\t\t\t\theight=\"360\"\n\t\t\t\tdata-setup='{ \"controls\": true, \"aspectRatio\" : \"16:9\", \"poster\": \"https:\/\/img.youtube.com\/vi\/dkKXxIVjdFo\/maxresdefault.jpg\", \"techOrder\": [\"youtube\"], \"enablejsapi\": 1, \"origin\": \"https:\/\/www.sage.com\", \"sources\": [{ \"type\": \"video\/youtube\", \"src\": \"https:\/\/www.youtube.com\/watch?v=dkKXxIVjdFo\"}], \"youtube\": { \"ytControls\": 0, \"cc_load_policy\": 3, \"modestbranding\": 1, \"hl\": \"fr_FR\", \"playsinline\": 1 } }'\n\t\t\t\tcrossorigin=\"\"><\/video><\/div><\/div>\n<\/div><\/figure>\n\n\n\n<p>La<a href=\"https:\/\/www.sage.com\/fr-fr\/dematerialisation\/facture-electronique\/\"> facture \u00e9lectronique<\/a> simplifie la gestion de l\u2019entreprise, la relation de l\u2019entreprise avec l\u2019\u00c9tat et celle au sein de son \u00e9cosyst\u00e8me. Cette simplification, au b\u00e9n\u00e9fice de la fluidit\u00e9 des \u00e9changes d\u2019informations entre les acteurs, est la raison d\u2019\u00eatre de la r\u00e9forme.<br>Pour permettre aux entreprises de se mettre plus facilement en conformit\u00e9, les solutions de gestion \u00e9voluent vers une plus grande automatisation des saisies, des imports de flux bancaires ainsi que vers la d\u00e9mat\u00e9rialisation des factures.<\/p>\n\n\n\n<p>Sage s\u2019engage pour aider les entreprises \u00e0 comprendre les cons\u00e9quences pratiques de ce bouleversement et propose donc des <a href=\"https:\/\/www.sage.com\/fr-fr\/comptabilite-logiciels\/facturation\/\">solutions de gestion des factures <\/a>adapt\u00e9es.<\/p>\n\n\n\n<h2 class=\"wp-block-heading\" id=\"pdp\">La plateforme agr\u00e9\u00e9e (ex PDP)<\/h2>\n\n\n\n<p><strong>Les factures \u00e9lectroniques transiteront sur une plateforme utilis\u00e9e par l\u2019\u00e9metteur et le destinataire de la facture.<\/strong> Celle-ci sera n\u00e9cessairement une plateforme agr\u00e9\u00e9e accr\u00e9dit\u00e9e par l\u2019administration fiscale. Cette obligation concerne <strong>tous les \u00e9changes entre les entreprises assujetties \u00e0 la TVA<\/strong> et \u00e9tablies en France, autrement dit, l\u2019ensemble des factures B2B.<\/p>\n\n\n\n<h3 class=\"wp-block-heading\" id=\"sage\">Pourquoi choisir la plateforme agr\u00e9\u00e9e Sage ?<\/h3>\n\n\n\n<p>Beaucoup d\u2019entreprises attendent une facilitation de leur passage \u00e0 la facture \u00e9lectronique. La plateforme agr\u00e9\u00e9e Sage apporte <strong>une r\u00e9ponse 100 % adapt\u00e9e \u00e0 leurs besoins concrets.<\/strong><\/p>\n\n\n\n<figure class=\"wp-block-embed is-type-video is-provider-youtube wp-block-embed-youtube wp-embed-aspect-16-9 wp-has-aspect-ratio\"><div class=\"wp-block-embed__wrapper\">\n<div class=\"video-container-wrap -mode-full\"><div class=\"video-container\"><video\n\t\t\t\tclass=\"sage-video video-js vjs-default-skin \"\n\t\t\t\twidth=\"640\"\n\t\t\t\theight=\"360\"\n\t\t\t\tdata-setup='{ \"controls\": true, \"aspectRatio\" : \"16:9\", \"poster\": \"https:\/\/img.youtube.com\/vi\/YPmlHc_KOo0\/maxresdefault.jpg\", \"techOrder\": [\"youtube\"], \"enablejsapi\": 1, \"origin\": \"https:\/\/www.sage.com\", \"sources\": [{ \"type\": \"video\/youtube\", \"src\": \"https:\/\/www.youtube.com\/watch?v=YPmlHc_KOo0\"}], \"youtube\": { \"ytControls\": 0, \"cc_load_policy\": 3, \"modestbranding\": 1, \"hl\": \"fr_FR\", \"playsinline\": 1 } }'\n\t\t\t\tcrossorigin=\"\"><\/video><\/div><\/div>\n<\/div><\/figure>\n\n\n\n<h4 class=\"wp-block-heading\" id=\"h-les-avantages-de-la-plateforme-agreee-sage\">Les avantages de la plateforme agr\u00e9\u00e9e Sage<\/h4>\n\n\n\n<p><strong>Parmi <a href=\"https:\/\/www.impots.gouv.fr\/liste-des-plateformes-agreees-immatriculees\" target=\"_blank\" rel=\"noreferrer noopener\">les plateformes agr\u00e9\u00e9es (ex PDP) immatricul\u00e9es par l\u2019\u00c9tat<\/a>, celle de Sage est la plus simple et la plus universelle du march\u00e9<\/strong>. Elle offre ainsi de nombreux avantages :<\/p>\n\n\n\n<ul class=\"wp-block-list\">\n<li><strong>Int\u00e9gration<\/strong> aux derni\u00e8res versions des logiciels Sage et mises \u00e0 jour automatiques.<\/li>\n\n\n\n<li><strong>Autonomie<\/strong> : compatible avec toutes les solutions de gestion conformes.<\/li>\n\n\n\n<li><strong>Ouverture<\/strong> : connecte les solutions Sage et non-Sage gr\u00e2ce \u00e0 son API publique.<\/li>\n\n\n\n<li><strong>Conforme<\/strong> au standard europ\u00e9en <a href=\"https:\/\/www.impots.gouv.fr\/rejoindre-le-reseau-peppol\" target=\"_blank\" rel=\"noreferrer noopener\">PEPPOL<\/a>.<\/li>\n\n\n\n<li><strong>Connexion en temps r\u00e9el<\/strong> avec les clients, fournisseurs, banques, organismes fiscaux et experts-comptables.<\/li>\n\n\n\n<li><strong>Nettoyage automatique des donn\u00e9es<\/strong> clients et fournisseurs : doublons, incoh\u00e9rences, SIREN\/SIRET manquant.<\/li>\n<\/ul>\n\n\n\n<h3 class=\"wp-block-heading\" id=\"declarez\">Comment s\u2019inscrire \u00e0 la plateforme agr\u00e9\u00e9e de Sage ?<\/h3>\n\n\n\n<p><strong>La <a href=\"https:\/\/www.sage.com\/fr-fr\/dematerialisation\/facture-electronique\/sage-plateforme-de-dematerialisation-partenaire\/\">plateforme agr\u00e9\u00e9e Sage<\/a>, certifi\u00e9e par la <a href=\"https:\/\/www.economie.gouv.fr\/dgfip\" target=\"_blank\" rel=\"noreferrer noopener\">DGFiP<\/a>, r\u00e9pond aux exigences r\u00e9glementaires de la facture \u00e9lectronique<\/strong>. Conform\u00e9ment au calendrier r\u00e9glementaire, Sage vous propose de vous inscrire \u00e0 sa plateforme agr\u00e9\u00e9e, \u00e9tape importante de la mise en conformit\u00e9.<\/p>\n\n\n\n<p><strong>D\u00e9couvrez votre parcours d\u2019inscription en vid\u00e9o \u2b07\ufe0f<\/strong><\/p>\n\n\n\n<figure class=\"wp-block-embed is-type-video is-provider-youtube wp-block-embed-youtube wp-embed-aspect-16-9 wp-has-aspect-ratio\"><div class=\"wp-block-embed__wrapper\">\n<div class=\"video-container-wrap -mode-full\"><div class=\"video-container\"><video\n\t\t\t\tclass=\"sage-video video-js vjs-default-skin \"\n\t\t\t\twidth=\"640\"\n\t\t\t\theight=\"360\"\n\t\t\t\tdata-setup='{ \"controls\": true, \"aspectRatio\" : \"16:9\", \"poster\": \"https:\/\/img.youtube.com\/vi\/Bi81lRXa3kI\/hqdefault.jpg\", \"techOrder\": [\"youtube\"], \"enablejsapi\": 1, \"origin\": \"https:\/\/www.sage.com\", \"sources\": [{ \"type\": \"video\/youtube\", \"src\": \"https:\/\/www.youtube.com\/watch?v=Bi81lRXa3kI\"}], \"youtube\": { \"ytControls\": 0, \"cc_load_policy\": 3, \"modestbranding\": 1, \"hl\": \"fr_FR\", \"playsinline\": 1 } }'\n\t\t\t\tcrossorigin=\"\"><\/video><\/div><\/div>\n<\/div><\/figure>\n\n\n\n<p><em>\u00c0 noter : depuis juillet 2025, les plateformes de d\u00e9mat\u00e9rialisation partenaires (PDP) sont devenus plateformes agr\u00e9\u00e9es. Certaines vid\u00e9os int\u00e9gr\u00e9es \u00e0 cet article ont \u00e9t\u00e9 r\u00e9alis\u00e9es\u00a0avant cette date et peuvent donc mentionner l\u2019ancien nom.<\/em><\/p>\n\n\n\n<p>Ces articles peuvent \u00e9galement vous int\u00e9resser : <\/p>\n\n\n\n<ul class=\"wp-block-list\">\n<li><a href=\"https:\/\/www.sage.com\/fr-fr\/blog\/quapporte-la-facture-electronique-cqfe\/\">[#CQFE] Qu\u2019apporte la facture \u00e9lectronique ? Du temps et de l\u2019argent !<\/a><\/li>\n\n\n\n<li><a href=\"https:\/\/www.sage.com\/fr-fr\/blog\/obligationsfacture-electronique-cqfe\/\">[#CQFE] Obligations de la facture \u00e9lectronique : ce qu\u2019il faut savoir !<\/a><\/li>\n\n\n\n<li><a href=\"https:\/\/www.sage.com\/fr-fr\/blog\/cloud-et-facture-electronique\/\">Cloud et facture \u00e9lectronique<\/a><\/li>\n\n\n\n<li><a href=\"https:\/\/www.sage.com\/fr-fr\/blog\/choisir-pdp-plateforme-dematerialisation-partenaire-cqf\/\">[#CQFE] Choisir sa PDP dans la liste officielle<\/a><\/li>\n\n\n\n<li><a href=\"https:\/\/www.sage.com\/fr-fr\/blog\/avantages-des-pdp-au-profit-des-entreprises\/\">Les avantages des PDP au profit des entreprises fran\u00e7aises<\/a><\/li>\n<\/ul>\n\n\n\n<p>Derni\u00e8re mise \u00e0 jour le 17\/12\/2025.<\/p>\n\n\n\n<div class=\"single-cta gated-content\">\n\t<div class=\"single-cta__positioner\">\n\t\t<div class=\"single-cta__wrapper has-dark-background-color\">\n\t\t\t<div class=\"single-cta__content\">\n\t\t\t\t\t\t\t\t<h2 class=\"single-cta__title h3\">La facture \u00e9lectronique pour les PME : les cl\u00e9s d\u2019une transformation ma\u00eetris\u00e9e de bout en bout<\/h2>\n\n\t\t\t\t\n\t\t\t\t\t\t\t\t\t\t\t\t\t\t<a\n\t\t\t\t\t\thref=\"#gate-ef5fadf6-6d44-4f96-86eb-e7f6eb123962\"\n\t\t\t\t\t\tclass=\"single-cta__button button button--primary\"\n\t\t\t\t\t\t\t\t\t\t\t\t\t\t\t\t\t>T\u00e9l\u00e9chargez le guide<\/a>\n\t\t\t\t\t\t\t<\/div>\n\n\t\t\t\t\t<\/div>\n\n\t\t\t\t\t<img decoding=\"async\" width=\"1214\" height=\"810\" src=\"https:\/\/www.sage.com\/fr-fr\/blog\/wp-content\/uploads\/sites\/4\/2025\/08\/Mar2025_GB-Trucking-Logistics_0380-1214x810.jpeg\" class=\"single-cta__image\" alt=\"Un chauffeur de camion discute avec une coll\u00e8gue\" loading=\"lazy\" srcset=\"https:\/\/www.sage.com\/fr-fr\/blog\/wp-content\/uploads\/sites\/4\/2025\/08\/Mar2025_GB-Trucking-Logistics_0380-1214x810.jpeg 1214w\" sizes=\"auto, (min-width: 48em) 33vw, 100vw\" \/>\t\t\t<\/div>\n<\/div>\n\n\n<div class=\"single-cta\">\n\t<div class=\"single-cta__positioner\">\n\t\t<div class=\"single-cta__wrapper has-dark-background-color\">\n\t\t\t<div class=\"single-cta__content\">\n\t\t\t\t\t\t\t\t<h2 class=\"single-cta__title h3\">Inscrivez-vous \u00e0 la e-newsletter mensuelle<\/h2>\n\n\t\t\t\t\n\t\t\t\t\t\t\t\t\t\t\t\t\t\t<a\n\t\t\t\t\t\thref=\"#gate-a947ade1-e692-455f-94ce-a275d72a9a11\"\n\t\t\t\t\t\tclass=\"single-cta__button button button--primary\"\n\t\t\t\t\t\t\t\t\t\t\t\t\t\t\t\t\t>Je m&#039;abonne<\/a>\n\t\t\t\t\t\t\t<\/div>\n\n\t\t\t\t\t<\/div>\n\n\t\t\t\t\t<img decoding=\"async\" width=\"1024\" height=\"779\" src=\"https:\/\/www.sage.com\/fr-fr\/blog\/wp-content\/uploads\/sites\/4\/2021\/05\/spreadsheets-1024x779-1.jpg\" class=\"single-cta__image\" alt=\"\" loading=\"lazy\" srcset=\"https:\/\/www.sage.com\/fr-fr\/blog\/wp-content\/uploads\/sites\/4\/2021\/05\/spreadsheets-1024x779-1.jpg 1024w\" sizes=\"auto, (min-width: 48em) 33vw, 100vw\" \/>\t\t\t<\/div>\n<\/div>\n","protected":false},"excerpt":{"rendered":"<p>\u00c0 partir de septembre 2026, toutes les entreprises devront \u00eatre en capacit\u00e9 de recevoir des factures \u00e9lectroniques. Pr\u00e9parez-vous !<\/p>\n","protected":false},"author":902,"featured_media":11936,"comment_status":"closed","ping_status":"closed","sticky":false,"template":"","format":"standard","meta":{"_sage_video":true,"post_featured_image_hide":false,"footnotes":""},"categories":[834],"tags":[660,224,28],"business_type":[8,9,11],"lilypad":[],"context":[],"industry":[23,24,25,26],"persona":[35,38,34,868],"imagine_tag":[],"coauthors":[901],"class_list":["post-11935","post","type-post","status-publish","format-standard","has-post-thumbnail","hentry","category-guides-et-modeles-gratuits","tag-facture-electronique","tag-ia-digitalisation","tag-tva","business_type-artisans-et-petites-entreprises","business_type-petites-et-moyennes-entreprises","business_type-expertise-comptable","industry-btp","industry-industrie","industry-negoce","industry-services"],"sage_meta":{"region":"fr-fr","author_name":"Sabine Ducrot-Ciss","featured_image":"https:\/\/www.sage.com\/fr-fr\/blog\/wp-content\/uploads\/sites\/4\/2023\/01\/BrandShootLDN_Jul2022_TechSoftware_0378.jpg","imagine_tags":[]},"distributor_meta":false,"distributor_terms":false,"distributor_media":false,"distributor_original_site_name":"Sage Advice France","distributor_original_site_url":"https:\/\/www.sage.com\/fr-fr\/blog","push-errors":false,"_links":{"self":[{"href":"https:\/\/www.sage.com\/fr-fr\/blog\/api\/wp\/v2\/posts\/11935","targetHints":{"allow":["GET"]}}],"collection":[{"href":"https:\/\/www.sage.com\/fr-fr\/blog\/api\/wp\/v2\/posts"}],"about":[{"href":"https:\/\/www.sage.com\/fr-fr\/blog\/api\/wp\/v2\/types\/post"}],"author":[{"embeddable":true,"href":"https:\/\/www.sage.com\/fr-fr\/blog\/api\/wp\/v2\/users\/902"}],"replies":[{"embeddable":true,"href":"https:\/\/www.sage.com\/fr-fr\/blog\/api\/wp\/v2\/comments?post=11935"}],"version-history":[{"count":0,"href":"https:\/\/www.sage.com\/fr-fr\/blog\/api\/wp\/v2\/posts\/11935\/revisions"}],"wp:featuredmedia":[{"embeddable":true,"href":"https:\/\/www.sage.com\/fr-fr\/blog\/api\/wp\/v2\/media\/11936"}],"wp:attachment":[{"href":"https:\/\/www.sage.com\/fr-fr\/blog\/api\/wp\/v2\/media?parent=11935"}],"wp:term":[{"taxonomy":"category","embeddable":true,"href":"https:\/\/www.sage.com\/fr-fr\/blog\/api\/wp\/v2\/categories?post=11935"},{"taxonomy":"post_tag","embeddable":true,"href":"https:\/\/www.sage.com\/fr-fr\/blog\/api\/wp\/v2\/tags?post=11935"},{"taxonomy":"business_type","embeddable":true,"href":"https:\/\/www.sage.com\/fr-fr\/blog\/api\/wp\/v2\/business_type?post=11935"},{"taxonomy":"lilypad","embeddable":true,"href":"https:\/\/www.sage.com\/fr-fr\/blog\/api\/wp\/v2\/lilypad?post=11935"},{"taxonomy":"context","embeddable":true,"href":"https:\/\/www.sage.com\/fr-fr\/blog\/api\/wp\/v2\/context?post=11935"},{"taxonomy":"industry","embeddable":true,"href":"https:\/\/www.sage.com\/fr-fr\/blog\/api\/wp\/v2\/industry?post=11935"},{"taxonomy":"persona","embeddable":true,"href":"https:\/\/www.sage.com\/fr-fr\/blog\/api\/wp\/v2\/persona?post=11935"},{"taxonomy":"imagine_tag","embeddable":true,"href":"https:\/\/www.sage.com\/fr-fr\/blog\/api\/wp\/v2\/imagine_tag?post=11935"},{"taxonomy":"author","embeddable":true,"href":"https:\/\/www.sage.com\/fr-fr\/blog\/api\/wp\/v2\/coauthors?post=11935"}],"curies":[{"name":"wp","href":"https:\/\/api.w.org\/{rel}","templated":true}]}}