{"id":13106,"date":"2023-05-12T09:30:00","date_gmt":"2023-05-12T07:30:00","guid":{"rendered":"https:\/\/www.sage.com\/fr-fr\/blog\/?p=13106"},"modified":"2025-05-07T15:34:14","modified_gmt":"2025-05-07T13:34:14","slug":"la-gestion-sous-controle-les-moyens-dagir","status":"publish","type":"post","link":"https:\/\/www.sage.com\/fr-fr\/blog\/la-gestion-sous-controle-les-moyens-dagir\/","title":{"rendered":"La gestion sous contr\u00f4le avez-vous les moyens d&#8217;agir ?"},"content":{"rendered":"<header class=\"entry-header has-dark-background-color entry-header--has-illustration entry-header--has-illustration--generic\">\n\t<div class=\"container\">\n\t\t<div class=\"entry-header__row row align-center\">\n\t\t\t<div class=\"col col-lg-7 col-xlg-6 entry-header__content\">\n\t\t\t\t\t\t\t<div class=\"component component-single-header\">\n\t\t\t\t\t\t\t\t\t\t<div class=\"entry-header__misc text--subtitle text--uppercase text--small\">\n\t\t\t\t\t\t\t<a href=\"https:\/\/www.sage.com\/fr-fr\/blog\/categorie\/gestion-financiere\/\" class=\"entry-header__link\">Gestion Financi\u00e8re<\/a>\t\t\t\t\t\t<\/div>\n\t\t\t\t\n\t\t\t\t<div class=\"entry-title-wrapper\">\n\t\t\t\t\t<h1 class=\"entry-title\">\n\t\t\t\t\t\tLa gestion sous contr\u00f4le avez-vous les moyens d&#8217;agir ?\t\t\t\t\t<\/h1>\n\t\t\t\t<\/div>\n\n\t\t\t\t\t\t\t\t\t<p class=\"entry-header__description\">\n\t\t\t\t\t\t\t\t\t\t\t<\/p>\n\t\t\t\t\n\t\t\t\t\n\t\t\t\t\n\t\t\t<\/div>\n\n\t\t\t\t\t<\/div>\n\t\t\t\t\t<\/div>\n\t<\/div>\n\t<div class=\"single-post-details container\">\n\t\t<div class=\"col\">\n\t\t\t<span class=\"posted-on \"><time class=\"entry-date published\" datetime=\"2023-05-12T09:30:00+02:00\">May 12, 2023<\/time><\/span><span class=\"reading-time\"> min de lecture<\/span>\n\t\t<button\n\t\t\ttype=\"button\"\n\t\t\tclass=\"social-share-button button button--icon button--secondary js-social-share-button\"\n\t\t\tdata-share-title=\"La gestion sous contr\u00f4le avez-vous les moyens d&#8217;agir ?\"\n\t\t\tdata-share-url=\"https:\/\/www.sage.com\/fr-fr\/blog\/la-gestion-sous-controle-les-moyens-dagir\/\"\n\t\t\tdata-share-text=\"Veuillez lire cet article int\u00e9ressant\"\n\t\t>\n\t\t\t<span class=\"social-share-button__share-label\">Partager<\/span>\n\t\t\t<span class=\"social-share-button__copy-label\" hidden>Copier le lien<\/span>\n\t\t\t<span class=\"social-share-button__copy-tooltip\" aria-hidden=\"true\" hidden>Copi\u00e9<\/span>\n\t\t<\/button>\n\n\t\t\t\t<\/div>\n\t<\/div>\n<\/header>\n\n\n<div class=\"wp-block-post-author has-dark-background-color alignfull\">\n\t<div class=\"container\">\n\t\t<div class=\"col\">\n\t\t\t\t\t\t\t<div class=\"co-authors\">\n\t\t\t\t\t\n\t\t<div class=\"entry-author-wrapper\">\n\t\t\t<a class=\"entry-author\" href=\"https:\/\/www.sage.com\/fr-fr\/blog\/author\/maudherman\/\">\n\t\t\t\t<img loading=\"lazy\" decoding=\"async\" width=\"40\" height=\"40\" src=\"https:\/\/www.sage.com\/fr-fr\/blog\/wp-content\/uploads\/sites\/4\/2023\/03\/Maud-MAHER-350x350.jpg\" class=\"entry-author__image\" alt=\"photo de profil de maud maher\" srcset=\"https:\/\/www.sage.com\/fr-fr\/blog\/wp-content\/uploads\/sites\/4\/2023\/03\/Maud-MAHER-350x350.jpg 350w, https:\/\/www.sage.com\/fr-fr\/blog\/wp-content\/uploads\/sites\/4\/2023\/03\/Maud-MAHER.jpg 600w\" sizes=\"auto, (max-width: 40px) 100vw, 40px\" \/>\t\t\t\t<span class=\"entry-author__name\">Maud Herman<\/span>\n\t\t\t<\/a>\n\n\t\t\t\t\t<\/div>\n\n\t\t\t\t\t\t<\/div>\n\t\t\t\t\t<\/div>\n\t<\/div>\n<\/div>\n\n\n\n<h2 class=\"wp-block-heading\">S\u2019adapter et r\u00e9agir pour atteindre ses objectifs<\/h2>\n\n\n\n<p class=\"\">Dans un environnement perturb\u00e9 de toute part, la gestion en entreprises doit faire preuve d\u2019<a href=\"https:\/\/www.sage.com\/fr-fr\/blog\/la-marge-de-manoeuvre-fondement-de-lagilite\/\">agilit\u00e9<\/a> et mettre en \u0153uvre toute l\u2019\u00e9nergie n\u00e9cessaire afin de s\u2019adapter et pr\u00e9server leur marge.<br>En \u00e9tant flexibles et dot\u00e9es d\u2019une forte culture organisationnelle, elles r\u00e9pondent rapidement \u00e0 l\u2019incertitude : inflation, <a href=\"https:\/\/www.sage.com\/fr-fr\/blog\/relever-defi-attractivite-et-fidelisation-talents\/\">recrutement &amp; r\u00e9tention<\/a>, obligations l\u00e9gales\u2026<br>L\u2019acc\u00e9l\u00e9ration de la digitalisation leur donne les moyens de relever chaque jour des challenges et de grandir.<\/p>\n\n\n\n<p class=\"\"><div class=\"single-cta\">\n\t<a\n\t\tclass=\"button button--primary gate-0a791f37-bdb3-4981-9ae5-03b1e2f7eac4 \"\n\t\trole=\"button\"\n\t\tdata-button-location=\"content_area\"\n\t\thref=\"#gate-0a791f37-bdb3-4981-9ae5-03b1e2f7eac4%20\"\n\t>T\u00e9l\u00e9chargez le livre blanc &#8220;La gestion sous contr\u00f4le, vous avez les moyens d\u2019agir&#8221; <\/a>\n<\/div>\n<\/p>\n\n\n\n<h2 class=\"wp-block-heading\">Gestion : agir sur tous les facteurs externes<\/h2>\n\n\n\n<ul class=\"wp-block-list\">\n<li><strong>Identifier les produits et services rentables ou d\u00e9ficitaires<\/strong>, suivre de pr\u00e8s les frais fixes et \u00eatre vigilant sur les variations de prix des mati\u00e8res premi\u00e8res, plus que jamais l\u2019analyse est au c\u0153ur de vos d\u00e9cisions.<\/li>\n\n\n\n<li><strong>Rester \u00e0 l\u2019\u00e9coute<\/strong> des retours terrain, clients et fournisseurs, pour ajuster votre offre et ouvrir des services compl\u00e9mentaires est une garantie pour s\u00e9curiser vos revenus.<\/li>\n\n\n\n<li><strong>Automatiser <\/strong>au maximum les process, focuser sur la qualit\u00e9 et identifier les points de blocage participent \u00e0 l\u2019optimisation de la performance.<\/li>\n\n\n\n<li>Au-del\u00e0 des salaires, <strong><a href=\"https:\/\/www.sage.com\/fr-fr\/blog\/prime-alternative-pour-tresorerie-fragilisee\/\">offrez de nouveaux avantages \u00e0 vos collaborateurs<\/a> pour les fid\u00e9liser<\/strong> ! Soignez votre marque employeur, l\u2019int\u00e9gration des nouveaux arriv\u00e9s, ou encore la formation\u2026<\/li>\n\n\n\n<li><strong>Comparer les offres fournisseurs<\/strong>, \u00e9tablir des partenariats et rester en veille sur le march\u00e9 pour identifier de nouveaux partenaires ou fournisseurs, c\u2019est une d\u00e9marche essentielle dans un contexte inflationniste.<\/li>\n\n\n\n<li>En d\u00e9finissant <strong>un plan d\u2019action pr\u00e9cis<\/strong> (impact des mesures, d\u00e9finition des besoins, analyse des points sensibles, des ratios, des risques\u2026), vous d\u00e9montrez \u00e0 vos actionnaires ou partenaires que l\u2019entreprise est viable.<\/li>\n<\/ul>\n\n\n\n<p class=\"\">Au sommaire de ce guide :<\/p>\n\n\n\n<p class=\"\"><strong>Agir sur les facteurs externes<\/strong><\/p>\n\n\n\n<ul class=\"wp-block-list\">\n<li>Se prot\u00e9ger des effets de l\u2019inflation<\/li>\n\n\n\n<li>Minimiser les impacts sur la tr\u00e9sorerie<\/li>\n\n\n\n<li>Se conformer \u00e0 la <a href=\"https:\/\/www.sage.com\/fr-fr\/dematerialisation\/facture-electronique\/\">facture \u00e9lectronique<\/a><\/li>\n\n\n\n<li>S\u00e9duire et retenir \u00e0 l\u2019heure du d\u00e9senchantement<\/li>\n<\/ul>\n\n\n\n<p class=\"\"><strong>Agir en digitalisant l\u2019entreprise<\/strong><\/p>\n\n\n\n<ul class=\"wp-block-list\">\n<li>Digitaliser dans le cloud pour s\u00e9curiser l\u2019entreprise<\/li>\n<\/ul>\n\n\n\n<p class=\"\"><strong>Agir ensemble pour un business simple et fluide<\/strong><\/p>\n\n\n\n<ul class=\"wp-block-list\">\n<li>Finance | Commerce | Paie | Production<\/li>\n<\/ul>\n\n\n\n<p class=\"\">Ces articles peuvent \u00e9galement vous int\u00e9resser :<\/p>\n\n\n\n<ul class=\"wp-block-list\">\n<li><a href=\"https:\/\/www.sage.com\/fr-fr\/blog\/tresorerie-7-principes-pour-diminuer-la-pression\/\">Tr\u00e9sorerie : 7 principes pour diminuer la pression<\/a><\/li>\n\n\n\n<li><a href=\"https:\/\/www.sage.com\/fr-fr\/blog\/recouvrement-votre-vigilance-tresorerie-en-7-precautions\/\">Recouvrement : votre vigilance tr\u00e9sorerie en 7 pr\u00e9cautions<\/a><\/li>\n\n\n\n<li><a href=\"https:\/\/www.sage.com\/fr-fr\/blog\/apport-facture-electronique-aux-entreprises-podcast\/\">[#Sage On Air] Que va r\u00e9ellement apporter la facture \u00e9lectronique aux entreprises ?<\/a><\/li>\n\n\n\n<li><a href=\"https:\/\/www.sage.com\/fr-fr\/blog\/facture-electronique-et-si-on-allegeait-son-montant-en-anticipant\/\">Facture \u00e9lectronique : et si on all\u00e9geait son montant en anticipant<\/a><\/li>\n\n\n\n<li><a href=\"https:\/\/www.sage.com\/fr-fr\/blog\/agenda-2023-pour-la-facture-electronique\/\">Votre agenda 2023 pour la facture \u00e9lectronique<\/a><\/li>\n\n\n\n<li><a href=\"https:\/\/www.sage.com\/fr-fr\/blog\/e-facturation-maximiser-opportunites-avec-automatisation\/\">E-facturation obligatoire d\u00e8s 2024 : maximiser l&#8217;opportunit\u00e9 gr\u00e2ce \u00e0 l\u2019automatisation<\/a><\/li>\n<\/ul>\n \n<div class=\"single-cta gated-content\">\n\t<div class=\"single-cta__positioner\">\n\t\t<div class=\"single-cta__wrapper has-dark-background-color\">\n\t\t\t<div class=\"single-cta__content\">\n\t\t\t\t\t\t\t\t<h2 class=\"single-cta__title h3\">La gestion sous contr\u00f4le, vous avez les moyens d\u2019agir<\/h2>\n\n\t\t\t\t\n\t\t\t\t\t\t\t\t\t\t\t\t\t\t<a\n\t\t\t\t\t\thref=\"#gate-0a791f37-bdb3-4981-9ae5-03b1e2f7eac4\"\n\t\t\t\t\t\tclass=\"single-cta__button button button--primary\"\n\t\t\t\t\t\t\t\t\t\t\t\t\t\t\t\t\t>T\u00e9l\u00e9chargez le le livre blanc<\/a>\n\t\t\t\t\t\t\t<\/div>\n\n\t\t\t\t\t<\/div>\n\n\t\t\t\t\t<img decoding=\"async\" width=\"1440\" height=\"810\" src=\"https:\/\/www.sage.com\/fr-fr\/blog\/wp-content\/uploads\/sites\/4\/2022\/04\/GettyImages-734165167-1440x810.jpg\" class=\"single-cta__image\" alt=\"Livre blanc : La gestion sous contr\u00f4le avez-vous les moyens d&#039;agir\" loading=\"lazy\" srcset=\"https:\/\/www.sage.com\/fr-fr\/blog\/wp-content\/uploads\/sites\/4\/2022\/04\/GettyImages-734165167-1440x810.jpg 1440w\" sizes=\"auto, (min-width: 48em) 33vw, 100vw\" \/>\t\t\t<\/div>\n<\/div>\n\n\n<div class=\"single-cta\">\n\t<div class=\"single-cta__positioner\">\n\t\t<div class=\"single-cta__wrapper has-dark-background-color\">\n\t\t\t<div class=\"single-cta__content\">\n\t\t\t\t\t\t\t\t<h2 class=\"single-cta__title h3\">Inscrivez-vous \u00e0 la e-newsletter mensuelle<\/h2>\n\n\t\t\t\t\n\t\t\t\t\t\t\t\t\t\t\t\t\t\t<a\n\t\t\t\t\t\thref=\"#gate-a947ade1-e692-455f-94ce-a275d72a9a11\"\n\t\t\t\t\t\tclass=\"single-cta__button button button--primary\"\n\t\t\t\t\t\t\t\t\t\t\t\t\t\t\t\t\t>Je m&#039;abonne<\/a>\n\t\t\t\t\t\t\t<\/div>\n\n\t\t\t\t\t<\/div>\n\n\t\t\t\t\t<img decoding=\"async\" width=\"1024\" height=\"779\" src=\"https:\/\/www.sage.com\/fr-fr\/blog\/wp-content\/uploads\/sites\/4\/2021\/05\/spreadsheets-1024x779-1.jpg\" class=\"single-cta__image\" alt=\"\" loading=\"lazy\" srcset=\"https:\/\/www.sage.com\/fr-fr\/blog\/wp-content\/uploads\/sites\/4\/2021\/05\/spreadsheets-1024x779-1.jpg 1024w\" sizes=\"auto, (min-width: 48em) 33vw, 100vw\" \/>\t\t\t<\/div>\n<\/div>\n","protected":false},"excerpt":{"rendered":"<p>S\u2019adapter et r\u00e9agir pour atteindre ses objectifs Dans un environnement perturb\u00e9 de toute part, la gestion en entreprises doit faire preuve d\u2019agilit\u00e9 et mettre en \u0153uvre toute l\u2019\u00e9nergie n\u00e9cessaire afin de s\u2019adapter et pr\u00e9server leur marge.En \u00e9tant flexibles et dot\u00e9es d\u2019une forte culture organisationnelle, elles r\u00e9pondent rapidement \u00e0 l\u2019incertitude : inflation, recrutement &amp; r\u00e9tention, obligations [&hellip;]<\/p>\n","protected":false},"author":1695,"featured_media":11068,"comment_status":"closed","ping_status":"closed","sticky":false,"template":"","format":"standard","meta":{"_sage_video":false,"post_featured_image_hide":false,"footnotes":""},"categories":[12],"tags":[70,605,41],"business_type":[8,9],"lilypad":[],"context":[],"industry":[23,24,25,26],"persona":[34],"imagine_tag":[],"coauthors":[923],"class_list":["post-13106","post","type-post","status-publish","format-standard","has-post-thumbnail","hentry","category-gestion-financiere","tag-comptabilite","tag-daf-directeur-administratif-financier","tag-tresorerie","business_type-artisans-et-petites-entreprises","business_type-petites-et-moyennes-entreprises","industry-btp","industry-industrie","industry-negoce","industry-services"],"sage_meta":{"region":"fr-fr","author_name":"Maud Herman","featured_image":"https:\/\/www.sage.com\/fr-fr\/blog\/wp-content\/uploads\/sites\/4\/2022\/04\/GettyImages-734165167.jpg","imagine_tags":[]},"distributor_meta":false,"distributor_terms":false,"distributor_media":false,"distributor_original_site_name":"Sage Advice France","distributor_original_site_url":"https:\/\/www.sage.com\/fr-fr\/blog","push-errors":false,"_links":{"self":[{"href":"https:\/\/www.sage.com\/fr-fr\/blog\/api\/wp\/v2\/posts\/13106","targetHints":{"allow":["GET"]}}],"collection":[{"href":"https:\/\/www.sage.com\/fr-fr\/blog\/api\/wp\/v2\/posts"}],"about":[{"href":"https:\/\/www.sage.com\/fr-fr\/blog\/api\/wp\/v2\/types\/post"}],"author":[{"embeddable":true,"href":"https:\/\/www.sage.com\/fr-fr\/blog\/api\/wp\/v2\/users\/1695"}],"replies":[{"embeddable":true,"href":"https:\/\/www.sage.com\/fr-fr\/blog\/api\/wp\/v2\/comments?post=13106"}],"version-history":[{"count":0,"href":"https:\/\/www.sage.com\/fr-fr\/blog\/api\/wp\/v2\/posts\/13106\/revisions"}],"wp:featuredmedia":[{"embeddable":true,"href":"https:\/\/www.sage.com\/fr-fr\/blog\/api\/wp\/v2\/media\/11068"}],"wp:attachment":[{"href":"https:\/\/www.sage.com\/fr-fr\/blog\/api\/wp\/v2\/media?parent=13106"}],"wp:term":[{"taxonomy":"category","embeddable":true,"href":"https:\/\/www.sage.com\/fr-fr\/blog\/api\/wp\/v2\/categories?post=13106"},{"taxonomy":"post_tag","embeddable":true,"href":"https:\/\/www.sage.com\/fr-fr\/blog\/api\/wp\/v2\/tags?post=13106"},{"taxonomy":"business_type","embeddable":true,"href":"https:\/\/www.sage.com\/fr-fr\/blog\/api\/wp\/v2\/business_type?post=13106"},{"taxonomy":"lilypad","embeddable":true,"href":"https:\/\/www.sage.com\/fr-fr\/blog\/api\/wp\/v2\/lilypad?post=13106"},{"taxonomy":"context","embeddable":true,"href":"https:\/\/www.sage.com\/fr-fr\/blog\/api\/wp\/v2\/context?post=13106"},{"taxonomy":"industry","embeddable":true,"href":"https:\/\/www.sage.com\/fr-fr\/blog\/api\/wp\/v2\/industry?post=13106"},{"taxonomy":"persona","embeddable":true,"href":"https:\/\/www.sage.com\/fr-fr\/blog\/api\/wp\/v2\/persona?post=13106"},{"taxonomy":"imagine_tag","embeddable":true,"href":"https:\/\/www.sage.com\/fr-fr\/blog\/api\/wp\/v2\/imagine_tag?post=13106"},{"taxonomy":"author","embeddable":true,"href":"https:\/\/www.sage.com\/fr-fr\/blog\/api\/wp\/v2\/coauthors?post=13106"}],"curies":[{"name":"wp","href":"https:\/\/api.w.org\/{rel}","templated":true}]}}