{"id":1312,"date":"2017-11-24T19:38:10","date_gmt":"2017-11-24T18:38:10","guid":{"rendered":"http:\/\/www.sage.com\/fr-fr\/blog\/?p=1312"},"modified":"2026-02-05T15:01:57","modified_gmt":"2026-02-05T14:01:57","slug":"rgpd-impact-experts-comptables","status":"publish","type":"post","link":"https:\/\/www.sage.com\/fr-fr\/blog\/rgpd-impact-experts-comptables\/","title":{"rendered":"RGPD 2018 : quel impact pour les experts-comptables?"},"content":{"rendered":"<header class=\"entry-header has-dark-background-color entry-header--has-illustration entry-header--has-illustration--generic\">\n\t<div class=\"container\">\n\t\t<div class=\"entry-header__row row align-center\">\n\t\t\t<div class=\"col col-lg-7 col-xlg-6 entry-header__content\">\n\t\t\t\t\t\t\t<div class=\"component component-single-header\">\n\t\t\t\t\t\t\t\t\t\t<div class=\"entry-header__misc text--subtitle text--uppercase text--small\">\n\t\t\t\t\t\t\t<a href=\"https:\/\/www.sage.com\/fr-fr\/blog\/categorie\/legal-et-reglementation\/\" class=\"entry-header__link\">L\u00e9gal &amp; R\u00e9glementation<\/a>\t\t\t\t\t\t<\/div>\n\t\t\t\t\n\t\t\t\t<div class=\"entry-title-wrapper\">\n\t\t\t\t\t<h1 class=\"entry-title\">\n\t\t\t\t\t\tRGPD 2018 : quel impact pour les experts-comptables?\t\t\t\t\t<\/h1>\n\t\t\t\t<\/div>\n\n\t\t\t\t\t\t\t\t\t<p class=\"entry-header__description\">\n\t\t\t\t\t\t\t\t\t\t\t<\/p>\n\t\t\t\t\n\t\t\t\t\n\t\t\t\t\n\t\t\t<\/div>\n\n\t\t\t\t\t<\/div>\n\t\t\t\t\t<\/div>\n\t<\/div>\n\t<div class=\"single-post-details container\">\n\t\t<div class=\"col\">\n\t\t\t<span class=\"posted-on \"><time class=\"entry-date published\" datetime=\"2017-11-24T19:38:10+01:00\">November 24, 2017<\/time><\/span><span class=\"reading-time\"> min de lecture<\/span>\n\t\t<button\n\t\t\ttype=\"button\"\n\t\t\tclass=\"social-share-button button button--icon button--secondary js-social-share-button\"\n\t\t\tdata-share-title=\"RGPD 2018 : quel impact pour les experts-comptables?\"\n\t\t\tdata-share-url=\"https:\/\/www.sage.com\/fr-fr\/blog\/rgpd-impact-experts-comptables\/\"\n\t\t\tdata-share-text=\"Veuillez lire cet article int\u00e9ressant\"\n\t\t>\n\t\t\t<span class=\"social-share-button__share-label\">Partager<\/span>\n\t\t\t<span class=\"social-share-button__copy-label\" hidden>Copier le lien<\/span>\n\t\t\t<span class=\"social-share-button__copy-tooltip\" aria-hidden=\"true\" hidden>Copi\u00e9<\/span>\n\t\t<\/button>\n\n\t\t\t\t<\/div>\n\t<\/div>\n<\/header>\n\n\n\n<div class=\"wp-block-post-author has-dark-background-color alignfull\">\n\t<div class=\"container\">\n\t\t<div class=\"col\">\n\t\t\t\t\t\t\t<div class=\"co-authors\">\n\t\t\t\t\t\n\t\t<div class=\"entry-author-wrapper\">\n\t\t\t<a class=\"entry-author\" href=\"https:\/\/www.sage.com\/fr-fr\/blog\/author\/tristandebroucker\/\">\n\t\t\t\t<img loading=\"lazy\" decoding=\"async\" width=\"40\" height=\"40\" src=\"https:\/\/www.sage.com\/fr-fr\/blog\/wp-content\/uploads\/sites\/4\/2021\/10\/de-broucker-tristan_350x350.jpg\" class=\"entry-author__image\" alt=\"de-broucker-tristan\" \/>\t\t\t\t<span class=\"entry-author__name\">Tristan de Broucker<\/span>\n\t\t\t<\/a>\n\n\t\t\t\t\t<\/div>\n\n\t\t\t\t\t\t<\/div>\n\t\t\t\t\t<\/div>\n\t<\/div>\n<\/div>\n\n\n\n<p>Le nouveau r\u00e8glement g\u00e9n\u00e9ral sur la protection des donn\u00e9es (<a href=\"https:\/\/www.sage.com\/fr-fr\/informations-legales\/rgpd\/\">RGPD<\/a>) va entrer en vigueur le 25 mai 2018. En tant qu\u2019<a href=\"https:\/\/www.sage.com\/fr-fr\/experts-comptables-logiciels\/\">expert-comptable<\/a>, il vous faut d\u00e8s \u00e0 pr\u00e9sent appr\u00e9hender ses cons\u00e9quences dans le traitement des donn\u00e9es que vous collectez tant pour votre cabinet que pour vos clients.<\/p>\n\n\n\n<h2 class=\"wp-block-heading\" id=\"h-que-prevoit-le-nouveau-reglement\">Que pr\u00e9voit le nouveau r\u00e8glement ?<\/h2>\n\n\n\n<p>Conform\u00e9ment aux nouveaux usages du num\u00e9rique et afin d\u2019uniformiser le niveau de protection des ressortissants dans toute l\u2019Europe, le nouveau r\u00e8glement, issu d\u2019une directive europ\u00e9enne, rehausse les droits des personnes en ce qui concerne l\u2019utilisation de leurs donn\u00e9es personnelles par les entreprises. Il impose aux entreprises qui collectent des donn\u00e9es de mettre en place des mesures qui am\u00e9lioreront leur protection et faciliteront leur acc\u00e8s aux usagers concern\u00e9s. Il incite globalement les entreprises \u00e0 traiter ces donn\u00e9es de mani\u00e8re loyale, licite et transparente.<\/p>\n\n\n\n<h2 class=\"wp-block-heading\" id=\"h-votre-cabinet-est-il-concerne\">Votre cabinet est-il concern\u00e9 ?<\/h2>\n\n\n\n<p>Dans votre cabinet, vous collectez immanquablement des donn\u00e9es \u00e0 caract\u00e8re personnel, qui permettent d\u2019identifier vos collaborateurs, vos salari\u00e9s et vos clients directement (par leur nom) ou indirectement (par un num\u00e9ro de t\u00e9l\u00e9phone ou par des informations comptables par exemple). Vous \u00eates donc concern\u00e9 par la mise en place de ces nouvelles mesures, qui poursuivent 4 grands objectifs :<\/p>\n\n\n\n<ul class=\"wp-block-list custom-list\">\n<li>Le renforcement de l\u2019information pr\u00e9alable (sur ce \u00e0 quoi sont destin\u00e9es les donn\u00e9es collect\u00e9es) et du consentement (explicite et \u00e9clair\u00e9) de vos clients, collaborateurs et salari\u00e9s aupr\u00e8s de qui vous collectez des donn\u00e9es.<\/li>\n\n\n\n<li>La possibilit\u00e9 pour les clients du cabinet de r\u00e9cup\u00e9rer leurs donn\u00e9es afin de les r\u00e9utiliser ailleurs (droit \u00e0 la portabilit\u00e9 des donn\u00e9es).<\/li>\n\n\n\n<li>La limitation de la collecte des donn\u00e9es \u00e0 ce qui est strictement n\u00e9cessaire, pour un temps limit\u00e9 (destruction des donn\u00e9es une fois la finalit\u00e9 accomplie).<\/li>\n\n\n\n<li>La mise en place des mesures de s\u00e9curit\u00e9 appropri\u00e9es pour l\u2019acc\u00e8s et l\u2019utilisation des donn\u00e9es.<\/li>\n<\/ul>\n\n\n\n<h2 class=\"wp-block-heading\" id=\"h-quelles-mesures-pour-le-cabinet\">Quelles mesures pour le cabinet ?<\/h2>\n\n\n\n<p>Concr\u00e8tement, cela signifie que vous devrez mettre en place des mesures techniques et organisationnelles dans le traitement de ces donn\u00e9es pour garantir leur bonne utilisation avec un niveau de s\u00e9curit\u00e9 adapt\u00e9. Il peut s\u2019agir de chiffrement des informations par l\u2019installation de nouveaux logiciels, de mise en place de nouveaux contr\u00f4les d\u2019acc\u00e8s pour les salari\u00e9s utilisateurs, de formation de ces salari\u00e9s\u2026 Un registre indiquant toutes les mesures prises doit d\u2019ailleurs \u00eatre tenu pour permettre un suivi par la CNIL et les individus qui communiquent leurs donn\u00e9es. Des \u00e9tudes d\u2019impact sur la vie priv\u00e9e doivent \u00e9galement \u00eatre lanc\u00e9es s\u2019il s\u2019agit d\u2019informations \u00e0 risque.<br>\nPour vous aider dans ces d\u00e9marches, la CNIL propose diff\u00e9rents guides et documents pratiques t\u00e9l\u00e9chargeables sur son site, comme par exemple un&nbsp;mod\u00e8le de registre&nbsp;ou encore une m\u00e9thode pour mener une&nbsp;<a title=\"\u00e9tude d'impact sur la vie priv\u00e9e\" href=\"https:\/\/www.cnil.fr\/sites\/default\/files\/typo\/document\/CNIL-PIA-1-Methode.pdf\" target=\"_blank\" rel=\"noopener noreferrer\">\u00e9tude d\u2019impact sur la vie priv\u00e9e<\/a>. Enfin, en cas de faille d\u00e9tect\u00e9e, il faudra la notifier \u00e0 la CNIL dans les 72 heures via un t\u00e9l\u00e9service d\u00e9di\u00e9 qui sera op\u00e9rationnel en mai 2018, voire informer directement les personnes dont les donn\u00e9es sont concern\u00e9es par la faille.<\/p>\n\n\n\n<h2 class=\"wp-block-heading\" id=\"h-les-consequences-avec-vos-clients\">Les cons\u00e9quences avec vos clients<\/h2>\n\n\n\n<p>Compte tenu du grand nombre d\u2019op\u00e9rations informatis\u00e9es de transfert de donn\u00e9es que vous effectuez probablement avec vos clients, vous avez tout int\u00e9r\u00eat \u00e0 ce que ceux-ci se soient \u00e9galement mis au diapason de la nouvelle r\u00e9glementation. Car eux aussi collectent des donn\u00e9es : celles de leurs propres clients. Dans ce cadre, vous pourrez \u00eatre amen\u00e9 \u00e0 les r\u00e9cup\u00e9rer. Or, ces donn\u00e9es font l\u2019objet de la m\u00eame protection. Ne les collectez donc qu\u2019en cas de n\u00e9cessit\u00e9, vous pourriez sinon engager votre responsabilit\u00e9. De m\u00eame concernant la s\u00e9curit\u00e9 des donn\u00e9es, il est indispensable que vos clients aient renforc\u00e9 leurs syst\u00e8mes informatis\u00e9s pour ne pas contaminer votre propre circuit lors des transferts d\u2019informations.<br>\nSaisissez cette opportunit\u00e9 pour jouer votre r\u00f4le d\u2019accompagnateur aupr\u00e8s de vos clients pour la mise en place de cette nouvelle r\u00e9glementation, voire \u00e0 leur signaler que son non-respect est puni d\u2019une p\u00e9nalit\u00e9 financi\u00e8re pouvant s\u2019\u00e9lever dans les cas les plus graves jusqu\u2019\u00e0 20 millions d\u2019euros ou \u00e0 4% du chiffre d\u2019affaires annuel\u2026<\/p>\n\n\n\n<div class=\"single-cta gated-content\">\n\t<div class=\"single-cta__positioner\">\n\t\t<div class=\"single-cta__wrapper has-dark-background-color\">\n\t\t\t<div class=\"single-cta__content\">\n\t\t\t\t\t\t\t\t<h2 class=\"single-cta__title h3\">RGPD : Guide pour les comptables et experts-comptables<\/h2>\n\n\t\t\t\t\n\t\t\t\t\t\t\t\t\t\t\t\t\t\t<a\n\t\t\t\t\t\thref=\"#gate-922f54c6-cf31-44bc-84e9-9fa59b51e86b\"\n\t\t\t\t\t\tclass=\"single-cta__button button button--primary\"\n\t\t\t\t\t\t\t\t\t\t\t\t\t\t\t\t\t>T\u00e9l\u00e9chargez gratuitement le livre blanc<\/a>\n\t\t\t\t\t\t\t<\/div>\n\n\t\t\t\t\t<\/div>\n\n\t\t\t\t\t<img decoding=\"async\" width=\"1252\" height=\"810\" src=\"https:\/\/www.sage.com\/fr-fr\/blog\/wp-content\/uploads\/sites\/4\/2018\/07\/rgpd-comptables-experts-comptables-cta-1252x810.jpg\" class=\"single-cta__image\" alt=\"rgpd-comptables-experts-comptables-cta\" loading=\"lazy\" srcset=\"https:\/\/www.sage.com\/fr-fr\/blog\/wp-content\/uploads\/sites\/4\/2018\/07\/rgpd-comptables-experts-comptables-cta-1252x810.jpg 1252w\" sizes=\"auto, (min-width: 48em) 33vw, 100vw\" \/>\t\t\t<\/div>\n<\/div>\n\n\n<div class=\"single-cta\">\n\t<div class=\"single-cta__positioner\">\n\t\t<div class=\"single-cta__wrapper has-dark-background-color\">\n\t\t\t<div class=\"single-cta__content\">\n\t\t\t\t\t\t\t\t<h2 class=\"single-cta__title h3\">Inscrivez-vous \u00e0 la e-newsletter mensuelle<\/h2>\n\n\t\t\t\t\n\t\t\t\t\t\t\t\t\t\t\t\t\t\t<a\n\t\t\t\t\t\thref=\"#gate-a947ade1-e692-455f-94ce-a275d72a9a11\"\n\t\t\t\t\t\tclass=\"single-cta__button button button--primary\"\n\t\t\t\t\t\t\t\t\t\t\t\t\t\t\t\t\t>Je m&#039;abonne<\/a>\n\t\t\t\t\t\t\t<\/div>\n\n\t\t\t\t\t<\/div>\n\n\t\t\t\t\t<img decoding=\"async\" width=\"1024\" height=\"779\" src=\"https:\/\/www.sage.com\/fr-fr\/blog\/wp-content\/uploads\/sites\/4\/2021\/05\/spreadsheets-1024x779-1.jpg\" class=\"single-cta__image\" alt=\"\" loading=\"lazy\" srcset=\"https:\/\/www.sage.com\/fr-fr\/blog\/wp-content\/uploads\/sites\/4\/2021\/05\/spreadsheets-1024x779-1.jpg 1024w\" sizes=\"auto, (min-width: 48em) 33vw, 100vw\" \/>\t\t\t<\/div>\n<\/div>\n","protected":false},"excerpt":{"rendered":"<p>Le nouveau r\u00e8glement g\u00e9n\u00e9ral sur la protection des donn\u00e9es (RGPD) va entrer en vigueur le 25 mai 2018. En tant qu\u2019expert-comptable, il vous faut d\u00e8s \u00e0 pr\u00e9sent appr\u00e9hender ses cons\u00e9quences dans le traitement des donn\u00e9es que vous collectez tant pour votre cabinet que pour vos clients. Que pr\u00e9voit le nouveau r\u00e8glement ? Conform\u00e9ment aux nouveaux [&hellip;]<\/p>\n","protected":false},"author":1308,"featured_media":9710,"comment_status":"open","ping_status":"closed","sticky":false,"template":"","format":"standard","meta":{"_sage_video":false,"post_featured_image_hide":false,"footnotes":""},"categories":[13,56],"tags":[51,487],"business_type":[8,9,11],"lilypad":[],"context":[],"industry":[23,24,25,26],"persona":[40],"imagine_tag":[463,452,806],"coauthors":[919],"class_list":["post-1312","post","type-post","status-publish","format-standard","has-post-thumbnail","hentry","category-legal-et-reglementation","category-management-et-rh","tag-cabinet-expert-comptable","tag-rgpd","business_type-artisans-et-petites-entreprises","business_type-petites-et-moyennes-entreprises","business_type-expertise-comptable","industry-btp","industry-industrie","industry-negoce","industry-services"],"sage_meta":{"region":"fr-fr","author_name":"Tristan de Broucker","featured_image":"https:\/\/www.sage.com\/fr-fr\/blog\/wp-content\/uploads\/sites\/4\/2021\/05\/RGPD-quel-impact-pour-les-experts-comptables-1024x683-1.jpg","imagine_tags":{"463":"Expertise comptable","452":"Experts-Comptables","806":"RGPD"}},"distributor_meta":false,"distributor_terms":false,"distributor_media":false,"distributor_original_site_name":"Sage Advice France","distributor_original_site_url":"https:\/\/www.sage.com\/fr-fr\/blog","push-errors":false,"_links":{"self":[{"href":"https:\/\/www.sage.com\/fr-fr\/blog\/api\/wp\/v2\/posts\/1312","targetHints":{"allow":["GET"]}}],"collection":[{"href":"https:\/\/www.sage.com\/fr-fr\/blog\/api\/wp\/v2\/posts"}],"about":[{"href":"https:\/\/www.sage.com\/fr-fr\/blog\/api\/wp\/v2\/types\/post"}],"author":[{"embeddable":true,"href":"https:\/\/www.sage.com\/fr-fr\/blog\/api\/wp\/v2\/users\/1308"}],"replies":[{"embeddable":true,"href":"https:\/\/www.sage.com\/fr-fr\/blog\/api\/wp\/v2\/comments?post=1312"}],"version-history":[{"count":0,"href":"https:\/\/www.sage.com\/fr-fr\/blog\/api\/wp\/v2\/posts\/1312\/revisions"}],"wp:featuredmedia":[{"embeddable":true,"href":"https:\/\/www.sage.com\/fr-fr\/blog\/api\/wp\/v2\/media\/9710"}],"wp:attachment":[{"href":"https:\/\/www.sage.com\/fr-fr\/blog\/api\/wp\/v2\/media?parent=1312"}],"wp:term":[{"taxonomy":"category","embeddable":true,"href":"https:\/\/www.sage.com\/fr-fr\/blog\/api\/wp\/v2\/categories?post=1312"},{"taxonomy":"post_tag","embeddable":true,"href":"https:\/\/www.sage.com\/fr-fr\/blog\/api\/wp\/v2\/tags?post=1312"},{"taxonomy":"business_type","embeddable":true,"href":"https:\/\/www.sage.com\/fr-fr\/blog\/api\/wp\/v2\/business_type?post=1312"},{"taxonomy":"lilypad","embeddable":true,"href":"https:\/\/www.sage.com\/fr-fr\/blog\/api\/wp\/v2\/lilypad?post=1312"},{"taxonomy":"context","embeddable":true,"href":"https:\/\/www.sage.com\/fr-fr\/blog\/api\/wp\/v2\/context?post=1312"},{"taxonomy":"industry","embeddable":true,"href":"https:\/\/www.sage.com\/fr-fr\/blog\/api\/wp\/v2\/industry?post=1312"},{"taxonomy":"persona","embeddable":true,"href":"https:\/\/www.sage.com\/fr-fr\/blog\/api\/wp\/v2\/persona?post=1312"},{"taxonomy":"imagine_tag","embeddable":true,"href":"https:\/\/www.sage.com\/fr-fr\/blog\/api\/wp\/v2\/imagine_tag?post=1312"},{"taxonomy":"author","embeddable":true,"href":"https:\/\/www.sage.com\/fr-fr\/blog\/api\/wp\/v2\/coauthors?post=1312"}],"curies":[{"name":"wp","href":"https:\/\/api.w.org\/{rel}","templated":true}]}}