{"id":1382,"date":"2017-12-28T14:41:14","date_gmt":"2017-12-28T13:41:14","guid":{"rendered":"http:\/\/www.sage.com\/fr-fr\/blog\/?p=1382"},"modified":"2026-02-05T15:00:23","modified_gmt":"2026-02-05T14:00:23","slug":"generalisation-contrat-projet-cdi-chantier","status":"publish","type":"post","link":"https:\/\/www.sage.com\/fr-fr\/blog\/generalisation-contrat-projet-cdi-chantier\/","title":{"rendered":"La g\u00e9n\u00e9ralisation du contrat de projet, ou \u201cCDI de chantier\u201d"},"content":{"rendered":"<header class=\"entry-header has-dark-background-color entry-header--has-illustration entry-header--has-illustration--generic\">\n\t<div class=\"container\">\n\t\t<div class=\"entry-header__row row align-center\">\n\t\t\t<div class=\"col col-lg-7 col-xlg-6 entry-header__content\">\n\t\t\t\t\t\t\t<div class=\"component component-single-header\">\n\t\t\t\t\t\t\t\t\t\t<div class=\"entry-header__misc text--subtitle text--uppercase text--small\">\n\t\t\t\t\t\t\t<a href=\"https:\/\/www.sage.com\/fr-fr\/blog\/categorie\/legal-et-reglementation\/\" class=\"entry-header__link\">L\u00e9gal &amp; R\u00e9glementation<\/a>\t\t\t\t\t\t<\/div>\n\t\t\t\t\n\t\t\t\t<div class=\"entry-title-wrapper\">\n\t\t\t\t\t<h1 class=\"entry-title\">\n\t\t\t\t\t\tLa g\u00e9n\u00e9ralisation du contrat de projet, ou \u201cCDI de chantier\u201d\t\t\t\t\t<\/h1>\n\t\t\t\t<\/div>\n\n\t\t\t\t\t\t\t\t\t<p class=\"entry-header__description\">\n\t\t\t\t\t\t\t\t\t\t\t<\/p>\n\t\t\t\t\n\t\t\t\t\n\t\t\t\t\n\t\t\t<\/div>\n\n\t\t\t\t\t<\/div>\n\t\t\t\t\t<\/div>\n\t<\/div>\n\t<div class=\"single-post-details container\">\n\t\t<div class=\"col\">\n\t\t\t<span class=\"posted-on \"><time class=\"entry-date published\" datetime=\"2017-12-28T14:41:14+01:00\">28 d\u00e9cembre 2017<\/time><\/span><span class=\"reading-time\"> min de lecture<\/span>\n\t\t<button\n\t\t\ttype=\"button\"\n\t\t\tclass=\"social-share-button button button--icon button--secondary js-social-share-button\"\n\t\t\tdata-share-title=\"La g\u00e9n\u00e9ralisation du contrat de projet, ou \u201cCDI de chantier\u201d\"\n\t\t\tdata-share-url=\"https:\/\/www.sage.com\/fr-fr\/blog\/generalisation-contrat-projet-cdi-chantier\/\"\n\t\t\tdata-share-text=\"Veuillez lire cet article int\u00e9ressant\"\n\t\t>\n\t\t\t<span class=\"social-share-button__share-label\">Partager<\/span>\n\t\t\t<span class=\"social-share-button__copy-label\" hidden>Copier le lien<\/span>\n\t\t\t<span class=\"social-share-button__copy-tooltip\" aria-hidden=\"true\" hidden>Copi\u00e9<\/span>\n\t\t<\/button>\n\n\t\t\t\t<\/div>\n\t<\/div>\n<\/header>\n\n\n\n<div class=\"wp-block-post-author has-dark-background-color alignfull\">\n\t<div class=\"container\">\n\t\t<div class=\"col\">\n\t\t\t\t\t\t\t<div class=\"co-authors\">\n\t\t\t\t\t\n\t\t<div class=\"entry-author-wrapper\">\n\t\t\t<a class=\"entry-author\" href=\"https:\/\/www.sage.com\/fr-fr\/blog\/author\/christopheadam\/\">\n\t\t\t\t<img loading=\"lazy\" decoding=\"async\" width=\"40\" height=\"40\" src=\"https:\/\/www.sage.com\/fr-fr\/blog\/wp-content\/uploads\/sites\/4\/2024\/07\/Christophe-Adam-350x350.jpg\" class=\"entry-author__image\" alt=\"Christophe Adam\" srcset=\"https:\/\/www.sage.com\/fr-fr\/blog\/wp-content\/uploads\/sites\/4\/2024\/07\/Christophe-Adam-350x350.jpg 350w, https:\/\/www.sage.com\/fr-fr\/blog\/wp-content\/uploads\/sites\/4\/2024\/07\/Christophe-Adam-768x768.jpg 768w, https:\/\/www.sage.com\/fr-fr\/blog\/wp-content\/uploads\/sites\/4\/2024\/07\/Christophe-Adam.jpg 800w\" sizes=\"auto, (max-width: 40px) 100vw, 40px\" \/>\t\t\t\t<span class=\"entry-author__name\">Christophe Adam<\/span>\n\t\t\t<\/a>\n\n\t\t\t\t\t<\/div>\n\n\t\t\t\t\t\t<\/div>\n\t\t\t\t\t<\/div>\n\t<\/div>\n<\/div>\n\n\n\n<p>C\u2019est une constante dans la vie l\u00e9gislative fran\u00e7aise : certains projets de lois sont suspendus, pour diff\u00e9rentes raisons, avant d\u2019\u00eatre finalement adopt\u00e9s plusieurs mois, voire ann\u00e9es, plus tard ! Certaines sont \u00e0 l\u2019avantage de l\u2019entreprise, d\u2019autres moins&#8230; Dans ce cas, en attendant que l\u2019\u00e9ch\u00e9ance arrive, l\u2019entreprise a tout int\u00e9r\u00eat \u00e0 mettre ce temps de latence \u00e0 profit pour se pr\u00e9parer \u00e0 r\u00e9pondre \u00e0 ses obligations. D\u00e9monstration avec la g\u00e9n\u00e9ralisation du contrat de projet.<\/p>\n\n\n\n<h2 class=\"wp-block-heading\" id=\"h-que-contient-le-projet-de-loi\">Que contient le projet de loi ?<\/h2>\n\n\n\n<p>Le contrat de projet existe d\u00e9j\u00e0 dans le droit fran\u00e7ais sous le nom de \u201c<strong>CDI de chantier<\/strong>\u201d, mais comme son nom l\u2019indique il \u00e9tait <strong>cantonn\u00e9 jusqu\u2019\u00e0 pr\u00e9sent \u00e0 certains secteurs d\u2019activit\u00e9<\/strong>. Il consiste \u00e0 <strong>conclure un contrat \u00e0 dur\u00e9e ind\u00e9termin\u00e9e pour la dur\u00e9e d\u2019un chantier<\/strong>. Aucune date de fin de contrat n\u2019est donc indiqu\u00e9e, <strong>son issue intervient automatiquement quand la mission, pr\u00e9cis\u00e9e \u00e0 la signature du contrat, est accomplie<\/strong>. Ce type de contrat \u00e9tait utilis\u00e9 dans le <strong>secteur du b\u00e2timent<\/strong> <strong>ou celui relevant de la convention collective du Syntec<\/strong> (bureaux d\u2019\u00e9tudes techniques, cabinets d\u2019ing\u00e9nieurs-conseils, soci\u00e9t\u00e9s de conseils\u2026). Le gouvernement a voulu <strong>l\u2019\u00e9tendre \u00e0 d\u2019autres secteurs comme l\u2019a\u00e9ronautique<\/strong>. Il est donc \u00e9voqu\u00e9 dans l\u2019une des ordonnances r\u00e9formant le Code du Travail sign\u00e9es en septembre, qui indique que la mise en place de ces contrats se fera <strong>au niveau des branches via un accord collectif \u00e9tendu<\/strong> qui d\u00e9finira les raisons permettant d\u2019y recourir. Et les secteurs devront encore \u00eatre pr\u00e9cis\u00e9s.<\/p>\n\n\n\n<h2 class=\"wp-block-heading\" id=\"h-pourquoi-a-t-il-ete-repousse\">Pourquoi a-t-il \u00e9t\u00e9 repouss\u00e9 ?<\/h2>\n\n\n\n<p>Si le Gouvernement a maintenu ce sujet, malgr\u00e9 l\u2019avis contraire des syndicats qui y voient une g\u00e9n\u00e9ralisation de la pr\u00e9carit\u00e9 des salari\u00e9s, c\u2019est parce qu\u2019il pense au contraire que <strong>cette flexibilit\u00e9 permettra aux entreprises d\u2019embaucher plus facilement<\/strong>. Or, c\u2019est une vieille revendication patronale. D\u00e9j\u00e0 \u00e0 la fin des ann\u00e9es 1990, le CNPF (anciennement Medef) voulait \u00e9tendre le contrat de chantier \u00e0 d&rsquo;autres secteurs, via le \u00ab <strong>contrat de mission<\/strong> \u00bb dont le motif de rupture serait la fin de la mission. En 2013, Pierre Gattaz, pr\u00e9sident du Medef, avait remis ce CDI de mission \u00e0 l\u2019ordre du jour avec le gouvernement de Manuel Valls, un moyen selon lui de parvenir \u00e0 cr\u00e9er 1 million d&#8217;emplois. Mais si Manuel Valls y \u00e9tait favorable, Fran\u00e7ois Hollande n\u2019avait pas voulu donner suite.<\/p>\n\n\n\n<h2 class=\"wp-block-heading\" id=\"h-quelles-consequences-pour-l-entreprise\">Quelles cons\u00e9quences pour l\u2019entreprise ?<\/h2>\n\n\n\n<p>Pour l&rsquo;entreprise, ce type de contrat pr\u00e9sente plusieurs avantages, en premier lieu celui de la souplesse puisque <strong>le terme du contrat est d\u00e9j\u00e0 connu (la fin du projet) et qu\u2019il entra\u00eene la rupture automatique du contrat de travail<\/strong>. Cela permet \u00e0 une entreprise d\u2019accepter un gros contrat en sachant qu\u2019elle pourra se s\u00e9parer simplement d&rsquo;un salari\u00e9 \u00e0 l&rsquo;issue de ce contrat si elle n&rsquo;a pas la possibilit\u00e9 de le garder dans ses effectifs. Autre int\u00e9r\u00eat, contrairement au CDD, le salari\u00e9 ne per\u00e7oit pas de prime de pr\u00e9carit\u00e9 \u00e0 l&rsquo;issue du contrat de travail. Et l&#8217;employeur n&rsquo;a pas \u00e0 motiver le recours au contrat, contrairement au CDD qui ne r\u00e9pond qu\u2019\u00e0 certains motifs d\u2019utilisation. Enfin, le CDI peut \u00eatre rompu en cours de projet en cas de motif r\u00e9el et s\u00e9rieux, alors que le CDD lui, sauf circonstances exceptionnelles, ne peut \u00eatre rompu quelle que soit sa dur\u00e9e.<\/p>\n\n\n\n<p>Pour en savoir plus sur&nbsp;<a title=\"Sage\" href=\"https:\/\/www.sage.com\/fr-fr\/\" target=\"_blank\" rel=\"noopener noreferrer\">Sage<\/a><\/p>\n\n\n<div class=\"single-cta\">\n\t<div class=\"single-cta__positioner\">\n\t\t<div class=\"single-cta__wrapper has-dark-background-color\">\n\t\t\t<div class=\"single-cta__content\">\n\t\t\t\t\t\t\t\t<h2 class=\"single-cta__title h3\">Inscrivez-vous \u00e0 la e-newsletter mensuelle<\/h2>\n\n\t\t\t\t\n\t\t\t\t\t\t\t\t\t\t\t\t\t\t<a\n\t\t\t\t\t\thref=\"#gate-a947ade1-e692-455f-94ce-a275d72a9a11\"\n\t\t\t\t\t\tclass=\"single-cta__button button button--primary\"\n\t\t\t\t\t\t\t\t\t\t\t\t\t\t\t\t\t>Je m&#039;abonne<\/a>\n\t\t\t\t\t\t\t<\/div>\n\n\t\t\t\t\t<\/div>\n\n\t\t\t\t\t<img decoding=\"async\" width=\"1024\" height=\"779\" src=\"https:\/\/www.sage.com\/fr-fr\/blog\/wp-content\/uploads\/sites\/4\/2021\/05\/spreadsheets-1024x779-1.jpg\" class=\"single-cta__image\" alt=\"\" loading=\"lazy\" srcset=\"https:\/\/www.sage.com\/fr-fr\/blog\/wp-content\/uploads\/sites\/4\/2021\/05\/spreadsheets-1024x779-1.jpg 1024w\" sizes=\"auto, (min-width: 48em) 33vw, 100vw\" \/>\t\t\t<\/div>\n<\/div>\n","protected":false},"excerpt":{"rendered":"<p>C\u2019est une constante dans la vie l\u00e9gislative fran\u00e7aise : certains projets de lois sont suspendus, pour diff\u00e9rentes raisons, avant d\u2019\u00eatre finalement adopt\u00e9s plusieurs mois, voire ann\u00e9es, plus tard ! Certaines sont \u00e0 l\u2019avantage de l\u2019entreprise, d\u2019autres moins&#8230; Dans ce cas, en attendant que l\u2019\u00e9ch\u00e9ance arrive, l\u2019entreprise a tout int\u00e9r\u00eat \u00e0 mettre ce temps de latence [&hellip;]<\/p>\n","protected":false},"author":710,"featured_media":9707,"comment_status":"open","ping_status":"closed","sticky":false,"template":"","format":"standard","meta":{"_sage_video":false,"post_featured_image_hide":false,"footnotes":""},"categories":[13,56],"tags":[144,91],"business_type":[8,9],"lilypad":[],"context":[],"industry":[23,24,25,26],"persona":[34,36],"imagine_tag":[459],"coauthors":[906],"class_list":["post-1382","post","type-post","status-publish","format-standard","has-post-thumbnail","hentry","category-legal-et-reglementation","category-management-et-rh","tag-carriere-professionnelle-et-emploi","tag-rh-et-fiche-de-paie","business_type-artisans-et-petites-entreprises","business_type-petites-et-moyennes-entreprises","industry-btp","industry-industrie","industry-negoce","industry-services"],"sage_meta":{"region":"fr-fr","author_name":"Christophe Adam","featured_image":"https:\/\/www.sage.com\/fr-fr\/blog\/wp-content\/uploads\/sites\/4\/2021\/05\/generalisation-contrat-de-projet-cdi-chantier-1024x683-1.jpg","imagine_tags":{"459":"Petites et Moyennes Entreprises"}},"distributor_meta":false,"distributor_terms":false,"distributor_media":false,"distributor_original_site_name":"Sage Advice France","distributor_original_site_url":"https:\/\/www.sage.com\/fr-fr\/blog","push-errors":false,"_links":{"self":[{"href":"https:\/\/www.sage.com\/fr-fr\/blog\/api\/wp\/v2\/posts\/1382","targetHints":{"allow":["GET"]}}],"collection":[{"href":"https:\/\/www.sage.com\/fr-fr\/blog\/api\/wp\/v2\/posts"}],"about":[{"href":"https:\/\/www.sage.com\/fr-fr\/blog\/api\/wp\/v2\/types\/post"}],"author":[{"embeddable":true,"href":"https:\/\/www.sage.com\/fr-fr\/blog\/api\/wp\/v2\/users\/710"}],"replies":[{"embeddable":true,"href":"https:\/\/www.sage.com\/fr-fr\/blog\/api\/wp\/v2\/comments?post=1382"}],"version-history":[{"count":0,"href":"https:\/\/www.sage.com\/fr-fr\/blog\/api\/wp\/v2\/posts\/1382\/revisions"}],"wp:featuredmedia":[{"embeddable":true,"href":"https:\/\/www.sage.com\/fr-fr\/blog\/api\/wp\/v2\/media\/9707"}],"wp:attachment":[{"href":"https:\/\/www.sage.com\/fr-fr\/blog\/api\/wp\/v2\/media?parent=1382"}],"wp:term":[{"taxonomy":"category","embeddable":true,"href":"https:\/\/www.sage.com\/fr-fr\/blog\/api\/wp\/v2\/categories?post=1382"},{"taxonomy":"post_tag","embeddable":true,"href":"https:\/\/www.sage.com\/fr-fr\/blog\/api\/wp\/v2\/tags?post=1382"},{"taxonomy":"business_type","embeddable":true,"href":"https:\/\/www.sage.com\/fr-fr\/blog\/api\/wp\/v2\/business_type?post=1382"},{"taxonomy":"lilypad","embeddable":true,"href":"https:\/\/www.sage.com\/fr-fr\/blog\/api\/wp\/v2\/lilypad?post=1382"},{"taxonomy":"context","embeddable":true,"href":"https:\/\/www.sage.com\/fr-fr\/blog\/api\/wp\/v2\/context?post=1382"},{"taxonomy":"industry","embeddable":true,"href":"https:\/\/www.sage.com\/fr-fr\/blog\/api\/wp\/v2\/industry?post=1382"},{"taxonomy":"persona","embeddable":true,"href":"https:\/\/www.sage.com\/fr-fr\/blog\/api\/wp\/v2\/persona?post=1382"},{"taxonomy":"imagine_tag","embeddable":true,"href":"https:\/\/www.sage.com\/fr-fr\/blog\/api\/wp\/v2\/imagine_tag?post=1382"},{"taxonomy":"author","embeddable":true,"href":"https:\/\/www.sage.com\/fr-fr\/blog\/api\/wp\/v2\/coauthors?post=1382"}],"curies":[{"name":"wp","href":"https:\/\/api.w.org\/{rel}","templated":true}]}}