{"id":14116,"date":"2023-06-28T09:15:00","date_gmt":"2023-06-28T07:15:00","guid":{"rendered":"https:\/\/www.sage.com\/fr-fr\/blog\/?p=14116"},"modified":"2025-05-07T15:34:11","modified_gmt":"2025-05-07T13:34:11","slug":"responsabilite-dentreprise-sengager-a-fond","status":"publish","type":"post","link":"https:\/\/www.sage.com\/fr-fr\/blog\/responsabilite-dentreprise-sengager-a-fond\/","title":{"rendered":"Responsabilit\u00e9 d\u2019entreprise\u00a0: s\u2019engager \u00e0 fond\u00a0!"},"content":{"rendered":"<header class=\"entry-header has-dark-background-color entry-header--has-illustration entry-header--has-illustration--generic\">\n\t<div class=\"container\">\n\t\t<div class=\"entry-header__row row align-center\">\n\t\t\t<div class=\"col col-lg-7 col-xlg-6 entry-header__content\">\n\t\t\t\t\t\t\t<div class=\"component component-single-header\">\n\t\t\t\t\t\t\t\t\t\t<div class=\"entry-header__misc text--subtitle text--uppercase text--small\">\n\t\t\t\t\t\t\t<a href=\"https:\/\/www.sage.com\/fr-fr\/blog\/categorie\/management-et-rh\/\" class=\"entry-header__link\">Management &amp; RH<\/a>\t\t\t\t\t\t<\/div>\n\t\t\t\t\n\t\t\t\t<div class=\"entry-title-wrapper\">\n\t\t\t\t\t<h1 class=\"entry-title\">\n\t\t\t\t\t\tResponsabilit\u00e9 d\u2019entreprise\u00a0: s\u2019engager \u00e0 fond\u00a0!\t\t\t\t\t<\/h1>\n\t\t\t\t<\/div>\n\n\t\t\t\t\t\t\t\t\t<p class=\"entry-header__description\">\n\t\t\t\t\t\t\t\t\t\t\t<\/p>\n\t\t\t\t\n\t\t\t\t\n\t\t\t\t\n\t\t\t<\/div>\n\n\t\t\t\t\t<\/div>\n\t\t\t\t\t<\/div>\n\t<\/div>\n\t<div class=\"single-post-details container\">\n\t\t<div class=\"col\">\n\t\t\t<span class=\"posted-on \"><time class=\"entry-date published\" datetime=\"2023-06-28T09:15:00+02:00\">June 28, 2023<\/time><\/span><span class=\"reading-time\"> min de lecture<\/span>\n\t\t<button\n\t\t\ttype=\"button\"\n\t\t\tclass=\"social-share-button button button--icon button--secondary js-social-share-button\"\n\t\t\tdata-share-title=\"Responsabilit\u00e9 d\u2019entreprise\u00a0: s\u2019engager \u00e0 fond\u00a0!\"\n\t\t\tdata-share-url=\"https:\/\/www.sage.com\/fr-fr\/blog\/responsabilite-dentreprise-sengager-a-fond\/\"\n\t\t\tdata-share-text=\"Veuillez lire cet article int\u00e9ressant\"\n\t\t>\n\t\t\t<span class=\"social-share-button__share-label\">Partager<\/span>\n\t\t\t<span class=\"social-share-button__copy-label\" hidden>Copier le lien<\/span>\n\t\t\t<span class=\"social-share-button__copy-tooltip\" aria-hidden=\"true\" hidden>Copi\u00e9<\/span>\n\t\t<\/button>\n\n\t\t\t\t<\/div>\n\t<\/div>\n<\/header>\n\n\n<div class=\"wp-block-post-author has-dark-background-color alignfull\">\n\t<div class=\"container\">\n\t\t<div class=\"col\">\n\t\t\t\t\t\t\t<div class=\"co-authors\">\n\t\t\t\t\t\n\t\t<div class=\"entry-author-wrapper\">\n\t\t\t<a class=\"entry-author\" href=\"https:\/\/www.sage.com\/fr-fr\/blog\/author\/christopheadam\/\">\n\t\t\t\t<img loading=\"lazy\" decoding=\"async\" width=\"40\" height=\"40\" src=\"https:\/\/www.sage.com\/fr-fr\/blog\/wp-content\/uploads\/sites\/4\/2024\/07\/Christophe-Adam-350x350.jpg\" class=\"entry-author__image\" alt=\"Christophe Adam\" srcset=\"https:\/\/www.sage.com\/fr-fr\/blog\/wp-content\/uploads\/sites\/4\/2024\/07\/Christophe-Adam-350x350.jpg 350w, https:\/\/www.sage.com\/fr-fr\/blog\/wp-content\/uploads\/sites\/4\/2024\/07\/Christophe-Adam-768x768.jpg 768w, https:\/\/www.sage.com\/fr-fr\/blog\/wp-content\/uploads\/sites\/4\/2024\/07\/Christophe-Adam.jpg 800w\" sizes=\"auto, (max-width: 40px) 100vw, 40px\" \/>\t\t\t\t<span class=\"entry-author__name\">Christophe Adam<\/span>\n\t\t\t<\/a>\n\n\t\t\t\t\t<\/div>\n\n\t\t\t\t\t\t<\/div>\n\t\t\t\t\t<\/div>\n\t<\/div>\n<\/div>\n\n\n\n<p class=\"\">Pourquoi s\u2019interroger sur sa responsabilit\u00e9 d\u2019entreprise&nbsp;? Pourquoi adopter une <a href=\"https:\/\/www.sage.com\/fr-fr\/blog\/rse-une-demarche-vitale-qui-depasse-les-murs-des-entreprises\/\">d\u00e9marche RSE<\/a> structur\u00e9e et partag\u00e9e&nbsp;? Si vous vous posez la question aujourd\u2019hui, sachez que <strong>pour de plus en plus d\u2019entreprises, la conformit\u00e9 soci\u00e9tale est obligatoire<\/strong>. En particulier, la directive europ\u00e9enne CSRD (Reporting D\u00e9veloppement Durable des Entreprises) qui remplace en 2025 la directive actuelle NFRD (Reportig Extra Financier des entreprises), abaisse largement le seuil d\u2019exigibilit\u00e9<sup>1<\/sup>. La cons\u00e9quence est une stricte normalisation du reporting durable pour tous. Le greenwashing est banni&nbsp;! &nbsp;&nbsp;<\/p>\n\n\n\n<p class=\"\"><div class=\"single-cta\">\n\t<a\n\t\tclass=\"button button--primary gate-0edf4e42-b894-4e46-ba43-1d9feea7abe5 \"\n\t\trole=\"button\"\n\t\tdata-button-location=\"content_area\"\n\t\thref=\"#gate-0edf4e42-b894-4e46-ba43-1d9feea7abe5%20\"\n\t>T\u00e9l\u00e9chargez le guide &#8220;ETI, et si on changeait de mod\u00e8le\u2026&#8221;<\/a>\n<\/div>\n<\/p>\n\n\n\n<p class=\"\">Mais la bonne r\u00e9ponse \u00e0 la question n\u2019est pas d\u2019ordre r\u00e9glementaire. Une obligation ne constitue pas un projet&nbsp;! <strong>La motivation pour une entreprise \u00e0 engager une d\u00e9marche aboutie de responsabilit\u00e9 d\u2019entreprise, c\u2019est l\u2019int\u00e9r\u00eat bien compris<\/strong>. Les multiples trajectoires rapport\u00e9es dans la derni\u00e8re livraison d\u2019\u00c9quations sont \u00e9loquentes&nbsp;: tout le monde y gagne&nbsp;!<\/p>\n\n\n\n<p class=\"\">Car la progression vers une plus grande responsabilit\u00e9 d\u2019entreprise alimente un cercle vertueux o\u00f9 les collaborateurs sont davantage mobilis\u00e9s, les consommations de biens et de transport rationalis\u00e9es et le <a href=\"https:\/\/www.sage.com\/fr-fr\/blog\/daf-pedagogue-de-la-rse\/\">syst\u00e8me d\u2019information<\/a> enrichi. <strong>Les ETI, entreprises familiales et historiquement engag\u00e9es dans un dialogue exigeant avec leur territoire, le savent mieux que personne<\/strong>.<\/p>\n\n\n\n<p class=\"\">D\u2019ailleurs, 67 % des dirigeants de PME-ETI fran\u00e7aises affirment se pr\u00e9occuper des enjeux environnementaux<sup>2<\/sup>. Mais ils soulignent en m\u00eame temps combien la transformation r\u00e9elle des <a href=\"https:\/\/www.sage.com\/fr-fr\/blog\/glossaire\/business-plan-definition-du-business-plan\/\">business plan<\/a> demande du temps et de la comp\u00e9tence. <strong>La question n\u2019est plus pourquoi&nbsp;? mais comment&nbsp;? \u2026<\/strong><\/p>\n\n\n\n<p class=\"\">Avec sa collection \u00c9quations, Sage propose aux ETI <strong>des guides courts et complets qui donnent de nouveaux leviers pour relever les d\u00e9fis d\u2019aujourd\u2019hui.<\/strong><\/p>\n\n\n\n<p class=\"\">Dans ce num\u00e9ro consacr\u00e9 \u00e0 la RSE, les meilleures pratiques sont mises \u00e0 l\u2019honneur&nbsp;:<\/p>\n\n\n\n<ul class=\"wp-block-list\">\n<li>La coop\u00e9ration avec les salari\u00e9s.<\/li>\n\n\n\n<li>Le partage de 5 priorit\u00e9s d\u2019action pour aller droit \u00e0 l\u2019essentiel.<\/li>\n\n\n\n<li>La mobilisation de l\u2019\u00e9cosyst\u00e8me.<\/li>\n\n\n\n<li>La le\u00e7on de transformation de <a href=\"https:\/\/www.sage.com\/fr-fr\/blog\/faire-dialoguer-le-si-avec-les-machines-digitalsuccess\/\">Pocheco<\/a>, inventeur de l\u2019\u00e9colonomie.<\/li>\n\n\n\n<li>Le pari technologique d\u2019<a href=\"https:\/\/www.sage.com\/fr-fr\/blog\/faire-dialoguer-le-si-avec-les-machines-digitalsuccess\/\">Ermewa<\/a>, leader du fret durable.<\/li>\n\n\n\n<li>La servicisation d\u2019Adelya, pionnier du nettoyage d\u2019entreprise connect\u00e9.<\/li>\n\n\n\n<li>La nouvelle g\u00e9n\u00e9ration de syst\u00e8mes d\u2019information, f\u00e9d\u00e9rateur de toutes les \u00e9nergies.<\/li>\n\n\n\n<li>La mont\u00e9e en puissance du <em>Chief Impact Officer<\/em>, chef d\u2019orchestre des entreprises engag\u00e9es.<\/li>\n<\/ul>\n\n\n\n<p class=\"\">Entrer dans une d\u00e9marche de responsabilit\u00e9 d\u2019entreprise, c\u2019est accepter sans tabou de tout mettre en cause. Et finir par s\u2019apercevoir que <strong>la performance est boost\u00e9e autant que la r\u00e9putation<\/strong>. La r\u00e9flexion sur la consommation d\u2019\u00e9nergie d\u00e9bouche sur un nouveau mode de production. La question du bien-\u00eatre au travail entra\u00eene une am\u00e9lioration de l\u2019attractivit\u00e9.<\/p>\n\n\n\n<p class=\"\"><strong>Attention, vous ne pourrez plus vous arr\u00eater\u00a0!<\/strong><\/p>\n\n\n\n<p class=\"\">D\u00e9couvrez dans Sage Advice les autres num\u00e9ros de la collection \u00c9quations&nbsp;!&nbsp;:<\/p>\n\n\n\n<ul class=\"wp-block-list\">\n<li><a href=\"https:\/\/www.sage.com\/fr-fr\/blog\/economie-circulaire-et-si-on-arretait-de-tourner-en-rond\/\">\u00c9conomie circulaire&nbsp;: et si on arr\u00eatait de tourner en rond&nbsp;!<\/a><\/li>\n\n\n\n<li><a href=\"https:\/\/www.sage.com\/fr-fr\/blog\/risques-financiers-et-si-on-essayait-de-les-maitriser-vraiment\/\">Risques financiers&nbsp;: et si on essayait de les ma\u00eetriser vraiment&nbsp;?<\/a><\/li>\n\n\n\n<li><a href=\"https:\/\/www.sage.com\/fr-fr\/blog\/facture-electronique-et-si-on-allegeait-son-montant-en-anticipant\/\">Facture \u00e9lectronique&nbsp;: et si on all\u00e9geait son montant en anticipant&nbsp;?<\/a><\/li>\n\n\n\n<li><a href=\"https:\/\/www.sage.com\/fr-fr\/blog\/eti-accelerer-la-rotation-du-cash\/\">Recouvrement&nbsp;: et si on acc\u00e9l\u00e9rait la rotation du cash&nbsp;?<\/a><\/li>\n\n\n\n<li><a href=\"https:\/\/www.sage.com\/fr-fr\/blog\/eti-passer-a-la-finance-dynamique\/\">ETI, et si on passait \u00e0 la finance dynamique\u2026<\/a><\/li>\n\n\n\n<li><a href=\"https:\/\/www.sage.com\/fr-fr\/blog\/eti-et-si-on-changeait-de-modele\/\">ETI, et si on changeait de mod\u00e8le\u2026 <\/a><\/li>\n\n\n\n<li><a href=\"https:\/\/www.sage.com\/fr-fr\/blog\/eti-faire-attention-a-nos-donnees\/\">ETI, et si on faisait vraiment attention \u00e0 nos donn\u00e9es\u2026<\/a><\/li>\n<\/ul>\n\n\n\n<p class=\"\"><sup>1<\/sup>Entreprises cot\u00e9es et\/ou qui d\u00e9passent 2 des 3 seuils de r\u00e9f\u00e9rence&nbsp;: bilan &gt; 20 millions d\u2019euros&nbsp;; CA &gt; 40 millions d\u2019euros&nbsp;; effectif &gt; 250 salari\u00e9s.<\/p>\n\n\n\n<p class=\"\"><sup>2<\/sup>\u00c9tude Bpifrance Le Lab, 2023<\/p>\n \n<div class=\"single-cta gated-content\">\n\t<div class=\"single-cta__positioner\">\n\t\t<div class=\"single-cta__wrapper has-dark-background-color\">\n\t\t\t<div class=\"single-cta__content\">\n\t\t\t\t\t\t\t\t<h2 class=\"single-cta__title h3\">ETI, et si on changeait de mod\u00e8le\u2026<\/h2>\n\n\t\t\t\t\n\t\t\t\t\t\t\t\t\t\t\t\t\t\t<a\n\t\t\t\t\t\thref=\"#gate-0edf4e42-b894-4e46-ba43-1d9feea7abe5\"\n\t\t\t\t\t\tclass=\"single-cta__button button button--primary\"\n\t\t\t\t\t\t\t\t\t\t\t\t\t\t\t\t\t>T\u00e9l\u00e9chargez le guide<\/a>\n\t\t\t\t\t\t\t<\/div>\n\n\t\t\t\t\t<\/div>\n\n\t\t\t\t\t<img decoding=\"async\" width=\"1214\" height=\"810\" src=\"https:\/\/www.sage.com\/fr-fr\/blog\/wp-content\/uploads\/sites\/4\/2023\/05\/BrandShootLDN_Jul2022_TechSoftware_0052-1214x810.jpg\" class=\"single-cta__image\" alt=\"LB ETI, et si on changeait de mod\u00e8le\u2026\" loading=\"lazy\" srcset=\"https:\/\/www.sage.com\/fr-fr\/blog\/wp-content\/uploads\/sites\/4\/2023\/05\/BrandShootLDN_Jul2022_TechSoftware_0052-1214x810.jpg 1214w\" sizes=\"auto, (min-width: 48em) 33vw, 100vw\" \/>\t\t\t<\/div>\n<\/div>\n\n\n<div class=\"single-cta\">\n\t<div class=\"single-cta__positioner\">\n\t\t<div class=\"single-cta__wrapper has-dark-background-color\">\n\t\t\t<div class=\"single-cta__content\">\n\t\t\t\t\t\t\t\t<h2 class=\"single-cta__title h3\">Inscrivez-vous \u00e0 la e-newsletter mensuelle<\/h2>\n\n\t\t\t\t\n\t\t\t\t\t\t\t\t\t\t\t\t\t\t<a\n\t\t\t\t\t\thref=\"#gate-a947ade1-e692-455f-94ce-a275d72a9a11\"\n\t\t\t\t\t\tclass=\"single-cta__button button button--primary\"\n\t\t\t\t\t\t\t\t\t\t\t\t\t\t\t\t\t>Je m&#039;abonne<\/a>\n\t\t\t\t\t\t\t<\/div>\n\n\t\t\t\t\t<\/div>\n\n\t\t\t\t\t<img decoding=\"async\" width=\"1024\" height=\"779\" src=\"https:\/\/www.sage.com\/fr-fr\/blog\/wp-content\/uploads\/sites\/4\/2021\/05\/spreadsheets-1024x779-1.jpg\" class=\"single-cta__image\" alt=\"\" loading=\"lazy\" srcset=\"https:\/\/www.sage.com\/fr-fr\/blog\/wp-content\/uploads\/sites\/4\/2021\/05\/spreadsheets-1024x779-1.jpg 1024w\" sizes=\"auto, (min-width: 48em) 33vw, 100vw\" \/>\t\t\t<\/div>\n<\/div>\n","protected":false},"excerpt":{"rendered":"<p>Pourquoi s\u2019interroger sur sa responsabilit\u00e9 d\u2019entreprise&nbsp;? Pourquoi adopter une d\u00e9marche RSE structur\u00e9e et partag\u00e9e&nbsp;? Si vous vous posez la question aujourd\u2019hui, sachez que pour de plus en plus d\u2019entreprises, la conformit\u00e9 soci\u00e9tale est obligatoire. En particulier, la directive europ\u00e9enne CSRD (Reporting D\u00e9veloppement Durable des Entreprises) qui remplace en 2025 la directive actuelle NFRD (Reportig Extra [&hellip;]<\/p>\n","protected":false},"author":710,"featured_media":11187,"comment_status":"closed","ping_status":"closed","sticky":false,"template":"","format":"standard","meta":{"_sage_video":false,"post_featured_image_hide":false,"footnotes":""},"categories":[56],"tags":[605,169],"business_type":[8,9],"lilypad":[],"context":[],"industry":[23,24,25,26],"persona":[35,34,36],"imagine_tag":[],"coauthors":[906],"class_list":["post-14116","post","type-post","status-publish","format-standard","has-post-thumbnail","hentry","category-management-et-rh","tag-daf-directeur-administratif-financier","tag-rse","business_type-artisans-et-petites-entreprises","business_type-petites-et-moyennes-entreprises","industry-btp","industry-industrie","industry-negoce","industry-services"],"sage_meta":{"region":"fr-fr","author_name":"Christophe Adam","featured_image":"https:\/\/www.sage.com\/fr-fr\/blog\/wp-content\/uploads\/sites\/4\/2022\/04\/GettyImages-954307646.jpg","imagine_tags":[]},"distributor_meta":false,"distributor_terms":false,"distributor_media":false,"distributor_original_site_name":"Sage Advice France","distributor_original_site_url":"https:\/\/www.sage.com\/fr-fr\/blog","push-errors":false,"_links":{"self":[{"href":"https:\/\/www.sage.com\/fr-fr\/blog\/api\/wp\/v2\/posts\/14116","targetHints":{"allow":["GET"]}}],"collection":[{"href":"https:\/\/www.sage.com\/fr-fr\/blog\/api\/wp\/v2\/posts"}],"about":[{"href":"https:\/\/www.sage.com\/fr-fr\/blog\/api\/wp\/v2\/types\/post"}],"author":[{"embeddable":true,"href":"https:\/\/www.sage.com\/fr-fr\/blog\/api\/wp\/v2\/users\/710"}],"replies":[{"embeddable":true,"href":"https:\/\/www.sage.com\/fr-fr\/blog\/api\/wp\/v2\/comments?post=14116"}],"version-history":[{"count":0,"href":"https:\/\/www.sage.com\/fr-fr\/blog\/api\/wp\/v2\/posts\/14116\/revisions"}],"wp:featuredmedia":[{"embeddable":true,"href":"https:\/\/www.sage.com\/fr-fr\/blog\/api\/wp\/v2\/media\/11187"}],"wp:attachment":[{"href":"https:\/\/www.sage.com\/fr-fr\/blog\/api\/wp\/v2\/media?parent=14116"}],"wp:term":[{"taxonomy":"category","embeddable":true,"href":"https:\/\/www.sage.com\/fr-fr\/blog\/api\/wp\/v2\/categories?post=14116"},{"taxonomy":"post_tag","embeddable":true,"href":"https:\/\/www.sage.com\/fr-fr\/blog\/api\/wp\/v2\/tags?post=14116"},{"taxonomy":"business_type","embeddable":true,"href":"https:\/\/www.sage.com\/fr-fr\/blog\/api\/wp\/v2\/business_type?post=14116"},{"taxonomy":"lilypad","embeddable":true,"href":"https:\/\/www.sage.com\/fr-fr\/blog\/api\/wp\/v2\/lilypad?post=14116"},{"taxonomy":"context","embeddable":true,"href":"https:\/\/www.sage.com\/fr-fr\/blog\/api\/wp\/v2\/context?post=14116"},{"taxonomy":"industry","embeddable":true,"href":"https:\/\/www.sage.com\/fr-fr\/blog\/api\/wp\/v2\/industry?post=14116"},{"taxonomy":"persona","embeddable":true,"href":"https:\/\/www.sage.com\/fr-fr\/blog\/api\/wp\/v2\/persona?post=14116"},{"taxonomy":"imagine_tag","embeddable":true,"href":"https:\/\/www.sage.com\/fr-fr\/blog\/api\/wp\/v2\/imagine_tag?post=14116"},{"taxonomy":"author","embeddable":true,"href":"https:\/\/www.sage.com\/fr-fr\/blog\/api\/wp\/v2\/coauthors?post=14116"}],"curies":[{"name":"wp","href":"https:\/\/api.w.org\/{rel}","templated":true}]}}