{"id":14788,"date":"2023-07-21T11:10:23","date_gmt":"2023-07-21T09:10:23","guid":{"rendered":"https:\/\/www.sage.com\/fr-fr\/blog\/?p=14788"},"modified":"2025-04-18T10:35:34","modified_gmt":"2025-04-18T08:35:34","slug":"tracabilite-naturelle-chez-agape-group-temoignage","status":"publish","type":"post","link":"https:\/\/www.sage.com\/fr-fr\/blog\/tracabilite-naturelle-chez-agape-group-temoignage\/","title":{"rendered":"Tra\u00e7abilit\u00e9 au naturel chez Agap\u00e9 Group"},"content":{"rendered":"<header class=\"entry-header has-dark-background-color entry-header--has-illustration entry-header--has-illustration--generic\">\n\t<div class=\"container\">\n\t\t<div class=\"entry-header__row row align-center\">\n\t\t\t<div class=\"col col-lg-7 col-xlg-6 entry-header__content\">\n\t\t\t\t\t\t\t<div class=\"component component-single-header\">\n\t\t\t\t\t\t\t\t\t\t<div class=\"entry-header__misc text--subtitle text--uppercase text--small\">\n\t\t\t\t\t\t\t<a href=\"https:\/\/www.sage.com\/fr-fr\/blog\/categorie\/interviews-clients\/\" class=\"entry-header__link\">T\u00e9moignages clients<\/a>\t\t\t\t\t\t<\/div>\n\t\t\t\t\n\t\t\t\t<div class=\"entry-title-wrapper\">\n\t\t\t\t\t<h1 class=\"entry-title\">\n\t\t\t\t\t\tTra\u00e7abilit\u00e9 au naturel chez Agap\u00e9 Group\t\t\t\t\t<\/h1>\n\t\t\t\t<\/div>\n\n\t\t\t\t\t\t\t\t\t<p class=\"entry-header__description\">\n\t\t\t\t\t\t\t\t\t\t\t<\/p>\n\t\t\t\t\n\t\t\t\t\n\t\t\t\t\n\t\t\t<\/div>\n\n\t\t\t\t\t<\/div>\n\t\t\t\t\t<\/div>\n\t<\/div>\n\t<div class=\"single-post-details container\">\n\t\t<div class=\"col\">\n\t\t\t<span class=\"posted-on \"><time class=\"entry-date published\" datetime=\"2023-07-21T11:10:23+02:00\">July 21, 2023<\/time><\/span><span class=\"reading-time\"> min de lecture<\/span>\n\t\t<button\n\t\t\ttype=\"button\"\n\t\t\tclass=\"social-share-button button button--icon button--secondary js-social-share-button\"\n\t\t\tdata-share-title=\"Tra\u00e7abilit\u00e9 au naturel chez Agap\u00e9 Group\"\n\t\t\tdata-share-url=\"https:\/\/www.sage.com\/fr-fr\/blog\/tracabilite-naturelle-chez-agape-group-temoignage\/\"\n\t\t\tdata-share-text=\"Veuillez lire cet article int\u00e9ressant\"\n\t\t>\n\t\t\t<span class=\"social-share-button__share-label\">Partager<\/span>\n\t\t\t<span class=\"social-share-button__copy-label\" hidden>Copier le lien<\/span>\n\t\t\t<span class=\"social-share-button__copy-tooltip\" aria-hidden=\"true\" hidden>Copi\u00e9<\/span>\n\t\t<\/button>\n\n\t\t\t\t<\/div>\n\t<\/div>\n<\/header>\n\n\n<div class=\"wp-block-post-author has-dark-background-color alignfull\">\n\t<div class=\"container\">\n\t\t<div class=\"col\">\n\t\t\t\t\t\t\t<div class=\"co-authors\">\n\t\t\t\t\t\n\t\t<div class=\"entry-author-wrapper\">\n\t\t\t<a class=\"entry-author\" href=\"https:\/\/www.sage.com\/fr-fr\/blog\/author\/isabellecosniam\/\">\n\t\t\t\t<img loading=\"lazy\" decoding=\"async\" width=\"40\" height=\"40\" src=\"https:\/\/www.sage.com\/fr-fr\/blog\/wp-content\/uploads\/sites\/4\/2023\/07\/Cosniam-Isabelle-350x350.jpg\" class=\"entry-author__image\" alt=\"\" \/>\t\t\t\t<span class=\"entry-author__name\">Isabelle Cosniam<\/span>\n\t\t\t<\/a>\n\n\t\t\t\t\t<\/div>\n\n\t\t\t\t\t\t<\/div>\n\t\t\t\t\t<\/div>\n\t<\/div>\n<\/div>\n\n\n\n<p>Agap\u00e9 Group est une PME de 70 personnes qui travaille comme une industrie. Les exigences de qualit\u00e9 se manifestent \u00e0 toutes les \u00e9tapes du cycle de vie des produits&nbsp;: composants, mati\u00e8res premi\u00e8res, \u00e9tapes du process de fabrication et produits finis.<\/p>\n\n\n\n<p>Il \u00e9tait tr\u00e8s important pour Agap\u00e9 Group, en forte croissance, de disposer d\u2019un processus qualit\u00e9 digitalis\u00e9. <a href=\"https:\/\/www.sage.com\/fr-fr\/sage-business-cloud\/sage-x3\/\">Sage X3<\/a> param\u00e9tr\u00e9 cosm\u00e9tique op\u00e8re comme un feu tricolore, qui lib\u00e8re les lots aux \u00e9tapes successives de la supply chain.<\/p>\n\n\n\n<p>Au sommaire de cet article :<\/p>\n\n\n\n<ul class=\"wp-block-list\">\n<li> <a href=\"#passion\">Le fruit de la passion<\/a><\/li>\n\n\n\n<li> <a href=\"#information\">Un syst\u00e8me d&#8217;information repens\u00e9<\/a><\/li>\n\n\n\n<li> <a href=\"#challenge\">Un d\u00e9fi au quotidien<\/a><\/li>\n<\/ul>\n\n\n\n<figure class=\"wp-block-embed is-type-video is-provider-youtube wp-block-embed-youtube wp-embed-aspect-16-9 wp-has-aspect-ratio\"><div class=\"wp-block-embed__wrapper\">\n<div class=\"video-container-wrap -mode-full\"><div class=\"video-container\"><video\n\t\t\t\tclass=\"sage-video video-js vjs-default-skin \"\n\t\t\t\twidth=\"640\"\n\t\t\t\theight=\"360\"\n\t\t\t\tdata-setup='{ \"controls\": true, \"aspectRatio\" : \"16:9\", \"poster\": \"https:\/\/img.youtube.com\/vi\/EgAlFNMUqjA\/maxresdefault.jpg\", \"techOrder\": [\"youtube\"], \"enablejsapi\": 1, \"origin\": \"https:\/\/www.sage.com\", \"sources\": [{ \"type\": \"video\/youtube\", \"src\": \"https:\/\/www.youtube.com\/watch?v=EgAlFNMUqjA\"}], \"youtube\": { \"ytControls\": 0, \"cc_load_policy\": 3, \"modestbranding\": 1, \"hl\": \"fr_FR\", \"playsinline\": 1 } }'\n\t\t\t\tcrossorigin=\"\"><\/video><\/div><\/div>\n<\/div><\/figure>\n\n\n\n<h2 class=\"wp-block-heading\" id=\"passion\"><strong>Le projet&nbsp;de deux passionn\u00e9s de nature et d\u2019ar\u00f4mes<\/strong><\/h2>\n\n\n\n<h3 class=\"wp-block-heading\"><strong>L\u2019aventure d\u2019un couple de scientifiques<\/strong><\/h3>\n\n\n\n<p>En 2007, Delphine et David Lorenzi reprennent le Groupe Plantes &amp; Parfums. David est docteur en pharmacie, Delphine est biologiste. Sous la direction du couple, l\u2019entreprise s\u2019est recentr\u00e9e sur son expertise en mati\u00e8re de naturalit\u00e9.<\/p>\n\n\n\n<p>Fort de cette comp\u00e9tence reconnue par de multiples certifications et de la conviction des deux repreneurs, le groupe a rapidement grandi. De nouvelles marques et gammes f\u00e9d\u00e9r\u00e9es par cette exigence d\u2019authenticit\u00e9 ont \u00e9t\u00e9 int\u00e9gr\u00e9es dans l\u2019offre de l\u2019entreprise vauclusienne. &nbsp;<\/p>\n\n\n\n<p>Qu\u2019est ce qui fait courir Delphine et David&nbsp;?<\/p>\n\n\n\n<p>\u00ab&nbsp;<em>Notre m\u00e9tier est de d\u00e9velopper, de cr\u00e9er, des senteurs d&#8217;int\u00e9rieur naturelles, des cosm\u00e9tiques naturels, des cosm\u00e9tiques bio et des produits autour de l&#8217;aromath\u00e9rapie<\/em>&nbsp;\u00bb, \u00e9nonce David Lorenzi.<\/p>\n\n\n\n<h3 class=\"wp-block-heading\"><strong>Agap\u00e9 Group, aux sources de l\u2019humanisme antique<\/strong><\/h3>\n\n\n\n<p>En devenant Agap\u00e9 Group, qui d\u00e9signe dans la Gr\u00e8ce antique la forme la plus d\u00e9sint\u00e9ress\u00e9e de l\u2019amour, Plantes &amp; Parfums n\u2019a pas seulement chang\u00e9 de nom. Delphine et David Lorenzi ont souhait\u00e9 \u00e0 travers cette transformation exprimer la vision humaniste de leur projet d\u2019entreprise. L\u2019\u00e9volution a d\u2019ailleurs \u00e9t\u00e9 \u00e9tendue aux ateliers et bureaux, de mani\u00e8re \u00e0 placer leurs collaborateurs dans les meilleures conditions de travail. &nbsp;<\/p>\n\n\n\n<p>Pour David Lorenzi, \u00ab&nbsp;<em>aujourd&#8217;hui, au 21<sup>\u00e8me<\/sup> si\u00e8cle, les consommateurs sont f\u00e9rus d&#8217;\u00e9thique, de naturalit\u00e9 et de retour aux sources. Et les chefs d&#8217;entreprise \u00e9galement. Nous sommes une nouvelle g\u00e9n\u00e9ration, qui veut transcender des valeurs \u00e0 travers nos projets d\u2019entreprise. Des valeurs sociales, des valeurs soci\u00e9tales, environnementales. Des valeurs de respect. Ces valeurs constituent \u00e9videmment l&#8217;ADN d&#8217;une entreprise telle qu&#8217;Agap\u00e9 Group<\/em>&nbsp;\u00bb.<\/p>\n\n\n\n<p>Agap\u00e9 Group r\u00e9unit cinq marques, dont tous les produits sont con\u00e7us et fabriqu\u00e9s \u00e0 sa manufacture de Sablet&nbsp;:<\/p>\n\n\n\n<ul class=\"wp-block-list\">\n<li>Argandia, marque cosm\u00e9tique tr\u00e8s engag\u00e9e dans le commerce \u00e9quitable et le d\u00e9veloppement local<\/li>\n\n\n\n<li>Plantes &amp; Parfums, qui fait vivre la tradition florale proven\u00e7ale<\/li>\n\n\n\n<li>Finessence, d\u00e9di\u00e9e aux huiles essentielles et \u00e0 l\u2019aromath\u00e9rapie<\/li>\n\n\n\n<li>L\u2019Olive Bleue, une \u00e9picerie fine autour de l\u2019olive<\/li>\n\n\n\n<li>Villa Flora, cr\u00e9ateur&nbsp;de senteurs d\u2019int\u00e9rieur.<\/li>\n<\/ul>\n\n\n\n<h3 class=\"wp-block-heading\"><strong>Une cha\u00eene de fabrication ma\u00eetris\u00e9e \u00e0 100 %<\/strong><\/h3>\n\n\n\n<p>Tous les produits Agap\u00e9 Group sont con\u00e7us et \u00e9labor\u00e9s \u00e0 partir de mati\u00e8res premi\u00e8res naturelles \u00e0 la manufacture artisanale de Sablet, au c\u0153ur du Vaucluse. 1 000 points de vente ind\u00e9pendants, visit\u00e9s par une force de vente, assurent la promotion des produits sur l\u2019ensemble du territoire fran\u00e7ais&nbsp;; tandis que des importateurs permettent la diffusion \u00e0 l\u2019export. L\u2019entreprise dispose \u00e9galement de deux points de vente en propre, \u00e0 Sablet et \u00e0 Marseille.<\/p>\n\n\n\n<p>Agap\u00e9 Group emploie un peu plus de 70 salari\u00e9s \u00e0 ce jour, qui, ensemble ma\u00eetrisent la totalit\u00e9 des <a href=\"https:\/\/www.sage.com\/fr-fr\/blog\/rh-numerique-pour-votre-recrutement\/\">comp\u00e9tences indispensables<\/a> \u00e0 la r\u00e9ussite de l\u2019entreprise. David Lorenzi voit dans cette r\u00e9union de m\u00e9tiers la condition pour \u00ab&nbsp;<em>\u00eatre ma\u00eetre de la verticalit\u00e9 \u00e0 tous les \u00e9tages de la fus\u00e9e<\/em>&nbsp;\u00bb.<\/p>\n\n\n\n<h2 class=\"wp-block-heading\" id=\"information\"><strong>Un syst\u00e8me d\u2019information abord\u00e9 comme un \u00e9cosyst\u00e8me vivant<\/strong><\/h2>\n\n\n\n<h3 class=\"wp-block-heading\"><strong>Les moyens num\u00e9riques pour accompagner la volont\u00e9 de ma\u00eetrise<\/strong><\/h3>\n\n\n\n<p>Les \u00e9quipes Agap\u00e9 Group g\u00e8rent au quotidien 800 r\u00e9f\u00e9rences de produits finis et 5 000 r\u00e9f\u00e9rences de composants. Elles ont aussi besoin de coordonner de fa\u00e7on fluide leurs nombreuses t\u00e2ches, mises en \u0153uvre dans la r\u00e9ussite du projet. \u00ab&nbsp;<em>Pour r\u00e9pondre \u00e0 ce double besoin de tra\u00e7abilit\u00e9 et de coordination inter-m\u00e9tiers, nous avons d\u00e9cid\u00e9 de nous \u00e9quiper avec un ERP. Notre ancien syst\u00e8me n\u2019\u00e9tait clairement plus en phase avec notre niveau d\u2019exigence. Qui plus est dans un contexte de croissance de 15 \u00e0 20 % par an<\/em> \u00bb.<\/p>\n\n\n\n<p>Le choix d\u2019une solution telle que Sage X3 pr\u00e9-param\u00e9tr\u00e9 cosm\u00e9tique s\u2019est impos\u00e9e, \u00ab&nbsp;<em>qui associe la puissance de supercalculateur de Sage X3 \u00e0 la personnalisation cosm\u00e9tique de l\u2019interface <a href=\"https:\/\/www.progilife.com\/marche\/le-groupe-prog-info.html\" target=\"_blank\" rel=\"noreferrer noopener\">Progilife<\/a><\/em>&nbsp;\u00bb.<\/p>\n\n\n\n<p>L\u2019industrie cosm\u00e9tique a en effet ceci de particulier qu\u2019elle associe les contraintes de pr\u00e9cision propres \u00e0 l\u2019industrie aux exigences de bonnes pratiques de fabrication et de conformit\u00e9 qui caract\u00e9risent l\u2019\u00e9laboration de produits de soin.<\/p>\n\n\n\n<h3 class=\"wp-block-heading\">Un pilotage global des processus de l\u2019entreprise<\/h3>\n\n\n\n<p>Sage X3 verticalis\u00e9 pilote&nbsp;:<\/p>\n\n\n\n<ul class=\"wp-block-list\">\n<li>La production<\/li>\n\n\n\n<li>La <a href=\"https:\/\/www.sage.com\/fr-fr\/blog\/comment-gerer-son-stock-theorique\/\">gestion des stocks<\/a><\/li>\n\n\n\n<li>La gestion des <a href=\"https:\/\/www.sage.com\/fr-fr\/blog\/bonnes-pratiques-achats-pour-se-simplifier-la-vie\/\">achats<\/a><\/li>\n\n\n\n<li>La gestion logistique<\/li>\n\n\n\n<li>La gestion de la qualit\u00e9.<\/li>\n<\/ul>\n\n\n\n<p>David Lorenzi appr\u00e9cie particuli\u00e8rement la capacit\u00e9 du module qualit\u00e9 \u00e0 \u00e9valuer la performance \u00ab&nbsp;<em>\u00e0 toutes les \u00e9tapes du cycle de production&nbsp;: livraison des ingr\u00e9dients, traitement des composants en vrac et conditionnement des produits<\/em>&nbsp;\u00bb. &nbsp;&nbsp;<\/p>\n\n\n\n<h2 class=\"wp-block-heading\" id=\"challenge\"><strong>Un challenge quotidien au b\u00e9n\u00e9fice de la croissance<\/strong><\/h2>\n\n\n\n<h3 class=\"wp-block-heading\">Une nouvelle configuration tr\u00e8s facilement d\u00e9ploy\u00e9e&nbsp;<\/h3>\n\n\n\n<p>David Lorenzi le souligne, le m\u00e9tier d\u2019Agap\u00e9 Group est un m\u00e9tier \u00ab&nbsp;<em>o\u00f9 la tra\u00e7abilit\u00e9 est hyper importante. Les \u00e9tapes de process, de fabrication, de contr\u00f4le qualit\u00e9, mais \u00e9galement le versionning des op\u00e9rations, le versionning des composants, le versionning de nos formules doivent \u00eatre impeccablement trac\u00e9s. Cette verticalit\u00e9, l&#8217;ensemble des versionnings, l&#8217;ensemble des \u00e9tapes, est hyper bien trac\u00e9e \u00e0 travers la solution Sage X3 param\u00e9tr\u00e9e cosm\u00e9tique<\/em>&nbsp;\u00bb.<\/p>\n\n\n\n<p>De fait, l\u2019accompagnement de Prog\u2019Info a \u00e9t\u00e9 tr\u00e8s efficace. \u00ab&nbsp;<em>Toutes nos op\u00e9rations ont \u00e9t\u00e9 transf\u00e9r\u00e9es en moins d\u2019un an. La migration s\u2019est tr\u00e8s bien pass\u00e9e en d\u00e9pit du nombre \u00e9lev\u00e9 d\u2019informations \u00e0 transf\u00e9rer. Nous disposons d\u00e9sormais gr\u00e2ce \u00e0 Progilife d\u2019un modus operandi qui convient parfaitement \u00e0 l&#8217;ensemble de nos op\u00e9rations induites par notre sp\u00e9cificit\u00e9 cosm\u00e9tique<\/em> \u00bb.<\/p>\n\n\n\n<p>Lorsque l\u2019entreprise a d\u00e9cid\u00e9 d\u2019adopter Sage X3, elle ne comptait que 40 collaborateurs. \u00ab&nbsp;<em>Nous passions beaucoup de temps sur Excel<sup>\u00ae<\/sup>. J\u2019ai d\u00e9cid\u00e9 que cela ne pouvait plus durer. La rencontre avec Prog\u2019Info est intervenue quand il le fallait. Ils nous ont apport\u00e9 le bon logiciel avec la bonne interface. Qui correspond parfaitement \u00e0 notre m\u00e9tier&nbsp;!<\/em>&nbsp;\u00bb &nbsp;&nbsp;<\/p>\n\n\n\n<h3 class=\"wp-block-heading\">Un syst\u00e8me d\u2019information en construction permanente<\/h3>\n\n\n\n<p>La suite de la construction du <a href=\"https:\/\/www.sage.com\/fr-fr\/blog\/glossaire\/systeme-dinformation-definition\/\">syst\u00e8me d\u2019information<\/a> est totalement connect\u00e9e avec les projets strat\u00e9giques de l\u2019entreprise. \u00ab&nbsp;<em>Nous caressons un projet de d\u00e9veloppement \u00e0 l\u2019international, \u00e0 propos duquel le caract\u00e8re multi-soci\u00e9t\u00e9s et multi-l\u00e9gislations de Sage X3 sera absolument utile. En France, c\u2019est la poursuite de la digitalisation du cycle d\u2019exploitation qui nous mobilise, autour de la connexion de la centrale de pes\u00e9e et de la facilitation du travail des op\u00e9rateurs<\/em>&nbsp;\u00bb.<\/p>\n\n\n\n<p>Un module de CRM et un module de gestion logistique sont \u00e9galement envisag\u00e9s. De m\u00eame que l\u2019int\u00e9gration de <a href=\"https:\/\/www.sage.com\/fr-fr\/produits\/sage-bi-reporting\/\">Sage Business Reporting<\/a> au syst\u00e8me d\u2019information. \u00a0<\/p>\n\n\n\n<p><strong>En conclusion, Sage X3 param\u00e9tr\u00e9 cosm\u00e9tique conf\u00e8re \u00e0 Agap\u00e9 Group le b\u00e9n\u00e9fice d\u2019une int\u00e9gration compl\u00e8te<\/strong>.<\/p>\n\n\n\n<p>La colonne vert\u00e9brale est organis\u00e9e autour du client et autour du produit. Les m\u00e9tiers supports de l\u2019entreprise, comme&nbsp;:<\/p>\n\n\n\n<ul class=\"wp-block-list\">\n<li>La comptabilit\u00e9<\/li>\n\n\n\n<li>Le commercial<\/li>\n\n\n\n<li>L\u2019administration des ventes<\/li>\n<\/ul>\n\n\n\n<p>viennent s\u2019y adosser pour travailler ensemble et partager des informations. Demain, la business intelligence ajoutera une nouvelle couche au syst\u00e8me d\u2019information, pour produire des indicateurs encore plus pointus.<\/p>\n\n\n\n<p>D\u2019autres articles de Sage Advice proposent des contenus qui ouvrent de nouvelles perspectives&nbsp;:<\/p>\n\n\n\n<ul class=\"wp-block-list\">\n<li><a href=\"https:\/\/www.sage.com\/fr-fr\/blog\/erp-au-service-de-la-rse\/\">L\u2019ERP au service de la RSE de l\u2019entreprise : cas d\u2019usage<\/a><\/li>\n\n\n\n<li><a href=\"https:\/\/www.sage.com\/fr-fr\/blog\/erp-la-securite-indefectible\/\">Changer d\u2019ERP : comment Biotech Dental satisfait aux exigences de conformit\u00e9<\/a><\/li>\n\n\n\n<li><a href=\"https:\/\/www.sage.com\/fr-fr\/blog\/guernet-temoignage\/\">L&#8217;ERP apporte un bol d\u2019air aux \u00e9quipes Guernet<\/a><\/li>\n\n\n\n<li><a href=\"https:\/\/www.sage.com\/fr-fr\/blog\/believe-choisit-sage-x3-temoignage\/\">Believe choisit l&#8217;ERP pour accompagner sa croissance<\/a><\/li>\n<\/ul>\n\n\n<div class=\"single-cta\">\n\t<div class=\"single-cta__positioner\">\n\t\t<div class=\"single-cta__wrapper has-dark-background-color\">\n\t\t\t<div class=\"single-cta__content\">\n\t\t\t\t\t\t\t\t<h2 class=\"single-cta__title h3\">Inscrivez-vous \u00e0 la e-newsletter mensuelle<\/h2>\n\n\t\t\t\t\n\t\t\t\t\t\t\t\t\t\t\t\t\t\t<a\n\t\t\t\t\t\thref=\"#gate-a947ade1-e692-455f-94ce-a275d72a9a11\"\n\t\t\t\t\t\tclass=\"single-cta__button button button--primary\"\n\t\t\t\t\t\t\t\t\t\t\t\t\t\t\t\t\t>Je m&#039;abonne<\/a>\n\t\t\t\t\t\t\t<\/div>\n\n\t\t\t\t\t<\/div>\n\n\t\t\t\t\t<img decoding=\"async\" width=\"1024\" height=\"779\" src=\"https:\/\/www.sage.com\/fr-fr\/blog\/wp-content\/uploads\/sites\/4\/2021\/05\/spreadsheets-1024x779-1.jpg\" class=\"single-cta__image\" alt=\"\" loading=\"lazy\" srcset=\"https:\/\/www.sage.com\/fr-fr\/blog\/wp-content\/uploads\/sites\/4\/2021\/05\/spreadsheets-1024x779-1.jpg 1024w\" sizes=\"auto, (min-width: 48em) 33vw, 100vw\" \/>\t\t\t<\/div>\n<\/div>\n","protected":false},"excerpt":{"rendered":"<p>Agap\u00e9 Group est une PME de 70 personnes qui travaille comme une industrie. Les exigences de qualit\u00e9 se manifestent \u00e0 toutes les \u00e9tapes du cycle de vie des produits&nbsp;: composants, mati\u00e8res premi\u00e8res, \u00e9tapes du process de fabrication et produits finis. Il \u00e9tait tr\u00e8s important pour Agap\u00e9 Group, en forte croissance, de disposer d\u2019un processus qualit\u00e9 [&hellip;]<\/p>\n","protected":false},"author":297,"featured_media":14790,"comment_status":"closed","ping_status":"closed","sticky":false,"template":"","format":"standard","meta":{"_sage_video":false,"post_featured_image_hide":false,"footnotes":""},"categories":[886],"tags":[433,137,807,891],"business_type":[9],"lilypad":[],"context":[],"industry":[25,26],"persona":[34,870],"imagine_tag":[],"coauthors":[920],"class_list":["post-14788","post","type-post","status-publish","format-standard","has-post-thumbnail","hentry","category-interviews-clients","tag-gestion-de-production-gpao","tag-gestion-des-stocks","tag-interview-client-ou-expert","tag-temoignages-clients","business_type-petites-et-moyennes-entreprises","industry-negoce","industry-services"],"sage_meta":{"region":"fr-fr","author_name":"Isabelle Cosniam","featured_image":"https:\/\/www.sage.com\/fr-fr\/blog\/wp-content\/uploads\/sites\/4\/2023\/07\/Agape.jpg","imagine_tags":[]},"distributor_meta":false,"distributor_terms":false,"distributor_media":false,"distributor_original_site_name":"Sage Advice France","distributor_original_site_url":"https:\/\/www.sage.com\/fr-fr\/blog","push-errors":false,"_links":{"self":[{"href":"https:\/\/www.sage.com\/fr-fr\/blog\/api\/wp\/v2\/posts\/14788","targetHints":{"allow":["GET"]}}],"collection":[{"href":"https:\/\/www.sage.com\/fr-fr\/blog\/api\/wp\/v2\/posts"}],"about":[{"href":"https:\/\/www.sage.com\/fr-fr\/blog\/api\/wp\/v2\/types\/post"}],"author":[{"embeddable":true,"href":"https:\/\/www.sage.com\/fr-fr\/blog\/api\/wp\/v2\/users\/297"}],"replies":[{"embeddable":true,"href":"https:\/\/www.sage.com\/fr-fr\/blog\/api\/wp\/v2\/comments?post=14788"}],"version-history":[{"count":0,"href":"https:\/\/www.sage.com\/fr-fr\/blog\/api\/wp\/v2\/posts\/14788\/revisions"}],"wp:featuredmedia":[{"embeddable":true,"href":"https:\/\/www.sage.com\/fr-fr\/blog\/api\/wp\/v2\/media\/14790"}],"wp:attachment":[{"href":"https:\/\/www.sage.com\/fr-fr\/blog\/api\/wp\/v2\/media?parent=14788"}],"wp:term":[{"taxonomy":"category","embeddable":true,"href":"https:\/\/www.sage.com\/fr-fr\/blog\/api\/wp\/v2\/categories?post=14788"},{"taxonomy":"post_tag","embeddable":true,"href":"https:\/\/www.sage.com\/fr-fr\/blog\/api\/wp\/v2\/tags?post=14788"},{"taxonomy":"business_type","embeddable":true,"href":"https:\/\/www.sage.com\/fr-fr\/blog\/api\/wp\/v2\/business_type?post=14788"},{"taxonomy":"lilypad","embeddable":true,"href":"https:\/\/www.sage.com\/fr-fr\/blog\/api\/wp\/v2\/lilypad?post=14788"},{"taxonomy":"context","embeddable":true,"href":"https:\/\/www.sage.com\/fr-fr\/blog\/api\/wp\/v2\/context?post=14788"},{"taxonomy":"industry","embeddable":true,"href":"https:\/\/www.sage.com\/fr-fr\/blog\/api\/wp\/v2\/industry?post=14788"},{"taxonomy":"persona","embeddable":true,"href":"https:\/\/www.sage.com\/fr-fr\/blog\/api\/wp\/v2\/persona?post=14788"},{"taxonomy":"imagine_tag","embeddable":true,"href":"https:\/\/www.sage.com\/fr-fr\/blog\/api\/wp\/v2\/imagine_tag?post=14788"},{"taxonomy":"author","embeddable":true,"href":"https:\/\/www.sage.com\/fr-fr\/blog\/api\/wp\/v2\/coauthors?post=14788"}],"curies":[{"name":"wp","href":"https:\/\/api.w.org\/{rel}","templated":true}]}}