{"id":15098,"date":"2023-08-14T09:15:00","date_gmt":"2023-08-14T07:15:00","guid":{"rendered":"https:\/\/www.sage.com\/fr-fr\/blog\/?p=15098"},"modified":"2024-07-29T17:33:23","modified_gmt":"2024-07-29T15:33:23","slug":"barber-designer-paie-bien-taillee-temoignage","status":"publish","type":"post","link":"https:\/\/www.sage.com\/fr-fr\/blog\/barber-designer-paie-bien-taillee-temoignage\/","title":{"rendered":"Chez Barber Designer, m\u00eame la paie est bien taill\u00e9e"},"content":{"rendered":"<header class=\"entry-header has-dark-background-color entry-header--has-illustration entry-header--has-illustration--generic\">\n\t<div class=\"container\">\n\t\t<div class=\"entry-header__row row align-center\">\n\t\t\t<div class=\"col col-lg-7 col-xlg-6 entry-header__content\">\n\t\t\t\t\t\t\t<div class=\"component component-single-header\">\n\t\t\t\t\t\t\t\t\t\t<div class=\"entry-header__misc text--subtitle text--uppercase text--small\">\n\t\t\t\t\t\t\t<a href=\"https:\/\/www.sage.com\/fr-fr\/blog\/categorie\/interviews-clients\/\" class=\"entry-header__link\">T\u00e9moignages clients<\/a>\t\t\t\t\t\t<\/div>\n\t\t\t\t\n\t\t\t\t<div class=\"entry-title-wrapper\">\n\t\t\t\t\t<h1 class=\"entry-title\">\n\t\t\t\t\t\tChez Barber Designer, m\u00eame la paie est bien taill\u00e9e\t\t\t\t\t<\/h1>\n\t\t\t\t<\/div>\n\n\t\t\t\t\t\t\t\t\t<p class=\"entry-header__description\">\n\t\t\t\t\t\t\t\t\t\t\t<\/p>\n\t\t\t\t\n\t\t\t\t\n\t\t\t\t\n\t\t\t<\/div>\n\n\t\t\t\t\t<\/div>\n\t\t\t\t\t<\/div>\n\t<\/div>\n\t<div class=\"single-post-details container\">\n\t\t<div class=\"col\">\n\t\t\t<span class=\"posted-on \"><time class=\"entry-date published\" datetime=\"2023-08-14T09:15:00+02:00\">14 ao\u00fbt 2023<\/time><\/span><span class=\"reading-time\"> min de lecture<\/span>\n\t\t<button\n\t\t\ttype=\"button\"\n\t\t\tclass=\"social-share-button button button--icon button--secondary js-social-share-button\"\n\t\t\tdata-share-title=\"Chez Barber Designer, m\u00eame la paie est bien taill\u00e9e\"\n\t\t\tdata-share-url=\"https:\/\/www.sage.com\/fr-fr\/blog\/barber-designer-paie-bien-taillee-temoignage\/\"\n\t\t\tdata-share-text=\"Veuillez lire cet article int\u00e9ressant\"\n\t\t>\n\t\t\t<span class=\"social-share-button__share-label\">Partager<\/span>\n\t\t\t<span class=\"social-share-button__copy-label\" hidden>Copier le lien<\/span>\n\t\t\t<span class=\"social-share-button__copy-tooltip\" aria-hidden=\"true\" hidden>Copi\u00e9<\/span>\n\t\t<\/button>\n\n\t\t\t\t<\/div>\n\t<\/div>\n<\/header>\n\n\n<div class=\"wp-block-post-author has-dark-background-color alignfull\">\n\t<div class=\"container\">\n\t\t<div class=\"col\">\n\t\t\t\t\t\t\t<div class=\"co-authors\">\n\t\t\t\t\t\n\t\t<div class=\"entry-author-wrapper\">\n\t\t\t<a class=\"entry-author\" href=\"https:\/\/www.sage.com\/fr-fr\/blog\/author\/isabellecosniam\/\">\n\t\t\t\t<img loading=\"lazy\" decoding=\"async\" width=\"40\" height=\"40\" src=\"https:\/\/www.sage.com\/fr-fr\/blog\/wp-content\/uploads\/sites\/4\/2023\/07\/Cosniam-Isabelle-350x350.jpg\" class=\"entry-author__image\" alt=\"\" \/>\t\t\t\t<span class=\"entry-author__name\">Isabelle Cosniam<\/span>\n\t\t\t<\/a>\n\n\t\t\t\t\t<\/div>\n\n\t\t\t\t\t\t<\/div>\n\t\t\t\t\t<\/div>\n\t<\/div>\n<\/div>\n\n\n\n<p>Au sein d\u2019un salon de coiffure Barber Designer, r\u00e8gne une ambiance unique dans un cadre agr\u00e9able. Avec bient\u00f4t une centaine de paies \u00e0 r\u00e9aliser et un d\u00e9veloppement dynamique, l\u2019enseigne Barber Designer s\u2019impose comme un acteur qui compte dans l\u2019esth\u00e9tique haut de gamme et moderne.<\/p>\n\n\n\n<p>Parvenu \u00e0 une taille critique, Barber Designer a choisi d\u2019internaliser sa paie avec Sage Business Cloud Paie. &nbsp;L\u2019entreprise proc\u00e8de \u00e0 une soixantaine de paies aujourd\u2019hui et pr\u00e9voit d\u2019atteindre une centaine tr\u00e8s rapidement, pour accompagner le rythme d\u2019ouverture de salons.<\/p>\n\n\n\n<p>La guerre des talents figure parmi les d\u00e9fis les plus importants des ann\u00e9es qui viennent. De ce fait,<\/p>\n\n\n\n<p>la fonction RH se trouve au pied du mur pour d\u00e9velopper de nouvelles ressources d\u2019attractivit\u00e9, renforcer la fid\u00e9lisation des personnes en place et s\u2019assurer de l\u2019engagement de chacun.<\/p>\n\n\n\n<h2 class=\"wp-block-heading\" id=\"h-barber-designer-une-promesse-de-modernite-chic\">Barber Designer : <strong>une promesse de modernit\u00e9 chic<\/strong><\/h2>\n\n\n\n<h3 class=\"wp-block-heading\" id=\"h-la-disruption-de-l-esthetique-haut-de-gamme\"><strong>La disruption de l\u2019esth\u00e9tique haut de gamme<\/strong><\/h3>\n\n\n\n<p>Barber Designer est une enseigne en pleine ascension. Son parti pris est simple&nbsp;: offrir une prestation au diapason des aspirations du moment.<\/p>\n\n\n\n<p>Aur\u00e9lie Coraziari est sa Directrice des Ressources Humaines, en charge de l\u2019ensemble des missions concernant le personnel de l\u2019enseigne d\u2019esth\u00e9tique moderne. \u00ab&nbsp;<em>En tout, nous assurons aujourd\u2019hui une soixantaine de paies mensuellement. Mais au rythme o\u00f9 nous nous d\u00e9veloppons, nous d\u00e9passerons prochainement la centaine de r\u00e9mun\u00e9rations mensuelles<\/em>&nbsp;\u00bb.<\/p>\n\n\n\n<h3 class=\"wp-block-heading\" id=\"h-le-choix-d-internaliser-la-paie-chez-barber-designer\"><strong>Le choix d\u2019internaliser la paie<\/strong> chez Barber Designer<\/h3>\n\n\n\n<p>Pour accompagner sa croissance et totalement ma\u00eetriser le pilotage des ressources humaines, le fondateur du Groupe a d\u00e9cid\u00e9 mi-2021 de rapatrier la gestion de la paie, confi\u00e9e \u00e0 ses d\u00e9buts \u00e0 un cabinet ext\u00e9rieur.<\/p>\n\n\n\n<p>C\u2019est dans ce contexte qu\u2019Aur\u00e9lie Coraziari a \u00e9t\u00e9 recrut\u00e9e. \u00ab&nbsp;<em>Je suis DRH \u00e0 temps partag\u00e9 entre trois r\u00e9seaux&nbsp;: Barber Designer, Show-Room MK et une enseigne de restauration rapide. Une partie de mon activit\u00e9 se r\u00e9alise \u00e0 distance. Le reste du temps, je suis sur le terrain, pour proc\u00e9der aux recrutements et accompagner les managers des salons et des restaurants<\/em>&nbsp;\u00bb. &nbsp;&nbsp;&nbsp;<\/p>\n\n\n\n<h2 class=\"wp-block-heading\" id=\"h-un-pilotage-agile-de-2-conventions-collectives-et-11-entites-juridiques\"><strong>Un pilotage agile de 2 conventions collectives et 11 entit\u00e9s juridiques<\/strong><\/h2>\n\n\n\n<h3 class=\"wp-block-heading\" id=\"h-une-solution-de-paie-en-phase-avec-les-valeurs-des-reseaux-barber-designer\"><strong>Une solution de paie en phase avec les valeurs des r\u00e9seaux<\/strong> Barber Designer<\/h3>\n\n\n\n<p>Aur\u00e9lie Coraziari a eu carte blanche pour choisir la solution de gestion de paie. \u00ab&nbsp;<em>J\u2019avais en t\u00eate de trouver une solution de gestion de paie moderne, comme nous. C\u2019est-\u00e0-dire r\u00e9cente, compl\u00e8te et \u00e9volutive. Le gros plus de <a href=\"https:\/\/www.sage.com\/fr-fr\/sage-business-cloud\/logiciels\/gestionnaire-de-paie\/\">Sage Business Cloud Paie<\/a>, la raison de mon choix, c\u2019est l\u2019ergonomie. \u00c0 l\u2019essai, j\u2019ai eu tout de suite plaisir \u00e0 naviguer sur la plateforme de Sage, dont je connaissais par ailleurs le s\u00e9rieux de la marque<\/em>&nbsp;\u00bb.<\/p>\n\n\n\n<p>Un point a cependant \u00e9t\u00e9 d\u00e9terminant dans le choix de la DRH&nbsp;: l\u2019ouverture de la solution. \u00ab&nbsp;<em>Dans un groupe o\u00f9 les salari\u00e9s sont dispers\u00e9s sur le territoire comme le n\u00f4tre, les signes d\u2019appartenance sont tr\u00e8s importants. Pouvoir personnaliser les bulletins de paie a beaucoup de valeur \u00e0 mes yeux<\/em>&nbsp;\u00bb.<\/p>\n\n\n\n<h3 class=\"wp-block-heading\" id=\"h-l-accompagnement-par-un-acteur-de-proximite\"><strong>L\u2019accompagnement par un acteur de proximit\u00e9<\/strong><\/h3>\n\n\n\n<p>D\u00e8s le d\u00e9but de l\u2019aventure d\u2019internalisation de la paie, Aur\u00e9lie Coraziari a choisi <a href=\"http:\/\/www.adsi-pme.com\/\">ADSI<\/a> pour l\u2019accompagner. \u00ab&nbsp;<em>ADSI est un acteur local, bien implant\u00e9 dans l\u2019Ouest de la France. Mais ce qui a compt\u00e9, c\u2019est leur compr\u00e9hension des dynamiques d\u2019entreprises. Ils sont \u00e0 l\u2019\u00e9coute et ma\u00eetrisent leur sujet<\/em>&nbsp;\u00bb.<\/p>\n\n\n\n<p>Pass\u00e9e par un cabinet de chasseurs de t\u00eate, un cabinet de gestion sociale et titulaire d\u2019une exp\u00e9rience de DRH dans une autre entreprise, Aur\u00e9lie Coraziari conna\u00eet toutes les facettes du m\u00e9tier. \u00ab&nbsp;<em>ADSI a tr\u00e8s bien compris que je suis tr\u00e8s autonome. Ils m\u2019ont aid\u00e9e au d\u00e9part en me formant et interviennent en cas de besoin, \u00e0 ma demande. Ils savent r\u00e9pondre pr\u00e9sents tr\u00e8s rapidement<\/em>&nbsp;\u00bb.&nbsp; &nbsp;&nbsp;<\/p>\n\n\n\n<h3 class=\"wp-block-heading\" id=\"h-une-solution-evolutive\"><strong>Une solution \u00e9volutive<\/strong><\/h3>\n\n\n\n<p>Avec Sage Business Cloud Paie, Aur\u00e9lie Coraziari sait qu\u2019elle a choisi une plateforme \u00e9volutive, capable de l\u2019accompagner encore longtemps. <em>\u00ab&nbsp;Avec notre rythme d\u2019ouverture actuel, nous allons prochainement atteindre la centaine de <a href=\"https:\/\/www.sage.com\/fr-fr\/blog\/glossaire\/fiche-de-paie-definition-du-bulletin-de-salaire\/\">fiches de paie<\/a> mensuelles. Je peux sereinement me consacrer aux <a href=\"https:\/\/www.sage.com\/fr-fr\/blog\/votre-marque-employeur-levier-de-recrutement\/\">recrutements<\/a> et \u00e0 l\u2019int\u00e9gration des \u00e9quipiers. Sage Business Cloud Paie est tr\u00e8s automatis\u00e9 et les mises \u00e0 jour \u00e0 chaque \u00e9volution r\u00e9glementaire sont pilot\u00e9es directement par l\u2019\u00e9diteur. Tr\u00e8s souple, la solution permet aussi de reprendre des salari\u00e9s \u00e0 n\u2019importe quel moment de l\u2019ann\u00e9e, sans perdre une seule donn\u00e9e<\/em>&nbsp;\u00bb. &nbsp;&nbsp;&nbsp;<\/p>\n\n\n\n<p><strong>En conclusion, pl\u00e9biscit\u00e9e pour son ergonomie par Barber Designer, Sage Business Cloud Paie apporte en plus l\u2019efficacit\u00e9.<\/strong><\/p>\n\n\n\n<p>D\u2019autres articles de Sage Advice sont \u00e0 lire pour aider la fonction RH dans cette mission strat\u00e9gique, qui vise \u00e0 replacer l\u2019entreprise au c\u0153ur de ses salari\u00e9s&nbsp;: &nbsp;<\/p>\n\n\n\n<ul class=\"wp-block-list\">\n<li><a href=\"https:\/\/www.sage.com\/fr-fr\/blog\/employes-aujourdhui-dematerialisation-rh-mini-guide\/\">D\u00e9mat\u00e9rialisation RH : adressez-vous aux employ\u00e9s d\u2019aujourd\u2019hui !<\/a><\/li>\n<\/ul>\n\n\n<div class=\"single-cta\">\n\t<div class=\"single-cta__positioner\">\n\t\t<div class=\"single-cta__wrapper has-dark-background-color\">\n\t\t\t<div class=\"single-cta__content\">\n\t\t\t\t\t\t\t\t<h2 class=\"single-cta__title h3\">Inscrivez-vous \u00e0 la e-newsletter mensuelle<\/h2>\n\n\t\t\t\t\n\t\t\t\t\t\t\t\t\t\t\t\t\t\t<a\n\t\t\t\t\t\thref=\"#gate-a947ade1-e692-455f-94ce-a275d72a9a11\"\n\t\t\t\t\t\tclass=\"single-cta__button button button--primary\"\n\t\t\t\t\t\t\t\t\t\t\t\t\t\t\t\t\t>Je m&#039;abonne<\/a>\n\t\t\t\t\t\t\t<\/div>\n\n\t\t\t\t\t<\/div>\n\n\t\t\t\t\t<img decoding=\"async\" width=\"1024\" height=\"779\" src=\"https:\/\/www.sage.com\/fr-fr\/blog\/wp-content\/uploads\/sites\/4\/2021\/05\/spreadsheets-1024x779-1.jpg\" class=\"single-cta__image\" alt=\"\" loading=\"lazy\" srcset=\"https:\/\/www.sage.com\/fr-fr\/blog\/wp-content\/uploads\/sites\/4\/2021\/05\/spreadsheets-1024x779-1.jpg 1024w\" sizes=\"auto, (min-width: 48em) 33vw, 100vw\" \/>\t\t\t<\/div>\n<\/div>\n","protected":false},"excerpt":{"rendered":"<p>Au sein d\u2019un salon de coiffure Barber Designer, r\u00e8gne une ambiance unique dans un cadre agr\u00e9able. Avec bient\u00f4t une centaine de paies \u00e0 r\u00e9aliser et un d\u00e9veloppement dynamique, l\u2019enseigne Barber Designer s\u2019impose comme un acteur qui compte dans l\u2019esth\u00e9tique haut de gamme et moderne. Parvenu \u00e0 une taille critique, Barber Designer a choisi d\u2019internaliser sa [&hellip;]<\/p>\n","protected":false},"author":297,"featured_media":15102,"comment_status":"closed","ping_status":"closed","sticky":false,"template":"","format":"standard","meta":{"_sage_video":false,"post_featured_image_hide":false,"footnotes":""},"categories":[886],"tags":[807,91,891],"business_type":[9],"lilypad":[],"context":[],"industry":[26],"persona":[34,36,869],"imagine_tag":[],"coauthors":[920],"class_list":["post-15098","post","type-post","status-publish","format-standard","has-post-thumbnail","hentry","category-interviews-clients","tag-interview-client-ou-expert","tag-rh-et-fiche-de-paie","tag-temoignages-clients","business_type-petites-et-moyennes-entreprises","industry-services"],"sage_meta":{"region":"fr-fr","author_name":"Isabelle Cosniam","featured_image":"https:\/\/www.sage.com\/fr-fr\/blog\/wp-content\/uploads\/sites\/4\/2023\/08\/Barber-Designer-Temoignage.jpg","imagine_tags":[]},"distributor_meta":false,"distributor_terms":false,"distributor_media":false,"distributor_original_site_name":"Sage Advice France","distributor_original_site_url":"https:\/\/www.sage.com\/fr-fr\/blog","push-errors":false,"_links":{"self":[{"href":"https:\/\/www.sage.com\/fr-fr\/blog\/api\/wp\/v2\/posts\/15098","targetHints":{"allow":["GET"]}}],"collection":[{"href":"https:\/\/www.sage.com\/fr-fr\/blog\/api\/wp\/v2\/posts"}],"about":[{"href":"https:\/\/www.sage.com\/fr-fr\/blog\/api\/wp\/v2\/types\/post"}],"author":[{"embeddable":true,"href":"https:\/\/www.sage.com\/fr-fr\/blog\/api\/wp\/v2\/users\/297"}],"replies":[{"embeddable":true,"href":"https:\/\/www.sage.com\/fr-fr\/blog\/api\/wp\/v2\/comments?post=15098"}],"version-history":[{"count":0,"href":"https:\/\/www.sage.com\/fr-fr\/blog\/api\/wp\/v2\/posts\/15098\/revisions"}],"wp:featuredmedia":[{"embeddable":true,"href":"https:\/\/www.sage.com\/fr-fr\/blog\/api\/wp\/v2\/media\/15102"}],"wp:attachment":[{"href":"https:\/\/www.sage.com\/fr-fr\/blog\/api\/wp\/v2\/media?parent=15098"}],"wp:term":[{"taxonomy":"category","embeddable":true,"href":"https:\/\/www.sage.com\/fr-fr\/blog\/api\/wp\/v2\/categories?post=15098"},{"taxonomy":"post_tag","embeddable":true,"href":"https:\/\/www.sage.com\/fr-fr\/blog\/api\/wp\/v2\/tags?post=15098"},{"taxonomy":"business_type","embeddable":true,"href":"https:\/\/www.sage.com\/fr-fr\/blog\/api\/wp\/v2\/business_type?post=15098"},{"taxonomy":"lilypad","embeddable":true,"href":"https:\/\/www.sage.com\/fr-fr\/blog\/api\/wp\/v2\/lilypad?post=15098"},{"taxonomy":"context","embeddable":true,"href":"https:\/\/www.sage.com\/fr-fr\/blog\/api\/wp\/v2\/context?post=15098"},{"taxonomy":"industry","embeddable":true,"href":"https:\/\/www.sage.com\/fr-fr\/blog\/api\/wp\/v2\/industry?post=15098"},{"taxonomy":"persona","embeddable":true,"href":"https:\/\/www.sage.com\/fr-fr\/blog\/api\/wp\/v2\/persona?post=15098"},{"taxonomy":"imagine_tag","embeddable":true,"href":"https:\/\/www.sage.com\/fr-fr\/blog\/api\/wp\/v2\/imagine_tag?post=15098"},{"taxonomy":"author","embeddable":true,"href":"https:\/\/www.sage.com\/fr-fr\/blog\/api\/wp\/v2\/coauthors?post=15098"}],"curies":[{"name":"wp","href":"https:\/\/api.w.org\/{rel}","templated":true}]}}