{"id":16503,"date":"2023-11-06T09:56:40","date_gmt":"2023-11-06T08:56:40","guid":{"rendered":"https:\/\/www.sage.com\/fr-fr\/blog\/?p=16503"},"modified":"2026-01-07T15:54:45","modified_gmt":"2026-01-07T14:54:45","slug":"pourquoi-une-pdp-sage-les-attentes-daltitude-infra","status":"publish","type":"post","link":"https:\/\/www.sage.com\/fr-fr\/blog\/pourquoi-une-pdp-sage-les-attentes-daltitude-infra\/","title":{"rendered":"Pourquoi une plateforme agr\u00e9\u00e9e (ex PDP) Sage\u00a0? Les attentes d\u2019Altitude Infra"},"content":{"rendered":"<header class=\"entry-header has-dark-background-color entry-header--has-illustration entry-header--has-illustration--generic\">\n\t<div class=\"container\">\n\t\t<div class=\"entry-header__row row align-center\">\n\t\t\t<div class=\"col col-lg-7 col-xlg-6 entry-header__content\">\n\t\t\t\t\t\t\t<div class=\"component component-single-header\">\n\t\t\t\t\t\t\t\t\t\t<div class=\"entry-header__misc text--subtitle text--uppercase text--small\">\n\t\t\t\t\t\t\t<a href=\"https:\/\/www.sage.com\/fr-fr\/blog\/categorie\/guides-et-modeles-gratuits\/\" class=\"entry-header__link\">Guides et mod\u00e8les gratuits<\/a>\t\t\t\t\t\t<\/div>\n\t\t\t\t\n\t\t\t\t<div class=\"entry-title-wrapper\">\n\t\t\t\t\t<h1 class=\"entry-title\">\n\t\t\t\t\t\tPourquoi une plateforme agr\u00e9\u00e9e (ex PDP) Sage\u00a0? Les attentes d\u2019Altitude Infra\t\t\t\t\t<\/h1>\n\t\t\t\t<\/div>\n\n\t\t\t\t\t\t\t\t\t<p class=\"entry-header__description\">\n\t\t\t\t\t\t\t\t\t\t\t<\/p>\n\t\t\t\t\n\t\t\t\t\n\t\t\t\t\n\t\t\t<\/div>\n\n\t\t\t\t\t<\/div>\n\t\t\t\t\t<\/div>\n\t<\/div>\n\t<div class=\"single-post-details container\">\n\t\t<div class=\"col\">\n\t\t\t<span class=\"posted-on \"><time class=\"entry-date published\" datetime=\"2023-11-06T09:56:40+01:00\">6 novembre 2023<\/time><\/span><span class=\"reading-time\"> min de lecture<\/span>\n\t\t<button\n\t\t\ttype=\"button\"\n\t\t\tclass=\"social-share-button button button--icon button--secondary js-social-share-button\"\n\t\t\tdata-share-title=\"Pourquoi une plateforme agr\u00e9\u00e9e (ex PDP) Sage\u00a0? Les attentes d\u2019Altitude Infra\"\n\t\t\tdata-share-url=\"https:\/\/www.sage.com\/fr-fr\/blog\/pourquoi-une-pdp-sage-les-attentes-daltitude-infra\/\"\n\t\t\tdata-share-text=\"Veuillez lire cet article int\u00e9ressant\"\n\t\t>\n\t\t\t<span class=\"social-share-button__share-label\">Partager<\/span>\n\t\t\t<span class=\"social-share-button__copy-label\" hidden>Copier le lien<\/span>\n\t\t\t<span class=\"social-share-button__copy-tooltip\" aria-hidden=\"true\" hidden>Copi\u00e9<\/span>\n\t\t<\/button>\n\n\t\t\t\t<\/div>\n\t<\/div>\n<\/header>\n\n\n\n<div class=\"wp-block-post-author has-dark-background-color alignfull\">\n\t<div class=\"container\">\n\t\t<div class=\"col\">\n\t\t\t\t\t\t\t<div class=\"co-authors\">\n\t\t\t\t\t\n\t\t<div class=\"entry-author-wrapper\">\n\t\t\t<a class=\"entry-author\" href=\"https:\/\/www.sage.com\/fr-fr\/blog\/author\/pascaljousset\/\">\n\t\t\t\t<img loading=\"lazy\" decoding=\"async\" width=\"40\" height=\"40\" src=\"https:\/\/www.sage.com\/fr-fr\/blog\/wp-content\/uploads\/sites\/4\/2023\/10\/pascal-jousset-350x350.jpg\" class=\"entry-author__image\" alt=\"pascal-jousset\" srcset=\"https:\/\/www.sage.com\/fr-fr\/blog\/wp-content\/uploads\/sites\/4\/2023\/10\/pascal-jousset-350x350.jpg 350w, https:\/\/www.sage.com\/fr-fr\/blog\/wp-content\/uploads\/sites\/4\/2023\/10\/pascal-jousset.jpg 600w\" sizes=\"auto, (max-width: 40px) 100vw, 40px\" \/>\t\t\t\t<span class=\"entry-author__name\">Pascal Jousset<\/span>\n\t\t\t<\/a>\n\n\t\t\t\t\t<\/div>\n\n\t\t\t\t\t\t<\/div>\n\t\t\t\t\t<\/div>\n\t<\/div>\n<\/div>\n\n\n\n\n\n<p>La <a href=\"https:\/\/www.sage.com\/fr-fr\/blog\/plateforme-de-dematerialisation-portail-public\/\">plateforme agr\u00e9\u00e9 <\/a>de Sage apporte de nouvelles perspectives aux entreprises pr\u00eates \u00e0 avancer sur la facture \u00e9lectronique. <a href=\"https:\/\/www.sage.com\/fr-fr\/blog\/altitude-infra-decarbonation-temoignage\/\">Altitude Infra<\/a> est un op\u00e9rateur d\u2019infrastructure sp\u00e9cialis\u00e9 dans la couverture en Tr\u00e8s Haut D\u00e9bit des zones peu denses. En clair, l\u2019entreprise apporte la brique essentielle \u00e0 la transformation digitale des entreprises install\u00e9es dans les territoires.<\/p>\n\n\n\n<p>C\u2019est sans doute pour cela qu\u2019Altitude Infra s\u2019est tr\u00e8s t\u00f4t appropri\u00e9 les perspectives positives de la digitalisation<strong>. En premier lieu la d\u00e9mat\u00e9rialisation du processus de facturation. &nbsp;&nbsp;<\/strong><\/p>\n\n\n<?xml encoding=\"utf-8\" ?><div class=\"wp-block-yoast-seo-table-of-contents yoast-table-of-contents\"><ul><li><a href=\"#h-les-attente-d-altitude-infra-nbsp\" data-level=\"2\">Les attente d&rsquo; Altitude Infra &nbsp;<\/a><\/li><li><a href=\"#h-pourquoi-choisir-la-plateforme-agreee-de-sage-nbsp\" data-level=\"2\">Pourquoi choisir la plateforme agr&eacute;&eacute;e de Sage&nbsp;?<\/a><ul><li><a href=\"#declarez\" data-level=\"3\">Comment s&rsquo;inscrire &agrave; la plateforme agr&eacute;&eacute;e de Sage ?<\/a><\/li><\/ul><\/li><\/ul><\/div>\n\n\n\n<h2 class=\"wp-block-heading\" id=\"h-les-attente-d-altitude-infra-nbsp\">Les attente d&rsquo;<strong>Altitude Infra<\/strong>&nbsp;<\/h2>\n\n\n\n<p>Nicolas Delmas, Responsable du <a href=\"https:\/\/www.sage.com\/fr-fr\/blog\/glossaire\/systeme-dinformation-definition\/\">Syst\u00e8me d\u2019information<\/a> de Gestion d\u2019Altitude Infra, discerne 2 avantages principaux \u00e0 la <a href=\"https:\/\/www.sage.com\/fr-fr\/dematerialisation\/facture-electronique\/\">facture \u00e9lectronique<\/a>.<\/p>\n\n\n\n<p>2 bonds en avant tr\u00e8s importants pour une PME attentive \u00e0 son efficacit\u00e9 de gestion&nbsp;:<\/p>\n\n\n\n<ul class=\"wp-block-list\">\n<li><strong>L\u2019int\u00e9gration automatis\u00e9e des factures<\/strong> de ses fournisseurs dans la comptabilit\u00e9 de l\u2019entreprise.<\/li>\n\n\n\n<li><strong>L\u2019information en temps r\u00e9el de l\u2019avancement de la facture vers son r\u00e8glement<\/strong> dans le syst\u00e8me d\u2019information de ses clients.<\/li>\n<\/ul>\n\n\n\n<p>Ayant parfaitement per\u00e7u les b\u00e9n\u00e9fices de ce dialogue direct, <em>machine-to-machine<\/em>, entre les syst\u00e8mes d\u2019information des entreprises de son \u00e9cosyst\u00e8me, Nicolas Delmas interpelle Sage. Il veut en effet<strong> conna\u00eetre la feuille de route de son \u00e9diteur relativement \u00e0 la facilitation de son insertion dans cette comptabilit\u00e9 en r\u00e9seau<\/strong>. &nbsp;<\/p>\n\n\n\n<h2 class=\"wp-block-heading\" id=\"h-pourquoi-choisir-la-plateforme-agreee-de-sage-nbsp\"><strong>Pourquoi choisir la plateforme agr\u00e9\u00e9e de Sage&nbsp;? <\/strong><\/h2>\n\n\n\n<figure class=\"wp-block-embed is-type-video is-provider-youtube wp-block-embed-youtube wp-embed-aspect-16-9 wp-has-aspect-ratio\"><div class=\"wp-block-embed__wrapper\">\n<div class=\"video-container-wrap -mode-full\"><div class=\"video-container\"><video\n\t\t\t\tclass=\"sage-video video-js vjs-default-skin \"\n\t\t\t\twidth=\"640\"\n\t\t\t\theight=\"360\"\n\t\t\t\tdata-setup='{ \"controls\": true, \"aspectRatio\" : \"16:9\", \"poster\": \"https:\/\/img.youtube.com\/vi\/YPmlHc_KOo0\/maxresdefault.jpg\", \"techOrder\": [\"youtube\"], \"enablejsapi\": 1, \"origin\": \"https:\/\/www.sage.com\", \"sources\": [{ \"type\": \"video\/youtube\", \"src\": \"https:\/\/www.youtube.com\/watch?v=YPmlHc_KOo0\"}], \"youtube\": { \"ytControls\": 0, \"cc_load_policy\": 3, \"modestbranding\": 1, \"hl\": \"fr_FR\", \"playsinline\": 1 } }'\n\t\t\t\tcrossorigin=\"\"><\/video><\/div><\/div>\n<\/div><\/figure>\n\n\n\n<p><a href=\"https:\/\/www.linkedin.com\/search\/results\/all\/?fetchDeterministicClustersOnly=true&amp;heroEntityKey=urn%3Ali%3Afsd_profile%3AACoAABT9Xb0BaLIyOvZXZOHMLqPIMPWey_VypdY&amp;keywords=pascal%20jousset&amp;origin=RICH_QUERY_TYPEAHEAD_HISTORY&amp;position=0&amp;searchId=c54174b4-5cce-4453-805c-97bd9ab7a6cf&amp;sid=4%408\" target=\"_blank\" rel=\"noreferrer noopener\">Pascal Jousset<\/a> est Chef de Produit Facture \u00e9lectronique chez Sage. Il explique tr\u00e8s simplement que la plateforme agr\u00e9\u00e9e Sage est d\u2019abord une <strong>porte d\u2019entr\u00e9e<\/strong>. Une porte d\u2019entr\u00e9e dans le r\u00e9seau inter-entreprises n\u00e9cessaire au fonctionnement de la <a href=\"https:\/\/www.sage.com\/fr-fr\/blog\/facture-electronique-obligation-reportee-2026\/\">facture \u00e9lectronique<\/a>.&nbsp;<\/p>\n\n\n\n<p>Il ajoute que <strong><a href=\"https:\/\/www.sage.com\/fr-fr\/dematerialisation\/facture-electronique\/sage-plateforme-de-dematerialisation-partenaire\/\">la plateforme agr\u00e9\u00e9e Sage<\/a> int\u00e8gre de nombreux services \u00e0 valeur ajout\u00e9e<\/strong>. \u00c9volutive, la plateforme sera en effet r\u00e9guli\u00e8rement enrichie de potentialit\u00e9s nouvelles\u00a0:<\/p>\n\n\n\n<ul class=\"wp-block-list\">\n<li>Coop\u00e9ration avanc\u00e9e avec les partenaires bancaires de la PME, au b\u00e9n\u00e9fice de l\u2019optimisation de sa tr\u00e9sorerie.<\/li>\n\n\n\n<li>Extension du r\u00e9seau \u00e0 d\u2019autres processus strat\u00e9giques, comme les <a href=\"https:\/\/www.sage.com\/fr-fr\/blog\/bonnes-pratiques-achats-pour-se-simplifier-la-vie\/\">achats<\/a> ou les ventes.<\/li>\n\n\n\n<li>Enrichissement des capacit\u00e9s d\u2019analyse des transactions avec de l\u2019<a href=\"https:\/\/www.sage.com\/fr-fr\/blog\/dsi-intelligence-artificielle-ia\/\">IA<\/a>.<\/li>\n<\/ul>\n\n\n\n<p>Il faut savoir enfin que <strong>la plateforme agr\u00e9\u00e9e de Sage donne acc\u00e8s \u00e0 <a href=\"https:\/\/www.sage.com\/fr-fr\/sage-network\/\">Sage Network<\/a><\/strong>, r\u00e9seau de confiance propos\u00e9 par Sage pour \u00e9tendre \u00e0 d\u2019autres processus que la facturation les avantages de la connexion directe des syst\u00e8mes d\u2019information. Choisir la plateforme de d\u00e9mat\u00e9rialisation partenaire Sage, c\u2019est donc <strong>choisir la plateforme la plus innovante pour les \u00e9changes inter-entreprises<\/strong>. &nbsp;&nbsp;<\/p>\n\n\n\n<h3 class=\"wp-block-heading\" id=\"declarez\">Comment s\u2019inscrire \u00e0 la plateforme agr\u00e9\u00e9e de Sage ?<\/h3>\n\n\n\n<p><strong>La <a href=\"https:\/\/www.sage.com\/fr-fr\/dematerialisation\/facture-electronique\/sage-plateforme-de-dematerialisation-partenaire\/\">plateforme agr\u00e9\u00e9e Sage<\/a>, certifi\u00e9e par la <a href=\"https:\/\/www.economie.gouv.fr\/dgfip\" target=\"_blank\" rel=\"noreferrer noopener\">DGFiP<\/a>, r\u00e9pond aux exigences r\u00e9glementaires de la facture \u00e9lectronique<\/strong>. Conform\u00e9ment au calendrier r\u00e9glementaire, Sage vous propose de vous inscrire \u00e0 sa plateforme agr\u00e9\u00e9e, \u00e9tape importante de la mise en conformit\u00e9.<\/p>\n\n\n\n<p><strong>D\u00e9couvrez votre parcours d\u2019inscription en vid\u00e9o \u2b07\ufe0f<\/strong><\/p>\n\n\n\n<figure class=\"wp-block-embed is-type-video is-provider-youtube wp-block-embed-youtube wp-embed-aspect-16-9 wp-has-aspect-ratio\"><div class=\"wp-block-embed__wrapper\">\n<div class=\"video-container-wrap -mode-full\"><div class=\"video-container\"><video\n\t\t\t\tclass=\"sage-video video-js vjs-default-skin \"\n\t\t\t\twidth=\"640\"\n\t\t\t\theight=\"360\"\n\t\t\t\tdata-setup='{ \"controls\": true, \"aspectRatio\" : \"16:9\", \"poster\": \"https:\/\/img.youtube.com\/vi\/Bi81lRXa3kI\/hqdefault.jpg\", \"techOrder\": [\"youtube\"], \"enablejsapi\": 1, \"origin\": \"https:\/\/www.sage.com\", \"sources\": [{ \"type\": \"video\/youtube\", \"src\": \"https:\/\/www.youtube.com\/watch?v=Bi81lRXa3kI\"}], \"youtube\": { \"ytControls\": 0, \"cc_load_policy\": 3, \"modestbranding\": 1, \"hl\": \"fr_FR\", \"playsinline\": 1 } }'\n\t\t\t\tcrossorigin=\"\"><\/video><\/div><\/div>\n<\/div><\/figure>\n\n\n\n<p>D\u00e9couvrez d\u2019autres articles de la collection <em>Num\u2019<\/em>&nbsp;:<\/p>\n\n\n\n<ul class=\"wp-block-list\">\n<li><a href=\"https:\/\/www.sage.com\/fr-fr\/blog\/preparer-la-facture-electronique-exemple-Royal-Hainaut\/\">Pr\u00e9parer la facture \u00e9lectronique&nbsp;: l\u2019exemple du Royal Hainaut<\/a><\/li>\n\n\n\n<li><a href=\"https:\/\/www.sage.com\/fr-fr\/blog\/une-pdp-cest-quoi-comment-bien-choisir-cqfe-video\/\">[#CQFE] Une plateforme agr\u00e9\u00e9e, c\u2019est quoi ? Les r\u00e9ponses pour bien choisir<\/a><\/li>\n\n\n\n<li><a href=\"https:\/\/www.sage.com\/fr-fr\/blog\/e-reporting-conforme-avec-pdp-sage\/\">[#CQFE] e-reporting : une plateforme agr\u00e9\u00e9e est indispensable !<\/a><\/li>\n<\/ul>\n\n\n\n<p>Derni\u00e8re mise \u00e0 jour le 17\/12\/2025.<\/p>\n\n\n\n<div class=\"single-cta gated-content\">\n\t<div class=\"single-cta__positioner\">\n\t\t<div class=\"single-cta__wrapper has-dark-background-color\">\n\t\t\t<div class=\"single-cta__content\">\n\t\t\t\t\t\t\t\t<h2 class=\"single-cta__title h3\">Aujourd&rsquo;hui : pourquoi une PDP Sage ?<\/h2>\n\n\t\t\t\t\t\t\t\t\t<div class=\"single-cta__description\">\n\t\t\t\t\t\t<p><!-- wp:paragraph --><\/p>\n<p class=\"\">La transformation digitale des PME racont\u00e9e par les PME<\/p>\n<p><!-- \/wp:paragraph --><\/p>\n\t\t\t\t\t<\/div>\n\t\t\t\t\n\t\t\t\t\t\t\t\t\t\t\t\t\t\t<a\n\t\t\t\t\t\thref=\"#gate-c811e0d6-0866-40dc-b34c-05a7a101bed1\"\n\t\t\t\t\t\tclass=\"single-cta__button button button--primary\"\n\t\t\t\t\t\t\t\t\t\t\t\t\t\t\t\t\t>T\u00e9l\u00e9chargez la checklist<\/a>\n\t\t\t\t\t\t\t<\/div>\n\n\t\t\t\t\t<\/div>\n\n\t\t\t\t\t<img decoding=\"async\" width=\"1215\" height=\"810\" src=\"https:\/\/www.sage.com\/fr-fr\/blog\/wp-content\/uploads\/sites\/4\/2023\/09\/GettyImages-1408517180-1215x810.jpg\" class=\"single-cta__image\" alt=\"Pourquoi une PDP Sage ? Les attentes d\u2019Altitude Infra - Pascal Jousset\" loading=\"lazy\" srcset=\"https:\/\/www.sage.com\/fr-fr\/blog\/wp-content\/uploads\/sites\/4\/2023\/09\/GettyImages-1408517180-1215x810.jpg 1215w\" sizes=\"auto, (min-width: 48em) 33vw, 100vw\" \/>\t\t\t<\/div>\n<\/div>\n\n\n<div class=\"single-cta\">\n\t<div class=\"single-cta__positioner\">\n\t\t<div class=\"single-cta__wrapper has-dark-background-color\">\n\t\t\t<div class=\"single-cta__content\">\n\t\t\t\t\t\t\t\t<h2 class=\"single-cta__title h3\">Inscrivez-vous \u00e0 la e-newsletter mensuelle<\/h2>\n\n\t\t\t\t\n\t\t\t\t\t\t\t\t\t\t\t\t\t\t<a\n\t\t\t\t\t\thref=\"#gate-a947ade1-e692-455f-94ce-a275d72a9a11\"\n\t\t\t\t\t\tclass=\"single-cta__button button button--primary\"\n\t\t\t\t\t\t\t\t\t\t\t\t\t\t\t\t\t>Je m&#039;abonne<\/a>\n\t\t\t\t\t\t\t<\/div>\n\n\t\t\t\t\t<\/div>\n\n\t\t\t\t\t<img decoding=\"async\" width=\"1024\" height=\"779\" src=\"https:\/\/www.sage.com\/fr-fr\/blog\/wp-content\/uploads\/sites\/4\/2021\/05\/spreadsheets-1024x779-1.jpg\" class=\"single-cta__image\" alt=\"\" loading=\"lazy\" srcset=\"https:\/\/www.sage.com\/fr-fr\/blog\/wp-content\/uploads\/sites\/4\/2021\/05\/spreadsheets-1024x779-1.jpg 1024w\" sizes=\"auto, (min-width: 48em) 33vw, 100vw\" \/>\t\t\t<\/div>\n<\/div>\n","protected":false},"excerpt":{"rendered":"<p>La plateforme agr\u00e9\u00e9 de Sage apporte de nouvelles perspectives aux entreprises pr\u00eates \u00e0 avancer sur la facture \u00e9lectronique. Altitude Infra est un op\u00e9rateur d\u2019infrastructure sp\u00e9cialis\u00e9 dans la couverture en Tr\u00e8s Haut D\u00e9bit des zones peu denses. En clair, l\u2019entreprise apporte la brique essentielle \u00e0 la transformation digitale des entreprises install\u00e9es dans les territoires. C\u2019est sans [&hellip;]<\/p>\n","protected":false},"author":1732,"featured_media":16063,"comment_status":"closed","ping_status":"closed","sticky":false,"template":"","format":"standard","meta":{"_sage_video":true,"post_featured_image_hide":false,"footnotes":""},"categories":[834],"tags":[70,660,224],"business_type":[8,9,11],"lilypad":[],"context":[],"industry":[24,25,26],"persona":[867,35,38,34,37,40],"imagine_tag":[],"coauthors":[929],"class_list":["post-16503","post","type-post","status-publish","format-standard","has-post-thumbnail","hentry","category-guides-et-modeles-gratuits","tag-comptabilite","tag-facture-electronique","tag-ia-digitalisation","business_type-artisans-et-petites-entreprises","business_type-petites-et-moyennes-entreprises","business_type-expertise-comptable","industry-industrie","industry-negoce","industry-services"],"sage_meta":{"region":"fr-fr","author_name":"Pascal Jousset","featured_image":"https:\/\/www.sage.com\/fr-fr\/blog\/wp-content\/uploads\/sites\/4\/2023\/09\/GettyImages-1408517180.jpg","imagine_tags":[]},"distributor_meta":false,"distributor_terms":false,"distributor_media":false,"distributor_original_site_name":"Sage Advice France","distributor_original_site_url":"https:\/\/www.sage.com\/fr-fr\/blog","push-errors":false,"_links":{"self":[{"href":"https:\/\/www.sage.com\/fr-fr\/blog\/api\/wp\/v2\/posts\/16503","targetHints":{"allow":["GET"]}}],"collection":[{"href":"https:\/\/www.sage.com\/fr-fr\/blog\/api\/wp\/v2\/posts"}],"about":[{"href":"https:\/\/www.sage.com\/fr-fr\/blog\/api\/wp\/v2\/types\/post"}],"author":[{"embeddable":true,"href":"https:\/\/www.sage.com\/fr-fr\/blog\/api\/wp\/v2\/users\/1732"}],"replies":[{"embeddable":true,"href":"https:\/\/www.sage.com\/fr-fr\/blog\/api\/wp\/v2\/comments?post=16503"}],"version-history":[{"count":0,"href":"https:\/\/www.sage.com\/fr-fr\/blog\/api\/wp\/v2\/posts\/16503\/revisions"}],"wp:featuredmedia":[{"embeddable":true,"href":"https:\/\/www.sage.com\/fr-fr\/blog\/api\/wp\/v2\/media\/16063"}],"wp:attachment":[{"href":"https:\/\/www.sage.com\/fr-fr\/blog\/api\/wp\/v2\/media?parent=16503"}],"wp:term":[{"taxonomy":"category","embeddable":true,"href":"https:\/\/www.sage.com\/fr-fr\/blog\/api\/wp\/v2\/categories?post=16503"},{"taxonomy":"post_tag","embeddable":true,"href":"https:\/\/www.sage.com\/fr-fr\/blog\/api\/wp\/v2\/tags?post=16503"},{"taxonomy":"business_type","embeddable":true,"href":"https:\/\/www.sage.com\/fr-fr\/blog\/api\/wp\/v2\/business_type?post=16503"},{"taxonomy":"lilypad","embeddable":true,"href":"https:\/\/www.sage.com\/fr-fr\/blog\/api\/wp\/v2\/lilypad?post=16503"},{"taxonomy":"context","embeddable":true,"href":"https:\/\/www.sage.com\/fr-fr\/blog\/api\/wp\/v2\/context?post=16503"},{"taxonomy":"industry","embeddable":true,"href":"https:\/\/www.sage.com\/fr-fr\/blog\/api\/wp\/v2\/industry?post=16503"},{"taxonomy":"persona","embeddable":true,"href":"https:\/\/www.sage.com\/fr-fr\/blog\/api\/wp\/v2\/persona?post=16503"},{"taxonomy":"imagine_tag","embeddable":true,"href":"https:\/\/www.sage.com\/fr-fr\/blog\/api\/wp\/v2\/imagine_tag?post=16503"},{"taxonomy":"author","embeddable":true,"href":"https:\/\/www.sage.com\/fr-fr\/blog\/api\/wp\/v2\/coauthors?post=16503"}],"curies":[{"name":"wp","href":"https:\/\/api.w.org\/{rel}","templated":true}]}}