{"id":19237,"date":"2024-04-15T09:15:00","date_gmt":"2024-04-15T07:15:00","guid":{"rendered":"https:\/\/www.sage.com\/fr-fr\/blog\/?p=19237"},"modified":"2025-05-07T15:33:35","modified_gmt":"2025-05-07T13:33:35","slug":"setim-42-choisit-sage-active-pour-sa-gestion-temoignage","status":"publish","type":"post","link":"https:\/\/www.sage.com\/fr-fr\/blog\/setim-42-choisit-sage-active-pour-sa-gestion-temoignage\/","title":{"rendered":"SETIM 42 choisit le sur-mesure pour sa gestion administrative"},"content":{"rendered":"<header class=\"entry-header has-dark-background-color entry-header--has-illustration entry-header--has-illustration--generic\">\n\t<div class=\"container\">\n\t\t<div class=\"entry-header__row row align-center\">\n\t\t\t<div class=\"col col-lg-7 col-xlg-6 entry-header__content\">\n\t\t\t\t\t\t\t<div class=\"component component-single-header\">\n\t\t\t\t\t\t\t\t\t\t<div class=\"entry-header__misc text--subtitle text--uppercase text--small\">\n\t\t\t\t\t\t\t<a href=\"https:\/\/www.sage.com\/fr-fr\/blog\/categorie\/interviews-clients\/\" class=\"entry-header__link\">T\u00e9moignages clients<\/a>\t\t\t\t\t\t<\/div>\n\t\t\t\t\n\t\t\t\t<div class=\"entry-title-wrapper\">\n\t\t\t\t\t<h1 class=\"entry-title\">\n\t\t\t\t\t\tSETIM 42 choisit le sur-mesure pour sa gestion administrative\t\t\t\t\t<\/h1>\n\t\t\t\t<\/div>\n\n\t\t\t\t\t\t\t\t\t<p class=\"entry-header__description\">\n\t\t\t\t\t\t\t\t\t\t\t<\/p>\n\t\t\t\t\n\t\t\t\t\n\t\t\t\t\n\t\t\t<\/div>\n\n\t\t\t\t\t<\/div>\n\t\t\t\t\t<\/div>\n\t<\/div>\n\t<div class=\"single-post-details container\">\n\t\t<div class=\"col\">\n\t\t\t<span class=\"posted-on \"><time class=\"entry-date published\" datetime=\"2024-04-15T09:15:00+02:00\">April 15, 2024<\/time><\/span><span class=\"reading-time\"> min de lecture<\/span>\n\t\t<button\n\t\t\ttype=\"button\"\n\t\t\tclass=\"social-share-button button button--icon button--secondary js-social-share-button\"\n\t\t\tdata-share-title=\"SETIM 42 choisit le sur-mesure pour sa gestion administrative\"\n\t\t\tdata-share-url=\"https:\/\/www.sage.com\/fr-fr\/blog\/setim-42-choisit-sage-active-pour-sa-gestion-temoignage\/\"\n\t\t\tdata-share-text=\"Veuillez lire cet article int\u00e9ressant\"\n\t\t>\n\t\t\t<span class=\"social-share-button__share-label\">Partager<\/span>\n\t\t\t<span class=\"social-share-button__copy-label\" hidden>Copier le lien<\/span>\n\t\t\t<span class=\"social-share-button__copy-tooltip\" aria-hidden=\"true\" hidden>Copi\u00e9<\/span>\n\t\t<\/button>\n\n\t\t\t\t<\/div>\n\t<\/div>\n<\/header>\n\n\n<div class=\"wp-block-post-author has-dark-background-color alignfull\">\n\t<div class=\"container\">\n\t\t<div class=\"col\">\n\t\t\t\t\t\t\t<div class=\"co-authors\">\n\t\t\t\t\t\n\t\t<div class=\"entry-author-wrapper\">\n\t\t\t<a class=\"entry-author\" href=\"https:\/\/www.sage.com\/fr-fr\/blog\/author\/isabellecosniam\/\">\n\t\t\t\t<img loading=\"lazy\" decoding=\"async\" width=\"40\" height=\"40\" src=\"https:\/\/www.sage.com\/fr-fr\/blog\/wp-content\/uploads\/sites\/4\/2023\/07\/Cosniam-Isabelle-350x350.jpg\" class=\"entry-author__image\" alt=\"\" \/>\t\t\t\t<span class=\"entry-author__name\">Isabelle Cosniam<\/span>\n\t\t\t<\/a>\n\n\t\t\t\t\t<\/div>\n\n\t\t\t\t\t\t<\/div>\n\t\t\t\t\t<\/div>\n\t<\/div>\n<\/div>\n\n\n\n<p class=\"\">SETIM 42, qui exploite l\u2019enseigne Mobilier de France \u00e0 Saint-\u00c9tienne. La gestion d\u2019un magasin comme <a href=\"https:\/\/www.mobilierdefrance.com\/magasin\/loire\/saint-etienne\/\" target=\"_blank\" rel=\"noreferrer noopener\">Mobilier de France<\/a> demande au Responsable Administratif une grande polyvalence. Le temps de gestion doit \u00eatre le plus efficace possible pour r\u00e9server de la disponibilit\u00e9 \u00e0 l\u2019accueil des clients.<\/p>\n\n\n\n<p class=\"\">Le choix de Sage Active a \u00e9t\u00e9 une fa\u00e7on pour Didier Colomban de franchir une nouvelle \u00e9tape dans l\u2019agilit\u00e9 de son organisation. Il gagne du temps et de la souplesse avec la nouvelle solution, qui privil\u00e9gie la simplicit\u00e9 et la l\u00e9g\u00e8ret\u00e9.<\/p>\n\n\n\n<blockquote class=\"wp-block-quote is-layout-flow wp-block-quote-is-layout-flow\">\n<p class=\"\">\u00ab\u00a0<em>Nous avons gagn\u00e9 en ergonomie, en mobilit\u00e9 et en s\u00e9curit\u00e9. De plus, l\u2019accompagnement de Sage me permet de m\u2019impliquer dans l\u2019am\u00e9lioration continue de la solution<\/em>\u00a0\u00bb. <\/p>\n<cite>Didier Colomban, Responsable Administratif, SETIM 42<\/cite><\/blockquote>\n\n\n<div class=\"video-container-wrap -mode-full\"><div class=\"video-container\"><video\n\t\t\t\tclass=\"sage-video video-js vjs-default-skin \"\n\t\t\t\twidth=\"640\"\n\t\t\t\theight=\"360\"\n\t\t\t\tdata-setup='{ \"controls\": true, \"aspectRatio\" : \"16:9\", \"poster\": \"https:\/\/img.youtube.com\/vi\/cPQF12_x0K4\/maxresdefault.jpg\", \"techOrder\": [\"youtube\"], \"enablejsapi\": 1, \"origin\": \"https:\/\/www.sage.com\", \"sources\": [{ \"type\": \"video\/youtube\", \"src\": \"https:\/\/www.youtube.com\/watch?v=cPQF12_x0K4\"}], \"youtube\": { \"ytControls\": 0, \"cc_load_policy\": 3, \"modestbranding\": 1, \"hl\": \"fr_FR\", \"playsinline\": 1 } }'\n\t\t\t\tcrossorigin=\"\"><\/video><\/div><\/div>\n\n\n\n<h2 class=\"wp-block-heading\" id=\"h-setim-42-exploitant-de-mobilier-de-france\"><strong>SETIM 42,  <\/strong>exploitant de Mobilier de France<\/h2>\n\n\n\n<p class=\"\">SETIM 42 exploite en p\u00e9riph\u00e9rie de Saint-\u00c9tienne un magasin \u00e0 l\u2019enseigne Mobilier de France en tant que franchis\u00e9 ind\u00e9pendant. L\u2019entreprise r\u00e9alise un chiffre d\u2019affaires de 2,2 millions d\u2019euros avec une \u00e9quipe de 8 personnes. Quelques professionnels et professions lib\u00e9rales compl\u00e8tent la client\u00e8le de particuliers issus du d\u00e9partement.<\/p>\n\n\n\n<p class=\"\">Le magasin propose sur 1 200 m\u00e8tres carr\u00e9s une collection de meubles contemporains, de luminaires, d\u2019objets de d\u00e9coration et de tapis. Ouvert en 2003 mais repris il y a 5 ans par SETIM 42, le magasin assure un service de livraison et de montage des meubles.<\/p>\n\n\n\n<h3 class=\"wp-block-heading\" id=\"h-mobilier-de-france-nbsp-fleuron-de-l-ameublement-francais\"><strong>Mobilier de France&nbsp;: fleuron de l\u2019ameublement fran\u00e7ais<\/strong><\/h3>\n\n\n\n<p class=\"\">Avec 130 magasins aujourd\u2019hui, Mobilier de France occupe depuis bient\u00f4t 100 ans une place de choix dans le paysage commercial hexagonal. L\u2019enseigne met en avant 4 ingr\u00e9dients pour expliquer son succ\u00e8s&nbsp;: une qualit\u00e9 exigeante, des collections exclusives et personnalisables, des innovations permanentes et des \u00e9quipes exp\u00e9riment\u00e9es.<\/p>\n\n\n\n<p class=\"\">Les consommateurs sont au rendez-vous et appr\u00e9cient en particulier le design, l\u2019innovation et la d\u00e9marche \u00e9co-responsable de l\u2019enseigne. D\u2019ailleurs, Mobilier de France a \u00e9t\u00e9 d\u00e9sign\u00e9 comme <em>Meilleure Enseigne de Meuble 2023<\/em> par l\u2019Institut National des M\u00e9tiers d\u2019Art.<\/p>\n\n\n\n<h2 class=\"wp-block-heading\" id=\"h-une-transformation-digitale-pour-setim-42\"><strong>Une transformation digitale pour SETIM 42<\/strong><\/h2>\n\n\n\n<p class=\"\">Didier Colomban est le Responsable Administratif de SETIM 42. \u00ab\u00a0<em>Cela fait 27 ans que je travaille dans le magasin<\/em>\u00a0\u00bb. Le Responsable Administratif est en charge de la <a href=\"https:\/\/www.sage.com\/fr-fr\/blog\/quatre-bonnes-raisons-de-passer-a-la-comptabilite-en-mode-cloud\/\">gestion comptable<\/a>, de la gestion sociale et de la <a href=\"https:\/\/www.sage.com\/fr-fr\/blog\/une-meilleure-visibilite-sur-chaine-logistique\/\">gestion logistique<\/a>. \u00ab <em>Je m\u2019occupe en particulier des commandes, des entr\u00e9es de marchandises et du suivi des stocks<\/em>\u00a0\u00bb. Mais dans un magasin comme celui-l\u00e0, la polyvalence est la r\u00e8gle. \u00ab\u00a0<em>Je passe beaucoup de temps au sein de la surface de vente, \u00e0 accueillir et \u00e0 renseigner les clients<\/em>\u00a0\u00bb.<\/p>\n\n\n\n<p class=\"\">La digitalisation int\u00e9resse Didier Colomban depuis toujours. \u00ab\u00a0<em>Nous avons choisi de faire confiance \u00e0 Sage d\u00e8s le d\u00e9part. <a href=\"https:\/\/www.sage.com\/fr-fr\/produits\/sage-active\/\">Sage Active<\/a> s\u2019int\u00e8gre aujourd\u2019hui dans une histoire longue<\/em>\u00a0\u00bb. La gestion n\u2019est d\u2019ailleurs pas le seul territoire en pointe dans l\u2019exploitation du potentiel num\u00e9rique. \u00ab <em>Un configurateur permet par exemple \u00e0 nos clients de se faire une id\u00e9e de leur futur int\u00e9rieur avec un r\u00e9alisme \u00e9tonnant<\/em>\u00a0\u00bb.\u00a0<\/p>\n\n\n\n<p class=\"\"><div class=\"single-cta\">\n\t<a\n\t\tclass=\"button button--primary gate-508f8452-6f37-43d2-8041-7242dfcadd6b\"\n\t\trole=\"button\"\n\t\tdata-button-location=\"content_area\"\n\t\thref=\"#gate-508f8452-6f37-43d2-8041-7242dfcadd6b\"\n\t>T\u00e9l\u00e9chargez le livre blanc &#8220;Sage Active : l&#8217;approche plateforme pour une nouvelle exp\u00e9rience de gestion&#8221;<\/a>\n<\/div>\n<\/p>\n\n\n\n<h3 class=\"wp-block-heading\" id=\"h-la-simplicite-du-cloud\"><strong>La simplicit\u00e9 du Cloud<\/strong><\/h3>\n\n\n\n<p class=\"\">Didier Colomban n\u2019a pas h\u00e9sit\u00e9 quand Sage lui a propos\u00e9 en avril 2023 d\u2019int\u00e9grer le programme des pionniers de Sage Active. <em>\u00ab\u00a0J\u2019ai tout de suite per\u00e7u l\u2019int\u00e9r\u00eat de l\u2019automatisation des sauvegardes. C\u2019est la force d\u2019une solution en <a href=\"https:\/\/www.sage.com\/fr-fr\/blog\/glossaire\/saas-definition-du-logiciel-saas\/\">SaaS<\/a><\/em>\u00a0\u00bb. En effet, auparavant, c\u2019est lui qui avait la responsabilit\u00e9 de la conservation des donn\u00e9es de gestion avec une solution h\u00e9berg\u00e9e sur un serveur de l\u2019entreprise. \u00ab\u00a0<em>Cette t\u00e2che demandait beaucoup de temps et ne pr\u00e9sentait pas toutes les garanties de protection. Aujourd\u2019hui, avec la redondance propre au Cloud, je suis beaucoup plus serein<\/em>\u00a0\u00bb.\u00a0<\/p>\n\n\n\n<p class=\"\">Le deuxi\u00e8me atout de <a href=\"https:\/\/www.sage.com\/fr-fr\/blog\/sage-active-lapproche-plateforme-pour-une-nouvelle-experience-de-gestion\/\">Sage Active<\/a>, induit l\u00e0 encore par son h\u00e9bergement dans le <a href=\"https:\/\/www.sage.com\/fr-fr\/blog\/cloud-pme-exemple-de-shop-racing\/\">Cloud<\/a>, c\u2019est la mobilit\u00e9. <em>\u00ab&nbsp;Polyvalent, je passe beaucoup de temps dans l\u2019espace de vente. L\u2019accessibilit\u00e9 de Sage Active depuis n\u2019importe quel poste de vente me permet de passer quelques op\u00e9rations entre deux clients. Avant, il fallait que j\u2019attende de pouvoir retourner \u00e0 mon bureau<\/em>&nbsp;\u00bb.<\/p>\n\n\n\n<h3 class=\"wp-block-heading\" id=\"h-une-solution-ergonomique\"><strong>Une solution ergonomique<\/strong><\/h3>\n\n\n\n<p class=\"\">Le troisi\u00e8me point fort de Sage Active, apr\u00e8s le transfert de responsabilit\u00e9 des sauvegardes \u2013 et des mises \u00e0 jour \u2013 et la mobilit\u00e9, c\u2019est l\u2019ergonomie. \u00ab&nbsp;<em>La prise en main a \u00e9t\u00e9 imm\u00e9diate. La solution est vraiment con\u00e7ue pour la facilit\u00e9 d\u2019usage. M\u00eame si la distance g\u00e9n\u00e8re un l\u00e9ger temps de latence par rapport \u00e0 un logiciel <a href=\"https:\/\/www.sage.com\/fr-fr\/blog\/glossaire\/on-premise-definition\/\">On Premise<\/a>, je m\u2019y retrouve compl\u00e8tement en termes de simplicit\u00e9 de navigation<\/em>&nbsp;\u00bb.<\/p>\n\n\n\n<p class=\"\">Didier Colomban pr\u00e9cise m\u00eame que la mise en service de Sage Active lui a fait changer ses habitudes. \u00ab&nbsp;<em>Nous fabriquons les meubles \u00e0 la demande. Ce qui g\u00e9n\u00e8re des demandes d\u2019acomptes sur la plupart des transactions. En principe, pour l\u2019\u00e9dition des factures, nous disposons d\u2019une solution m\u00e9tier, win\/meubles. Depuis que j\u2019utilise Sage Active, je trouve plus pratique de <a href=\"https:\/\/www.sage.com\/fr-fr\/blog\/cloud-et-facture-electronique\/\">cr\u00e9er les factures<\/a> de vente sur la solution, entre 100 et 150 chaque mois. Notamment pour g\u00e9rer la <a href=\"https:\/\/www.sage.com\/fr-fr\/blog\/glossaire\/tva-non-recuperable-les-limites-de-la-deductibilite\/\">TVA<\/a><\/em>&nbsp;\u00bb.<\/p>\n\n\n\n<p class=\"\">\u00ab&nbsp;<em>J\u2019appr\u00e9cie d\u2019\u00eatre accompagn\u00e9 par Sage avec un interlocuteur unique. Il me conna\u00eet bien et je ne perds pas de temps \u00e0 lui r\u00e9expliquer le contexte \u00e0 chaque \u00e9change<\/em>&nbsp;\u00bb. Didier Colomban Responsable Administratif, SETIM 42<\/p>\n\n\n\n<h3 class=\"wp-block-heading\" id=\"h-un-solide-accompagnement\"><strong>Un solide accompagnement<\/strong> <\/h3>\n\n\n\n<p class=\"\">La participation au programme des premiers utilisateurs Sage Active vaut \u00e0 Didier Colomban de b\u00e9n\u00e9ficier d\u2019un accompagnement pas \u00e0 pas par Sage. \u00ab&nbsp;<em>La solution fait l\u2019objet d\u2019ajustements r\u00e9guliers. En partageant mon retour utilisateur, je suis ainsi en mesure d\u2019orienter la feuille de route. Par exemple, j\u2019ai fait remonter un besoin d\u2019une meilleure visibilit\u00e9 sur les comptes tiers<\/em>&nbsp;\u00bb.&nbsp;<\/p>\n\n\n\n<p class=\"\">Le fait d\u2019\u00eatre suivi par un interlocuteur d\u00e9di\u00e9 convient particuli\u00e8rement \u00e0 Didier Colomban. <em>\u00ab&nbsp;Je trouve beaucoup d\u2019avantages \u00e0 l\u2019utilisation de cette nouvelle solution Sage mais je n\u2019ai pas une grande disponibilit\u00e9. Le fait d\u2019\u00eatre en direct avec un consultant Sage est tr\u00e8s efficace. Nous allons droit au but et nos conversations sont toujours tr\u00e8s concr\u00e8tes. Je fais progresser la solution mais je progresse \u00e9galement dans ma pratique. C\u2019est gagnant-gagnant&nbsp;!<\/em>&nbsp;\u00bb.<\/p>\n\n\n\n<p class=\"\">Quelles sont les retomb\u00e9es de ces retours d\u2019exp\u00e9rience&nbsp;? \u00ab <em>Je constate que les choses avancent. L\u2019am\u00e9lioration est continue et les difficult\u00e9s rencontr\u00e9es au d\u00e9but disparaissent \u00e0 chaque mise \u00e0 jour de la solution. Je me sens utile et \u00e9cout\u00e9<\/em>&nbsp;\u00bb, conclut Didier Colomban.<\/p>\n\n\n\n<p class=\"\">Accessible depuis n\u2019importe poste de travail et directement pilot\u00e9 par Sage pour toutes les t\u00e2ches de sauvegarde, Sage Active est toujours op\u00e9rationnel et disponible. Pour Didier Colomban, le nouvel outil est un v\u00e9ritable assistant de gestion. De plus, en tant que client pionnier, SETIM 42 b\u00e9n\u00e9ficie d\u2019un accompagnement renforc\u00e9 et de la possibilit\u00e9 de faire remonter des suggestions d\u2019am\u00e9lioration.&nbsp;&nbsp;<\/p>\n\n\n\n<p class=\"\"><strong>D\u00e9couvrez <a href=\"https:\/\/www.sage.com\/fr-fr\/blog\/categorie\/interviews-clients\/\">d\u2019autres t\u00e9moignages clients\u00a0<\/a>!<\/strong><\/p>\n\n\n\n<p class=\"\">Ces articles peuvent \u00e9galement vous int\u00e9resser :<\/p>\n\n\n\n<ul class=\"wp-block-list\">\n<li><a href=\"https:\/\/www.sage.com\/fr-fr\/blog\/cloud-success\/\">Cloud success : ils vous partagent leur r\u00e9ussites gr\u00e2ce au Cloud<\/a><\/li>\n\n\n\n<li><a href=\"https:\/\/www.sage.com\/fr-fr\/blog\/pourquoi-passer-a-une-gestion-rh-dematerialisee\/\">Pourquoi passer \u00e0 une gestion RH d\u00e9mat\u00e9rialis\u00e9e ? Le retour d\u2019exp\u00e9rience de Sequanix<\/a><\/li>\n\n\n\n<li><a href=\"https:\/\/www.sage.com\/fr-fr\/blog\/guide-2024-de-la-facture-electronique-pour-les-pme\/\">Guide 2024 de la facture \u00e9lectronique pour les PME<\/a><\/li>\n\n\n\n<li><a href=\"https:\/\/www.sage.com\/fr-fr\/blog\/gestion-financiere-digitalisee-la-facture-electronique-donne-le-ton\/\">Gestion financi\u00e8re digitalis\u00e9e : la facture \u00e9lectronique donne le ton<\/a><\/li>\n<\/ul>\n \n<div class=\"single-cta gated-content\">\n\t<div class=\"single-cta__positioner\">\n\t\t<div class=\"single-cta__wrapper has-dark-background-color\">\n\t\t\t<div class=\"single-cta__content\">\n\t\t\t\t\t\t\t\t<h2 class=\"single-cta__title h3\">Sage Active : l\u2019approche plateforme pour une nouvelle exp\u00e9rience de gestion<\/h2>\n\n\t\t\t\t\n\t\t\t\t\t\t\t\t\t\t\t\t\t\t<a\n\t\t\t\t\t\thref=\"#gate-508f8452-6f37-43d2-8041-7242dfcadd6b\"\n\t\t\t\t\t\tclass=\"single-cta__button button button--primary\"\n\t\t\t\t\t\t\t\t\t\t\t\t\t\t\t\t\t>T\u00e9l\u00e9chargez le livre blanc<\/a>\n\t\t\t\t\t\t\t<\/div>\n\n\t\t\t\t\t<\/div>\n\n\t\t\t\t\t<img decoding=\"async\" width=\"1214\" height=\"810\" src=\"https:\/\/www.sage.com\/fr-fr\/blog\/wp-content\/uploads\/sites\/4\/2023\/01\/PhotoLBSageActive-1214x810.jpg\" class=\"single-cta__image\" alt=\"Sage Active : L\u2019approche plateforme pour une nouvelle exp\u00e9rience de gestion\" loading=\"lazy\" srcset=\"https:\/\/www.sage.com\/fr-fr\/blog\/wp-content\/uploads\/sites\/4\/2023\/01\/PhotoLBSageActive-1214x810.jpg 1214w\" sizes=\"auto, (min-width: 48em) 33vw, 100vw\" \/>\t\t\t<\/div>\n<\/div>\n\n\n<div class=\"single-cta\">\n\t<div class=\"single-cta__positioner\">\n\t\t<div class=\"single-cta__wrapper has-dark-background-color\">\n\t\t\t<div class=\"single-cta__content\">\n\t\t\t\t\t\t\t\t<h2 class=\"single-cta__title h3\">Inscrivez-vous \u00e0 la e-newsletter mensuelle<\/h2>\n\n\t\t\t\t\n\t\t\t\t\t\t\t\t\t\t\t\t\t\t<a\n\t\t\t\t\t\thref=\"#gate-a947ade1-e692-455f-94ce-a275d72a9a11\"\n\t\t\t\t\t\tclass=\"single-cta__button button button--primary\"\n\t\t\t\t\t\t\t\t\t\t\t\t\t\t\t\t\t>Je m&#039;abonne<\/a>\n\t\t\t\t\t\t\t<\/div>\n\n\t\t\t\t\t<\/div>\n\n\t\t\t\t\t<img decoding=\"async\" width=\"1024\" height=\"779\" src=\"https:\/\/www.sage.com\/fr-fr\/blog\/wp-content\/uploads\/sites\/4\/2021\/05\/spreadsheets-1024x779-1.jpg\" class=\"single-cta__image\" alt=\"\" loading=\"lazy\" srcset=\"https:\/\/www.sage.com\/fr-fr\/blog\/wp-content\/uploads\/sites\/4\/2021\/05\/spreadsheets-1024x779-1.jpg 1024w\" sizes=\"auto, (min-width: 48em) 33vw, 100vw\" \/>\t\t\t<\/div>\n<\/div>\n","protected":false},"excerpt":{"rendered":"<p>D\u00e9couvrez pourquoi SETIM 42 a choisit Sage Active, une solution h\u00e9berg\u00e9e dans le Cloud, pour sa gestion comptable, sociale et logistique.<\/p>\n","protected":false},"author":297,"featured_media":19244,"comment_status":"closed","ping_status":"closed","sticky":false,"template":"","format":"standard","meta":{"_sage_video":true,"post_featured_image_hide":false,"footnotes":""},"categories":[886],"tags":[70,224,807,891],"business_type":[8,9],"lilypad":[],"context":[],"industry":[25],"persona":[867,35,34],"imagine_tag":[],"coauthors":[920],"class_list":["post-19237","post","type-post","status-publish","format-standard","has-post-thumbnail","hentry","category-interviews-clients","tag-comptabilite","tag-ia-digitalisation","tag-interview-client-ou-expert","tag-temoignages-clients","business_type-artisans-et-petites-entreprises","business_type-petites-et-moyennes-entreprises","industry-negoce"],"sage_meta":{"region":"fr-fr","author_name":"Isabelle Cosniam","featured_image":"https:\/\/www.sage.com\/fr-fr\/blog\/wp-content\/uploads\/sites\/4\/2024\/04\/setim42-temoignage-client-blog.jpg","imagine_tags":[]},"distributor_meta":false,"distributor_terms":false,"distributor_media":false,"distributor_original_site_name":"Sage Advice France","distributor_original_site_url":"https:\/\/www.sage.com\/fr-fr\/blog","push-errors":false,"_links":{"self":[{"href":"https:\/\/www.sage.com\/fr-fr\/blog\/api\/wp\/v2\/posts\/19237","targetHints":{"allow":["GET"]}}],"collection":[{"href":"https:\/\/www.sage.com\/fr-fr\/blog\/api\/wp\/v2\/posts"}],"about":[{"href":"https:\/\/www.sage.com\/fr-fr\/blog\/api\/wp\/v2\/types\/post"}],"author":[{"embeddable":true,"href":"https:\/\/www.sage.com\/fr-fr\/blog\/api\/wp\/v2\/users\/297"}],"replies":[{"embeddable":true,"href":"https:\/\/www.sage.com\/fr-fr\/blog\/api\/wp\/v2\/comments?post=19237"}],"version-history":[{"count":0,"href":"https:\/\/www.sage.com\/fr-fr\/blog\/api\/wp\/v2\/posts\/19237\/revisions"}],"wp:featuredmedia":[{"embeddable":true,"href":"https:\/\/www.sage.com\/fr-fr\/blog\/api\/wp\/v2\/media\/19244"}],"wp:attachment":[{"href":"https:\/\/www.sage.com\/fr-fr\/blog\/api\/wp\/v2\/media?parent=19237"}],"wp:term":[{"taxonomy":"category","embeddable":true,"href":"https:\/\/www.sage.com\/fr-fr\/blog\/api\/wp\/v2\/categories?post=19237"},{"taxonomy":"post_tag","embeddable":true,"href":"https:\/\/www.sage.com\/fr-fr\/blog\/api\/wp\/v2\/tags?post=19237"},{"taxonomy":"business_type","embeddable":true,"href":"https:\/\/www.sage.com\/fr-fr\/blog\/api\/wp\/v2\/business_type?post=19237"},{"taxonomy":"lilypad","embeddable":true,"href":"https:\/\/www.sage.com\/fr-fr\/blog\/api\/wp\/v2\/lilypad?post=19237"},{"taxonomy":"context","embeddable":true,"href":"https:\/\/www.sage.com\/fr-fr\/blog\/api\/wp\/v2\/context?post=19237"},{"taxonomy":"industry","embeddable":true,"href":"https:\/\/www.sage.com\/fr-fr\/blog\/api\/wp\/v2\/industry?post=19237"},{"taxonomy":"persona","embeddable":true,"href":"https:\/\/www.sage.com\/fr-fr\/blog\/api\/wp\/v2\/persona?post=19237"},{"taxonomy":"imagine_tag","embeddable":true,"href":"https:\/\/www.sage.com\/fr-fr\/blog\/api\/wp\/v2\/imagine_tag?post=19237"},{"taxonomy":"author","embeddable":true,"href":"https:\/\/www.sage.com\/fr-fr\/blog\/api\/wp\/v2\/coauthors?post=19237"}],"curies":[{"name":"wp","href":"https:\/\/api.w.org\/{rel}","templated":true}]}}