{"id":19541,"date":"2024-04-22T09:15:00","date_gmt":"2024-04-22T07:15:00","guid":{"rendered":"https:\/\/www.sage.com\/fr-fr\/blog\/?p=19541"},"modified":"2026-03-23T17:38:58","modified_gmt":"2026-03-23T16:38:58","slug":"dematerialisation-interentreprises-depasser-la-facture-electronique-sage-on-air","status":"publish","type":"post","link":"https:\/\/www.sage.com\/fr-fr\/blog\/dematerialisation-interentreprises-depasser-la-facture-electronique-sage-on-air\/","title":{"rendered":"[#Sage On Air] D\u00e9mat\u00e9rialisation interentreprises\u00a0: d\u00e9passer la facture \u00e9lectronique"},"content":{"rendered":"\n<p>La d\u00e9mat\u00e9rialisation interentreprises est la nouvelle fronti\u00e8re de l\u2019automatisation digitale. En effet, l\u2019extension du syst\u00e8me d\u2019information des entreprises \u00e0 l\u2019\u00e9chelle de leur \u00e9cosyst\u00e8me exploite de nouveaux gisements de fluidit\u00e9.&nbsp;<\/p>\n\n\n\n<p><a href=\"https:\/\/www.sage.com\/fr-fr\/blog\/manifeste-sage-2024-un-editeur-sengage\/\">Sage s\u2019engage<\/a> pour faciliter la transformation des entreprises. [#Sage On Air], le podcast d\u00e9di\u00e9 \u00e0 la transformation digitale, traite aujourd\u2019hui de la d\u00e9mat\u00e9rialisation interentreprises.<\/p>\n\n\n\n<ul class=\"wp-block-list\">\n<li><a href=\"#dematerialisation\">La d\u00e9mat\u00e9rialisation interentreprises<\/a><\/li>\n\n\n\n<li><a href=\"#api\">Une plateforme ouverte gr\u00e2ce \u00e0 des API avanc\u00e9es<\/a><\/li>\n\n\n\n<li><a href=\"#hub\">Un hub permettant tous les workflows interentreprises<\/a><\/li>\n\n\n\n<li><a href=\"#promesse\">La d\u00e9mat\u00e9rialisation interentreprises, une promesse concr\u00e9tis\u00e9e d\u00e8s 2024<\/a><\/li>\n\n\n\n<li><a href=\"#perspective\">Une perspective ouverte \u00e0 toutes les entreprises<\/a><\/li>\n<\/ul>\n\n\n\n<h2 class=\"wp-block-heading\" id=\"dematerialisation\"><strong>La d\u00e9mat\u00e9rialisation interentreprises, une continuit\u00e9 \u00e0 l\u2019\u00e9chelle de l\u2019\u00e9cosyst\u00e8me<\/strong><\/h2>\n\n\n\n<p><strong>Richard Fremder<\/strong><\/p>\n\n\n\n<p>Bonjour Christophe Adam. Vous \u00eates Directeur Produits Europe sur les offres BMS Business Management Software chez Sage. Vous portez les sujets facture \u00e9lectronique et <a href=\"https:\/\/www.sage.com\/fr-fr\/sage-network\/\">Sage Network<\/a> chez l\u2019\u00e9diteur.<\/p>\n\n\n\n<p>Aujourd\u2019hui, nous parlons de Sage Network, que Sage positionne comme le premier r\u00e9seau interentreprises. Question simple et directe pour commencer&nbsp;: que change r\u00e9ellement Sage Network pour les entreprises&nbsp;?<\/p>\n\n\n\n<p><strong>Christophe Adam<\/strong><\/p>\n\n\n\n<p>Sage Network synth\u00e9tise la vision Sage d\u2019une nouvelle \u00e9tape de digitalisation, \u00e9tendue en effet \u00e0 l\u2019interentreprises.<\/p>\n\n\n\n<p>Qu\u2019est-ce que Sage Network&nbsp;? Une plateforme issue de la R&amp;D Sage, ouverte \u00e0 toutes les entreprises, clientes ou non clientes Sage. Leur point commun, c\u2019est la possibilit\u00e9 de d\u00e9mat\u00e9rialisation interentreprises gr\u00e2ce \u00e0 leur appartenance \u00e0 un r\u00e9seau unique. &nbsp;<\/p>\n\n\n\n<p>En effet, la vocation de Sage Network est d\u2019automatiser les flux de donn\u00e9es de machine \u00e0 machine&nbsp;:<\/p>\n\n\n\n<ul class=\"wp-block-list\">\n<li>Entre les entreprises en situation de clients\/fournisseurs<\/li>\n\n\n\n<li>Avec leurs partenaires respectifs<\/li>\n<\/ul>\n\n\n\n<p>En France, Sage Network est lanc\u00e9 dans un contexte r\u00e9glementaire particulier. Car la question de la fluidit\u00e9 interentreprises est au c\u0153ur de la <a href=\"https:\/\/www.sage.com\/fr-fr\/dematerialisation\/facture-electronique\/\">facture \u00e9lectronique<\/a>.<\/p>\n\n\n\n<p><strong>Richard Fremder<\/strong><\/p>\n\n\n\n<p>Sage Network est donc un facilitateur de facture \u00e9lectronique mais pas seulement.<\/p>\n\n\n\n<p><strong><strong>Christophe Adam<\/strong><\/strong><\/p>\n\n\n\n<p>Exactement. Sage Network r\u00e9pond \u00e0 tous les enjeux assis sur des \u00e9changes de donn\u00e9es&nbsp;:<\/p>\n\n\n\n<ul class=\"wp-block-list\">\n<li>Entre les entreprises<\/li>\n\n\n\n<li>Entre les entreprises et leurs partenaires.<\/li>\n<\/ul>\n\n\n\n<p>Pas seulement les donn\u00e9es de facturation.<\/p>\n\n\n\n<p>Concr\u00e8tement, de quoi est parti Sage&nbsp;? Nous sommes partis d\u2019un constat, qui sera partag\u00e9, je crois, par tous nos auditeurs.<\/p>\n\n\n\n<p>Ce constat, c\u2019est que le caract\u00e8re h\u00e9t\u00e9rog\u00e8ne des solutions utilis\u00e9es par les entreprises en relation d\u2019affaires induit de la discontinuit\u00e9.<\/p>\n\n\n\n<p>Or, saisir et ressaisir, \u00e9changer des informations sur papier ou par courriel est source de perte de temps et d\u2019erreurs. Ind\u00e9pendamment du fait que les t\u00e2ches associ\u00e9es sont peu valorisantes pour les \u00e9quipes comptables et financi\u00e8res.<\/p>\n\n\n\n<h2 class=\"wp-block-heading\" id=\"api\"><strong>Une plateforme ouverte gr\u00e2ce \u00e0 des API avanc\u00e9es<\/strong><\/h2>\n\n\n\n<p><strong>Richard Fremder<\/strong><\/p>\n\n\n\n<p>\u00c7a, c\u2019\u00e9tait avant Sage Network\u2026<\/p>\n\n\n\n<p><strong><strong>Christophe Adam<\/strong><\/strong><\/p>\n\n\n\n<p>En effet, en mettant directement en relation les <a href=\"https:\/\/www.sage.com\/fr-fr\/blog\/schiever-sappuie-sur-un-erp-pour-une-gestion-centralisee-temoignage\/\">ERP des entreprises<\/a>, Sage Network connecte les syst\u00e8mes d\u2019information. C\u2019est une sorte d\u2019ERP interentreprises. Les \u00e9changes de donn\u00e9es sont ainsi de bout en bout d\u00e9mat\u00e9rialis\u00e9s et automatis\u00e9s.<\/p>\n\n\n\n<p>Plateforme ouverte gr\u00e2ce \u00e0 des <a href=\"https:\/\/www.sage.com\/fr-fr\/blog\/glossaire\/interface-programmation-definition\/\">API<\/a> publiques, Sage Network transpose la promesse d\u2019unification intra-entreprise d\u2019un <a href=\"https:\/\/www.sage.com\/fr-fr\/blog\/glossaire\/definition-qu-est-ce-qu-une-solution-erp-pgi\/\">ERP<\/a>. Mais, cette fois-ci, \u00e0 l\u2019\u00e9chelle des relations entre les entreprises. Plus simple, plus fluide, la fa\u00e7on dont les entreprises travaillent ensemble est ainsi compl\u00e8tement transform\u00e9e gr\u00e2ce \u00e0 la d\u00e9mat\u00e9rialisation interentreprises.&nbsp;<\/p>\n\n\n\n<p><strong>Richard Fremder<\/strong><\/p>\n\n\n\n<p>Tr\u00e8s bien, les entreprises seront en r\u00e9seau avec Sage Network. Mais pour faire quoi&nbsp;?<\/p>\n\n\n\n<p><strong><strong>Christophe Adam<\/strong><\/strong><\/p>\n\n\n\n<p>Sage Network, ce n\u2019est pas qu\u2019un aiguillage&nbsp;! C\u2019est aussi une plateforme digitale bourr\u00e9e de services g\u00e2ce notamment \u00e0 un recours \u00e9tendu \u00e0 l\u2019intelligence artificielle.<\/p>\n\n\n\n<p>Les cycles clients et fournisseurs se d\u00e9roulent sans saisie et en temps r\u00e9el. Pas seulement la facturation, mais bien l\u2019ensemble des cycles.<\/p>\n\n\n\n<p>C\u2019est pourquoi les op\u00e9rations sont&nbsp;: plus rapides, plus efficaces et plus s\u00e9curis\u00e9es. Tout cela au b\u00e9n\u00e9fice d\u2019une gestion en continu et d\u2019une <a href=\"https:\/\/www.sage.com\/fr-fr\/blog\/analyse-predictive-pour-augmenter-vos-flux-de-tresorerie\/\">tr\u00e9sorerie optimis\u00e9e.<\/a><\/p>\n\n\n\n<p><strong>Richard Fremder<\/strong><\/p>\n\n\n\n<p>Concr\u00e8tement, comment \u00e7a va se passer&nbsp;?<\/p>\n\n\n\n<p><strong><strong>Christophe Adam<\/strong><\/strong><\/p>\n\n\n\n<p>Le premier facteur de disruption de Sage Network, c\u2019est la gestion en r\u00e9seau. Reli\u00e9es via la plateforme par <a href=\"https:\/\/www.sage.com\/fr-fr\/blog\/glossaire\/edi-echange-de-donnees-informatise-definition\/\">EDI<\/a> ou par API, les entreprises fonctionneront en miroir. Un achat par l\u2019entreprise A, c\u2019est une vente pour l\u2019entreprise B. Les deux op\u00e9rations crois\u00e9es seront trait\u00e9es dans le m\u00eame mouvement. Bienvenue dans l\u2019univers de la d\u00e9mat\u00e9rialisation interentreprises&nbsp;!&nbsp;<\/p>\n\n\n\n<h2 class=\"wp-block-heading\" id=\"hub\"><strong>Un hub permettant tous les workflows interentreprises<\/strong><\/h2>\n\n\n\n<p><strong>Christophe Adam<\/strong><\/p>\n\n\n\n<p>Ensuite, Sage Network bouleverse les op\u00e9rations qui impliquent&nbsp;des boucles de validation et des \u00e9changes d\u2019information, en vue d\u2019une prise de d\u00e9cision impliquant deux acteurs, typiquement une commande ou un cr\u00e9dit bancaire.<\/p>\n\n\n\n<p>La plateforme  automatise \u00e9galement ces workflows interentreprises. Songez aux b\u00e9n\u00e9fices de simplicit\u00e9 et d\u2019efficacit\u00e9 dans les relations avec&nbsp;ses clients, ses fournisseurs et ses partenaires&nbsp;(banquier, expert-comptable ou administration).<\/p>\n\n\n\n<p>Enfin, Sage Network, en sa qualit\u00e9 d\u2019\u00e9cosyst\u00e8me ouvert, accueille toutes <a href=\"https:\/\/www.sage.com\/fr-fr\/\">les applications Sage<\/a> d\u2019aujourd\u2019hui et \u00e0 venir. Mais aussi des \u00e9diteurs tiers, avec l\u2019id\u00e9e de proposer aux entreprises un catalogue de services \u00e9voluant au rythme des besoins. \u00c0 la mani\u00e8re, par exemple, de ce que Apple a su constituer.<\/p>\n\n\n\n<p><strong>Richard Fremder<\/strong><\/p>\n\n\n\n<p>Comment vos clients accueillent cette perspective&nbsp;?<\/p>\n\n\n\n<p><strong><strong>Christophe Adam<\/strong><\/strong><\/p>\n\n\n\n<p>Nous avons encore bien s\u00fbr un gros travail de p\u00e9dagogie \u00e0 conduire. Mais nous constatons avec satisfaction un excellent accueil lorsque nous pr\u00e9sentons Sage Network \u00e0 des entreprises. Elles s\u2019emparent du sujet et se projettent sans difficult\u00e9. C\u2019est ce que nous avons encore constat\u00e9 r\u00e9cemment lors de notre dernier Club Clients.<\/p>\n\n\n\n<p>Par exemple, <a href=\"https:\/\/up.coop\/\" target=\"_blank\" rel=\"noreferrer noopener\">UpCoop<\/a>, l\u2019ex-Ch\u00e8que-D\u00e9jeuner, nous disait voir tout l\u2019int\u00e9r\u00eat de disposer d\u2019un hub connectant son portefeuille de produits. En effet, les solutions sont aujourd\u2019hui diff\u00e9rentes selon les typologies de filiales.<\/p>\n\n\n\n<p>Avec deux cons\u00e9quences tr\u00e8s pratiques&nbsp;:<\/p>\n\n\n\n<ul class=\"wp-block-list\">\n<li>\u00c9changer directement et facilement des donn\u00e9es entre des solutions comme <a href=\"https:\/\/www.sage.com\/fr-fr\/produits\/sage-100\/\">Sage 100<\/a> et <a href=\"https:\/\/www.sage.com\/fr-fr\/sage-business-cloud\/sage-x3\/\">Sage X3<\/a><\/li>\n\n\n\n<li>Mettre \u00e0 la disposition de toutes les entit\u00e9s les b\u00e9n\u00e9fices des applications tierces<\/li>\n<\/ul>\n\n\n\n<p>Ou encore, <a href=\"https:\/\/curie.fr\/\" target=\"_blank\" rel=\"noreferrer noopener\">l\u2019Institut Curie<\/a> met en avant l\u2019extension du circuit d\u2019information aux fournisseurs et \u00e0 l\u2019administration. Ce que nous appelons la d\u00e9mat\u00e9rialisation interentreprises.<\/p>\n\n\n\n<p>Pour les deux entreprises, ce qui est tr\u00e8s bien compris, c\u2019est le d\u00e9passement. Celui des obligations de la facture \u00e9lectronique au profit d\u2019un v\u00e9ritable bond en avant de la digitalisation.<\/p>\n\n\n\n<h2 class=\"wp-block-heading\" id=\"promesse\"><strong>La d\u00e9mat\u00e9rialisation interentreprises, une promesse concr\u00e9tis\u00e9e d\u00e8s 2024<\/strong><\/h2>\n\n\n\n<p><strong>Richard Fremder<\/strong><\/p>\n\n\n\n<p>La facture \u00e9lectronique est adoss\u00e9e \u00e0 un calendrier pr\u00e9cis. Comment Sage Network s\u2019intercale dans cette perspective&nbsp;?<\/p>\n\n\n\n<p><strong><strong>Christophe Adam<\/strong><\/strong><\/p>\n\n\n\n<p>La premi\u00e8re \u00e9tape sera, dans quelques semaines maintenant, le retour \u00e0 propos de notre candidature <a href=\"https:\/\/www.sage.com\/fr-fr\/dematerialisation\/facture-electronique\/sage-plateforme-de-dematerialisation-partenaire\/\">PDP<\/a>. Rappelons que l\u2019administration a r\u00e9serv\u00e9 un bon accueil \u00e0 notre dossier de candidature. C\u2019est pourquoi nous esp\u00e9rons que ce premier succ\u00e8s se traduira par une immatriculation sans r\u00e9serve.<\/p>\n\n\n\n<p>Dans cette hypoth\u00e8se positive, nous disposerons, et nos clients avec nous, de la premi\u00e8re brique de notre strat\u00e9gie Sage Network. Puisque Sage Network porte notre candidature PDP et notre capacit\u00e9 de d\u00e9mat\u00e9rialisation interentreprises.&nbsp;<\/p>\n\n\n\n<p>Ensuite, d\u00e8s janvier 2025, nous serons pr\u00eats avec nos clients engag\u00e9s dans la phase pilote. Nous pourrons en particulier tester l\u2019interop\u00e9rabilit\u00e9 de Sage Network en cconditions r\u00e9elles et avec de vraies transactions.<\/p>\n\n\n\n<p><strong>Richard Fremder<\/strong><\/p>\n\n\n\n<p>Il y a forc\u00e9ment un sujets produits, \u00e9galement. Si Sage Network est un hub, il faudra bien que tous les produits Sage puissent inter-op\u00e9rer avec votre nouvelle plateforme\u2026<\/p>\n\n\n\n<p><strong><strong>Christophe Adam<\/strong><\/strong><\/p>\n\n\n\n<p>Bien s\u00fbr. Il y a dans notre roadmap produits une double dimension&nbsp;:<\/p>\n\n\n\n<ul class=\"wp-block-list\">\n<li>Mettre nos solutions en conformit\u00e9 avec les exigences de la facture \u00e9lectronique, ind\u00e9pendamment de Sage Network. Cela passe par un travail sur la connexion les <a href=\"https:\/\/www.sage.com\/fr-fr\/blog\/plateforme-de-dematerialisation-portail-public\/\">PDP<\/a> tierces.<\/li>\n\n\n\n<li>Permettre \u00e0 nos solutions d\u2019inter-op\u00e9rer avec Sage Network pour b\u00e9n\u00e9ficier de l\u2019effet disruptif annonc\u00e9.<\/li>\n<\/ul>\n\n\n\n<p>Ce travail est pour l\u2019essentiel achev\u00e9. Nous proposons \u00e0 nos clients ce que nous appelons des versions socles de nos solutions. Pr\u00e9-conformes avec la facture \u00e9lectronique, si je puis dire. Ces versions ne bougeront plus qu\u2019\u00e0 la marge dans les trois ans qui viennent.<\/p>\n\n\n\n<h2 class=\"wp-block-heading\" id=\"perspective\"><strong>Une perspective ouverte \u00e0 toutes les entreprises<\/strong><\/h2>\n\n\n\n<p><strong>Richard Fremder<\/strong><\/p>\n\n\n\n<p>Pourquoi migrer maintenant&nbsp;?<\/p>\n\n\n\n<p><strong><strong>Christophe Adam<\/strong><\/strong><\/p>\n\n\n\n<p>Nos clients pourront profiter du premier niveau de services offert par Sage Network d\u00e8s juin 2024. Et entrer de plain-pied dans la dimension de la d\u00e9mat\u00e9rialisation interentreprises.<\/p>\n\n\n\n<p>C\u2019est pourquoi ils sont invit\u00e9s d\u00e8s maintenant \u00e0 migrer sur ces versions.<\/p>\n\n\n\n<p>\u00c9galement pour&nbsp;:<\/p>\n\n\n\n<ul class=\"wp-block-list\">\n<li>\u00c9viter une tension sur les ressources<\/li>\n\n\n\n<li>Disposer du maximum de temps pour s\u2019approprier ces nouvelles configurations<\/li>\n<\/ul>\n\n\n\n<p><strong>Richard Fremder<\/strong><\/p>\n\n\n\n<p>Revenons \u00e0 Sage Network. Quelles sont les \u00e9tapes du d\u00e9passement de la facture \u00e9lectronique&nbsp;?<\/p>\n\n\n\n<p><strong><strong>Christophe Adam<\/strong><\/strong><\/p>\n\n\n\n<p>Plus tard dans l\u2019ann\u00e9e 2024, les API publiques seront disponibles dans Sage Network. C\u2019est tr\u00e8s important pour embarquer le plus t\u00f4t possible nos ISV, nos solutions partenaires.<\/p>\n\n\n\n<p>Nos applications d\u00e9di\u00e9es \u00e0 la d\u00e9mat\u00e9rialisation des achats&nbsp;:<\/p>\n\n\n\n<ul class=\"wp-block-list\">\n<li><a href=\"https:\/\/www.sage.com\/fr-fr\/entreprise\/moyennes-et-grandes-entreprises-pme-eti\/solutions-complementaires\/sage-youdoc\/\">Sage Youdoc<\/a><\/li>\n\n\n\n<li><a href=\"https:\/\/www.sage.com\/fr-fr\/entreprise\/moyennes-et-grandes-entreprises-pme-eti\/solutions-complementaires\/sage-frp-1000-dematerialisation\/\">Sage FRP 1000 D\u00e9mat\u00e9rialisation<\/a><\/li>\n\n\n\n<li><a href=\"https:\/\/www.sage.com\/fr-fr\/produits\/sage-100\/sage-automatisation-comptable\/\">Sage Automatisation Comptable<\/a><\/li>\n<\/ul>\n\n\n\n<p>vont ainsi \u00eatre tr\u00e8s vite connect\u00e9es \u00e0 Sage Network. Ainsi, tous les flux pourront transiter dans la m\u00eame architecture, dans une perspective de d\u00e9mat\u00e9rialisation interentrepris<em>es.<\/em><\/p>\n\n\n\n<p>Demain, quand les connexions aux PDP seront disponibles, tout pourra \u00eatre en conformit\u00e9 et utilisable via la m\u00eame plateforme<em>.<\/em><\/p>\n\n\n\n<p>Nous voulons offrir la possibilit\u00e9 d&rsquo;anticiper ces \u00e9changes d\u00e9mat\u00e9rialis\u00e9s clients\/fournisseurs gr\u00e2ce \u00e0 une brique d&rsquo;interop\u00e9rabilit\u00e9 Sage to Sage. Ce sera possible \u00e0 partir du moment o\u00f9 les deux entit\u00e9s sont \u00e9quip\u00e9es de Sage.<\/p>\n\n\n\n<p>Je le rappelle, parce que c\u2019est tr\u00e8s important, Sage Network n\u2019est pas r\u00e9serv\u00e9 aux utilisateurs de solutions de gestion Sage. En adoptant le standard europ\u00e9en Peppol courant 2025, c\u2019est bien \u00e0 toutes les entreprises que nous nous adressons. La d\u00e9mat\u00e9rialisation interentreprises n\u2019a de sens que si elle r\u00e9volutionne les processus d\u2019achats et de ventes d\u2019un maximum d\u2019acteurs.<\/p>\n\n\n\n<p><strong>Richard Fremder<\/strong><\/p>\n\n\n\n<p>Je vous fais gr\u00e2ce aujourd\u2019hui des \u00e9tapes au-del\u00e0 de 2025&nbsp;! Merci Christophe Adam d\u2019avoir contribu\u00e9 \u00e0 cet \u00e9pisode de CFO Radio consacr\u00e9 \u00e0 la d\u00e9mat\u00e9rialisation interentreprises. Et \u00e0 tr\u00e8s bient\u00f4t pour un nouveau num\u00e9ro de ce podcast d\u00e9di\u00e9 \u00e0 la fonction finance.<\/p>\n\n\n\n<p><strong>D\u00e9couvrez d&rsquo;autres <a href=\"https:\/\/www.sage.com\/fr-fr\/blog\/tag\/sage-on-air-podcast\/\">Podcasts [#Sage On Air]<\/a><\/strong><\/p>\n\n\n\n<p>Ces articles peuvent \u00e9galement vous int\u00e9resser :<\/p>\n\n\n\n<ul class=\"wp-block-list\">\n<li><a href=\"https:\/\/www.sage.com\/fr-fr\/blog\/facture-electronique-reduire-les-defaillances-dentreprises\/\">Facture \u00e9lectronique : vers une r\u00e9duction des risques de d\u00e9faillances d\u2019entreprises ?<\/a><\/li>\n\n\n\n<li><a href=\"https:\/\/www.sage.com\/fr-fr\/blog\/gestion-financiere-digitalisee-la-facture-electronique-donne-le-ton\/\">Gestion financi\u00e8re digitalis\u00e9e : la facture \u00e9lectronique donne le ton<\/a><\/li>\n\n\n\n<li><a href=\"https:\/\/www.sage.com\/fr-fr\/blog\/cloud-et-facture-electronique\/\">Cloud et facture \u00e9lectronique<\/a><\/li>\n\n\n\n<li><a href=\"https:\/\/www.sage.com\/fr-fr\/blog\/avantages-des-pdp-au-profit-des-entreprises\/\">Les avantages des PDP au profit des entreprises fran\u00e7aises<\/a><\/li>\n<\/ul>\n\n\n\n<p>Article mis \u00e0 jour le 20\/11\/2024;<\/p>\n\n\n\n<div class=\"single-cta gated-content\">\n\t<div class=\"single-cta__positioner\">\n\t\t<div class=\"single-cta__wrapper has-dark-background-color\">\n\t\t\t<div class=\"single-cta__content\">\n\t\t\t\t\t\t\t\t<h2 class=\"single-cta__title h3\">Guide de la facture \u00e9lectronique pour les ETI<\/h2>\n\n\t\t\t\t\t\t\t\t\t<div class=\"single-cta__description\">\n\t\t\t\t\t\t<p><!-- wp:paragraph --><\/p>\n<p class=\"\">La gestion interentreprises, une nouvelle r\u00e9alit\u00e9<\/p>\n<p><!-- \/wp:paragraph --><\/p>\n\t\t\t\t\t<\/div>\n\t\t\t\t\n\t\t\t\t\t\t\t\t\t\t\t\t\t\t<a\n\t\t\t\t\t\thref=\"#gate-d6a86dee-acec-45bb-82d6-8b0a6a1b0c15\"\n\t\t\t\t\t\tclass=\"single-cta__button button button--primary\"\n\t\t\t\t\t\t\t\t\t\t\t\t\t\t\t\t\t>T\u00e9l\u00e9chargez le guide<\/a>\n\t\t\t\t\t\t\t<\/div>\n\n\t\t\t\t\t<\/div>\n\n\t\t\t\t\t<img decoding=\"async\" width=\"1215\" height=\"810\" src=\"https:\/\/www.sage.com\/fr-fr\/blog\/wp-content\/uploads\/sites\/4\/2023\/09\/GettyImages-1426496887-1215x810.jpg\" class=\"single-cta__image\" alt=\"Guide de la facture \u00e9lectronique pour les ETI\" loading=\"lazy\" srcset=\"https:\/\/www.sage.com\/fr-fr\/blog\/wp-content\/uploads\/sites\/4\/2023\/09\/GettyImages-1426496887-1215x810.jpg 1215w\" sizes=\"auto, (min-width: 48em) 33vw, 100vw\" \/>\t\t\t<\/div>\n<\/div>\n\n\n\n<div class=\"single-cta\">\n\t<div class=\"single-cta__positioner\">\n\t\t<div class=\"single-cta__wrapper has-dark-background-color\">\n\t\t\t<div class=\"single-cta__content\">\n\t\t\t\t\t\t\t\t<h2 class=\"single-cta__title h3\">Sage On Air Podcast<\/h2>\n\n\t\t\t\t\t\t\t\t\t<div class=\"single-cta__description\">\n\t\t\t\t\t\t<p><!-- wp:paragraph --><\/p>\n<p>Recevez directement dans votre boite email les podcasts qui vous int\u00e9ressent.<\/p>\n<p><!-- \/wp:paragraph --><\/p>\n\t\t\t\t\t<\/div>\n\t\t\t\t\n\t\t\t\t\t\t\t\t\t\t\t\t\t\t<a\n\t\t\t\t\t\thref=\"http:\/\/gate-a7ec680c-d54f-450c-894c-72611defbb9c\"\n\t\t\t\t\t\tclass=\"single-cta__button button button--primary\"\n\t\t\t\t\t\t\t\t\t\t\t\t\tid=\"cta-id-9240\"\n\t\t\t\t\t\t\t\t\t\t\t\t\t\t\t\t\t\t\tdata-button-location=\"cta_box\"\n\t\t\t\t\t\t\t\t\t\t\t>Je m&#039;abonne<\/a>\n\t\t\t\t\t\t\t<\/div>\n\n\t\t\t\t\t<\/div>\n\n\t\t\t\t\t<img decoding=\"async\" width=\"355\" height=\"352\" src=\"https:\/\/www.sage.com\/fr-fr\/blog\/wp-content\/uploads\/sites\/4\/2022\/04\/CTA-dotdash-1x1-1.jpg\" class=\"single-cta__image\" alt=\"Sage On Air Podcasts\" loading=\"lazy\" srcset=\"https:\/\/www.sage.com\/fr-fr\/blog\/wp-content\/uploads\/sites\/4\/2022\/04\/CTA-dotdash-1x1-1.jpg 355w\" sizes=\"auto, (min-width: 48em) 33vw, 100vw\" \/>\t\t\t<\/div>\n<\/div>\n","protected":false},"excerpt":{"rendered":"<p>La d\u00e9mat\u00e9rialisation interentreprises consiste \u00e0 \u00e9tendre \u00e0 son \u00e9cosyst\u00e8me les b\u00e9n\u00e9fices de l\u2019automatisation digitale. Allez au-del\u00e0 de la simple conformit\u00e9 !<\/p>\n","protected":false},"author":710,"featured_media":18829,"comment_status":"closed","ping_status":"closed","sticky":false,"template":"","format":"audio","meta":{"_sage_video":false,"post_featured_image_hide":false,"footnotes":""},"categories":[16],"tags":[224,871],"business_type":[8,9,11],"lilypad":[],"context":[],"industry":[23,24,25,26],"persona":[867,35,34,37,40,868],"imagine_tag":[],"coauthors":[906],"class_list":["post-19541","post","type-post","status-publish","format-audio","has-post-thumbnail","hentry","category-digitalisation-et-tendances","tag-ia-digitalisation","tag-sage-on-air-podcast","post_format-post-format-audio","business_type-artisans-et-petites-entreprises","business_type-petites-et-moyennes-entreprises","business_type-expertise-comptable","industry-btp","industry-industrie","industry-negoce","industry-services"],"sage_meta":{"region":"fr-fr","author_name":"Christophe Adam","featured_image":"https:\/\/www.sage.com\/fr-fr\/blog\/wp-content\/uploads\/sites\/4\/2024\/03\/Christophe-Adam.jpg","imagine_tags":[]},"distributor_meta":false,"distributor_terms":false,"distributor_media":false,"distributor_original_site_name":"Sage Advice France","distributor_original_site_url":"https:\/\/www.sage.com\/fr-fr\/blog","push-errors":false,"_links":{"self":[{"href":"https:\/\/www.sage.com\/fr-fr\/blog\/api\/wp\/v2\/posts\/19541","targetHints":{"allow":["GET"]}}],"collection":[{"href":"https:\/\/www.sage.com\/fr-fr\/blog\/api\/wp\/v2\/posts"}],"about":[{"href":"https:\/\/www.sage.com\/fr-fr\/blog\/api\/wp\/v2\/types\/post"}],"author":[{"embeddable":true,"href":"https:\/\/www.sage.com\/fr-fr\/blog\/api\/wp\/v2\/users\/710"}],"replies":[{"embeddable":true,"href":"https:\/\/www.sage.com\/fr-fr\/blog\/api\/wp\/v2\/comments?post=19541"}],"version-history":[{"count":1,"href":"https:\/\/www.sage.com\/fr-fr\/blog\/api\/wp\/v2\/posts\/19541\/revisions"}],"predecessor-version":[{"id":29454,"href":"https:\/\/www.sage.com\/fr-fr\/blog\/api\/wp\/v2\/posts\/19541\/revisions\/29454"}],"wp:featuredmedia":[{"embeddable":true,"href":"https:\/\/www.sage.com\/fr-fr\/blog\/api\/wp\/v2\/media\/18829"}],"wp:attachment":[{"href":"https:\/\/www.sage.com\/fr-fr\/blog\/api\/wp\/v2\/media?parent=19541"}],"wp:term":[{"taxonomy":"category","embeddable":true,"href":"https:\/\/www.sage.com\/fr-fr\/blog\/api\/wp\/v2\/categories?post=19541"},{"taxonomy":"post_tag","embeddable":true,"href":"https:\/\/www.sage.com\/fr-fr\/blog\/api\/wp\/v2\/tags?post=19541"},{"taxonomy":"business_type","embeddable":true,"href":"https:\/\/www.sage.com\/fr-fr\/blog\/api\/wp\/v2\/business_type?post=19541"},{"taxonomy":"lilypad","embeddable":true,"href":"https:\/\/www.sage.com\/fr-fr\/blog\/api\/wp\/v2\/lilypad?post=19541"},{"taxonomy":"context","embeddable":true,"href":"https:\/\/www.sage.com\/fr-fr\/blog\/api\/wp\/v2\/context?post=19541"},{"taxonomy":"industry","embeddable":true,"href":"https:\/\/www.sage.com\/fr-fr\/blog\/api\/wp\/v2\/industry?post=19541"},{"taxonomy":"persona","embeddable":true,"href":"https:\/\/www.sage.com\/fr-fr\/blog\/api\/wp\/v2\/persona?post=19541"},{"taxonomy":"imagine_tag","embeddable":true,"href":"https:\/\/www.sage.com\/fr-fr\/blog\/api\/wp\/v2\/imagine_tag?post=19541"},{"taxonomy":"author","embeddable":true,"href":"https:\/\/www.sage.com\/fr-fr\/blog\/api\/wp\/v2\/coauthors?post=19541"}],"curies":[{"name":"wp","href":"https:\/\/api.w.org\/{rel}","templated":true}]}}