{"id":21166,"date":"2024-07-19T09:41:42","date_gmt":"2024-07-19T07:41:42","guid":{"rendered":"https:\/\/www.sage.com\/fr-fr\/blog\/?p=21166"},"modified":"2025-05-07T15:33:18","modified_gmt":"2025-05-07T13:33:18","slug":"groupe-sos-choisit-sage-frp1000-temoignage","status":"publish","type":"post","link":"https:\/\/www.sage.com\/fr-fr\/blog\/groupe-sos-choisit-sage-frp1000-temoignage\/","title":{"rendered":"Un ERP pour r\u00e9pondre aux objectifs op\u00e9rationnels du groupe SOS"},"content":{"rendered":"<header class=\"entry-header has-dark-background-color entry-header--has-illustration entry-header--has-illustration--generic\">\n\t<div class=\"container\">\n\t\t<div class=\"entry-header__row row align-center\">\n\t\t\t<div class=\"col col-lg-7 col-xlg-6 entry-header__content\">\n\t\t\t\t\t\t\t<div class=\"component component-single-header\">\n\t\t\t\t\t\t\t\t\t\t<div class=\"entry-header__misc text--subtitle text--uppercase text--small\">\n\t\t\t\t\t\t\t<a href=\"https:\/\/www.sage.com\/fr-fr\/blog\/categorie\/interviews-clients\/\" class=\"entry-header__link\">T\u00e9moignages clients<\/a>\t\t\t\t\t\t<\/div>\n\t\t\t\t\n\t\t\t\t<div class=\"entry-title-wrapper\">\n\t\t\t\t\t<h1 class=\"entry-title\">\n\t\t\t\t\t\tUn ERP pour r\u00e9pondre aux objectifs op\u00e9rationnels du groupe SOS\t\t\t\t\t<\/h1>\n\t\t\t\t<\/div>\n\n\t\t\t\t\t\t\t\t\t<p class=\"entry-header__description\">\n\t\t\t\t\t\t\t\t\t\t\t<\/p>\n\t\t\t\t\n\t\t\t\t\n\t\t\t\t\n\t\t\t<\/div>\n\n\t\t\t\t\t<\/div>\n\t\t\t\t\t<\/div>\n\t<\/div>\n\t<div class=\"single-post-details container\">\n\t\t<div class=\"col\">\n\t\t\t<span class=\"posted-on \"><time class=\"entry-date published\" datetime=\"2024-07-19T09:41:42+02:00\">19 juillet 2024<\/time><\/span><span class=\"reading-time\"> min de lecture<\/span>\n\t\t<button\n\t\t\ttype=\"button\"\n\t\t\tclass=\"social-share-button button button--icon button--secondary js-social-share-button\"\n\t\t\tdata-share-title=\"Un ERP pour r\u00e9pondre aux objectifs op\u00e9rationnels du groupe SOS\"\n\t\t\tdata-share-url=\"https:\/\/www.sage.com\/fr-fr\/blog\/groupe-sos-choisit-sage-frp1000-temoignage\/\"\n\t\t\tdata-share-text=\"Veuillez lire cet article int\u00e9ressant\"\n\t\t>\n\t\t\t<span class=\"social-share-button__share-label\">Partager<\/span>\n\t\t\t<span class=\"social-share-button__copy-label\" hidden>Copier le lien<\/span>\n\t\t\t<span class=\"social-share-button__copy-tooltip\" aria-hidden=\"true\" hidden>Copi\u00e9<\/span>\n\t\t<\/button>\n\n\t\t\t\t<\/div>\n\t<\/div>\n<\/header>\n\n\n<div class=\"wp-block-post-author has-dark-background-color alignfull\">\n\t<div class=\"container\">\n\t\t<div class=\"col\">\n\t\t\t\t\t\t\t<div class=\"co-authors\">\n\t\t\t\t\t\n\t\t<div class=\"entry-author-wrapper\">\n\t\t\t<a class=\"entry-author\" href=\"https:\/\/www.sage.com\/fr-fr\/blog\/author\/isabellecosniam\/\">\n\t\t\t\t<img loading=\"lazy\" decoding=\"async\" width=\"40\" height=\"40\" src=\"https:\/\/www.sage.com\/fr-fr\/blog\/wp-content\/uploads\/sites\/4\/2023\/07\/Cosniam-Isabelle-350x350.jpg\" class=\"entry-author__image\" alt=\"\" \/>\t\t\t\t<span class=\"entry-author__name\">Isabelle Cosniam<\/span>\n\t\t\t<\/a>\n\n\t\t\t\t\t<\/div>\n\n\t\t\t\t\t\t<\/div>\n\t\t\t\t\t<\/div>\n\t<\/div>\n<\/div>\n\n\n\n<p>Sans but lucratif et sans actionnaires, le groupe SOS est g\u00e9r\u00e9 de mani\u00e8re \u00e0 optimiser son impact dans l\u2019accompagnement des personnes les plus vuln\u00e9rables. <\/p>\n\n\n\n<p>Pour ce faire, un logiciel capable d\u2019acc\u00e9l\u00e9rer les op\u00e9rations comptables et de fiabiliser le reporting \u00e9tait indispensable. Sage FRP 1000 r\u00e9pond parfaitement aux objectifs op\u00e9rationnels du groupe, avec en plus l\u2019avantage d\u2019une vraie facilit\u00e9 de prise en main.<\/p>\n\n\n\n<p>Retour d&rsquo;exp\u00e9rience avec Nicolas Aucourt, Directeur de la Performance et des Syst\u00e8mes d&rsquo;Information.<\/p>\n\n\n<div class=\"video-container-wrap -mode-full\"><div class=\"video-container\"><video\n\t\t\t\tclass=\"sage-video video-js vjs-default-skin \"\n\t\t\t\twidth=\"640\"\n\t\t\t\theight=\"360\"\n\t\t\t\tdata-setup='{ \"controls\": true, \"aspectRatio\" : \"16:9\", \"poster\": \"https:\/\/img.youtube.com\/vi\/WOaIyDhGGZc\/maxresdefault.jpg\", \"techOrder\": [\"youtube\"], \"enablejsapi\": 1, \"origin\": \"https:\/\/www.sage.com\", \"sources\": [{ \"type\": \"video\/youtube\", \"src\": \"https:\/\/www.youtube.com\/watch?v=WOaIyDhGGZc\"}], \"youtube\": { \"ytControls\": 0, \"cc_load_policy\": 3, \"modestbranding\": 1, \"hl\": \"fr_FR\", \"playsinline\": 1 } }'\n\t\t\t\tcrossorigin=\"\"><\/video><\/div><\/div>\n\n\n\n<h2 class=\"wp-block-heading\" id=\"h-le-groupe-sos-agit-partout-pour-la-dignite-humaine\"><strong>Le groupe SOS agit partout pour la dignit\u00e9 humaine<\/strong><\/h2>\n\n\n\n<p>Le groupe SOS f\u00e9d\u00e8re 750 \u00e9tablissements, associations et entreprises relevant de l\u2019\u00e9conomie sociale et solidaire. Cr\u00e9\u00e9 en 1984, <a href=\"https:\/\/www.groupe-sos.org\/\" target=\"_blank\" rel=\"noreferrer noopener\">le groupe<\/a> emploie 22 000 personnes et vient en aide \u00e0 deux millions de b\u00e9n\u00e9ficiaires.<\/p>\n\n\n\n<p>Nicolas Aucourt en est le Directeur de la Performance et des Syst\u00e8mes d&rsquo;Information. \u00ab <em>Notre ADN est soci\u00e9tal. Nous nous effor\u00e7ons de proposer une solution \u00e0 toute personne ayant besoin d&rsquo;\u00eatre accompagn\u00e9e dans son parcours professionnel ou dans son parcours personnel&nbsp;<\/em>\u00bb.<\/p>\n\n\n\n<blockquote class=\"wp-block-quote is-layout-flow wp-block-quote-is-layout-flow\">\n<p>\u00ab&nbsp;<em>Nos entit\u00e9s sont principalement ax\u00e9es sur les m\u00e9tiers du m\u00e9dico-social, du sanitaire et sur de nouveaux enjeux, comme la transition \u00e9cologique.<\/em> \u00bb<\/p>\n<cite>Nicolas Aucourt,Directeur de la Performance et des Syst\u00e8mes d&rsquo;Information, Groupe SOS<\/cite><\/blockquote>\n\n\n\n<h3 class=\"wp-block-heading\" id=\"h-une-communaute-souple-et-solidaire\"><strong>Une communaut\u00e9 souple et solidaire<\/strong><\/h3>\n\n\n\n<p>Le groupe SOS est organis\u00e9 autour de trois priorit\u00e9s&nbsp;: combattre toutes les exclusions, agir pour l\u2019acc\u00e8s de toutes et de tous \u00e0 l\u2019essentiel et innover face aux enjeux sociaux, soci\u00e9taux et environnementaux.<\/p>\n\n\n\n<p>Il mutualise les fonctions supports et s\u2019appuie sur des m\u00e9canismes de solidarit\u00e9 entre ses entit\u00e9s. Celles-ci m\u00e8nent deux types d\u2019activit\u00e9s. \u00ab&nbsp;<em>Premi\u00e8rement, des missions de service public, avec la gestion d\u2019\u00e9tablissements pour personnes en situation de handicap ou d\u2019exclusion sociale, d\u2019\u00e9tablissements de l\u2019aide sociale \u00e0 l\u2019enfance, de la protection judiciaire de la jeunesse et des cr\u00e8ches. Deuxi\u00e8mement, des missions d\u2019int\u00e9r\u00eat g\u00e9n\u00e9ral, \u00e0 travers des h\u00f4pitaux et des EHPAD associatifs. Dans cette cat\u00e9gorie, on trouve aussi des tiers lieux, commerces durables, \u00e9tablissements culturels et m\u00eame des ONG \u00e0 vocation internationale<\/em>&nbsp;\u00bb, d\u00e9veloppe Nicolas Aucourt.<\/p>\n\n\n\n<h3 class=\"wp-block-heading\" id=\"h-le-groupe-sos-independant-grace-a-une-gestion-saine\"><strong> Le groupe SOS, ind\u00e9pendant gr\u00e2ce \u00e0 une gestion saine<\/strong><\/h3>\n\n\n\n<p>Le groupe SOS n\u2019a pas d\u2019actionnaire et est \u00e0 but non lucratif. Son chiffre d\u2019activit\u00e9, calcul\u00e9 \u00e0 partir de la somme des budgets des associations et des entreprises sociales, s\u2019\u00e9l\u00e8ve \u00e0 1,4 milliard d\u2019euros. L\u2019int\u00e9gralit\u00e9 du r\u00e9sultat, qui oscille chaque ann\u00e9e autour de cinq millions d\u2019euros, est r\u00e9investi ou mis en r\u00e9serve. Cette pr\u00e9caution permet le cas \u00e9ch\u00e9ant de venir ponctuellement en aide \u00e0 une association en panne de tr\u00e9sorerie. &nbsp;<\/p>\n\n\n\n<p>Comme l\u2019explique Nicolas Aucourt, le statut social et solidaire du groupe SOS ne le dispense pas d\u2019une grande rigueur de gestion. Bien au contraire. \u00ab&nbsp;Nous avons beau \u00eatre dans un environnement non lucratif, il faut que nous r\u00e9pondions \u00e0 nos besoins de reporting et de pilotage financier&nbsp;\u00bb.<\/p>\n\n\n\n<h2 class=\"wp-block-heading\" id=\"h-un-logiciel-financier-puissant\"><strong>Un logiciel financier puissant<\/strong><\/h2>\n\n\n\n<p>Le groupe SOS a choisi <a href=\"https:\/\/www.sage.com\/fr-fr\/produits\/sage-frp-1000\/\">Sage FRP 1000<\/a> pour relever de multiples d\u00e9fis. La premi\u00e8re raison du choix est le potentiel multi-soci\u00e9t\u00e9s. \u00ab\u00a0<em>Sage FRP 1000 est capable de prendre en charge les 750 entit\u00e9s en mutualisant les r\u00e8gles de gestion. Cela nous permet de rationaliser et de simplifier le traitement de nos t\u00e2ches comptables et administratives. Et donc de r\u00e9duire le co\u00fbt<\/em> \u00bb. La deuxi\u00e8me raison du choix est la capacit\u00e9 de la solution \u00e0 tracer et \u00e0 valoriser les donn\u00e9es de gestion. <em>\u00ab\u00a0C\u2019\u00e9tait indispensable pour la qualit\u00e9 de notre reporting<\/em>\u00a0\u00bb.\u00a0\u00a0\u00a0<\/p>\n\n\n\n<div class=\"single-cta\">\n\t<a\n\t\tclass=\"button button--primary gate-a7a300a2-5c7d-4572-9d84-3bc449e0dd19\"\n\t\trole=\"button\"\n\t\tdata-button-location=\"content_area\"\n\t\thref=\"#gate-a7a300a2-5c7d-4572-9d84-3bc449e0dd19\"\n\t>T\u00e9l\u00e9chargez le guide \u00ab\u00a0Comment l\u2019IA r\u00e9volutionne la gestion d\u2019entreprise\u00a0\u00bb<\/a>\n<\/div>\n\n\n\n\n<p>Sage FRP 1000 pr\u00e9sente aussi l\u2019avantage d\u2019une facilit\u00e9 de prise en main. \u00ab&nbsp;<em>Nous avons \u00e9t\u00e9 attentifs \u00e0 fournir une solution qui soit la plus ergonomique et la plus intuitive possible pour l&rsquo;ensemble des collaborateurs et des collaboratrices. Demain, ce sera un \u00e9l\u00e9ment important pour attirer de nouveaux talents, pour attirer des \u00e9l\u00e9ments cl\u00e9s sur ces m\u00e9tiers en tension<\/em>&nbsp;\u00bb, ajoute Nicolas Aucourt.<\/p>\n\n\n\n<h3 class=\"wp-block-heading\" id=\"h-la-digitalisation-des-metiers\"><strong>La digitalisation des m\u00e9tiers<\/strong><\/h3>\n\n\n\n<p>Derri\u00e8re la solution, il y a l\u2019\u00e9diteur. \u00ab&nbsp;<em>Le choix de Sage correspond \u00e0 un accompagnement de long terme pour les aspects technologiques et r\u00e9glementaires<\/em>&nbsp;\u00bb. Ainsi, le groupe SOS dispose avec Sage FRP 1000 d\u2019une solution \u00ab&nbsp;<em>qui permet d&rsquo;accompagner la digitalisation de nos m\u00e9tiers<\/em>&nbsp;\u00bb.<\/p>\n\n\n\n<p>Nicolas Aucourt poursuit&nbsp;: \u00ab&nbsp;<em>La digitalisation se d\u00e9ploie de deux fa\u00e7ons&nbsp;: l\u2019automatisation de davantage de t\u00e2ches comptables et l\u2019interop\u00e9rabilit\u00e9 du logiciel avec l\u2019environnement num\u00e9rique qui gravite autour du SI finance. Nous sommes au d\u00e9but de la d\u00e9marche, avec le traitement de la donn\u00e9e fournisseur. Qu&rsquo;il va falloir harmoniser et mettre \u00e0 niveau<\/em>&nbsp;\u00bb. Nicolas Aucourt, Directeur de la Performance et des Syst\u00e8mes d&rsquo;Information, Groupe SOS<\/p>\n\n\n\n<h2 class=\"wp-block-heading\" id=\"h-le-groupe-sos-anticipe-la-facture-electronique\"><strong>Le groupe SOS anticipe la facture \u00e9lectronique<\/strong><\/h2>\n\n\n\n<p>Le premier chantier auquel s\u2019est attel\u00e9 le groupe SOS est un travail de <a href=\"https:\/\/www.sage.com\/fr-fr\/blog\/nettoyage-des-donnees-chantier-prioritaire-facture-electronique\/\">nettoyage et de rationalisation de ses donn\u00e9es<\/a> fournisseurs.<\/p>\n\n\n\n<p>Pr\u00e9sent lors de la derni\u00e8re journ\u00e9e clients Sage, Nicolas Aucourt explique ainsi les motifs de sa participation&nbsp;: \u00ab&nbsp;<em>En fait, ce que je suis venu chercher, moi, dans cette journ\u00e9e, c&rsquo;est un partage d&rsquo;exp\u00e9rience. Port\u00e9 par Sage mais au travers de l&rsquo;ensemble des clients. Les bonnes pratiques en termes de trajectoires, qu&rsquo;il est n\u00e9cessaire de respecter ou qui doivent guider notre d\u00e9marche<\/em>. <em>Ce que je retiens de cette matin\u00e9e, c&rsquo;est que Sage et son \u00e9cosyst\u00e8me de partenaires sont l\u00e0 pour accompagner leurs clients. Les guider et leur fournir des solutions<\/em>&nbsp;\u00bb, conclut le Directeur de la Performance et des Syst\u00e8mes d&rsquo;Information.<\/p>\n\n\n\n<p>Le groupe SOS appr\u00e9cie Sage FRP 1000 pour son potentiel d\u2019approfondissement de la transformation digitale. En effet, le logiciel combine une capacit\u00e9 de tra\u00e7abilit\u00e9 pouss\u00e9e tr\u00e8s loin avec l\u2019ouverture aux autres applications mises en \u0153uvre dans les entit\u00e9s du groupe SOS. Une premi\u00e8re grande \u00e9tape est la pr\u00e9paration \u00e0 la <a href=\"https:\/\/www.sage.com\/fr-fr\/dematerialisation\/facture-electronique\/\">facture \u00e9lectronique<\/a>, qui mobilise aujourd\u2019hui les \u00e9quipes.<\/p>\n\n\n\n<p>D\u00e9couvrez d\u2019autres <a href=\"https:\/\/www.sage.com\/fr-fr\/blog\/categorie\/interviews-clients\/\">t\u00e9moignages clients<\/a>.<\/p>\n\n\n\n<p>Ces articles peuvent \u00e9galement vous int\u00e9resser :<\/p>\n\n\n\n<ul class=\"wp-block-list\">\n<li><a href=\"https:\/\/www.sage.com\/fr-fr\/blog\/pourquoi-choisir-un-erp-configure-facture-electronique\/\">Pourquoi choisir un ERP configur\u00e9 facture \u00e9lectronique ?<\/a><\/li>\n\n\n\n<li><a href=\"https:\/\/www.sage.com\/fr-fr\/blog\/facturation-electronique-economie-connectee\/\">Facturation \u00e9lectronique : la voie vers une \u00e9conomie connect\u00e9e en temps r\u00e9el<\/a><\/li>\n\n\n\n<li><a href=\"https:\/\/www.sage.com\/fr-fr\/blog\/obligationsfacture-electronique-cqfe\/\">[#CQFE] Obligations de la facture \u00e9lectronique : ce qu\u2019il faut savoir !<\/a><\/li>\n\n\n\n<li><a href=\"https:\/\/www.sage.com\/fr-fr\/blog\/facture-electronique-engagement-grand-editeur-sage-video\/\">[#CQFE] Engagement d\u2019un grand \u00e9diteur : la facture \u00e9lectronique vue de l\u2019int\u00e9rieur<\/a><\/li>\n\n\n\n<li><a href=\"https:\/\/www.sage.com\/fr-fr\/blog\/ia-revolutionne-la-gestion-dentreprise\/\">Comment l&rsquo;IA r\u00e9volutionne la gestion de l&rsquo;entreprise<\/a><\/li>\n<\/ul>\n \n<div class=\"single-cta gated-content\">\n\t<div class=\"single-cta__positioner\">\n\t\t<div class=\"single-cta__wrapper has-dark-background-color\">\n\t\t\t<div class=\"single-cta__content\">\n\t\t\t\t\t\t\t\t<h2 class=\"single-cta__title h3\">Comment l\u2019IA r\u00e9volutionne la gestion d\u2019entreprise<\/h2>\n\n\t\t\t\t\n\t\t\t\t\t\t\t\t\t\t\t\t\t\t<a\n\t\t\t\t\t\thref=\"#gate-a7a300a2-5c7d-4572-9d84-3bc449e0dd19\"\n\t\t\t\t\t\tclass=\"single-cta__button button button--primary\"\n\t\t\t\t\t\t\t\t\t\t\t\t\t\t\t\t\t>T\u00e9lchargez le guide<\/a>\n\t\t\t\t\t\t\t<\/div>\n\n\t\t\t\t\t<\/div>\n\n\t\t\t\t\t<img decoding=\"async\" width=\"1215\" height=\"810\" src=\"https:\/\/www.sage.com\/fr-fr\/blog\/wp-content\/uploads\/sites\/4\/2023\/09\/GettyImages-1431581230-1215x810.jpg\" class=\"single-cta__image\" alt=\"Comment l\u2019IA r\u00e9volutionne la gestion d\u2019entreprise\" loading=\"lazy\" srcset=\"https:\/\/www.sage.com\/fr-fr\/blog\/wp-content\/uploads\/sites\/4\/2023\/09\/GettyImages-1431581230-1215x810.jpg 1215w\" sizes=\"auto, (min-width: 48em) 33vw, 100vw\" \/>\t\t\t<\/div>\n<\/div>\n\n\n<div class=\"single-cta\">\n\t<div class=\"single-cta__positioner\">\n\t\t<div class=\"single-cta__wrapper has-dark-background-color\">\n\t\t\t<div class=\"single-cta__content\">\n\t\t\t\t\t\t\t\t<h2 class=\"single-cta__title h3\">Inscrivez-vous \u00e0 la e-newsletter mensuelle<\/h2>\n\n\t\t\t\t\n\t\t\t\t\t\t\t\t\t\t\t\t\t\t<a\n\t\t\t\t\t\thref=\"#gate-a947ade1-e692-455f-94ce-a275d72a9a11\"\n\t\t\t\t\t\tclass=\"single-cta__button button button--primary\"\n\t\t\t\t\t\t\t\t\t\t\t\t\t\t\t\t\t>Je m&#039;abonne<\/a>\n\t\t\t\t\t\t\t<\/div>\n\n\t\t\t\t\t<\/div>\n\n\t\t\t\t\t<img decoding=\"async\" width=\"1024\" height=\"779\" src=\"https:\/\/www.sage.com\/fr-fr\/blog\/wp-content\/uploads\/sites\/4\/2021\/05\/spreadsheets-1024x779-1.jpg\" class=\"single-cta__image\" alt=\"\" loading=\"lazy\" srcset=\"https:\/\/www.sage.com\/fr-fr\/blog\/wp-content\/uploads\/sites\/4\/2021\/05\/spreadsheets-1024x779-1.jpg 1024w\" sizes=\"auto, (min-width: 48em) 33vw, 100vw\" \/>\t\t\t<\/div>\n<\/div>\n","protected":false},"excerpt":{"rendered":"<p>Le groupe SOS, acteur majeur de l&rsquo;\u00e9conomie sociale et solidaire, a choisi l&rsquo;ERP Sage FRP 1000 pour optimiser sa gestion comptable et son reporting. Cette solution r\u00e9pond parfaitement aux objectifs op\u00e9rationnels du groupe. Sage FRP 1000 accompagne \u00e9galement la digitalisation des m\u00e9tiers du groupe, notamment la pr\u00e9paration \u00e0 la facture \u00e9lectronique. T\u00e9moignage<\/p>\n","protected":false},"author":297,"featured_media":21168,"comment_status":"closed","ping_status":"closed","sticky":false,"template":"","format":"standard","meta":{"_sage_video":true,"post_featured_image_hide":false,"footnotes":""},"categories":[886],"tags":[99,224,891],"business_type":[9],"lilypad":[],"context":[],"industry":[26],"persona":[867,35,34],"imagine_tag":[],"coauthors":[920],"class_list":["post-21166","post","type-post","status-publish","format-standard","has-post-thumbnail","hentry","category-interviews-clients","tag-erp","tag-ia-digitalisation","tag-temoignages-clients","business_type-petites-et-moyennes-entreprises","industry-services"],"sage_meta":{"region":"fr-fr","author_name":"Isabelle Cosniam","featured_image":"https:\/\/www.sage.com\/fr-fr\/blog\/wp-content\/uploads\/sites\/4\/2024\/07\/groupe-sos-sage-frp-1000-temoignage.jpg","imagine_tags":[]},"distributor_meta":false,"distributor_terms":false,"distributor_media":false,"distributor_original_site_name":"Sage Advice France","distributor_original_site_url":"https:\/\/www.sage.com\/fr-fr\/blog","push-errors":false,"_links":{"self":[{"href":"https:\/\/www.sage.com\/fr-fr\/blog\/api\/wp\/v2\/posts\/21166","targetHints":{"allow":["GET"]}}],"collection":[{"href":"https:\/\/www.sage.com\/fr-fr\/blog\/api\/wp\/v2\/posts"}],"about":[{"href":"https:\/\/www.sage.com\/fr-fr\/blog\/api\/wp\/v2\/types\/post"}],"author":[{"embeddable":true,"href":"https:\/\/www.sage.com\/fr-fr\/blog\/api\/wp\/v2\/users\/297"}],"replies":[{"embeddable":true,"href":"https:\/\/www.sage.com\/fr-fr\/blog\/api\/wp\/v2\/comments?post=21166"}],"version-history":[{"count":0,"href":"https:\/\/www.sage.com\/fr-fr\/blog\/api\/wp\/v2\/posts\/21166\/revisions"}],"wp:featuredmedia":[{"embeddable":true,"href":"https:\/\/www.sage.com\/fr-fr\/blog\/api\/wp\/v2\/media\/21168"}],"wp:attachment":[{"href":"https:\/\/www.sage.com\/fr-fr\/blog\/api\/wp\/v2\/media?parent=21166"}],"wp:term":[{"taxonomy":"category","embeddable":true,"href":"https:\/\/www.sage.com\/fr-fr\/blog\/api\/wp\/v2\/categories?post=21166"},{"taxonomy":"post_tag","embeddable":true,"href":"https:\/\/www.sage.com\/fr-fr\/blog\/api\/wp\/v2\/tags?post=21166"},{"taxonomy":"business_type","embeddable":true,"href":"https:\/\/www.sage.com\/fr-fr\/blog\/api\/wp\/v2\/business_type?post=21166"},{"taxonomy":"lilypad","embeddable":true,"href":"https:\/\/www.sage.com\/fr-fr\/blog\/api\/wp\/v2\/lilypad?post=21166"},{"taxonomy":"context","embeddable":true,"href":"https:\/\/www.sage.com\/fr-fr\/blog\/api\/wp\/v2\/context?post=21166"},{"taxonomy":"industry","embeddable":true,"href":"https:\/\/www.sage.com\/fr-fr\/blog\/api\/wp\/v2\/industry?post=21166"},{"taxonomy":"persona","embeddable":true,"href":"https:\/\/www.sage.com\/fr-fr\/blog\/api\/wp\/v2\/persona?post=21166"},{"taxonomy":"imagine_tag","embeddable":true,"href":"https:\/\/www.sage.com\/fr-fr\/blog\/api\/wp\/v2\/imagine_tag?post=21166"},{"taxonomy":"author","embeddable":true,"href":"https:\/\/www.sage.com\/fr-fr\/blog\/api\/wp\/v2\/coauthors?post=21166"}],"curies":[{"name":"wp","href":"https:\/\/api.w.org\/{rel}","templated":true}]}}