{"id":23360,"date":"2025-03-27T09:15:00","date_gmt":"2025-03-27T08:15:00","guid":{"rendered":"https:\/\/www.sage.com\/fr-fr\/blog\/?p=23360"},"modified":"2025-05-07T15:33:00","modified_gmt":"2025-05-07T13:33:00","slug":"loi-de-finances-pour-2025-changements-entreprises","status":"publish","type":"post","link":"https:\/\/www.sage.com\/fr-fr\/blog\/loi-de-finances-pour-2025-changements-entreprises\/","title":{"rendered":"Loi de finances pour 2025 : les 10 grands changements pour les entreprises"},"content":{"rendered":"<header class=\"entry-header has-dark-background-color entry-header--has-illustration entry-header--has-illustration--generic\">\n\t<div class=\"container\">\n\t\t<div class=\"entry-header__row row align-center\">\n\t\t\t<div class=\"col col-lg-7 col-xlg-6 entry-header__content\">\n\t\t\t\t\t\t\t<div class=\"component component-single-header\">\n\t\t\t\t\t\t\t\t\t\t<div class=\"entry-header__misc text--subtitle text--uppercase text--small\">\n\t\t\t\t\t\t\t<a href=\"https:\/\/www.sage.com\/fr-fr\/blog\/categorie\/legal-et-reglementation\/\" class=\"entry-header__link\">L\u00e9gal &amp; R\u00e9glementation<\/a>\t\t\t\t\t\t<\/div>\n\t\t\t\t\n\t\t\t\t<div class=\"entry-title-wrapper\">\n\t\t\t\t\t<h1 class=\"entry-title\">\n\t\t\t\t\t\tLoi de finances pour 2025 : les 10 grands changements pour les entreprises\t\t\t\t\t<\/h1>\n\t\t\t\t<\/div>\n\n\t\t\t\t\t\t\t\t\t<p class=\"entry-header__description\">\n\t\t\t\t\t\t\t\t\t\t\t<\/p>\n\t\t\t\t\n\t\t\t\t\n\t\t\t\t\n\t\t\t<\/div>\n\n\t\t\t\t\t<\/div>\n\t\t\t\t\t<\/div>\n\t<\/div>\n\t<div class=\"single-post-details container\">\n\t\t<div class=\"col\">\n\t\t\t<span class=\"posted-on \"><time class=\"entry-date published\" datetime=\"2025-03-27T09:15:00+01:00\">March 27, 2025<\/time><\/span><span class=\"reading-time\"> min de lecture<\/span>\n\t\t<button\n\t\t\ttype=\"button\"\n\t\t\tclass=\"social-share-button button button--icon button--secondary js-social-share-button\"\n\t\t\tdata-share-title=\"Loi de finances pour 2025 : les 10 grands changements pour les entreprises\"\n\t\t\tdata-share-url=\"https:\/\/www.sage.com\/fr-fr\/blog\/loi-de-finances-pour-2025-changements-entreprises\/\"\n\t\t\tdata-share-text=\"Veuillez lire cet article int\u00e9ressant\"\n\t\t>\n\t\t\t<span class=\"social-share-button__share-label\">Partager<\/span>\n\t\t\t<span class=\"social-share-button__copy-label\" hidden>Copier le lien<\/span>\n\t\t\t<span class=\"social-share-button__copy-tooltip\" aria-hidden=\"true\" hidden>Copi\u00e9<\/span>\n\t\t<\/button>\n\n\t\t\t\t<\/div>\n\t<\/div>\n<\/header>\n\n\n<div class=\"wp-block-post-author has-dark-background-color alignfull\">\n\t<div class=\"container\">\n\t\t<div class=\"col\">\n\t\t\t\t\t\t\t<div class=\"co-authors\">\n\t\t\t\t\t\n\t\t<div class=\"entry-author-wrapper\">\n\t\t\t<a class=\"entry-author\" href=\"https:\/\/www.sage.com\/fr-fr\/blog\/author\/pascaljousset\/\">\n\t\t\t\t<img loading=\"lazy\" decoding=\"async\" width=\"40\" height=\"40\" src=\"https:\/\/www.sage.com\/fr-fr\/blog\/wp-content\/uploads\/sites\/4\/2023\/10\/pascal-jousset-350x350.jpg\" class=\"entry-author__image\" alt=\"pascal-jousset\" srcset=\"https:\/\/www.sage.com\/fr-fr\/blog\/wp-content\/uploads\/sites\/4\/2023\/10\/pascal-jousset-350x350.jpg 350w, https:\/\/www.sage.com\/fr-fr\/blog\/wp-content\/uploads\/sites\/4\/2023\/10\/pascal-jousset.jpg 600w\" sizes=\"auto, (max-width: 40px) 100vw, 40px\" \/>\t\t\t\t<span class=\"entry-author__name\">Pascal Jousset<\/span>\n\t\t\t<\/a>\n\n\t\t\t\t\t<\/div>\n\n\t\t\t\t\t\t<\/div>\n\t\t\t\t\t<\/div>\n\t<\/div>\n<\/div>\n\n\n\n<p>Apr\u00e8s un parcours atypique, la loi de Finances pour 2025 a finalement \u00e9t\u00e9 promulgu\u00e9e le 14 f\u00e9vrier dernier. Une fois encore, elle induit de nombreux changements pour les entreprises, toutes tailles confondues.<\/p>\n\n\n\n<ul class=\"wp-block-list\">\n<li><a href=\"#report\">Report de la suppression de la CVAE<\/a><\/li>\n\n\n\n<li><a href=\"#taxe\">Une taxe et une contribution pour les grandes entreprises<\/a><\/li>\n\n\n\n<li><a href=\"#exoneration\">Exon\u00e9ration fiscale des pourboires<\/a><\/li>\n\n\n\n<li><a href=\"#aides\">Aides \u00e0 la mobilit\u00e9 des salari\u00e9s<\/a><\/li>\n\n\n\n<li><a href=\"#incitative\">Taxe incitative \u00e0 l\u2019acquisition de v\u00e9hicules propres<\/a><\/li>\n\n\n\n<li><a href=\"#credits\">Cr\u00e9dits d&#8217;imp\u00f4t recherche et innovation<\/a><\/li>\n\n\n\n<li><a href=\"#zones\">Zones d&#8217;exon\u00e9ration<\/a><\/li>\n\n\n\n<li><a href=\"#soutien\">Soutien au monde agricole<\/a><\/li>\n\n\n\n<li><a href=\"#caisse\">Logiciels de caisse auto-certifi\u00e9s<\/a><\/li>\n\n\n\n<li><a href=\"#tva\">Abaissement du seuil de franchise de TVA<\/a><\/li>\n\n\n\n<li><a href=\"#comment\">Comment garantir votre conformit\u00e9 ?<\/a><\/li>\n<\/ul>\n\n\n\n<p class=\"has-text-align-center\"><div class=\"single-cta\">\n\t<a\n\t\tclass=\"button button--primary gate-c874ea4c-6c9b-4289-a4a5-a70131b8b0db\"\n\t\trole=\"button\"\n\t\tdata-button-location=\"content_area\"\n\t\thref=\"#gate-c874ea4c-6c9b-4289-a4a5-a70131b8b0db\"\n\t>Pour \u00eatre conforme, t\u00e9l\u00e9chargez la checklist des 7 points \u00e0 faire d\u00e8s aujourd&#8217;hui<\/a>\n<\/div>\n<\/p>\n\n\n\n<h2 class=\"wp-block-heading\" id=\"report\"><strong>1. La suppression de la CVAE report\u00e9e \u00e0 2030<\/strong><\/h2>\n\n\n\n<p>Fix\u00e9e initialement \u00e0 2027, <strong>la suppression de la CVAE<\/strong> (Cotisation sur la valeur ajout\u00e9e des entreprises) <strong>est report\u00e9e \u00e0 2030<\/strong> dans le cadre de la loi de Finances pour 2025. Les taux applicables ont \u00e9galement \u00e9t\u00e9 revus. Pour rappel, la CVAE est un imp\u00f4t local d\u00fb par les entreprises dont le <a href=\"https:\/\/www.sage.com\/fr-fr\/blog\/glossaire\/chiffre-daffaires-definition-du-ca-dune-entreprise\/\">chiffre d&#8217;affaires<\/a> est sup\u00e9rieur \u00e0 500 000 \u20ac.<\/p>\n\n\n\n<figure class=\"wp-block-pullquote has-text-align-center\"><blockquote><p><strong>50 milliards d\u2019euros<\/strong> :<br>c&#8217;est <a href=\"https:\/\/www.vie-publique.fr\/loi\/295632-budget-2025-loi-du-14-fevrier-2025-de-finances-pour-2025#:~:text=La%20loi%20de%20finances%20pr%C3%A9voit,entreprises%20sont%20en%20particulier%20propos%C3%A9es.\" target=\"_blank\" rel=\"noreferrer noopener\">l&#8217;objectif de redressement des comptes publics<\/a> port\u00e9 par la loi de finances pour 2025.<\/p><\/blockquote><\/figure>\n\n\n\n<p>En compl\u00e9ment, <strong>une contribution compl\u00e9mentaire \u00e0 la CVAE est instaur\u00e9e uniquement pour 2025<\/strong>. Elle correspond \u00e0 47,4 % de la CVAE et n&#8217;est due que par les entreprises redevables de la CVAE.<\/p>\n\n\n\n<h2 class=\"wp-block-heading\" id=\"taxe\"><strong>2. La cr\u00e9ation d&#8217;une taxe et d&#8217;une contribution pour les grandes entreprises<\/strong><\/h2>\n\n\n\n<p>Les grandes entreprises dont le chiffre d\u2019affaires est sup\u00e9rieur \u00e0 un milliard d\u2019euros se voient appliquer deux nouveaux dispositifs fiscaux.<\/p>\n\n\n\n<ul class=\"wp-block-list\">\n<li><strong>Une contribution exceptionnelle sur les b\u00e9n\u00e9fices<\/strong> : applicable au titre du 1<sup>er<\/sup> exercice clos \u00e0 partir du 31 d\u00e9cembre 2025, elle concerne les entreprises soumises \u00e0 l&#8217;imp\u00f4t sur les soci\u00e9t\u00e9s.<\/li>\n\n\n\n<li><strong>Une taxe sur les r\u00e9ductions de capital<\/strong> cons\u00e9cutives au rachat de leurs propres titres : elle concerne les entreprises dont le si\u00e8ge social est en France.<\/li>\n<\/ul>\n\n\n\n<h2 class=\"wp-block-heading\" id=\"exoneration\"><strong>3. Loi de finances pour 2025 : prolongation de l&#8217;exon\u00e9ration fiscale des pourboires<\/strong><\/h2>\n\n\n\n<p>En vigueur depuis 2022, <strong>l&#8217;exon\u00e9ration de charges sociales et fiscales sur les pourboires est prolong\u00e9e en 2025<\/strong>. Elle s&#8217;applique aux pourboires vers\u00e9s aux salari\u00e9s dont la r\u00e9mun\u00e9ration est inf\u00e9rieure \u00e0 1,6 Smic par mois.<\/p>\n\n\n\n<h2 class=\"wp-block-heading\" id=\"aides\"><strong>4. L\u2019\u00e9volution des aides \u00e0 la mobilit\u00e9 des salari\u00e9s<\/strong><\/h2>\n\n\n\n<p>Depuis l&#8217;entr\u00e9e en vigueur de la loi de Finances pour 2025, les r\u00e9gions de France m\u00e9tropolitaine et la Corse ont <strong>le droit de cr\u00e9er un versement mobilit\u00e9 dont sont redevables les entreprises d&#8217;au moins 11 salari\u00e9s<\/strong>. Cette mesure ne s\u2019applique toutefois pas en \u00cele-de-France, ni dans les DOM-TOM. Son taux correspond au maximum \u00e0 0,15 % des r\u00e9mun\u00e9rations soumises \u00e0 cotisations sociales.<\/p>\n\n\n\n<p>Dans le m\u00eame temps, l&#8217;exon\u00e9ration de cotisations sociales et d&#8217;imp\u00f4t sur le revenu est prolong\u00e9e en 2025 pour la prise en charge des frais de transports publics des salari\u00e9s jusqu&#8217;\u00e0 75 %. Pour rappel, l&#8217;obligation l\u00e9gale est uniquement de 50 %.<\/p>\n\n\n\n<h2 class=\"wp-block-heading\" id=\"incitative\"><strong>5. La cr\u00e9ation d\u2019une taxe incitative \u00e0 l\u2019acquisition de v\u00e9hicules propres<\/strong><\/h2>\n\n\n\n<p>Depuis 2022, les entreprises disposant d&#8217;un parc de plus de 100 v\u00e9hicules ont <strong>l&#8217;obligation de renouveler progressivement leur flotte avec des v\u00e9hicules \u00ab propres \u00bb<\/strong> : ces derniers doivent d\u2019ailleurs constituer 20 % des renouvellements depuis le 1er janvier 2024 par exemple.<\/p>\n\n\n\n<p>Pour les y inciter, la loi de Finances pour 2025 instaure <strong>une taxe annuelle pour les entreprises ne respectant pas l&#8217;objectif de verdissement<\/strong> de leur flotte : son montant est de 2 000 \u20ac par v\u00e9hicule propre manquant.<\/p>\n\n\n\n<h2 class=\"wp-block-heading\" id=\"credits\"><strong>6. L&#8217;\u00e9volution des cr\u00e9dits d&#8217;imp\u00f4t recherche et innovation<\/strong><\/h2>\n\n\n\n<p>Visant \u00e0 soutenir les entreprises investissant dans la recherche et le d\u00e9veloppement, <strong>le Cr\u00e9dit d\u2019imp\u00f4t recherche (CIR) conna\u00eet plusieurs \u00e9volutions notables<\/strong>, dont :<\/p>\n\n\n\n<ul class=\"wp-block-list\">\n<li>la r\u00e9duction de 43 \u00e0 40 % du taux de prise en compte des d\u00e9penses de fonctionnement ;<\/li>\n\n\n\n<li>la suppression des d\u00e9penses de veilles technologiques ;<\/li>\n\n\n\n<li>la suppression des frais li\u00e9s aux brevets.<\/li>\n<\/ul>\n\n\n\n<p>Pour sa part, <strong>le Cr\u00e9dit d\u2019imp\u00f4t innovation (CII) est reconduit pour 3 ans<\/strong>, malgr\u00e9 une r\u00e9duction du taux de prise en compte des d\u00e9penses de 30 \u00e0 20 %. Il vise \u00e0 soutenir les entreprises investissant notamment dans la conception de prototypes.<\/p>\n\n\n\n<h2 class=\"wp-block-heading\" id=\"zones\"><strong>7. Loi de finances 2025 : prolongation des zones d&#8217;exon\u00e9ration<\/strong><\/h2>\n\n\n\n<p>Les principaux dispositifs d&#8217;exon\u00e9ration au profit des territoires vuln\u00e9rables sont prolong\u00e9s, dont :<\/p>\n\n\n\n<ul class=\"wp-block-list\">\n<li><strong>les Zones franches urbaines-territoires entrepreneurs<\/strong> (ZFU-TE) jusqu&#8217;\u00e0 fin 2025 ;<\/li>\n\n\n\n<li><strong>les Quartiers prioritaires de la politique de la ville<\/strong> (QPV) jusqu&#8217;\u00e0 fin 2025 ;<\/li>\n\n\n\n<li><strong>les Bassins d&#8217;emploi \u00e0 redynamiser<\/strong> (BER) jusqu&#8217;\u00e0 fin 2027.<\/li>\n<\/ul>\n\n\n\n<p>Quant aux Zones de revitalisation rurale (ZRR), elles b\u00e9n\u00e9ficient d\u00e9sormais du zonage France ruralit\u00e9s revitalisation (FRR), et ce, jusqu&#8217;\u00e0 fin 2027.<\/p>\n\n\n\n<h2 class=\"wp-block-heading\" id=\"soutien\"><strong>8. Loi de finances pour 2025 : des mesures de soutien au monde agricole<\/strong><\/h2>\n\n\n\n<p>La loi de Finances pour 2025 instaure \u00e9galement de nouvelles mesures de soutien aux agriculteurs, dont :<\/p>\n\n\n\n<ul class=\"wp-block-list\">\n<li>une augmentation de 20 \u00e0 30 % du taux d&#8217;exon\u00e9ration de taxe fonci\u00e8re sur les propri\u00e9t\u00e9s non b\u00e2ties (TFPNB) ;<\/li>\n\n\n\n<li>une incitation comptable pour augmenter les cheptels bovins ;<\/li>\n\n\n\n<li>un renforcement de la d\u00e9duction pour \u00e9pargne de pr\u00e9caution (DEP) destin\u00e9e aux al\u00e9as climatiques ou sanitaires.<\/li>\n<\/ul>\n\n\n\n<h2 class=\"wp-block-heading\" id=\"caisse\"><strong>9. L&#8217;interdiction des logiciels de caisse auto-certifi\u00e9s<\/strong><\/h2>\n\n\n\n<p>Dor\u00e9navant, les \u00e9diteurs de <a href=\"https:\/\/www.sage.com\/fr-fr\/produits\/clictill\/\">logiciels de caisse<\/a> ont l&#8217;interdiction de produire une attestation individuelle pour certifier de leur conformit\u00e9.<\/p>\n\n\n\n<p>Ils ont donc d\u00e9sormais <strong>l&#8217;obligation d&#8217;obtenir un certificat qui atteste que leur logiciel de caisse est conforme<\/strong> aux crit\u00e8res en vigueur, notamment en mati\u00e8re de s\u00e9curisation, l&#8217;inalt\u00e9rabilit\u00e9, de conservation et d&#8217;archivage des donn\u00e9es.<\/p>\n\n\n\n<h2 class=\"wp-block-heading\" id=\"tva\">&nbsp;<strong>10. La suspension de l&#8217;abaissement du seuil de franchise de TVA<\/strong><\/h2>\n\n\n\n<p>La loi de Finances pour 2025 a instaur\u00e9 <strong>un plafond unique de 25 000 \u20ac de chiffre d&#8217;affaires<\/strong> pour b\u00e9n\u00e9ficier du r\u00e9gime de franchise en base de TVA, contre 37 500 \u20ac pour les prestations de services et 85 000 \u20ac pour les activit\u00e9s commerciales jusqu&#8217;\u00e0 pr\u00e9sent.<\/p>\n\n\n\n<p>L\u2019abaissement du seuil de franchise de TVA pouvant lourdement impacter les micro-entreprises, le gouvernement a d\u00e9cid\u00e9 de <strong>suspendre cette mesure jusqu&#8217;au 1er juin 2025<\/strong>, le temps d&#8217;une concertation avec les acteurs impliqu\u00e9s.<\/p>\n\n\n\n<h2 class=\"wp-block-heading\" id=\"comment\"><strong>Loi de finances pour 2025 : comment garantir votre conformit\u00e9<\/strong> ?<\/h2>\n\n\n\n<p>Pour faciliter le suivi et le respect de la r\u00e9glementation mouvante, les solutions de gestion Cloud pr\u00e9sentent de nombreux avantages, vous permettant notamment d\u2019\u00eatre conforme aux nouvelles mesures introduites par la loi de Finances pour 2025 :<\/p>\n\n\n\n<ul class=\"wp-block-list\">\n<li><strong>une mise \u00e0 jour proactive du logiciel<\/strong> par votre fournisseur, notamment au regard du cadre r\u00e9glementaire ;<\/li>\n\n\n\n<li><strong>l\u2019automatisation de nombreuses t\u00e2ches <\/strong>pour faciliter la conformit\u00e9 de vos process ;<\/li>\n\n\n\n<li><strong>un accompagnement au changement <\/strong>de vos \u00e9quipes propos\u00e9 par votre fournisseur.<\/li>\n<\/ul>\n\n\n\n<p>Ces articles pourraient \u00e9galement vous int\u00e9resser :<\/p>\n\n\n\n<ul class=\"wp-block-list\">\n<li><a href=\"https:\/\/www.sage.com\/fr-fr\/blog\/aides-a-lapprentissage-2025\/\">Aides \u00e0 l\u2019apprentissage : quelles conditions pour les entreprises en 2025 ?<\/a><\/li>\n\n\n\n<li><a href=\"https:\/\/www.sage.com\/fr-fr\/blog\/digitalisation-des-pme-bouclier-contre-la-crise-podcast\/\">[#Sage on Air ] La digitalisation des PME, plus que jamais un bouclier contre la crise !<\/a><\/li>\n\n\n\n<li><a href=\"https:\/\/www.sage.com\/fr-fr\/blog\/dsn-declaration-sociale-nominative-2025\/\">DSN (D\u00e9claration sociale nominative) : les nouveaut\u00e9s 2025<\/a><\/li>\n<\/ul>\n \n<div class=\"single-cta gated-content\">\n\t<div class=\"single-cta__positioner\">\n\t\t<div class=\"single-cta__wrapper has-dark-background-color\">\n\t\t\t<div class=\"single-cta__content\">\n\t\t\t\t\t\t\t\t<h2 class=\"single-cta__title h3\">La facture \u00e9lectronique : 7 points \u00e0 faire d\u00e8s aujourd&#8217;hui<\/h2>\n\n\t\t\t\t\n\t\t\t\t\t\t\t\t\t\t\t\t\t\t<a\n\t\t\t\t\t\thref=\"#gate-c874ea4c-6c9b-4289-a4a5-a70131b8b0db\"\n\t\t\t\t\t\tclass=\"single-cta__button button button--primary\"\n\t\t\t\t\t\t\t\t\t\t\t\t\t\t\t\t\t>Pour \u00eatre conforme, t\u00e9l\u00e9chargez la checklist des 7 points \u00e0 faire d\u00e8s aujourd\u2019hui<\/a>\n\t\t\t\t\t\t\t<\/div>\n\n\t\t\t\t\t<\/div>\n\n\t\t\t\t\t<img decoding=\"async\" width=\"1440\" height=\"810\" src=\"https:\/\/www.sage.com\/fr-fr\/blog\/wp-content\/uploads\/sites\/4\/2022\/04\/GettyImages-642394299-1440x810.jpg\" class=\"single-cta__image\" alt=\"Facture \u00e9lectronique : 7 pr\u00e9cautions pour l\u2019anticiper\" loading=\"lazy\" srcset=\"https:\/\/www.sage.com\/fr-fr\/blog\/wp-content\/uploads\/sites\/4\/2022\/04\/GettyImages-642394299-1440x810.jpg 1440w\" sizes=\"auto, (min-width: 48em) 33vw, 100vw\" \/>\t\t\t<\/div>\n<\/div>\n\n\n<div class=\"single-cta\">\n\t<div class=\"single-cta__positioner\">\n\t\t<div class=\"single-cta__wrapper has-dark-background-color\">\n\t\t\t<div class=\"single-cta__content\">\n\t\t\t\t\t\t\t\t<h2 class=\"single-cta__title h3\">Inscrivez-vous \u00e0 la e-newsletter mensuelle<\/h2>\n\n\t\t\t\t\n\t\t\t\t\t\t\t\t\t\t\t\t\t\t<a\n\t\t\t\t\t\thref=\"#gate-a947ade1-e692-455f-94ce-a275d72a9a11\"\n\t\t\t\t\t\tclass=\"single-cta__button button button--primary\"\n\t\t\t\t\t\t\t\t\t\t\t\t\t\t\t\t\t>Je m&#039;abonne<\/a>\n\t\t\t\t\t\t\t<\/div>\n\n\t\t\t\t\t<\/div>\n\n\t\t\t\t\t<img decoding=\"async\" width=\"1024\" height=\"779\" src=\"https:\/\/www.sage.com\/fr-fr\/blog\/wp-content\/uploads\/sites\/4\/2021\/05\/spreadsheets-1024x779-1.jpg\" class=\"single-cta__image\" alt=\"\" loading=\"lazy\" srcset=\"https:\/\/www.sage.com\/fr-fr\/blog\/wp-content\/uploads\/sites\/4\/2021\/05\/spreadsheets-1024x779-1.jpg 1024w\" sizes=\"auto, (min-width: 48em) 33vw, 100vw\" \/>\t\t\t<\/div>\n<\/div>\n","protected":false},"excerpt":{"rendered":"<p>La loi de finances pour 2025 bouleverse le paysage fiscal des entreprises. Zoom sur les mesures cl\u00e9s \u00e0 anticiper, de la mobilit\u00e9 verte aux logiciels de caisse en passant par le soutien au monde agricole !<\/p>\n","protected":false},"author":1732,"featured_media":21595,"comment_status":"closed","ping_status":"closed","sticky":false,"template":"","format":"standard","meta":{"_sage_video":false,"post_featured_image_hide":false,"footnotes":""},"categories":[13],"tags":[70,91,41],"business_type":[8,9,11],"lilypad":[],"context":[],"industry":[23,24,25,26],"persona":[867,35,34,36],"imagine_tag":[439,728,463,452,857,454,459,458],"coauthors":[929],"class_list":["post-23360","post","type-post","status-publish","format-standard","has-post-thumbnail","hentry","category-legal-et-reglementation","tag-comptabilite","tag-rh-et-fiche-de-paie","tag-tresorerie","business_type-artisans-et-petites-entreprises","business_type-petites-et-moyennes-entreprises","business_type-expertise-comptable","industry-btp","industry-industrie","industry-negoce","industry-services"],"sage_meta":{"region":"fr-fr","author_name":"Pascal Jousset","featured_image":"https:\/\/www.sage.com\/fr-fr\/blog\/wp-content\/uploads\/sites\/4\/2024\/10\/BrandShootLDN_Jul2022_ProfSvcs_0778-original.jpeg","imagine_tags":{"439":"Cloud","728":"DAF - DSI","463":"Expertise comptable","452":"Experts-Comptables","857":"Fiscalit\u00e9 &amp; Tr\u00e9sorerie","454":"Paie et RH","459":"Petites et Moyennes Entreprises","458":"Tr\u00e9sorerie"}},"distributor_meta":false,"distributor_terms":false,"distributor_media":false,"distributor_original_site_name":"Sage Advice France","distributor_original_site_url":"https:\/\/www.sage.com\/fr-fr\/blog","push-errors":false,"_links":{"self":[{"href":"https:\/\/www.sage.com\/fr-fr\/blog\/api\/wp\/v2\/posts\/23360","targetHints":{"allow":["GET"]}}],"collection":[{"href":"https:\/\/www.sage.com\/fr-fr\/blog\/api\/wp\/v2\/posts"}],"about":[{"href":"https:\/\/www.sage.com\/fr-fr\/blog\/api\/wp\/v2\/types\/post"}],"author":[{"embeddable":true,"href":"https:\/\/www.sage.com\/fr-fr\/blog\/api\/wp\/v2\/users\/1732"}],"replies":[{"embeddable":true,"href":"https:\/\/www.sage.com\/fr-fr\/blog\/api\/wp\/v2\/comments?post=23360"}],"version-history":[{"count":0,"href":"https:\/\/www.sage.com\/fr-fr\/blog\/api\/wp\/v2\/posts\/23360\/revisions"}],"wp:featuredmedia":[{"embeddable":true,"href":"https:\/\/www.sage.com\/fr-fr\/blog\/api\/wp\/v2\/media\/21595"}],"wp:attachment":[{"href":"https:\/\/www.sage.com\/fr-fr\/blog\/api\/wp\/v2\/media?parent=23360"}],"wp:term":[{"taxonomy":"category","embeddable":true,"href":"https:\/\/www.sage.com\/fr-fr\/blog\/api\/wp\/v2\/categories?post=23360"},{"taxonomy":"post_tag","embeddable":true,"href":"https:\/\/www.sage.com\/fr-fr\/blog\/api\/wp\/v2\/tags?post=23360"},{"taxonomy":"business_type","embeddable":true,"href":"https:\/\/www.sage.com\/fr-fr\/blog\/api\/wp\/v2\/business_type?post=23360"},{"taxonomy":"lilypad","embeddable":true,"href":"https:\/\/www.sage.com\/fr-fr\/blog\/api\/wp\/v2\/lilypad?post=23360"},{"taxonomy":"context","embeddable":true,"href":"https:\/\/www.sage.com\/fr-fr\/blog\/api\/wp\/v2\/context?post=23360"},{"taxonomy":"industry","embeddable":true,"href":"https:\/\/www.sage.com\/fr-fr\/blog\/api\/wp\/v2\/industry?post=23360"},{"taxonomy":"persona","embeddable":true,"href":"https:\/\/www.sage.com\/fr-fr\/blog\/api\/wp\/v2\/persona?post=23360"},{"taxonomy":"imagine_tag","embeddable":true,"href":"https:\/\/www.sage.com\/fr-fr\/blog\/api\/wp\/v2\/imagine_tag?post=23360"},{"taxonomy":"author","embeddable":true,"href":"https:\/\/www.sage.com\/fr-fr\/blog\/api\/wp\/v2\/coauthors?post=23360"}],"curies":[{"name":"wp","href":"https:\/\/api.w.org\/{rel}","templated":true}]}}