{"id":24979,"date":"2025-09-22T07:15:00","date_gmt":"2025-09-22T05:15:00","guid":{"rendered":"https:\/\/www.sage.com\/fr-fr\/blog\/?p=24979"},"modified":"2026-01-07T15:43:25","modified_gmt":"2026-01-07T14:43:25","slug":"facture-d-acompte-ce-que-change-la-facture-electronique","status":"publish","type":"post","link":"https:\/\/www.sage.com\/fr-fr\/blog\/facture-d-acompte-ce-que-change-la-facture-electronique\/","title":{"rendered":"Facture \u00e9lectronique\u00a0: \u00e9vitez le blocage des factures d\u2019acompte non-conformes\u00a0!"},"content":{"rendered":"<header class=\"entry-header has-dark-background-color entry-header--has-illustration entry-header--has-illustration--generic\">\n\t<div class=\"container\">\n\t\t<div class=\"entry-header__row row align-center\">\n\t\t\t<div class=\"col col-lg-7 col-xlg-6 entry-header__content\">\n\t\t\t\t\t\t\t<div class=\"component component-single-header\">\n\t\t\t\t\t\t\t\t\t\t<div class=\"entry-header__misc text--subtitle text--uppercase text--small\">\n\t\t\t\t\t\t\t<a href=\"https:\/\/www.sage.com\/fr-fr\/blog\/categorie\/digitalisation-et-tendances\/\" class=\"entry-header__link\">Digitalisation &amp; Tendances<\/a>\t\t\t\t\t\t<\/div>\n\t\t\t\t\n\t\t\t\t<div class=\"entry-title-wrapper\">\n\t\t\t\t\t<h1 class=\"entry-title\">\n\t\t\t\t\t\tFacture \u00e9lectronique\u00a0: \u00e9vitez le blocage des factures d\u2019acompte non-conformes\u00a0!\t\t\t\t\t<\/h1>\n\t\t\t\t<\/div>\n\n\t\t\t\t\t\t\t\t\t<p class=\"entry-header__description\">\n\t\t\t\t\t\t\t\t\t\t\t<\/p>\n\t\t\t\t\n\t\t\t\t\n\t\t\t\t\n\t\t\t<\/div>\n\n\t\t\t\t\t<\/div>\n\t\t\t\t\t<\/div>\n\t<\/div>\n\t<div class=\"single-post-details container\">\n\t\t<div class=\"col\">\n\t\t\t<span class=\"posted-on \"><time class=\"entry-date published\" datetime=\"2025-09-22T07:15:00+02:00\">September 22, 2025<\/time><\/span><span class=\"reading-time\"> min de lecture<\/span>\n\t\t<button\n\t\t\ttype=\"button\"\n\t\t\tclass=\"social-share-button button button--icon button--secondary js-social-share-button\"\n\t\t\tdata-share-title=\"Facture \u00e9lectronique\u00a0: \u00e9vitez le blocage des factures d\u2019acompte non-conformes\u00a0!\"\n\t\t\tdata-share-url=\"https:\/\/www.sage.com\/fr-fr\/blog\/facture-d-acompte-ce-que-change-la-facture-electronique\/\"\n\t\t\tdata-share-text=\"Veuillez lire cet article int\u00e9ressant\"\n\t\t>\n\t\t\t<span class=\"social-share-button__share-label\">Partager<\/span>\n\t\t\t<span class=\"social-share-button__copy-label\" hidden>Copier le lien<\/span>\n\t\t\t<span class=\"social-share-button__copy-tooltip\" aria-hidden=\"true\" hidden>Copi\u00e9<\/span>\n\t\t<\/button>\n\n\t\t\t\t<\/div>\n\t<\/div>\n<\/header>\n\n\n\n<div class=\"wp-block-post-author has-dark-background-color alignfull\">\n\t<div class=\"container\">\n\t\t<div class=\"col\">\n\t\t\t\t\t\t\t<div class=\"co-authors\">\n\t\t\t\t\t\n\t\t<div class=\"entry-author-wrapper\">\n\t\t\t<a class=\"entry-author\" href=\"https:\/\/www.sage.com\/fr-fr\/blog\/author\/charlesfallouey\/\">\n\t\t\t\t<img loading=\"lazy\" decoding=\"async\" width=\"40\" height=\"40\" src=\"https:\/\/www.sage.com\/fr-fr\/blog\/wp-content\/uploads\/sites\/4\/2024\/04\/Charles-Fallouey_Sage.jpg\" class=\"entry-author__image\" alt=\"Charles Fallouey\" \/>\t\t\t\t<span class=\"entry-author__name\">Charles Fallouey<\/span>\n\t\t\t<\/a>\n\n\t\t\t\t\t<\/div>\n\n\t\t\t\t\t\t<\/div>\n\t\t\t\t\t<\/div>\n\t<\/div>\n<\/div>\n\n\n\n\n\n<p>Ce qui change pour la facture d\u2019acompte avec la facture \u00e9lectronique, c\u2019est que ne pas \u00eatre en r\u00e8gle va coincer. Plus moyen de se faire payer si tout n\u2019est pas conforme. Explications.<\/p>\n\n\n\n<div class=\"wp-block-buttons is-content-justification-center is-layout-flex wp-container-core-buttons-is-layout-16018d1d wp-block-buttons-is-layout-flex\">\n<div class=\"wp-block-button\"><a class=\"wp-block-button__link wp-element-button\" href=\"#gate-ef5fadf6-6d44-4f96-86eb-e7f6eb123962\">T\u00e9l\u00e9chargez le guide de la facture \u00e9lectronique pour les PME<\/a><\/div>\n<\/div>\n\n\n<?xml encoding=\"utf-8\" ?><div class=\"wp-block-yoast-seo-table-of-contents yoast-table-of-contents\"><ul><li><a href=\"#une\" data-level=\"2\">Une facture d&rsquo;acompte, c&rsquo;est une facture&nbsp;!<\/a><\/li><li><a href=\"#que\" data-level=\"2\">Que se passera t-il si ma facture d&rsquo;acompte n&rsquo;est pas conforme&nbsp;?<\/a><\/li><li><a href=\"#h-la-plateforme-agreee-ex-pdp\" data-level=\"2\">La plateforme agr&eacute;&eacute;e (ex PDP)<\/a><ul><li><a href=\"#sage\" data-level=\"3\">Pourquoi choisir la plateforme agr&eacute;&eacute;e Sage ?<\/a><\/li><li><a href=\"#declarez\" data-level=\"3\">Comment s&rsquo;inscrire &agrave; la plateforme agr&eacute;&eacute;e de Sage ?<\/a><\/li><\/ul><\/li><\/ul><\/div>\n\n\n\n<h2 class=\"wp-block-heading\" id=\"une\"><strong>Une facture d\u2019acompte, c\u2019est une facture&nbsp;!<\/strong><\/h2>\n\n\n\n<p>Il faut faire figurer sur vos <a href=\"https:\/\/www.sage.com\/fr-fr\/blog\/glossaire\/facture-d-acompte-mode-demploi\/\">factures d\u2019acompte<\/a> les mentions exig\u00e9es d\u00e9sormais pour toutes les factures&nbsp;:&nbsp;<\/p>\n\n\n\n<ul class=\"wp-block-list\">\n<li>la mention \u00ab\u2009facture d\u2019acompte\u2009\u00bb\u2009;<\/li>\n\n\n\n<li>les informations sur le fournisseur&nbsp;: d\u00e9nomination sociale, <a href=\"https:\/\/annuaire-entreprises.data.gouv.fr\/definitions\/numero-siren\" target=\"_blank\" rel=\"noreferrer noopener\">num\u00e9ro SIREN<\/a>, capital et adresse du si\u00e8ge social\u2009;<\/li>\n\n\n\n<li>les informations sur le client&nbsp;: d\u00e9nomination sociale, num\u00e9ro SIREN et adresse de facturation&nbsp;;<\/li>\n\n\n\n<li>le num\u00e9ro de la facture&nbsp;;<\/li>\n\n\n\n<li>la date d\u2019\u00e9mission de la facture\u2009;<\/li>\n\n\n\n<li>le num\u00e9ro du devis ou du bon de commande correspondants ;<\/li>\n\n\n\n<li>la d\u00e9signation de la prestation ou de la marchandise\u2009;<\/li>\n\n\n\n<li>les montants&nbsp;: HT et TTC&nbsp;;<\/li>\n\n\n\n<li>le taux de TVA appliqu\u00e9.<\/li>\n<\/ul>\n\n\n\n<h2 class=\"wp-block-heading\" id=\"que\"><strong>Que se passera t-il si ma facture d\u2019acompte n\u2019est pas conforme&nbsp;?<\/strong><\/h2>\n\n\n\n<p>C\u2019est l\u00e0 o\u00f9 la r\u00e9forme de la <a href=\"https:\/\/www.sage.com\/fr-fr\/dematerialisation\/facture-electronique\/?ppc_keyword=\">facture \u00e9lectronique<\/a> entre en jeu&nbsp;!<\/p>\n\n\n\n<figure class=\"wp-block-embed aligncenter is-type-video is-provider-youtube wp-block-embed-youtube wp-embed-aspect-16-9 wp-has-aspect-ratio\"><div class=\"wp-block-embed__wrapper\">\n<div class=\"video-container-wrap -mode-full\"><div class=\"video-container\"><video\n\t\t\t\tclass=\"sage-video video-js vjs-default-skin \"\n\t\t\t\twidth=\"640\"\n\t\t\t\theight=\"360\"\n\t\t\t\tdata-setup='{ \"controls\": true, \"aspectRatio\" : \"16:9\", \"poster\": \"https:\/\/img.youtube.com\/vi\/eP20IX_MXZ8\/maxresdefault.jpg\", \"techOrder\": [\"youtube\"], \"enablejsapi\": 1, \"origin\": \"https:\/\/www.sage.com\", \"sources\": [{ \"type\": \"video\/youtube\", \"src\": \"https:\/\/www.youtube.com\/watch?v=eP20IX_MXZ8\"}], \"youtube\": { \"ytControls\": 0, \"cc_load_policy\": 3, \"modestbranding\": 1, \"hl\": \"fr_FR\", \"playsinline\": 1 } }'\n\t\t\t\tcrossorigin=\"\"><\/video><\/div><\/div>\n<\/div><\/figure>\n\n\n\n<p>Vous avez compris le circuit de transmission&nbsp;?&nbsp;<\/p>\n\n\n\n<ol class=\"wp-block-list\">\n<li><strong>Vous transmettez vos factures \u00e0 votre plateforme agr\u00e9\u00e9e (anciennement PDP) ;<\/strong><\/li>\n\n\n\n<li><strong>votre plateforme agr\u00e9\u00e9e (ex PDP) se charge de les transmettre \u00e0 la plateforme agr\u00e9\u00e9e de votre client.<\/strong><\/li>\n<\/ol>\n\n\n\n<p>Si votre facture d\u2019acompte n\u2019est pas conforme, <strong>l&#8217;impact potentiel vaut pour les deux parties&nbsp;<\/strong>:<\/p>\n\n\n\n<ul class=\"wp-block-list\">\n<li>l\u2019\u00e9metteur de la facture porte la responsabilit\u00e9 de sa conformit\u00e9 et risque de voir son paiement retard\u00e9&nbsp;;<\/li>\n\n\n\n<li>le payeur peut \u00eatre sanctionn\u00e9 s\u2019il d\u00e9duit la TVA d\u2019une facture non-conforme.<\/li>\n<\/ul>\n\n\n\n<p>Quoi qu\u2019il en soit, avec la g\u00e9n\u00e9ralisation de la facture \u00e9lectronique, les r\u00e8gles deviennent plus strictes. Le syst\u00e8me rejettera automatiquement toutes les factures non conformes car votre PA agit comme un filtre. Elle ne laisse passer que les factures conformes. Vous n\u2019avez pas la main, et votre client non plus.<\/p>\n\n\n\n<p>C\u2019est pourquoi vous mettre en r\u00e8gle en amont de la r\u00e9forme est indispensable.<\/p>\n\n\n\n<p>R\u00e9sumons&nbsp;:<\/p>\n\n\n\n<ul class=\"wp-block-list\">\n<li>la facture d\u2019acompte est une facture et doit comporter des mentions obligatoires&nbsp;;<\/li>\n\n\n\n<li>les mentions obligatoires sont d\u00e9j\u00e0 obligatoires&nbsp;; rien \u00e0 voir avec la r\u00e9forme de la facture \u00e9lectronique;<\/li>\n\n\n\n<li>la responsabilit\u00e9 est partag\u00e9e entre client et fournisseur et les risques sont des deux c\u00f4t\u00e9s&nbsp;;<\/li>\n\n\n\n<li>ce qui change avec la facture \u00e9lectronique, c\u2019est le blocage automatique des factures non conformes.<\/li>\n<\/ul>\n\n\n\n<h2 class=\"wp-block-heading\" id=\"h-la-plateforme-agreee-ex-pdp\">La plateforme agr\u00e9\u00e9e (ex PDP)<\/h2>\n\n\n\n<p><strong>Les factures \u00e9lectroniques transiteront sur une plateforme utilis\u00e9e par l\u2019\u00e9metteur et le destinataire de la facture.<\/strong> Celle-ci sera n\u00e9cessairement une plateforme agr\u00e9\u00e9e accr\u00e9dit\u00e9e par l\u2019administration fiscale. Cette obligation concerne <strong>tous les \u00e9changes entre les entreprises assujetties \u00e0 la TVA<\/strong> et \u00e9tablies en France, autrement dit, l\u2019ensemble des factures B2B.<\/p>\n\n\n\n<h3 class=\"wp-block-heading\" id=\"sage\">Pourquoi choisir la plateforme agr\u00e9\u00e9e Sage ?<\/h3>\n\n\n\n<p>Beaucoup d\u2019entreprises attendent une facilitation de leur passage \u00e0 la facture \u00e9lectronique. La plateforme agr\u00e9\u00e9e Sage apporte <strong>une r\u00e9ponse 100 % adapt\u00e9e \u00e0 leurs besoins concrets.<\/strong><\/p>\n\n\n\n<figure class=\"wp-block-embed is-type-video is-provider-youtube wp-block-embed-youtube wp-embed-aspect-16-9 wp-has-aspect-ratio\"><div class=\"wp-block-embed__wrapper\">\n<div class=\"video-container-wrap -mode-full\"><div class=\"video-container\"><video\n\t\t\t\tclass=\"sage-video video-js vjs-default-skin \"\n\t\t\t\twidth=\"640\"\n\t\t\t\theight=\"360\"\n\t\t\t\tdata-setup='{ \"controls\": true, \"aspectRatio\" : \"16:9\", \"poster\": \"https:\/\/img.youtube.com\/vi\/YPmlHc_KOo0\/maxresdefault.jpg\", \"techOrder\": [\"youtube\"], \"enablejsapi\": 1, \"origin\": \"https:\/\/www.sage.com\", \"sources\": [{ \"type\": \"video\/youtube\", \"src\": \"https:\/\/www.youtube.com\/watch?v=YPmlHc_KOo0\"}], \"youtube\": { \"ytControls\": 0, \"cc_load_policy\": 3, \"modestbranding\": 1, \"hl\": \"fr_FR\", \"playsinline\": 1 } }'\n\t\t\t\tcrossorigin=\"\"><\/video><\/div><\/div>\n<\/div><\/figure>\n\n\n\n<h4 class=\"wp-block-heading\" id=\"h-les-avantages-de-la-plateforme-agreee-sage\">Les avantages de la plateforme agr\u00e9\u00e9e Sage<\/h4>\n\n\n\n<p><strong>Parmi <a href=\"https:\/\/www.impots.gouv.fr\/liste-des-plateformes-agreees-immatriculees\" target=\"_blank\" rel=\"noreferrer noopener\">les plateformes agr\u00e9\u00e9es (ex PDP) immatricul\u00e9es par l\u2019\u00c9tat<\/a>, celle de Sage est la plus simple et la plus universelle du march\u00e9<\/strong>. Elle offre ainsi de nombreux avantages :<\/p>\n\n\n\n<ul class=\"wp-block-list\">\n<li><strong>Int\u00e9gration<\/strong> aux derni\u00e8res versions des logiciels Sage et mises \u00e0 jour automatiques.<\/li>\n\n\n\n<li><strong>Autonomie<\/strong> : compatible avec toutes les solutions de gestion conformes.<\/li>\n\n\n\n<li><strong>Ouverture<\/strong> : connecte les solutions Sage et non-Sage gr\u00e2ce \u00e0 son API publique.<\/li>\n\n\n\n<li><strong>Conforme<\/strong> au standard europ\u00e9en <a href=\"https:\/\/www.impots.gouv.fr\/rejoindre-le-reseau-peppol\" target=\"_blank\" rel=\"noreferrer noopener\">PEPPOL<\/a>.<\/li>\n\n\n\n<li><strong>Connexion en temps r\u00e9el<\/strong> avec les clients, fournisseurs, banques, organismes fiscaux et experts-comptables.<\/li>\n\n\n\n<li><strong>Nettoyage automatique des donn\u00e9es<\/strong> clients et fournisseurs : doublons, incoh\u00e9rences, SIREN\/SIRET manquant.<\/li>\n<\/ul>\n\n\n\n<h3 class=\"wp-block-heading\" id=\"declarez\">Comment s\u2019inscrire \u00e0 la plateforme agr\u00e9\u00e9e de Sage ?<\/h3>\n\n\n\n<p><strong>La <a href=\"https:\/\/www.sage.com\/fr-fr\/dematerialisation\/facture-electronique\/sage-plateforme-de-dematerialisation-partenaire\/\">plateforme agr\u00e9\u00e9e Sage<\/a>, certifi\u00e9e par la <a href=\"https:\/\/www.economie.gouv.fr\/dgfip\" target=\"_blank\" rel=\"noreferrer noopener\">DGFiP<\/a>, r\u00e9pond aux exigences r\u00e9glementaires de la facture \u00e9lectronique<\/strong>. Conform\u00e9ment au calendrier r\u00e9glementaire, Sage vous propose de vous inscrire \u00e0 sa plateforme agr\u00e9\u00e9e, \u00e9tape importante de la mise en conformit\u00e9.<\/p>\n\n\n\n<p><strong>D\u00e9couvrez votre parcours d\u2019inscription en vid\u00e9o \u2b07\ufe0f<\/strong><\/p>\n\n\n\n<figure class=\"wp-block-embed is-type-video is-provider-youtube wp-block-embed-youtube wp-embed-aspect-16-9 wp-has-aspect-ratio\"><div class=\"wp-block-embed__wrapper\">\n<div class=\"video-container-wrap -mode-full\"><div class=\"video-container\"><video\n\t\t\t\tclass=\"sage-video video-js vjs-default-skin \"\n\t\t\t\twidth=\"640\"\n\t\t\t\theight=\"360\"\n\t\t\t\tdata-setup='{ \"controls\": true, \"aspectRatio\" : \"16:9\", \"poster\": \"https:\/\/img.youtube.com\/vi\/Bi81lRXa3kI\/hqdefault.jpg\", \"techOrder\": [\"youtube\"], \"enablejsapi\": 1, \"origin\": \"https:\/\/www.sage.com\", \"sources\": [{ \"type\": \"video\/youtube\", \"src\": \"https:\/\/www.youtube.com\/watch?v=Bi81lRXa3kI\"}], \"youtube\": { \"ytControls\": 0, \"cc_load_policy\": 3, \"modestbranding\": 1, \"hl\": \"fr_FR\", \"playsinline\": 1 } }'\n\t\t\t\tcrossorigin=\"\"><\/video><\/div><\/div>\n<\/div><\/figure>\n\n\n\n<p>Ces articles peuvent \u00e9galement vous int\u00e9resser :<\/p>\n\n\n\n<ul class=\"wp-block-list\">\n<li><a href=\"https:\/\/www.sage.com\/fr-fr\/blog\/choisir-pdp-plateforme-dematerialisation-partenaire-cqf\/\">[#CQFE] Choisir sa PDP : les crit\u00e8res pour y voir clair<\/a><\/li>\n\n\n\n<li><a href=\"https:\/\/www.sage.com\/fr-fr\/blog\/e-reporting-conforme-avec-pdp-sage\/\">[#CQFE] e-reporting : une PDP est indispensable !<\/a><\/li>\n\n\n\n<li><a href=\"https:\/\/www.sage.com\/fr-fr\/blog\/une-pdp-cest-quoi-comment-bien-choisir-cqfe-video\/\">[#CQFE] Une PDP, c\u2019est quoi ? Les r\u00e9ponses pour bien choisir<\/a><\/li>\n\n\n\n<li><a href=\"https:\/\/www.sage.com\/fr-fr\/blog\/pourquoi-une-pdp-sage-les-attentes-daltitude-infra\/\">Pourquoi une PDP Sage ? Les attentes d\u2019Altitude Infra<\/a><\/li>\n<\/ul>\n\n\n\n<p>Derni\u00e8re mise \u00e0 jour le 16\/12\/2025.<\/p>\n\n\n\n<div class=\"single-cta gated-content\">\n\t<div class=\"single-cta__positioner\">\n\t\t<div class=\"single-cta__wrapper has-dark-background-color\">\n\t\t\t<div class=\"single-cta__content\">\n\t\t\t\t\t\t\t\t<h2 class=\"single-cta__title h3\">La facture \u00e9lectronique pour les TPE : le guide pas \u00e0 pas d&#8217;un transition r\u00e9ussie<\/h2>\n\n\t\t\t\t\n\t\t\t\t\t\t\t\t\t\t\t\t\t\t<a\n\t\t\t\t\t\thref=\"#gate-bd444974-64de-400f-8271-1fb3c4bffcb9\"\n\t\t\t\t\t\tclass=\"single-cta__button button button--primary\"\n\t\t\t\t\t\t\t\t\t\t\t\t\t\t\t\t\t>T\u00e9l\u00e9charger le guide<\/a>\n\t\t\t\t\t\t\t<\/div>\n\n\t\t\t\t\t<\/div>\n\n\t\t\t\t\t<img decoding=\"async\" width=\"1215\" height=\"810\" src=\"https:\/\/www.sage.com\/fr-fr\/blog\/wp-content\/uploads\/sites\/4\/2023\/09\/GettyImages-608166817-1215x810.jpg\" class=\"single-cta__image\" alt=\"Un vendeuse et une cliente dans un magasin\" loading=\"lazy\" srcset=\"https:\/\/www.sage.com\/fr-fr\/blog\/wp-content\/uploads\/sites\/4\/2023\/09\/GettyImages-608166817-1215x810.jpg 1215w\" sizes=\"auto, (min-width: 48em) 33vw, 100vw\" \/>\t\t\t<\/div>\n<\/div>\n\n\n<div class=\"single-cta\">\n\t<div class=\"single-cta__positioner\">\n\t\t<div class=\"single-cta__wrapper has-dark-background-color\">\n\t\t\t<div class=\"single-cta__content\">\n\t\t\t\t\t\t\t\t<h2 class=\"single-cta__title h3\">Inscrivez-vous \u00e0 la e-newsletter mensuelle<\/h2>\n\n\t\t\t\t\n\t\t\t\t\t\t\t\t\t\t\t\t\t\t<a\n\t\t\t\t\t\thref=\"#gate-a947ade1-e692-455f-94ce-a275d72a9a11\"\n\t\t\t\t\t\tclass=\"single-cta__button button button--primary\"\n\t\t\t\t\t\t\t\t\t\t\t\t\t\t\t\t\t>Je m&#039;abonne<\/a>\n\t\t\t\t\t\t\t<\/div>\n\n\t\t\t\t\t<\/div>\n\n\t\t\t\t\t<img decoding=\"async\" width=\"1024\" height=\"779\" src=\"https:\/\/www.sage.com\/fr-fr\/blog\/wp-content\/uploads\/sites\/4\/2021\/05\/spreadsheets-1024x779-1.jpg\" class=\"single-cta__image\" alt=\"\" loading=\"lazy\" srcset=\"https:\/\/www.sage.com\/fr-fr\/blog\/wp-content\/uploads\/sites\/4\/2021\/05\/spreadsheets-1024x779-1.jpg 1024w\" sizes=\"auto, (min-width: 48em) 33vw, 100vw\" \/>\t\t\t<\/div>\n<\/div>\n","protected":false},"excerpt":{"rendered":"<p>Avec le passage \u00e0 la facture \u00e9lectronique, la non-conformit\u00e9 des factures d&#8217;acompte entra\u00eenera un blocage des paiements. Explications.<\/p>\n","protected":false},"author":1797,"featured_media":712,"comment_status":"closed","ping_status":"closed","sticky":false,"template":"","format":"standard","meta":{"_sage_video":true,"post_featured_image_hide":false,"footnotes":""},"categories":[16],"tags":[70,660,224],"business_type":[8,9,11],"lilypad":[],"context":[],"industry":[23,24,25,26],"persona":[867],"imagine_tag":[],"coauthors":[903],"class_list":["post-24979","post","type-post","status-publish","format-standard","has-post-thumbnail","hentry","category-digitalisation-et-tendances","tag-comptabilite","tag-facture-electronique","tag-ia-digitalisation","business_type-artisans-et-petites-entreprises","business_type-petites-et-moyennes-entreprises","business_type-expertise-comptable","industry-btp","industry-industrie","industry-negoce","industry-services"],"sage_meta":{"region":"fr-fr","author_name":"Charles Fallouey","featured_image":"https:\/\/www.sage.com\/fr-fr\/blog\/wp-content\/uploads\/sites\/4\/2017\/09\/GettyImages-501710600_super-scaled.jpg","imagine_tags":[]},"distributor_meta":false,"distributor_terms":false,"distributor_media":false,"distributor_original_site_name":"Sage Advice France","distributor_original_site_url":"https:\/\/www.sage.com\/fr-fr\/blog","push-errors":false,"_links":{"self":[{"href":"https:\/\/www.sage.com\/fr-fr\/blog\/api\/wp\/v2\/posts\/24979","targetHints":{"allow":["GET"]}}],"collection":[{"href":"https:\/\/www.sage.com\/fr-fr\/blog\/api\/wp\/v2\/posts"}],"about":[{"href":"https:\/\/www.sage.com\/fr-fr\/blog\/api\/wp\/v2\/types\/post"}],"author":[{"embeddable":true,"href":"https:\/\/www.sage.com\/fr-fr\/blog\/api\/wp\/v2\/users\/1797"}],"replies":[{"embeddable":true,"href":"https:\/\/www.sage.com\/fr-fr\/blog\/api\/wp\/v2\/comments?post=24979"}],"version-history":[{"count":0,"href":"https:\/\/www.sage.com\/fr-fr\/blog\/api\/wp\/v2\/posts\/24979\/revisions"}],"wp:featuredmedia":[{"embeddable":true,"href":"https:\/\/www.sage.com\/fr-fr\/blog\/api\/wp\/v2\/media\/712"}],"wp:attachment":[{"href":"https:\/\/www.sage.com\/fr-fr\/blog\/api\/wp\/v2\/media?parent=24979"}],"wp:term":[{"taxonomy":"category","embeddable":true,"href":"https:\/\/www.sage.com\/fr-fr\/blog\/api\/wp\/v2\/categories?post=24979"},{"taxonomy":"post_tag","embeddable":true,"href":"https:\/\/www.sage.com\/fr-fr\/blog\/api\/wp\/v2\/tags?post=24979"},{"taxonomy":"business_type","embeddable":true,"href":"https:\/\/www.sage.com\/fr-fr\/blog\/api\/wp\/v2\/business_type?post=24979"},{"taxonomy":"lilypad","embeddable":true,"href":"https:\/\/www.sage.com\/fr-fr\/blog\/api\/wp\/v2\/lilypad?post=24979"},{"taxonomy":"context","embeddable":true,"href":"https:\/\/www.sage.com\/fr-fr\/blog\/api\/wp\/v2\/context?post=24979"},{"taxonomy":"industry","embeddable":true,"href":"https:\/\/www.sage.com\/fr-fr\/blog\/api\/wp\/v2\/industry?post=24979"},{"taxonomy":"persona","embeddable":true,"href":"https:\/\/www.sage.com\/fr-fr\/blog\/api\/wp\/v2\/persona?post=24979"},{"taxonomy":"imagine_tag","embeddable":true,"href":"https:\/\/www.sage.com\/fr-fr\/blog\/api\/wp\/v2\/imagine_tag?post=24979"},{"taxonomy":"author","embeddable":true,"href":"https:\/\/www.sage.com\/fr-fr\/blog\/api\/wp\/v2\/coauthors?post=24979"}],"curies":[{"name":"wp","href":"https:\/\/api.w.org\/{rel}","templated":true}]}}