{"id":29042,"date":"2026-03-24T09:15:00","date_gmt":"2026-03-24T08:15:00","guid":{"rendered":"https:\/\/www.sage.com\/fr-fr\/blog\/?p=29042"},"modified":"2026-03-11T09:42:27","modified_gmt":"2026-03-11T08:42:27","slug":"2026-digital-moteur-de-croissance","status":"publish","type":"post","link":"https:\/\/www.sage.com\/fr-fr\/blog\/2026-digital-moteur-de-croissance\/","title":{"rendered":"\u00c9conomie 2026 : quand le digital devient le premier moteur de croissance"},"content":{"rendered":"<header class=\"entry-header has-dark-background-color entry-header--standard entry-header--has-illustration entry-header--has-illustration--standard\">\n\t<div class=\"container\">\n\t\t<div class=\"entry-header__row row align-center\">\n\t\t\t<div class=\"col col-lg-7 col-xlg-6 entry-header__content\">\n\t\t\t\t\t\t\t<div class=\"component component-single-header\">\n\t\t\t\t\t\t\t\t\t\t<div class=\"entry-header__misc text--subtitle text--uppercase text--small\">\n\t\t\t\t\t\t\t<a href=\"https:\/\/www.sage.com\/fr-fr\/blog\/categorie\/digitalisation-et-tendances\/\" class=\"entry-header__link\">Digitalisation &amp; Tendances<\/a>\t\t\t\t\t\t<\/div>\n\t\t\t\t\n\t\t\t\t<div class=\"entry-title-wrapper\">\n\t\t\t\t\t<h1 class=\"entry-title\">\n\t\t\t\t\t\t\u00c9conomie 2026 : quand le digital devient le premier moteur de croissance\t\t\t\t\t<\/h1>\n\t\t\t\t<\/div>\n\n\t\t\t\t\t\t\t\t\t<p class=\"entry-header__description\">\n\t\t\t\t\t\tSi l&#8217;\u00e9conomie fran\u00e7aise \u00e9vite la r\u00e9cession en 2026, elle creuse les \u00e9carts. Entre des secteurs technologiques en plein essor et des activit\u00e9s historiques sous contrainte, la diff\u00e9rence ne se fera plus seulement sur le carnet de commandes, mais sur la pr\u00e9cision du pilotage de gestion. Analyse des leviers digitaux de rentabilit\u00e9, secteur par secteur.\n\t\t\t\t\t<\/p>\n\t\t\t\t\n\t\t\t\t\n\t\t\t\t\n\t\t\t<\/div>\n\n\t\t\t\t\t<\/div>\n\t\t\t\t\t<\/div>\n\t<\/div>\n\t<div class=\"single-post-details container\">\n\t\t<div class=\"col\">\n\t\t\t<span class=\"posted-on \"><time class=\"entry-date published\" datetime=\"2026-03-24T09:15:00+01:00\">March 24, 2026<\/time><\/span><span class=\"reading-time\"> min de lecture<\/span>\n\t\t<button\n\t\t\ttype=\"button\"\n\t\t\tclass=\"social-share-button button button--icon button--secondary js-social-share-button\"\n\t\t\tdata-share-title=\"\u00c9conomie 2026 : quand le digital devient le premier moteur de croissance\"\n\t\t\tdata-share-url=\"https:\/\/www.sage.com\/fr-fr\/blog\/2026-digital-moteur-de-croissance\/\"\n\t\t\tdata-share-text=\"Veuillez lire cet article int\u00e9ressant\"\n\t\t>\n\t\t\t<span class=\"social-share-button__share-label\">Partager<\/span>\n\t\t\t<span class=\"social-share-button__copy-label\" hidden>Copier le lien<\/span>\n\t\t\t<span class=\"social-share-button__copy-tooltip\" aria-hidden=\"true\" hidden>Copi\u00e9<\/span>\n\t\t<\/button>\n\n\t\t\t\t<\/div>\n\t<\/div>\n<\/header>\n\n\n\n<div class=\"wp-block-post-author has-dark-background-color alignfull\">\n\t<div class=\"container\">\n\t\t<div class=\"col\">\n\t\t\t\t\t\t\t<div class=\"co-authors\">\n\t\t\t\t\t\n\t\t<div class=\"entry-author-wrapper\">\n\t\t\t<a class=\"entry-author\" href=\"https:\/\/www.sage.com\/fr-fr\/blog\/author\/paulestrach\/\">\n\t\t\t\t<img loading=\"lazy\" decoding=\"async\" width=\"40\" height=\"40\" src=\"https:\/\/www.sage.com\/fr-fr\/blog\/wp-content\/uploads\/sites\/4\/2026\/02\/Paul-Estrach-350x350.jpg\" class=\"entry-author__image\" alt=\"Paul Estrach\" srcset=\"https:\/\/www.sage.com\/fr-fr\/blog\/wp-content\/uploads\/sites\/4\/2026\/02\/Paul-Estrach-350x350.jpg 350w, https:\/\/www.sage.com\/fr-fr\/blog\/wp-content\/uploads\/sites\/4\/2026\/02\/Paul-Estrach.jpg 550w\" sizes=\"auto, (max-width: 40px) 100vw, 40px\" \/>\t\t\t\t<span class=\"entry-author__name\">Paul Estrach<\/span>\n\t\t\t<\/a>\n\n\t\t\t\t\t<\/div>\n\n\t\t\t\t\t\t<\/div>\n\t\t\t\t\t<\/div>\n\t<\/div>\n<\/div>\n\n\n\n<p>L\u2019ann\u00e9e 2026 marque une \u00e9conomie \u00e0 deux vitesses. Apr\u00e8s les turbulences inflationnistes, la croissance se stabilise autour de 1 %, dessinant un paysage contrast\u00e9. D&#8217;un c\u00f4t\u00e9, une dynamique port\u00e9e par l&#8217;innovation ; de l&#8217;autre, une pression persistante sur les co\u00fbts pour les secteurs traditionnels. Dans ce contexte, les dirigeants ne peuvent plus se contenter de subir la conjoncture : l&#8217;heure est \u00e0 l&#8217;agilit\u00e9 financi\u00e8re et \u00e0 l&#8217;optimisation des processus par le digital.<\/p>\n\n\n<?xml encoding=\"utf-8\" ?><div class=\"wp-block-yoast-seo-table-of-contents yoast-table-of-contents\"><ul><li><a href=\"#h-conjoncture-globale-la-tresorerie-au-coeur-des-arbitrages\" data-level=\"2\">Conjoncture globale : la tr&eacute;sorerie au c&oelig;ur des arbitrages<\/a><\/li><li><a href=\"#h-industrie-la-rentabilite-par-la-maitrise-de-la-donnee\" data-level=\"2\">Industrie : la rentabilit&eacute; par la ma&icirc;trise de la donn&eacute;e<\/a><\/li><li><a href=\"#h-services-l-automatisation-face-au-cout-du-travail\" data-level=\"2\">Services : l&#8217;automatisation face au co&ucirc;t du travail<\/a><\/li><li><a href=\"#h-commerce-et-distribution-en-2026-l-omnicanalite-pour-unifier-les-stocks\" data-level=\"2\">Commerce et distribution en 2026 : l&#8217;omnicanalit&eacute; pour unifier les stocks<\/a><\/li><li><a href=\"#h-batiment-fiabiliser-les-chiffrages-pour-securiser-la-reprise\" data-level=\"2\">B&acirc;timent : fiabiliser les chiffrages pour s&eacute;curiser la reprise<\/a><\/li><li><a href=\"#h-2026-de-la-prudence-subie-a-la-performance-pilotee\" data-level=\"2\">2026 : de la prudence subie &agrave; la performance pilot&eacute;e<\/a><\/li><\/ul><\/div>\n\n\n\n<div class=\"wp-block-buttons is-content-justification-center is-layout-flex wp-container-core-buttons-is-layout-16018d1d wp-block-buttons-is-layout-flex\">\n<div class=\"wp-block-button\"><a class=\"wp-block-button__link wp-element-button\" href=\"#gate-ef5fadf6-6d44-4f96-86eb-e7f6eb123962\">T\u00e9l\u00e9chargez le guide de la facture \u00e9lectronique pour les PME<\/a><\/div>\n<\/div>\n\n\n\n<h2 class=\"wp-block-heading\" id=\"h-conjoncture-globale-la-tresorerie-au-coeur-des-arbitrages\"><strong>Conjoncture globale : la tr\u00e9sorerie au c\u0153ur des arbitrages<\/strong><\/h2>\n\n\n\n<p>Au niveau macro\u00e9conomique, la France fait preuve de r\u00e9silience. Avec une croissance du PIB attendue \u00e0 +1 % pour 2026 et 2027<sup>1<\/sup>, l&#8217;activit\u00e9 se maintient malgr\u00e9 l&#8217;instabilit\u00e9 g\u00e9opolitique. Cependant, ce &#8220;soft landing&#8221; ne doit pas masquer des points de vigilance majeurs pour les chefs d&#8217;entreprise.<\/p>\n\n\n\n<p>Le recul de la consommation des biens (-0,6 % fin 2025<sup>2<\/sup>) et le niveau historique des d\u00e9faillances (plus de 68 000 l&#8217;an pass\u00e9<sup>3<\/sup>) traduisent une r\u00e9alit\u00e9 tangible : les marges de man\u0153uvre se r\u00e9duisent. Pour 2026, l&#8217;enjeu n&#8217;est donc plus uniquement la conqu\u00eate commerciale, mais la protection du cash. Face \u00e0 des d\u00e9lais de paiement qui pourraient s&#8217;allonger et une demande volatile, la capacit\u00e9 \u00e0 anticiper son <a href=\"https:\/\/www.sage.com\/fr-fr\/blog\/glossaire\/besoin-en-fonds-roulement-definition\/\">Besoin en Fonds de Roulement (BFR)<\/a> devient le premier geste de gestion barri\u00e8re.<\/p>\n\n\n\n<h2 class=\"wp-block-heading\" id=\"h-industrie-la-rentabilite-par-la-maitrise-de-la-donnee\"><strong>Industrie : la rentabilit\u00e9 par la ma\u00eetrise de la donn\u00e9e<\/strong><\/h2>\n\n\n\n<p>Le secteur industriel illustre parfaitement cette \u00e9conomie \u00e0 deux vitesses. Si la production manufacturi\u00e8re traditionnelle recule (-0,8 % fin 2025<sup>2<\/sup>), les segments \u00e0 forte valeur ajout\u00e9e (d\u00e9fense, a\u00e9ronautique) et technologiques tirent leur \u00e9pingle du jeu.<\/p>\n\n\n\n<p>Cette r\u00e9silience est directement li\u00e9e \u00e0 la modernisation des outils : le secteur a attir\u00e9 5,8 milliards d&#8217;euros d&#8217;investissements entre janvier et septembre 2025<sup>4<\/sup>, fl\u00e9ch\u00e9s prioritairement vers les logiciels, le Cloud, l&#8217;IA et la <a href=\"https:\/\/www.sage.com\/fr-fr\/blog\/glossaire\/cybersecurite-definition-de-la-cybersecurite\/\">cybers\u00e9curit\u00e9<\/a>. L&#8217;\u00e9mergence de projets d&#8217;infrastructures, comme le nouveau data center pr\u00e8s de Lille<sup>5<\/sup>, confirme que la data est devenue le carburant de l&#8217;industrie.<\/p>\n\n\n\n<p>Pour les dirigeants, le message est clair : la performance industrielle de 2026 ne repose plus uniquement sur l&#8217;outil de production physique, mais sur sa capacit\u00e9 \u00e0 int\u00e9grer le num\u00e9rique pour optimiser les co\u00fbts et s\u00e9curiser la croissance.<\/p>\n\n\n\n<h2 class=\"wp-block-heading\" id=\"h-services-l-automatisation-face-au-cout-du-travail\"><strong>Services : l&#8217;automatisation face au co\u00fbt du travail<\/strong><\/h2>\n\n\n\n<p>Le tertiaire continue d\u2019\u00eatre un moteur du PIB, mais il affronte un d\u00e9fi structurel : l&#8217;augmentation des co\u00fbts de fonctionnement, notamment salariaux. Dans les services marchands comme dans le conseil, la pression sur les prix de vente oblige \u00e0 repenser les mod\u00e8les de rentabilit\u00e9. Si les enqu\u00eates de conjoncture anticipent une progression mod\u00e9r\u00e9e de l\u2019activit\u00e9 dans les services<sup>6<\/sup>, celle-ci s\u2019appuie surtout sur le num\u00e9rique. La croissance soutenue de l&#8217;\u00e9dition logicielle (+8,2 %) t\u00e9moigne en particulier d&#8217;une adoption massive des solutions en Cloud<sup>7<\/sup>.<\/p>\n\n\n\n<p>L&#8217;objectif pour les entreprises de services est clair : automatiser les t\u00e2ches administratives (facturation, saisie comptable, RH) pour pr\u00e9server la valeur ajout\u00e9e humaine. En 2026, la performance d&#8217;une soci\u00e9t\u00e9 de services se mesure \u00e0 sa capacit\u00e9 \u00e0 digitaliser ses processus supports pour maintenir ses taux de marge.<\/p>\n\n\n\n<h2 class=\"wp-block-heading\" id=\"h-commerce-et-distribution-en-2026-l-omnicanalite-pour-unifier-les-stocks\"><strong>Commerce et distribution en 2026 : l&#8217;omnicanalit\u00e9 pour unifier les stocks<\/strong><\/h2>\n\n\n\n<p>Avec une croissance du commerce de d\u00e9tail pr\u00e9vue \u00e0 peine \u00e0 +1,5 %<sup>8<\/sup>, les distributeurs naviguent \u00e0 vue. La consommation des m\u00e9nages reste prudente, sanctionnant les acteurs qui n&#8217;ont pas su \u00e9voluer, comme en t\u00e9moignent les difficult\u00e9s dans l&#8217;habillement ou l&#8217;ameublement. \u00c0 l&#8217;inverse, l&#8217;e-commerce continue sa progression pour franchir les 200 milliards d&#8217;euros<sup>9<\/sup>.<\/p>\n\n\n\n<p>Mais attention : la r\u00e9ussite en 2026 ne r\u00e9side plus dans l&#8217;opposition &#8220;boutique contre web&#8221;, mais dans leur fusion. La complexit\u00e9 logistique impose une <a href=\"https:\/\/www.sage.com\/fr-fr\/logiciel-gestion-de-stock-inventaire\/\">unification des stocks<\/a> en temps r\u00e9el. Pour \u00e9viter les ruptures co\u00fbteuses ou le sur-stockage, les commer\u00e7ants doivent s&#8217;appuyer sur une gestion commerciale centralis\u00e9e, capable de piloter tous les canaux de vente simultan\u00e9ment. L&#8217;IA joue ici un r\u00f4le croissant pour affiner les pr\u00e9visions de ventes<sup>10<\/sup>.<\/p>\n\n\n\n<h2 class=\"wp-block-heading\" id=\"h-batiment-fiabiliser-les-chiffrages-pour-securiser-la-reprise\"><strong>B\u00e2timent : fiabiliser les chiffrages pour s\u00e9curiser la reprise<\/strong><\/h2>\n\n\n\n<p>Apr\u00e8s une p\u00e9riode de correction s\u00e9v\u00e8re, le b\u00e2timent entrevoit une \u00e9claircie (+1,8 % attendus en 2026), soutenue par les imp\u00e9ratifs de r\u00e9novation \u00e9nerg\u00e9tique et le logement neuf<sup>11<\/sup>. Toutefois, cette reprise reste fragile : la concurrence s&#8217;est intensifi\u00e9e et les tr\u00e9soreries ont \u00e9t\u00e9 fragilis\u00e9es par deux ann\u00e9es de baisse d&#8217;activit\u00e9.<\/p>\n\n\n\n<p>Pour les artisans et PME du BTP, le danger de 2026 serait de privil\u00e9gier le volume au d\u00e9triment de la rentabilit\u00e9. La priorit\u00e9 n&#8217;est plus seulement de signer des chantiers, mais de garantir leur marge \u00e0 chaque \u00e9tape. L&#8217;enjeu se situe donc dans le suivi financier des chantiers en temps r\u00e9el : comparer le r\u00e9alis\u00e9 au devis initial, ma\u00eetriser les achats et facturer sans d\u00e9lai sont les leviers indispensables pour transformer cette reprise d&#8217;activit\u00e9 en tr\u00e9sorerie r\u00e9elle.<\/p>\n\n\n\n<h2 class=\"wp-block-heading\" id=\"h-2026-de-la-prudence-subie-a-la-performance-pilotee\"><strong>2026 : de la prudence subie \u00e0 la performance pilot\u00e9e<\/strong><\/h2>\n\n\n\n<p>Si les perspectives \u00e9conomiques de 2026 invitent \u00e0 la prudence, elles offrent aussi des opportunit\u00e9s \u00e0 ceux qui structurent leur gestion. Dans un environnement o\u00f9 l&#8217;erreur co\u00fbte cher, le &#8220;pilotage \u00e0 vue&#8221; n&#8217;est plus permis.<\/p>\n\n\n\n<p>La r\u00e9silience des entreprises passera cette ann\u00e9e par leur capacit\u00e9 \u00e0 s&#8217;appuyer sur des solutions de gestion robustes pour \u00e9clairer la d\u00e9cision :<\/p>\n\n\n\n<ul class=\"wp-block-list\">\n<li><strong>Anticiper pour ne pas subir :<\/strong> face aux incertitudes, les<a href=\"https:\/\/www.sage.com\/fr-fr\/produits\/sage-100\/tresorerie\/\" type=\"link\" id=\"https:\/\/www.sage.com\/fr-fr\/produits\/sage-100\/tresorerie\/\"> logiciels de tr\u00e9sorerie<\/a> pr\u00e9visionnelle permettent de simuler diff\u00e9rents sc\u00e9narios et de s\u00e9curiser les liquidit\u00e9s.<\/li>\n<\/ul>\n\n\n\n<ul class=\"wp-block-list\">\n<li><strong>Ma\u00eetriser la cha\u00eene de valeur :<\/strong> que ce soit pour l&#8217;industrie ou le n\u00e9goce, un <a href=\"https:\/\/www.sage.com\/fr-fr\/sage-business-cloud\/sage-x3\/\" type=\"link\" id=\"https:\/\/www.sage.com\/fr-fr\/sage-business-cloud\/sage-x3\/\">ERP agile <\/a>assure la coh\u00e9rence entre les achats, les stocks et les ventes, prot\u00e9geant ainsi la rentabilit\u00e9 op\u00e9rationnelle.<\/li>\n<\/ul>\n\n\n\n<ul class=\"wp-block-list\">\n<li><strong>Garantir la conformit\u00e9 :<\/strong> avec l&#8217;entr\u00e9e en vigueur de nouvelles r\u00e8gles comme la <a href=\"https:\/\/www.sage.com\/fr-fr\/blog\/rgdu-reduction-generale-degressive-unique\/\" type=\"link\" id=\"https:\/\/www.sage.com\/fr-fr\/blog\/rgdu-reduction-generale-degressive-unique\/\">RGDU<\/a> ou la mont\u00e9e en puissance de la <a href=\"https:\/\/www.sage.com\/fr-fr\/dematerialisation\/facture-electronique\/\" type=\"link\" id=\"https:\/\/www.sage.com\/fr-fr\/dematerialisation\/facture-electronique\/\">facture \u00e9lectronique<\/a>, s&#8217;\u00e9quiper d&#8217;un <a href=\"https:\/\/www.sage.com\/fr-fr\/paie-logiciels-gestion\/\" type=\"link\" id=\"https:\/\/www.sage.com\/fr-fr\/paie-logiciels-gestion\/\">logiciel de paie<\/a> et d&#8217;un<a href=\"https:\/\/www.sage.com\/fr-fr\/devis-facture\/logiciels-gestion-commerciale\/\" type=\"link\" id=\"https:\/\/www.sage.com\/fr-fr\/devis-facture\/logiciels-gestion-commerciale\/\"> logiciel de gestion commerciale<\/a> \u00e0 jour est le meilleur moyen d&#8217;\u00e9viter les risques l\u00e9gaux et fiscaux.<\/li>\n<\/ul>\n\n\n\n<p>En 2026, la technologie de gestion n&#8217;est plus une fonction support : c&#8217;est le copilote indispensable pour traverser les zones d&#8217;incertitude.<\/p>\n\n\n\n<p><strong>Ces articles peuvent \u00e9galement vous int\u00e9resser<\/strong> :&nbsp;<\/p>\n\n\n\n<ul class=\"wp-block-list\">\n<li><a href=\"https:\/\/www.sage.com\/fr-fr\/blog\/loi-finances-2026\/\">7 principaux changements pour les entreprises en 2026<\/a><\/li>\n\n\n\n<li><a href=\"https:\/\/www.sage.com\/fr-fr\/blog\/lfss-2026-changements\/\">LFSS 2026 : les 7 principaux changements en droit du travail<\/a><\/li>\n\n\n\n<li><a href=\"https:\/\/www.sage.com\/fr-fr\/blog\/maitriser-retards-paiement-avec-ia-facture-electronique\/\" type=\"link\" id=\"https:\/\/www.sage.com\/fr-fr\/blog\/maitriser-retards-paiement-avec-ia-facture-electronique\/\">IA pr\u00e9dictive et facture \u00e9lectronique : 2 leviers pour ma\u00eetriser les retards de paiement en 2026<\/a><\/li>\n<\/ul>\n\n\n\n<p><sup>1<\/sup><a href=\"https:\/\/www.banque-france.fr\/fr\/publications-et-statistiques\/publications\/projections-macroeconomiques-decembre-2025\" target=\"_blank\" rel=\"noreferrer noopener\">Projections macro\u00e9conomiques \u2013 D\u00e9cembre 2025 &#8211; Banque de France \u2013 2025<\/a><br><sup>2<\/sup><a href=\"https:\/\/www.insee.fr\/fr\/statistiques\/2107840#:~:text=En%20janvier%202026%2C%20les%20prix,0%2C3%20%25%20sur%20un%20an\" target=\"_blank\" rel=\"noreferrer noopener\">Tableau de bord de la conjoncture &#8211; Insee &#8211; 2026<\/a><br><sup>3<\/sup>L&#8217;officiel des difficult\u00e9s des entreprises : 4e trimestre et bilan 2025 &#8211; Conseil national des administrateurs judiciaires et des mandataires judiciaires \u2013 2026<br><sup>4<\/sup><a href=\"https:\/\/lafrenchtech.gouv.fr\/fr\/panoramafrenchtech2025\/\" target=\"_blank\" rel=\"noreferrer noopener\">Panorama de l&#8217;\u00e9cosyst\u00e8me French Tech : \u00c9dition 2025 &#8211; La French Tech \u2013 2025<\/a><br><sup>5<\/sup><a href=\"https:\/\/www.reuters.com\/technology\/amsterdam-based-ai-firm-nebius-build-240mw-data-centre-near-lille-france-2026-02-12\/\" target=\"_blank\" rel=\"noreferrer noopener\">Amsterdam-based AI firm Nebius to build 240MW data centre near Lille, France &#8211; Reuters \u2013 2026<\/a><br><sup>6<\/sup> <a href=\"https:\/\/www.banque-france.fr\/en\/statistics\/business-surveys\/survey-industry-services-and-construction-2026-01\" target=\"_blank\" rel=\"noreferrer noopener\">Survey on Industry, Services and Construction &#8211; 2026-01 &#8211; Banque de France \u2013 2026<\/a><br><sup>7<\/sup><a href=\"https:\/\/www.lemagit.fr\/actualites\/366636660\/Le-numerique-francais-marche-a-deux-vitesses-reprise-esperee-en-2026\" target=\"_blank\" rel=\"noreferrer noopener\">Le num\u00e9rique fran\u00e7ais : march\u00e9 \u00e0 deux vitesses, reprise esp\u00e9r\u00e9e en 2026 &#8211; Le Mag IT \u2013 2025<\/a><br><sup>8<\/sup><a href=\"https:\/\/www.bain.com\/insights\/2026-global-retail-sales-outlook-snap-chart\/\" target=\"_blank\" rel=\"noreferrer noopener\">2026 Global Retail Sales Outlook &#8211; Bain &amp; Company \u2013 2026<\/a><br><sup>9<\/sup><a href=\"https:\/\/www.fevad.com\/edition-2025-des-chiffres-cles-du-e-commerce\/\" target=\"_blank\" rel=\"noreferrer noopener\">Chiffres cl\u00e9s du e-commerce &#8211; Fevad \u2013 2025<\/a><br><sup>10<\/sup><a href=\"https:\/\/www.data.gouv.fr\/datasets\/donne-economique-sur-le-commerce-et-son-evolution-en-france-2026\" target=\"_blank\" rel=\"noreferrer noopener\">Donn\u00e9 \u00e9conomique sur l&#8217;e-commerce et son \u00e9volution en France 2026 &#8211; Data Gouv \u2013 2026<\/a><br><sup>11<\/sup><a href=\"https:\/\/www.ffbatiment.fr\/actualites-batiment\/actualite-ba\/bilan-2025-previsions-2026-leger-rebond-sans-reprise-batiment#:~:text=Conjoncture%20b%C3%A2timent-,Bilan%202025%20et%20pr%C3%A9visions%202026%20%E2%80%93%20L%C3%A9ger%20rebond%20sans%20v%C3%A9ritable%20reprise,redressement%20transitoire%20du%20logement%20neuf.\">Bilan 2025 et pr\u00e9visions 2026 \u2013 L\u00e9ger rebond sans v\u00e9ritable reprise du b\u00e2timent &#8211; FFB &#8211; 2026<\/a><\/p>\n\n\n\n<div class=\"single-cta gated-content\">\n\t<div class=\"single-cta__positioner\">\n\t\t<div class=\"single-cta__wrapper has-dark-background-color\">\n\t\t\t<div class=\"single-cta__content\">\n\t\t\t\t\t\t\t\t<h2 class=\"single-cta__title h3\">Guide de la facture \u00e9lectronique pour les ETI : la gestion interentreprises une nouvelle r\u00e9alit\u00e9 avec Sage<\/h2>\n\n\t\t\t\t\n\t\t\t\t\t\t\t\t\t\t\t\t\t\t<a\n\t\t\t\t\t\thref=\"#gate-9d3b0506-0292-40bb-bd64-33f21dadf44b\"\n\t\t\t\t\t\tclass=\"single-cta__button button button--primary\"\n\t\t\t\t\t\t\t\t\t\t\t\t\t\t\t\t\t>T\u00e9l\u00e9charger le guide<\/a>\n\t\t\t\t\t\t\t<\/div>\n\n\t\t\t\t\t<\/div>\n\n\t\t\t\t\t<img decoding=\"async\" width=\"1215\" height=\"810\" src=\"https:\/\/www.sage.com\/fr-fr\/blog\/wp-content\/uploads\/sites\/4\/2023\/09\/GettyImages-1405751400-1215x810.jpg\" class=\"single-cta__image\" alt=\"Des salari\u00e9s dans une salle de r\u00e9union\" loading=\"lazy\" srcset=\"https:\/\/www.sage.com\/fr-fr\/blog\/wp-content\/uploads\/sites\/4\/2023\/09\/GettyImages-1405751400-1215x810.jpg 1215w\" sizes=\"auto, (min-width: 48em) 33vw, 100vw\" \/>\t\t\t<\/div>\n<\/div>\n\n\n<div class=\"single-cta\">\n\t<div class=\"single-cta__positioner\">\n\t\t<div class=\"single-cta__wrapper has-dark-background-color\">\n\t\t\t<div class=\"single-cta__content\">\n\t\t\t\t\t\t\t\t<h2 class=\"single-cta__title h3\">Inscrivez-vous \u00e0 la e-newsletter mensuelle<\/h2>\n\n\t\t\t\t\n\t\t\t\t\t\t\t\t\t\t\t\t\t\t<a\n\t\t\t\t\t\thref=\"#gate-a947ade1-e692-455f-94ce-a275d72a9a11\"\n\t\t\t\t\t\tclass=\"single-cta__button button button--primary\"\n\t\t\t\t\t\t\t\t\t\t\t\t\t\t\t\t\t>Je m&#039;abonne<\/a>\n\t\t\t\t\t\t\t<\/div>\n\n\t\t\t\t\t<\/div>\n\n\t\t\t\t\t<img decoding=\"async\" width=\"1024\" height=\"779\" src=\"https:\/\/www.sage.com\/fr-fr\/blog\/wp-content\/uploads\/sites\/4\/2021\/05\/spreadsheets-1024x779-1.jpg\" class=\"single-cta__image\" alt=\"\" loading=\"lazy\" srcset=\"https:\/\/www.sage.com\/fr-fr\/blog\/wp-content\/uploads\/sites\/4\/2021\/05\/spreadsheets-1024x779-1.jpg 1024w\" sizes=\"auto, (min-width: 48em) 33vw, 100vw\" \/>\t\t\t<\/div>\n<\/div>\n","protected":false},"excerpt":{"rendered":"<p>Si l&#8217;\u00e9conomie fran\u00e7aise \u00e9vite la r\u00e9cession en 2026, elle creuse les \u00e9carts. Entre des secteurs technologiques en plein essor et des activit\u00e9s historiques sous contrainte, la diff\u00e9rence ne se fera plus seulement sur le carnet de commandes, mais sur la pr\u00e9cision du pilotage de gestion. Analyse des leviers digitaux de rentabilit\u00e9, secteur par secteur.<\/p>\n","protected":false},"author":1908,"featured_media":21614,"comment_status":"closed","ping_status":"closed","sticky":false,"template":"","format":"standard","meta":{"_sage_video":false,"post_featured_image_hide":false,"footnotes":""},"categories":[16],"tags":[70,223,224],"business_type":[9],"lilypad":[],"context":[],"industry":[23,24,25,26],"persona":[867,35,34,37,869],"imagine_tag":[439,446,728,450,456,474,475,454],"coauthors":[1040],"class_list":["post-29042","post","type-post","status-publish","format-standard","has-post-thumbnail","hentry","category-digitalisation-et-tendances","tag-comptabilite","tag-dsi","tag-ia-digitalisation","business_type-petites-et-moyennes-entreprises","industry-btp","industry-industrie","industry-negoce","industry-services"],"sage_meta":{"region":"fr-fr","author_name":"Paul Estrach","featured_image":"https:\/\/www.sage.com\/fr-fr\/blog\/wp-content\/uploads\/sites\/4\/2024\/10\/BrandShoot-LND_June2024_Distribution_0425.jpg","imagine_tags":{"439":"Cloud","446":"Comptabilit\u00e9","728":"DAF - DSI","450":"ERP","456":"Gestion Commerciale","474":"Gestion de la paie","475":"Gestion factuation","454":"Paie et RH"}},"distributor_meta":false,"distributor_terms":false,"distributor_media":false,"distributor_original_site_name":"Sage Advice France","distributor_original_site_url":"https:\/\/www.sage.com\/fr-fr\/blog","push-errors":false,"_links":{"self":[{"href":"https:\/\/www.sage.com\/fr-fr\/blog\/api\/wp\/v2\/posts\/29042","targetHints":{"allow":["GET"]}}],"collection":[{"href":"https:\/\/www.sage.com\/fr-fr\/blog\/api\/wp\/v2\/posts"}],"about":[{"href":"https:\/\/www.sage.com\/fr-fr\/blog\/api\/wp\/v2\/types\/post"}],"author":[{"embeddable":true,"href":"https:\/\/www.sage.com\/fr-fr\/blog\/api\/wp\/v2\/users\/1908"}],"replies":[{"embeddable":true,"href":"https:\/\/www.sage.com\/fr-fr\/blog\/api\/wp\/v2\/comments?post=29042"}],"version-history":[{"count":5,"href":"https:\/\/www.sage.com\/fr-fr\/blog\/api\/wp\/v2\/posts\/29042\/revisions"}],"predecessor-version":[{"id":29478,"href":"https:\/\/www.sage.com\/fr-fr\/blog\/api\/wp\/v2\/posts\/29042\/revisions\/29478"}],"wp:featuredmedia":[{"embeddable":true,"href":"https:\/\/www.sage.com\/fr-fr\/blog\/api\/wp\/v2\/media\/21614"}],"wp:attachment":[{"href":"https:\/\/www.sage.com\/fr-fr\/blog\/api\/wp\/v2\/media?parent=29042"}],"wp:term":[{"taxonomy":"category","embeddable":true,"href":"https:\/\/www.sage.com\/fr-fr\/blog\/api\/wp\/v2\/categories?post=29042"},{"taxonomy":"post_tag","embeddable":true,"href":"https:\/\/www.sage.com\/fr-fr\/blog\/api\/wp\/v2\/tags?post=29042"},{"taxonomy":"business_type","embeddable":true,"href":"https:\/\/www.sage.com\/fr-fr\/blog\/api\/wp\/v2\/business_type?post=29042"},{"taxonomy":"lilypad","embeddable":true,"href":"https:\/\/www.sage.com\/fr-fr\/blog\/api\/wp\/v2\/lilypad?post=29042"},{"taxonomy":"context","embeddable":true,"href":"https:\/\/www.sage.com\/fr-fr\/blog\/api\/wp\/v2\/context?post=29042"},{"taxonomy":"industry","embeddable":true,"href":"https:\/\/www.sage.com\/fr-fr\/blog\/api\/wp\/v2\/industry?post=29042"},{"taxonomy":"persona","embeddable":true,"href":"https:\/\/www.sage.com\/fr-fr\/blog\/api\/wp\/v2\/persona?post=29042"},{"taxonomy":"imagine_tag","embeddable":true,"href":"https:\/\/www.sage.com\/fr-fr\/blog\/api\/wp\/v2\/imagine_tag?post=29042"},{"taxonomy":"author","embeddable":true,"href":"https:\/\/www.sage.com\/fr-fr\/blog\/api\/wp\/v2\/coauthors?post=29042"}],"curies":[{"name":"wp","href":"https:\/\/api.w.org\/{rel}","templated":true}]}}