{"id":30083,"date":"2026-07-21T16:00:00","date_gmt":"2026-07-21T14:00:00","guid":{"rendered":"https:\/\/www.sage.com\/fr-fr\/blog\/?p=30083"},"modified":"2026-07-31T17:18:22","modified_gmt":"2026-07-31T15:18:22","slug":"comment-verifier-votre-inscription-a-une-plateforme-agreee","status":"publish","type":"post","link":"https:\/\/www.sage.com\/fr-fr\/blog\/comment-verifier-votre-inscription-a-une-plateforme-agreee\/","title":{"rendered":"Inscription \u00e0 une plateforme agr\u00e9\u00e9e\u00a0: comment v\u00e9rifier que tout est ok\u00a0?"},"content":{"rendered":"<header class=\"entry-header has-dark-background-color entry-header--standard entry-header--has-illustration entry-header--has-illustration--standard\">\n\t<div class=\"container\">\n\t\t<div class=\"entry-header__row row align-center\">\n\t\t\t<div class=\"col col-lg-7 col-xlg-6 entry-header__content\">\n\t\t\t\t\t\t\t<div class=\"component component-single-header\">\n\t\t\t\t\t\t\t\t\t\t<div class=\"entry-header__misc text--subtitle text--uppercase text--small\">\n\t\t\t\t\t\t\t<a href=\"https:\/\/www.sage.com\/fr-fr\/blog\/categorie\/legal-et-reglementation\/\" class=\"entry-header__link\">L\u00e9gal &amp; R\u00e9glementation<\/a>\t\t\t\t\t\t<\/div>\n\t\t\t\t\n\t\t\t\t<div class=\"entry-title-wrapper\">\n\t\t\t\t\t<h1 class=\"entry-title\">\n\t\t\t\t\t\tInscription \u00e0 une plateforme agr\u00e9\u00e9e : comment v\u00e9rifier que tout est ok ?\t\t\t\t\t<\/h1>\n\t\t\t\t<\/div>\n\n\t\t\t\t\t\t\t\t\t<p class=\"entry-header__description\">\n\t\t\t\t\t\tL\u2019inscription \u00e0 une plateforme agr\u00e9\u00e9e est obligatoire pour \u00eatre conforme avec la facturation \u00e9lectronique.\t\t\t\t\t<\/p>\n\t\t\t\t\n\t\t\t\t\n\t\t\t\t\n\t\t\t<\/div>\n\n\t\t\t\t\t<\/div>\n\t\t\t\t\t<\/div>\n\t<\/div>\n\t\t<div class=\"single-post-details container\">\n\t\t<div class=\"col\">\n\t\t\t<span class=\"posted-on \">Publi\u00e9 le <time class=\"entry-date published\" datetime=\"2026-07-21T16:00:00+02:00\">21 juillet 2026<\/time><\/span><span class=\"reading-time\"> min de lecture<\/span>\n\t\t<button\n\t\t\ttype=\"button\"\n\t\t\tclass=\"social-share-button button button--icon button--secondary js-social-share-button\"\n\t\t\tdata-share-title=\"Inscription \u00e0 une plateforme agr\u00e9\u00e9e\u00a0: comment v\u00e9rifier que tout est ok\u00a0?\"\n\t\t\tdata-share-url=\"https:\/\/www.sage.com\/fr-fr\/blog\/comment-verifier-votre-inscription-a-une-plateforme-agreee\/\"\n\t\t\tdata-share-text=\"Veuillez lire cet article int\u00e9ressant\"\n\t\t>\n\t\t\t<span class=\"social-share-button__share-label\">Partager<\/span>\n\t\t\t<span class=\"social-share-button__copy-label\" hidden>Copier le lien<\/span>\n\t\t\t<span class=\"social-share-button__copy-tooltip\" aria-hidden=\"true\" hidden>Copi\u00e9<\/span>\n\t\t<\/button>\n\n\t\t\t\t<\/div>\n\t<\/div>\n\t<\/header>\n\n\n\n<div class=\"wp-block-post-author has-dark-background-color alignfull\">\n\t<div class=\"container\">\n\t\t<div class=\"col\">\n\t\t\t\t\t\t\t<div class=\"co-authors\">\n\t\t\t\t\t\n\t\t<div class=\"entry-author-wrapper\">\n\t\t\t<a class=\"entry-author\" href=\"https:\/\/www.sage.com\/fr-fr\/blog\/author\/christopheadam\/\">\n\t\t\t\t<img loading=\"lazy\" decoding=\"async\" width=\"40\" height=\"40\" src=\"https:\/\/www.sage.com\/fr-fr\/blog\/wp-content\/uploads\/sites\/4\/2024\/07\/Christophe-Adam-350x350.jpg\" class=\"entry-author__image\" alt=\"Christophe Adam\" srcset=\"https:\/\/www.sage.com\/fr-fr\/blog\/wp-content\/uploads\/sites\/4\/2024\/07\/Christophe-Adam-350x350.jpg 350w, https:\/\/www.sage.com\/fr-fr\/blog\/wp-content\/uploads\/sites\/4\/2024\/07\/Christophe-Adam-768x768.jpg 768w, https:\/\/www.sage.com\/fr-fr\/blog\/wp-content\/uploads\/sites\/4\/2024\/07\/Christophe-Adam.jpg 800w\" sizes=\"auto, (max-width: 40px) 100vw, 40px\" \/>\t\t\t\t<span class=\"entry-author__name\">Christophe Adam<\/span>\n\t\t\t<\/a>\n\n\t\t\t\t\t<\/div>\n\n\t\t\t\t\t\t<\/div>\n\t\t\t\t\t<\/div>\n\t<\/div>\n<\/div>\n\n\n\n<section class=\"wp-block-sage-article-update\"><div class=\"sage-article-update__inner\"><p><em>Derni\u00e8re mise \u00e0 jour le 22 juillet 2026.<\/em><\/p><\/div><\/section>\n\n\n<section id=\"essentiel-a-retenir\" class=\"wp-block-sage-key-takeaways\"><div class=\"sage-key-takeaways__inner\"><h2 class=\"wp-block-heading has-h-3-font-size\">L\u2019essentiel \u00e0 retenir<\/h2>\n<ul class=\"wp-block-list\">\n<li><strong>Obligation l\u00e9gale<\/strong> : l\u2019inscription \u00e0 une plateforme agr\u00e9\u00e9e est <strong>indispensable<\/strong> pour la facturation \u00e9lectronique.<\/li>\n\n\n\n<li><strong>Outil officiel<\/strong> : seul l\u2019<a href=\"https:\/\/facturation.chorus-pro.gouv.fr\/annuaire\/#\/\" target=\"_blank\" rel=\"noreferrer noopener\">annuaire Chorus Pro<\/a> permet de v\u00e9rifier votre conformit\u00e9.<\/li>\n\n\n\n<li><strong>Identifiant fiable<\/strong> : privil\u00e9giez la recherche par <strong>SIREN\/SIRET<\/strong> (plus pr\u00e9cis que la d\u00e9nomination sociale).<\/li>\n\n\n\n<li><strong>Preuve de conformit\u00e9<\/strong> : la mention <strong>\u00ab Plateforme(s) agr\u00e9\u00e9e(s) rattach\u00e9e(s) : Oui \u00bb<\/strong> valide votre inscription.<\/li>\n\n\n\n<li><strong>Adresse de facturation active<\/strong> : un statut \u00ab Non \u00bb est <strong>normal avant le 1<sup>er<\/sup> septembre 2026<\/strong> (d\u00e9but de l\u2019obligation).<\/li>\n<\/ul>\n<\/div><\/section>\n\n\n<p class=\"wp-block-paragraph\">L\u2019inscription \u00e0 une plateforme agr\u00e9\u00e9e est obligatoire pour \u00eatre conforme avec la facturation \u00e9lectronique.<\/p>\n\n\n\n<section class=\"wp-block-sage-container is-constrained is-style-bordered\"><div class=\"sage-container__inner\">\n<p class=\"wp-block-paragraph\"><strong>Pour v\u00e9rifier si votre entreprise est bien inscrite, une seule adresse&nbsp;: <\/strong><a href=\"https:\/\/facturation.chorus-pro.gouv.fr\/annuaire\/#\/\">https:\/\/facturation.chorus-pro.gouv.fr\/annuaire\/#\/<\/a><\/p>\n\n\n\n<p class=\"wp-block-paragraph\">Vous saurez imm\u00e9diatement si votre inscription \u00e0 une plateforme agr\u00e9\u00e9e est correctement enregistr\u00e9e.<\/p>\n<\/div><\/section>\n\n\n\n<p class=\"wp-block-paragraph\"><strong>Attention&nbsp;: les indications donn\u00e9es par Chorus Pro peuvent \u00eatre ambig\u00fces<\/strong><strong>. Cet article vous aide \u00e0 d\u00e9crypter les diff\u00e9rents champs et \u00e0 vous assurer de votre conformit\u00e9.<\/strong><\/p>\n\n\n\n<div class=\"single-cta\">\n\t<div class=\"single-cta__positioner on-scroll-highlight__target\">\n\t\t<div class=\"single-cta__wrapper has-dark-background-color\">\n\t\t\t<div class=\"single-cta__content\">\n\t\t\t\t\t\t\t\t<h2 class=\"single-cta__title h3\">Facture \u00c9lectronique : encore des questions ?<\/h2>\n\n\t\t\t\t\n\t\t\t\t\t\t\t\t\t\t\t\t\t\t<a\n\t\t\t\t\t\thref=\"https:\/\/webchathub.sage.com\/fr-fr\/facture-electronique\/\"\n\t\t\t\t\t\tclass=\"single-cta__button button button--primary\"\n\t\t\t\t\t\t\t\t\t\t\t\t\tid=\"cta-id-30180\"\n\t\t\t\t\t\t\t\t\t\t\t\t\t\t\t\t\t\t\tdata-button-location=\"cta_box\"\n\t\t\t\t\t\t\t\t\t\t\t>D\u00e9couvrez votre assistant digital d\u00e9di\u00e9 \u00e0 la facture \u00e9lectronique.<\/a>\n\t\t\t\t\t\t\t<\/div>\n\n\t\t\t\t\t<\/div>\n\n\t\t\t\t\t<img decoding=\"async\" width=\"1050\" height=\"624\" src=\"https:\/\/www.sage.com\/fr-fr\/blog\/wp-content\/uploads\/sites\/4\/2026\/07\/Capture-decran-2026-07-29-a-17.20.37.png\" class=\"single-cta__image\" alt=\"Facture \u00c9lectronique : encore des questions ? CHAT 24\/24 Sage\" loading=\"lazy\" srcset=\"https:\/\/www.sage.com\/fr-fr\/blog\/wp-content\/uploads\/sites\/4\/2026\/07\/Capture-decran-2026-07-29-a-17.20.37.png 1050w\" sizes=\"auto, (min-width: 48em) 33vw, 100vw\" \/>\t\t\t<\/div>\n<\/div>\n\n\n\n<h2 id=\"h-comment-acceder-a-l-annuaire-de-la-facturation-electronique\" class=\"wp-block-heading\"><strong>Comment acc\u00e9der \u00e0 l\u2019annuaire de la facturation \u00e9lectronique ?<\/strong><\/h2>\n\n\n\n<p class=\"wp-block-paragraph\">L<strong>\u2019annuaire de la <a href=\"https:\/\/www.sage.com\/fr-fr\/dematerialisation\/facture-electronique\/\">facturation \u00e9lectronique<\/a> est h\u00e9berg\u00e9 sur le site officiel du gouvernement Chorus Pro.<\/strong> Il est accessible \u00e0 l\u2019adresse <a href=\"https:\/\/facturation.chorus-pro.gouv.fr\/annuaire\/#\/\" target=\"_blank\" rel=\"noreferrer noopener\">https:\/\/facturation.chorus-pro.gouv.fr\/annuaire\/#\/<\/a><\/p>\n\n\n\n<p class=\"wp-block-paragraph\">Premi\u00e8re \u00e9tape pour v\u00e9rifier votre inscription \u00e0 une <a href=\"https:\/\/www.sage.com\/fr-fr\/blog\/plateforme-de-dematerialisation-portail-public\/\">plateforme agr\u00e9\u00e9e&nbsp;<\/a>: \u00eatre reconnu par Chorus Pro.<\/p>\n\n\n\n<p class=\"wp-block-paragraph\"><strong>Le site vous propose deux chemins d\u2019acc\u00e8s&nbsp;:<\/strong><\/p>\n\n\n\n<ul class=\"wp-block-list\">\n<li><strong>votre SIREN\/SIRET&nbsp;;<\/strong><\/li>\n\n\n\n<li><strong>votre d\u00e9nomination sociale.<\/strong><\/li>\n<\/ul>\n\n\n\n<p class=\"wp-block-paragraph\"><strong>Mon conseil est de taper votre <a href=\"https:\/\/www.sage.com\/fr-fr\/blog\/glossaire\/siret-siren-definition\/\">SIREN\/SIRET<\/a> dans la barre de recherche. Une s\u00e9rie de chiffres indiscutables sera toujours mieux reconnue que l\u2019\u00e9nonc\u00e9 de votre raison sociale.<\/strong><\/p>\n\n\n\n<h2 id=\"h-comment-avoir-la-certitude-de-votre-conformite-nbsp\" class=\"wp-block-heading\"><strong>Comment avoir la certitude de votre conformit\u00e9&nbsp;?<\/strong><\/h2>\n\n\n\n<p class=\"wp-block-paragraph\">En tapant votre SIREN\/SIRET, vous acc\u00e9dez \u00e0 une premi\u00e8re page.<\/p>\n\n\n\n<p class=\"wp-block-paragraph\">D\u2019embl\u00e9e, vous validez que c\u2019est bien de votre entreprise qu\u2019il s\u2019agit&nbsp;:<\/p>\n\n\n\n<ul class=\"wp-block-list\">\n<li><strong>d\u00e9nomination commerciale&nbsp;;<\/strong><\/li>\n\n\n\n<li><strong>adresse physique&nbsp;;<\/strong><\/li>\n\n\n\n<li><strong>SIREN\/SIRET.<\/strong><\/li>\n<\/ul>\n\n\n\n<p class=\"wp-block-paragraph\"><em>C\u2019est bien vous&nbsp;? Alors, la suite vous concerne et seulement vous&nbsp;!<\/em><\/p>\n\n\n\n<p class=\"wp-block-paragraph\">Sur cette premi\u00e8re page, vous avez deux informations suppl\u00e9mentaires&nbsp;:<\/p>\n\n\n\n<ul class=\"wp-block-list\">\n<li>quelle est la<strong> maille retenue<\/strong> pour recevoir des factures \u00e9lectroniques de la part de vos fournisseurs&nbsp;?<\/li>\n\n\n\n<li>votre entreprise<strong> est-elle ou non rattach\u00e9e \u00e0 une plateforme agr\u00e9\u00e9e<\/strong>&nbsp;?&nbsp; &nbsp;&nbsp;<\/li>\n<\/ul>\n\n\n\n<p class=\"wp-block-paragraph\"><em>Allons droit au but, nous examinerons la question de la maille au paragraphe suivant.<\/em><\/p>\n\n\n\n<p class=\"wp-block-paragraph\">Vous avez la <strong>confirmation de votre inscription \u00e0 une plateforme agr\u00e9\u00e9e de fa\u00e7on explicite<\/strong>, gr\u00e2ce \u00e0 la mention&nbsp;: <strong>Plateforme(s) agr\u00e9\u00e9e(s) rattach\u00e9e(s)&nbsp;: Oui (ou Non).<\/strong><\/p>\n\n\n\n<ul class=\"wp-block-list\">\n<li><strong>Si c\u2019est Oui<\/strong>, votre inscription est effective.<\/li>\n\n\n\n<li><strong>Si c\u2019est Non<\/strong>, quelque chose ne s\u2019est pas pass\u00e9 comme pr\u00e9vu. Demandez conseil \u00e0 votre partenaire, expert-comptable ou int\u00e9grateur informatique.&nbsp;<\/li>\n<\/ul>\n\n\n\n<h2 id=\"h-a-quoi-correspond-la-maille-ou-code-de-routage-nbsp\" class=\"wp-block-heading\"><strong>\u00c0 quoi correspond la maille, ou code de routage&nbsp;?<\/strong><\/h2>\n\n\n\n<p class=\"wp-block-paragraph\">Les entreprises peuvent choisir jusqu\u2019\u00e0 <a href=\"https:\/\/www.sage.com\/fr-fr\/blog\/code-de-routage-l-adresse-electronique-indispensable\/\">4 mailles de granularit\u00e9 d\u2019adressage<\/a>. En effet, en fonction de la complexit\u00e9 de leur organisation, elles peuvent avoir int\u00e9r\u00eat \u00e0 indiquer des chemins diff\u00e9renci\u00e9s pour les factures entrantes.<\/p>\n\n\n\n<figure class=\"wp-block-table\"><table class=\"has-fixed-layout\"><tbody><tr><td><strong>Entit\u00e9 destinataire<\/strong><\/td><td><strong>Maille<\/strong><\/td><td><strong>Exemple<\/strong><\/td><\/tr><tr><td>Entreprise<\/td><td>SIREN<\/td><td><code>123456789@sage-pf<\/code><\/td><\/tr><tr><td>\u00c9tablissement<\/td><td>SIREN_SIRET<\/td><td><code>123456789_12345678900010@sage-pf<\/code><\/td><\/tr><tr><td>Service<\/td><td>SIREN_SIRET_Suffixe<\/td><td><code>123456789_12345678900010_MAR10@sage-pf<\/code><\/td><\/tr><tr><td>Flux personnalis\u00e9<\/td><td>SIREN_Suffixe<\/td><td><code>123456789_FRAISGENERAUX@sage-pf<\/code><\/td><\/tr><\/tbody><\/table><\/figure>\n\n\n\n<p class=\"wp-block-paragraph\">Vous avez l\u2019indication de la maille enregistr\u00e9e pour votre entreprise sur la premi\u00e8re page de l\u2019annuaire de la facturation \u00e9lectronique.<\/p>\n\n\n\n<p class=\"wp-block-paragraph\"><strong>Par exemple, unit\u00e9 l\u00e9gale&nbsp;: 494519127<\/strong>. L\u00e0, vous savez que votre plateforme agr\u00e9\u00e9e est associ\u00e9e \u00e0 la maille la plus large. <strong>C\u2019est-\u00e0-dire le SIREN.<\/strong><\/p>\n\n\n\n<p class=\"wp-block-paragraph\"><strong>Si vous \u00eates une TPE ou un ind\u00e9pendant, c\u2019est en g\u00e9n\u00e9ral le choix le plus logique. Car le plus simple.<\/strong><\/p>\n\n\n\n<p class=\"has-paragraph-medium-font-size wp-block-paragraph\"><strong>Pourquoi le choix SIREN est-il le plus simple&nbsp;?<\/strong><\/p>\n\n\n\n<p class=\"wp-block-paragraph\">Parce que vous recevez ainsi tous les flux sur la m\u00eame plateforme agr\u00e9\u00e9e. En effet, la plateforme agr\u00e9\u00e9e, c\u2019est une bo\u00eete aux lettres. <strong>En choisissant la maille SIREN, vous d\u00e9cidez que toutes les factures de vos fournisseurs iront au m\u00eame endroit<\/strong>.<\/p>\n\n\n\n<p class=\"wp-block-paragraph\">C\u2019est d\u2019ailleurs la configuration utilis\u00e9e \u00e0 95 % en France.<\/p>\n\n\n\n<p class=\"wp-block-paragraph\">Pour r\u00e9sumer, nous savons maintenant que&nbsp;:<\/p>\n\n\n\n<ul class=\"wp-block-list\">\n<li>votre entreprise est bel et bien rattach\u00e9e \u00e0 une plateforme agr\u00e9\u00e9e&nbsp;;<\/li>\n\n\n\n<li>vous avez choisi que cette plateforme soit rattach\u00e9e \u00e0 la maille la plus large, ce que Chorus Pro appelle \u2018\u2019l\u2019unit\u00e9 l\u00e9gale\u2019\u2019.<\/li>\n<\/ul>\n\n\n\n<p class=\"wp-block-paragraph\">R\u00e9ponse \u00e0 la question de d\u00e9part&nbsp;: <strong>votre inscription \u00e0 une plateforme agr\u00e9\u00e9e<\/strong><strong>&nbsp;<\/strong>est authentifi\u00e9e. <strong>Votre entreprise est pr\u00eate \u00e0 recevoir des factures \u00e9lectroniques<\/strong>. &nbsp;&nbsp;<\/p>\n\n\n\n<p class=\"wp-block-paragraph\">Pour autant, un autre champ appara\u00eet un peu plus bas&nbsp;: il concerne votre adresse de facturation. Nous examinons ce point dans le paragraphe suivant.<\/p>\n\n\n\n<h2 id=\"h-que-signifie-adresse-de-facturation-active-nbsp\" class=\"wp-block-heading\"><strong>Que signifie adresse de facturation active&nbsp;?<\/strong><\/h2>\n\n\n\n<p class=\"wp-block-paragraph\">Toujours sur la premi\u00e8re page de votre espace dans Chorus Pro, une information appara\u00eet donc ensuite.<\/p>\n\n\n\n<p class=\"wp-block-paragraph\">Elle peut \u00eatre inqui\u00e9tante si elle est libell\u00e9e ainsi&nbsp;:<\/p>\n\n\n\n<p class=\"wp-block-paragraph\"><strong>Aucune adresse de facturation active pour cet \u00e9tablissement.<\/strong><\/p>\n\n\n\n<p class=\"has-paragraph-medium-font-size wp-block-paragraph\"><strong>En clair, suis-je ou non conforme, finalement&nbsp;?<\/strong><\/p>\n\n\n\n<p class=\"wp-block-paragraph\">Oui, encore une fois, ce qui importe c\u2019est la premi\u00e8re information. Si une plateforme agr\u00e9\u00e9e est rattach\u00e9e \u00e0 votre entreprise, votre inscription est effectivement enregistr\u00e9e.<\/p>\n\n\n\n<p class=\"wp-block-paragraph\">Mais alors, que signifie cette mention et faut-il s\u2019en inqui\u00e9ter&nbsp;?<\/p>\n\n\n\n<p class=\"wp-block-paragraph\"><strong>Cette mention ne doit pas vous inqui\u00e9ter<\/strong>. Elle signifie simplement que les \u00e9changes de factures \u00e9lectroniques n\u2019ont pas encore d\u00e9marr\u00e9.<\/p>\n\n\n\n<p class=\"wp-block-paragraph\">C\u2019est logique, l\u2019obligation est fix\u00e9e au 1<sup>er<\/sup> septembre 2026. <strong>Si vous n\u2019avez pas particip\u00e9 \u00e0 un pilote, la mention d\u00e9crit la r\u00e9alit\u00e9 d\u2019un potentiel non encore exploit\u00e9.<\/strong><\/p>\n\n\n\n<p class=\"wp-block-paragraph\"><strong>\u00c0 partir du 1<sup>er<\/sup> septembre et d\u00e8s r\u00e9ception de votre premi\u00e8re facture \u00e9lectronique, la mention passera au vert.<\/strong><\/p>\n\n\n<section class=\"wp-block-sage-how-to\">\n\t\n<h2 id=\"h-en-conclusion-pour-verifier-votre-inscription-a-une-plateforme-agreee\" class=\"wp-block-heading\"><strong>En conclusion, pour v\u00e9rifier votre inscription \u00e0 une plateforme agr\u00e9\u00e9e<\/strong> <\/h2>\n\t\t\t\t<ol class=\"how-to-steps\">\n\t\t\t<li class=\"wp-block-sage-how-to-step\" id=\"how-to-step-6fa8d4f3\">\n\t<h3 id=\"h-consultez-nbsp-l-annuaire-du-gouvernement-nbsp-et-recherchez-votre-entreprise-a-l-aide-de-son-siren-ou-de-son-siret\" class=\"wp-block-heading has-h-4-font-size\">Consultez&nbsp;<a href=\"https:\/\/facturation.chorus-pro.gouv.fr\/annuaire\/\" target=\"_blank\" rel=\"noreferrer noopener\">l&rsquo;annuaire du gouvernement<\/a>&nbsp;et recherchez votre entreprise \u00e0 l&rsquo;aide de son SIREN ou de son SIRET.<\/h3>\n\n\n\n<p class=\"wp-block-paragraph\"><\/p><\/li>\n<li class=\"wp-block-sage-how-to-step\" id=\"how-to-step-47dc5236\">\n\t<h3 id=\"h-verifiez-le-champ-nbsp-plateforme-s-agreee-s-rattachee-s\" class=\"wp-block-heading has-h-4-font-size\">V\u00e9rifiez le champ&nbsp;<strong>\u00ab Plateforme(s) agr\u00e9\u00e9e(s) rattach\u00e9e(s) \u00bb<\/strong>.<\/h3>\n\n\n\n<p class=\"wp-block-paragraph\"><\/p><\/li>\n<li class=\"wp-block-sage-how-to-step\" id=\"how-to-step-2852eeb4\">\n\t<h3 id=\"h-si-ce-champ-indique-nbsp-oui-votre-entreprise-est-bien-rattachee-a-sa-plateforme-agreee\" class=\"wp-block-heading has-h-4-font-size\">Si ce champ indique&nbsp;<strong>\u00ab Oui \u00bb<\/strong>, votre entreprise est bien rattach\u00e9e \u00e0 sa plateforme agr\u00e9\u00e9e.<\/h3>\n\n\n\n<p class=\"wp-block-paragraph\"><\/p><\/li>\n<li class=\"wp-block-sage-how-to-step\" id=\"how-to-step-9c76d377\">\n\t<h3 id=\"h-le-statut-nbsp-adresse-de-facturation-active-nbsp-a-nbsp-non-nbsp-n-est-pas-une-anomalie-tant-que-votre-entreprise-ne-participe-pas-au-pilote-ou-que-le-dispositif-n-est-pas-encore-actif\" class=\"wp-block-heading has-h-4-font-size\">Le statut&nbsp;<strong>\u00ab Adresse de facturation active \u00bb<\/strong>&nbsp;\u00e0&nbsp;<strong>\u00ab Non \u00bb<\/strong>&nbsp;n&rsquo;est pas une anomalie tant que votre entreprise ne participe pas au pilote ou que le dispositif n&rsquo;est pas encore actif.<\/h3>\n\n\n\n<p class=\"wp-block-paragraph\"><\/p><\/li>\n\t\t<\/ol>\n\t<\/section>\n\n\n\n<div class=\"wp-block-buttons is-content-justification-center is-layout-flex wp-container-core-buttons-is-layout-fe48e5de wp-block-buttons-is-layout-flex\">\n<div class=\"wp-block-button is-style-secondary\"><a class=\"wp-block-button__link wp-element-button\" href=\"https:\/\/bupme.sage.com.dl1.ipercast.net\/Facture_Electronique\/Slide_Annuaire.pdf\">Consultez le document d&rsquo;interpr\u00e9tation<\/a><\/div>\n<\/div>\n\n\n<div class=\"wp-block-sage-spacer\" aria-hidden=\"true\" style=\"height: var(--spacing-xmedium); clear: both;\"><\/div>\n\n\n<div class=\"wp-block-buttons is-content-justification-center is-layout-flex wp-container-core-buttons-is-layout-fe48e5de wp-block-buttons-is-layout-flex\">\n<div class=\"wp-block-button has-custom-width wp-block-button__width-75\"><a class=\"wp-block-button__link wp-element-button\" href=\"https:\/\/www.sage.com\/fr-fr\/dematerialisation\/facture-electronique\/sage-plateforme-de-dematerialisation-partenaire\/\">Vous n\u2019avez pas encore choisi votre plateforme agr\u00e9\u00e9e&nbsp;? Sage vous accompagne en 2 clics quel que soit votre \u00e9quipement informatique.<\/a><\/div>\n<\/div>\n\n\n\n<h2 id=\"h-faq-verifier-son-inscription-a-une-pa\" class=\"wp-block-heading\">FAQ &#8211; V\u00e9rifier son inscription \u00e0 une PA<\/h2>\n\n\n\n<div class=\"schema-faq wp-block-yoast-faq-block\"><div class=\"schema-faq-section\" id=\"faq-question-1784622072641\"><strong class=\"schema-faq-question\"><strong>Pourquoi l\u2019inscription \u00e0 une plateforme agr\u00e9\u00e9e est-elle obligatoire ?<\/strong><\/strong> <p class=\"schema-faq-answer\">L\u2019inscription \u00e0 une plateforme agr\u00e9\u00e9e est impos\u00e9e par la r\u00e9glementation fran\u00e7aise pour \u00e9mettre et recevoir des factures \u00e9lectroniques conform\u00e9ment \u00e0 la loi.<\/p> <\/div> <div class=\"schema-faq-section\" id=\"faq-question-1784622093517\"><strong class=\"schema-faq-question\"><strong>Comment v\u00e9rifier si mon entreprise est bien inscrite ?<\/strong><\/strong> <p class=\"schema-faq-answer\">Rendez-vous sur <a href=\"https:\/\/facturation.chorus-pro.gouv.fr\/annuaire\/#\/\" target=\"_blank\" rel=\"noreferrer noopener\">l\u2019annuaire Chorus Pro<\/a>, saisissez votre SIREN\/SIRET et v\u00e9rifiez le champ<br>\u2018\u2019Plateforme(s) agr\u00e9\u00e9e(s) rattach\u00e9e(s)\u2019\u2019. Si la r\u00e9ponse est Oui, votre entreprise est bien inscrite \u00e0 une plateforme agr\u00e9\u00e9e.<\/p> <\/div> <div class=\"schema-faq-section\" id=\"faq-question-1784622113801\"><strong class=\"schema-faq-question\"><strong>Que faire si le champ <strong>\u00ab<\/strong> Plateforme(s) agr\u00e9\u00e9e(s) rattach\u00e9e(s) <strong>\u00bb <\/strong> indique \u00ab Non \u00bb ?<\/strong><\/strong> <p class=\"schema-faq-answer\">Votre inscription n\u2019a pas \u00e9t\u00e9 prise en compte. Peut-\u00eatre que la proc\u00e9dure n\u2019a pas \u00e9t\u00e9 men\u00e9e \u00e0 son terme\u00a0; ou qu\u2019elle est trop r\u00e9cente pour que l\u2019inscription soit effective.<br>Dans tous les cas, contactez votre partenaire, expert-comptable ou int\u00e9grateur informatique, pour r\u00e9gulariser votre inscription au plus vite.<\/p> <\/div> <div class=\"schema-faq-section\" id=\"faq-question-1784622150367\"><strong class=\"schema-faq-question\"><strong>Faut-il s\u2019inqui\u00e9ter si <strong><strong>\u00ab<\/strong><\/strong> Aucune adresse de facturation active <strong>\u00bb<\/strong> s\u2019affiche ?<\/strong><\/strong> <p class=\"schema-faq-answer\">Non, pas d\u2019inqui\u00e9tude. Ce statut est normal avant le 1<sup>er<\/sup> septembre 2026 (date d\u2019entr\u00e9e en vigueur de l\u2019obligation). Sauf si vous avez particip\u00e9 \u00e0 un pilote. Car il indique simplement que vous n\u2019avez encore \u00e9chang\u00e9 aucune facture \u00e9lectronique.<\/p> <\/div> <\/div>\n\n\n\n<div class=\"single-cta\">\n\t<div class=\"single-cta__positioner on-scroll-highlight__target\">\n\t\t<div class=\"single-cta__wrapper has-dark-background-color\">\n\t\t\t<div class=\"single-cta__content\">\n\t\t\t\t\t\t\t\t<h2 class=\"single-cta__title h3\">Facture \u00c9lectronique : encore des questions ?<\/h2>\n\n\t\t\t\t\t\t\t\t\t<div class=\"single-cta__description\">\n\t\t\t\t\t\t<p><!-- wp:paragraph {\"fontSize\":\"paragraph-standard\"} --><\/p>\n<p class=\"has-paragraph-standard-font-size\">Choisir sa PA et mettre en \u0153uvre la r\u00e9forme dans votre solutions Sage, revoir les usages \u2026 Notre Assistant Digital Facture Electronique accompagne tous nos utilisateurs, tout de suite et en mode 24\/7.<\/p>\n<p><!-- \/wp:paragraph --><\/p>\n<p><!-- wp:paragraph --><\/p>\n<p>\u2705 Pas de RDV, pas d\u2019attente<br \/>\u2705 Un retour imm\u00e9diat et concret<br \/>\u2705 Des r\u00e9ponses 100% fiables<br \/>\u00e0 partir des sources officielles Sage Assistant Facture Electronique, c\u2019est ici \ud83d\udc47<\/p>\n<p><!-- \/wp:paragraph --><\/p>\n\t\t\t\t\t<\/div>\n\t\t\t\t\n\t\t\t\t\t\t\t\t\t\t\t\t\t\t<a\n\t\t\t\t\t\thref=\"https:\/\/webchathub.sage.com\/fr-fr\/facture-electronique\/\"\n\t\t\t\t\t\tclass=\"single-cta__button button button--primary\"\n\t\t\t\t\t\t\t\t\t\t\t\t\tid=\"cta-id-30180\"\n\t\t\t\t\t\t\t\t\t\t\t\t\t\t\t\t\t\t\tdata-button-location=\"cta_box\"\n\t\t\t\t\t\t\t\t\t\t\t>D\u00e9couvrez votre assistant digital d\u00e9di\u00e9 \u00e0 la facture \u00e9lectronique.<\/a>\n\t\t\t\t\t\t\t<\/div>\n\n\t\t\t\t\t<\/div>\n\n\t\t\t\t\t<img decoding=\"async\" width=\"1050\" height=\"624\" src=\"https:\/\/www.sage.com\/fr-fr\/blog\/wp-content\/uploads\/sites\/4\/2026\/07\/Capture-decran-2026-07-29-a-17.20.37.png\" class=\"single-cta__image\" alt=\"Facture \u00c9lectronique : encore des questions ? CHAT 24\/24 Sage\" loading=\"lazy\" srcset=\"https:\/\/www.sage.com\/fr-fr\/blog\/wp-content\/uploads\/sites\/4\/2026\/07\/Capture-decran-2026-07-29-a-17.20.37.png 1050w\" sizes=\"auto, (min-width: 48em) 33vw, 100vw\" \/>\t\t\t<\/div>\n<\/div>\n\n\n<section class=\"more-topics alignfull has-grey-light-background-color wp-block-sage-post-topics\">\n\t<div class=\"container\">\n\t\t<div class=\"row\">\n\t\t\t<div class=\"col col-12 col-lg-4\">\n\t\t\t\t<h3 class=\"more-topics__title h2\">Parcourir plus de sujets depuis cet article<\/h3>\n\t\t\t<\/div>\n\t\t\t<div class=\"col col-12 col-lg-8\">\n\t\t\t\t<ul class=\"post-tags__list\">\n\t\t\t\t\t\t\t\t\t\t\t<li class=\"post-tags__item\">\n\t\t\t\t\t\t\t<a href=\"https:\/\/www.sage.com\/fr-fr\/blog\/tag\/facture-electronique\/\" class=\"post-tags__link button button--secondary\">\n\t\t\t\t\t\t\t\tFacture \u00e9lectronique\t\t\t\t\t\t\t<\/a>\n\t\t\t\t\t\t<\/li>\n\t\t\t\t\t\t\t\t\t\t\t<li class=\"post-tags__item\">\n\t\t\t\t\t\t\t<a href=\"https:\/\/www.sage.com\/fr-fr\/blog\/tag\/reglementation\/\" class=\"post-tags__link button button--secondary\">\n\t\t\t\t\t\t\t\tR\u00e9glementation\t\t\t\t\t\t\t<\/a>\n\t\t\t\t\t\t<\/li>\n\t\t\t\t\t\t\t\t\t<\/ul>\n\t\t\t<\/div>\n\t\t<\/div>\n\t<\/div>\n<\/section>\n\n\n<div class=\"alignfull wp-block-sage-related-posts\">\n\t<section class=\"related-posts card-grid has-dark-background-color\">\n\t<div class=\"container\">\n\t\t\t\t\t<div class=\"row\">\n\t\t\t\t<div class=\"col\">\n\t\t\t\t\t<h2 class=\"related-posts__heading related-posts__heading--featured h1\">Explorez plus d&#039;articles<\/h2>\n\t\t\t\t<\/div>\n\t\t\t<\/div>\n\n\t\t\t<div class=\"row related-posts__featured\">\n\t\t\t\t<div class=\"col card-grid__item\">\n\t\t\t\t\t<article\n\t\tclass=\"card-post related-post related-post-0 post-30150 post type-post status-publish format-standard has-post-thumbnail hentry category-digitalisation-et-tendances tag-experience-client-et-satisfaction tag-facture-electronique tag-ia-digitalisation tag-logiciel-de-gestion tag-paiement-en-ligne business_type-artisans-et-petites-entreprises business_type-petites-et-moyennes-entreprises business_type-expertise-comptable industry-btp industry-industrie industry-negoce industry-services card-post--is-clickable\"\n>\n\t<div class=\"card-post__media-wrapper\">\n\t\t<figure class=\"card-post__media\">\n\t\t\t\t\t\t\t<img decoding=\"async\" width=\"1215\" height=\"810\" src=\"https:\/\/www.sage.com\/fr-fr\/blog\/wp-content\/uploads\/sites\/4\/2026\/07\/PhotoSAGEADVICE-1215x810.jpeg\" class=\"card-post__image\" alt=\"Arnaud Petit, DG Sage\" loading=\"lazy\" srcset=\"https:\/\/www.sage.com\/fr-fr\/blog\/wp-content\/uploads\/sites\/4\/2026\/07\/PhotoSAGEADVICE-684x384.jpeg 684w, https:\/\/www.sage.com\/fr-fr\/blog\/wp-content\/uploads\/sites\/4\/2026\/07\/PhotoSAGEADVICE-768x512.jpeg 768w, https:\/\/www.sage.com\/fr-fr\/blog\/wp-content\/uploads\/sites\/4\/2026\/07\/PhotoSAGEADVICE-1215x810.jpeg 1215w\" sizes=\"auto, (min-width: 48em) 250px, (min-width: 30em) 100vw, 100vw\" \/>\t\t\t\n\t\t\t\n\t\t\t\t\t<\/figure>\n\t<\/div>\n\n\t<div class=\"card-post__content\">\n\t\t\t\t\t<div class=\"card-post__label\">Recommand\u00e9<\/div>\n\t\t\n\t\t\t\t\t<div class=\"card-post__meta\">\n\t\t\t\t\t\t\t\t\t\t\t\t\t\t\t\t\t\t\t<span class=\"card-post__meta-text\"><span class=\"posted-on \"><time class=\"entry-date published\" datetime=\"2026-07-29T09:30:00+02:00\">29 juillet 2026<\/time><\/span><\/span>\n\t\t\t\t\t\t\t\t\t\t\t<span class=\"card-post__meta-text\"><span class=\"reading-time\">9 min de lecture<\/span><\/span>\n\t\t\t\t\t\t\t\t\t\t\t\t<\/div>\n\t\t\n\t\t<p class=\"card-post__title h3\">\n\t\t\t\t\t\t\t<a\n\t\t\t\t\tclass=\"card-post__title-link\"\n\t\t\t\t\thref=\"https:\/\/www.sage.com\/fr-fr\/blog\/facture-electronique-paiement-ia-trio-reinvente-gestion-entreprise\/\"\n\t\t\t\t>\n\t\t\t\n\t\t\tFacturation \u00e9lectronique, paiement et IA : comment ce trio va transformer la gestion des entreprises\n\t\t\t\t\t\t\t<\/a>\n\t\t\t\t\t<\/p>\n\n\t\t\n\t\t\t\t\t<p class=\"card-post__description\">\n\t\t\t\tD\u00e9ployer la facturation \u00e9lectronique n\u2019est pas qu\u2019un sujet de conformit\u00e9. Connect\u00e9e aux paiements et \u00e0 l\u2019intelligence artificielle, elle est une porte vers une nouvelle dimension d\u2019automatisation des t\u00e2ches de gestion, de suivi de la tr\u00e9sorerie et d\u2019anticipation des d\u00e9cisions financi\u00e8res. Plusieurs intervenants ont accept\u00e9 l\u2019invitation de Sage, d\u00e9but juin, \u00e0 l\u2019occasion de l\u2019ouverture de ses nouveaux bureaux, pour en discuter.\t\t\t<\/p>\n\t\t\n\t\t\t<\/div>\n\n\t<\/article>\n\t\t\t\t<\/div>\n\t\t\t<\/div>\n\t\t\n\t\t\t\t\t<div class=\"row related-posts__non-featured\">\n\t\t\t\t<div class=\"col col-12\">\n\t\t\t\t\t<h2 class=\"related-posts__heading related-posts__heading--more h4\">En savoir plus sur ce sujet<\/h2>\n\t\t\t\t<\/div>\n\n\t\t\t\t\n\t\t\t\t\t<div class=\"col col-6 col-lg-3 card-grid__item\">\n\t\t\t\t\t\t<article\n\t\tclass=\"card-post related-post related-post-1 post-30074 post type-post status-publish format-standard has-post-thumbnail hentry category-interviews-clients tag-devis-et-gestion-commerciale tag-experience-client-et-satisfaction tag-facture-electronique tag-temoignages-clients business_type-petites-et-moyennes-entreprises industry-services\"\n>\n\t\t\t<a\n\t\t\tclass=\"card-post__link\"\n\t\t\thref=\"https:\/\/www.sage.com\/fr-fr\/blog\/temoignage-sstrn-medecine-du-travail-sage-100\/\"\n\t\t\t\t\t>\n\t\t\t<figure class=\"card-post__media card-post__media--video\">\n\t\t\t\t\t\t\t<img decoding=\"async\" width=\"684\" height=\"384\" src=\"https:\/\/www.sage.com\/fr-fr\/blog\/wp-content\/uploads\/sites\/4\/2026\/07\/sstrn-sage-100-temoignage-facture-electronique-684x384.jpg\" class=\"card-post__image\" alt=\"Le SSTRN en avance sur la facture \u00e9lectronique gr\u00e2ce \u00e0 un SI 100 % Sage\" loading=\"lazy\" srcset=\"https:\/\/www.sage.com\/fr-fr\/blog\/wp-content\/uploads\/sites\/4\/2026\/07\/sstrn-sage-100-temoignage-facture-electronique-684x384.jpg 684w, https:\/\/www.sage.com\/fr-fr\/blog\/wp-content\/uploads\/sites\/4\/2026\/07\/sstrn-sage-100-temoignage-facture-electronique-768x432.jpg 768w, https:\/\/www.sage.com\/fr-fr\/blog\/wp-content\/uploads\/sites\/4\/2026\/07\/sstrn-sage-100-temoignage-facture-electronique-1440x810.jpg 1440w\" sizes=\"auto, (min-width: 48em) 250px, (min-width: 30em) 100vw, 100vw\" \/>\t\t\t\n\t\t\t\t\t\t\t\t\t\t\t\t<span class=\"card-post__play-video\">\n\t\t\t\t\t\t<svg role=\"presentation\" aria-hidden=\"true\" focusable=\"false\" class=\"card-post__play-icon svg-icon\" width=\"28\" height=\"28\" xmlns=\"http:\/\/www.w3.org\/2000\/svg\" viewbox=\"0 0 33 36\"><path d=\"M3.947.936C1.889 1.016 0 2.661 0 4.878v27.11c0 2.956 3.36 4.896 5.999 3.463l24.965-13.555c2.715-1.474 2.715-5.451 0-6.925L6 1.416a3.96 3.96 0 0 0-2.052-.48Zm.032 2.6c.232-.001.475.058.713.187L29.66 17.28c.986.535.986 1.774 0 2.309L4.692 33.144c-.952.517-1.999-.088-1.999-1.155V4.878c0-.533.261-.95.642-1.17.19-.11.411-.171.644-.172\" \/><\/svg>\t\t\t\t\t<\/span>\n\t\t\t\t\t\t\t\n\t\t\t\t\t<\/figure>\n\n\t\t\n\t\t\t\t\t<div class=\"card-post__meta\">\n\t\t\t\t\t\t\t\t\t<svg role=\"presentation\" aria-hidden=\"true\" focusable=\"false\" width=\"24\" height=\"24\" class=\"card-post__meta-icon svg-icon\" xmlns=\"http:\/\/www.w3.org\/2000\/svg\" viewbox=\"0 0 24 24\"><path d=\"M5.25 3C3.74 3 2.5 4.24 2.5 5.75v12.5C2.5 19.76 3.74 21 5.25 21h14c1.51 0 2.75-1.24 2.75-2.75V5.75C22 4.24 20.76 3 19.25 3zm0 1.5h14c.699 0 1.25.551 1.25 1.25v12.5a1.24 1.24 0 0 1-1.25 1.25h-14A1.24 1.24 0 0 1 4 18.25V5.75c0-.699.551-1.25 1.25-1.25m.25.75a.5.5 0 0 0-.5.5v.5a.5.5 0 0 0 .5.5H6a.5.5 0 0 0 .5-.5v-.5a.5.5 0 0 0-.5-.5zm13 0a.5.5 0 0 0-.5.5v.5a.5.5 0 0 0 .5.5h.5a.5.5 0 0 0 .5-.5v-.5a.5.5 0 0 0-.5-.5zm-8.25 2.751A1.248 1.248 0 0 0 9 9.251v5.5c0 .442.231.849.613 1.074.389.231.846.237 1.239.021l5.001-2.751c.396-.219.646-.639.646-1.094s-.25-.876-.646-1.095l-.001-.001-5.002-2.751a1.25 1.25 0 0 0-.601-.153zM5.5 8.25a.5.5 0 0 0-.5.5v.5a.5.5 0 0 0 .5.5H6a.5.5 0 0 0 .5-.5v-.5a.5.5 0 0 0-.5-.5zm13 0a.5.5 0 0 0-.5.5v.5a.5.5 0 0 0 .5.5h.5a.5.5 0 0 0 .5-.5v-.5a.5.5 0 0 0-.5-.5zm-8 1.423L14.731 12 10.5 14.328zm-5 1.577a.5.5 0 0 0-.5.5v.5a.5.5 0 0 0 .5.5H6a.5.5 0 0 0 .5-.5v-.5a.5.5 0 0 0-.5-.5zm13 0a.5.5 0 0 0-.5.5v.5a.5.5 0 0 0 .5.5h.5a.5.5 0 0 0 .5-.5v-.5a.5.5 0 0 0-.5-.5zm-13 3a.5.5 0 0 0-.5.5v.5a.5.5 0 0 0 .5.5H6a.5.5 0 0 0 .5-.5v-.5a.5.5 0 0 0-.5-.5zm13 0a.5.5 0 0 0-.5.5v.5a.5.5 0 0 0 .5.5h.5a.5.5 0 0 0 .5-.5v-.5a.5.5 0 0 0-.5-.5zm-13 3a.5.5 0 0 0-.5.5v.5a.5.5 0 0 0 .5.5H6a.5.5 0 0 0 .5-.5v-.5a.5.5 0 0 0-.5-.5zm13 0a.5.5 0 0 0-.5.5v.5a.5.5 0 0 0 .5.5h.5a.5.5 0 0 0 .5-.5v-.5a.5.5 0 0 0-.5-.5z\" \/><\/svg>\t\t\t\t\t\t\t\t\t\t\t\t\t\t\t\t\t\t\t\t\t\t\t\t\t\t<span class=\"card-post__meta-text\"><span class=\"posted-on \"><time class=\"entry-date published\" datetime=\"2026-07-24T10:00:00+02:00\">24 juillet 2026<\/time><\/span><\/span>\n\t\t\t\t\t\t\t\t\t\t\t\t\t\t\t\t\t\t\t\t\t\t\t\t<span class=\"card-post__meta-text\"><span class=\"reading-time\">13 min de lecture<\/span><\/span>\n\t\t\t\t\t\t\t\t\t\t\t\t\t\t\t\t\t\t<\/div>\n\t\t\n\t\t<p class=\"card-post__title h5\">\n\t\t\tLe SSTRN en avance sur la facture \u00e9lectronique gr\u00e2ce \u00e0 un SI 100 % Sage\t\t<\/p>\n\n\t\t\t<\/a>\n\t\n\t\n\t\t\n\t\n\t<\/article>\n\t\t\t\t\t<\/div>\n\t\t\t\t\n\t\t\t\t\t<div class=\"col col-6 col-lg-3 card-grid__item\">\n\t\t\t\t\t\t<article\n\t\tclass=\"card-post related-post related-post-2 post-30065 post type-post status-publish format-standard has-post-thumbnail hentry category-digitalisation-et-tendances tag-daf-directeur-administratif-financier tag-facture-electronique tag-ia-digitalisation business_type-artisans-et-petites-entreprises industry-services\"\n>\n\t\t\t<a\n\t\t\tclass=\"card-post__link\"\n\t\t\thref=\"https:\/\/www.sage.com\/fr-fr\/blog\/intelligence-artificielle-et-fonction-finance-comment-le-role-du-daf-evolue\/\"\n\t\t\t\t\t>\n\t\t\t<figure class=\"card-post__media\">\n\t\t\t\t\t\t\t<img decoding=\"async\" width=\"684\" height=\"384\" src=\"https:\/\/www.sage.com\/fr-fr\/blog\/wp-content\/uploads\/sites\/4\/2024\/10\/BrandShoot-LND_June2024_Financial-Services_0453-684x384.jpg\" class=\"card-post__image\" alt=\"Intelligence artificielle et finance : r\u00f4le du DAF | Sage Advice France\" loading=\"lazy\" srcset=\"https:\/\/www.sage.com\/fr-fr\/blog\/wp-content\/uploads\/sites\/4\/2024\/10\/BrandShoot-LND_June2024_Financial-Services_0453-684x384.jpg 684w, https:\/\/www.sage.com\/fr-fr\/blog\/wp-content\/uploads\/sites\/4\/2024\/10\/BrandShoot-LND_June2024_Financial-Services_0453-768x512.jpg 768w, https:\/\/www.sage.com\/fr-fr\/blog\/wp-content\/uploads\/sites\/4\/2024\/10\/BrandShoot-LND_June2024_Financial-Services_0453-1214x810.jpg 1214w\" sizes=\"auto, (min-width: 48em) 250px, (min-width: 30em) 100vw, 100vw\" \/>\t\t\t\n\t\t\t\n\t\t\t\t\t<\/figure>\n\n\t\t\n\t\t\t\t\t<div class=\"card-post__meta\">\n\t\t\t\t\t\t\t\t\t\t\t\t\t\t\t\t\t\t\t\t\t\t\t\t\t\t<span class=\"card-post__meta-text\"><span class=\"posted-on \"><time class=\"entry-date published\" datetime=\"2026-07-21T10:00:00+02:00\">21 juillet 2026<\/time><\/span><\/span>\n\t\t\t\t\t\t\t\t\t\t\t\t\t\t\t\t\t\t\t\t\t\t\t\t<span class=\"card-post__meta-text\"><span class=\"reading-time\">6 min de lecture<\/span><\/span>\n\t\t\t\t\t\t\t\t\t\t\t\t\t\t\t\t\t\t<\/div>\n\t\t\n\t\t<p class=\"card-post__title h5\">\n\t\t\tIntelligence artificielle et fonction finance : comment le r\u00f4le du DAF \u00e9volue\t\t<\/p>\n\n\t\t\t<\/a>\n\t\n\t\n\t\t\n\t\n\t<\/article>\n\t\t\t\t\t<\/div>\n\t\t\t\t\n\t\t\t\t\t<div class=\"col col-6 col-lg-3 card-grid__item\">\n\t\t\t\t\t\t<article\n\t\tclass=\"card-post related-post related-post-3 post-30036 post type-post status-publish format-standard has-post-thumbnail hentry category-legal-et-reglementation tag-comptabilite tag-facture-electronique tag-reglementation business_type-artisans-et-petites-entreprises business_type-petites-et-moyennes-entreprises business_type-expertise-comptable industry-services\"\n>\n\t\t\t<a\n\t\t\tclass=\"card-post__link\"\n\t\t\thref=\"https:\/\/www.sage.com\/fr-fr\/blog\/rfe-que-devient-le-secret-professionnel-des-avocats\/\"\n\t\t\t\t\t>\n\t\t\t<figure class=\"card-post__media\">\n\t\t\t\t\t\t\t<img decoding=\"async\" width=\"684\" height=\"384\" src=\"https:\/\/www.sage.com\/fr-fr\/blog\/wp-content\/uploads\/sites\/4\/2022\/04\/GettyImages-1279589946-684x384.jpg\" class=\"card-post__image\" alt=\"Que devient le secret professionnel des avocats avec la RFE ? I Sage Advice France\" loading=\"lazy\" srcset=\"https:\/\/www.sage.com\/fr-fr\/blog\/wp-content\/uploads\/sites\/4\/2022\/04\/GettyImages-1279589946-684x384.jpg 684w, https:\/\/www.sage.com\/fr-fr\/blog\/wp-content\/uploads\/sites\/4\/2022\/04\/GettyImages-1279589946-768x432.jpg 768w, https:\/\/www.sage.com\/fr-fr\/blog\/wp-content\/uploads\/sites\/4\/2022\/04\/GettyImages-1279589946-1440x810.jpg 1440w\" sizes=\"auto, (min-width: 48em) 250px, (min-width: 30em) 100vw, 100vw\" \/>\t\t\t\n\t\t\t\n\t\t\t\t\t<\/figure>\n\n\t\t\n\t\t\t\t\t<div class=\"card-post__meta\">\n\t\t\t\t\t\t\t\t\t\t\t\t\t\t\t\t\t\t\t\t\t\t\t\t\t\t<span class=\"card-post__meta-text\"><span class=\"posted-on \"><time class=\"entry-date published\" datetime=\"2026-07-02T10:00:00+02:00\">2 juillet 2026<\/time><\/span><\/span>\n\t\t\t\t\t\t\t\t\t\t\t\t\t\t\t\t\t\t\t\t\t\t\t\t<span class=\"card-post__meta-text\"><span class=\"reading-time\">13 min de lecture<\/span><\/span>\n\t\t\t\t\t\t\t\t\t\t\t\t\t\t\t\t\t\t<\/div>\n\t\t\n\t\t<p class=\"card-post__title h5\">\n\t\t\tQue devient le secret professionnel des avocats avec la facture \u00e9lectronique\u00a0?\t\t<\/p>\n\n\t\t\t<\/a>\n\t\n\t\n\t\t\n\t\n\t<\/article>\n\t\t\t\t\t<\/div>\n\t\t\t\t\n\t\t\t\t\t<div class=\"col col-6 col-lg-3 card-grid__item\">\n\t\t\t\t\t\t<article\n\t\tclass=\"card-post related-post related-post-4 post-30034 post type-post status-publish format-standard has-post-thumbnail hentry category-legal-et-reglementation tag-facture-electronique tag-ia-digitalisation tag-pme-pmi business_type-artisans-et-petites-entreprises business_type-petites-et-moyennes-entreprises industry-btp industry-industrie industry-negoce industry-services\"\n>\n\t\t\t<a\n\t\t\tclass=\"card-post__link\"\n\t\t\thref=\"https:\/\/www.sage.com\/fr-fr\/blog\/facturation-electronique-socle-ia-maitrisee\/\"\n\t\t\t\t\t>\n\t\t\t<figure class=\"card-post__media card-post__media--video\">\n\t\t\t\t\t\t\t<img decoding=\"async\" width=\"684\" height=\"384\" src=\"https:\/\/www.sage.com\/fr-fr\/blog\/wp-content\/uploads\/sites\/4\/2022\/04\/GettyImages-965936890-684x384.jpg\" class=\"card-post__image\" alt=\"Facturation \u00e9lectronique, socle d\u2019une IA ma\u00eetris\u00e9e\" loading=\"lazy\" srcset=\"https:\/\/www.sage.com\/fr-fr\/blog\/wp-content\/uploads\/sites\/4\/2022\/04\/GettyImages-965936890-684x384.jpg 684w, https:\/\/www.sage.com\/fr-fr\/blog\/wp-content\/uploads\/sites\/4\/2022\/04\/GettyImages-965936890-768x432.jpg 768w, https:\/\/www.sage.com\/fr-fr\/blog\/wp-content\/uploads\/sites\/4\/2022\/04\/GettyImages-965936890-1440x810.jpg 1440w\" sizes=\"auto, (min-width: 48em) 250px, (min-width: 30em) 100vw, 100vw\" \/>\t\t\t\n\t\t\t\t\t\t\t\t\t\t\t\t<span class=\"card-post__play-video\">\n\t\t\t\t\t\t<svg role=\"presentation\" aria-hidden=\"true\" focusable=\"false\" class=\"card-post__play-icon svg-icon\" width=\"28\" height=\"28\" xmlns=\"http:\/\/www.w3.org\/2000\/svg\" viewbox=\"0 0 33 36\"><path d=\"M3.947.936C1.889 1.016 0 2.661 0 4.878v27.11c0 2.956 3.36 4.896 5.999 3.463l24.965-13.555c2.715-1.474 2.715-5.451 0-6.925L6 1.416a3.96 3.96 0 0 0-2.052-.48Zm.032 2.6c.232-.001.475.058.713.187L29.66 17.28c.986.535.986 1.774 0 2.309L4.692 33.144c-.952.517-1.999-.088-1.999-1.155V4.878c0-.533.261-.95.642-1.17.19-.11.411-.171.644-.172\" \/><\/svg>\t\t\t\t\t<\/span>\n\t\t\t\t\t\t\t\n\t\t\t\t\t<\/figure>\n\n\t\t\n\t\t\t\t\t<div class=\"card-post__meta\">\n\t\t\t\t\t\t\t\t\t<svg role=\"presentation\" aria-hidden=\"true\" focusable=\"false\" width=\"24\" height=\"24\" class=\"card-post__meta-icon svg-icon\" xmlns=\"http:\/\/www.w3.org\/2000\/svg\" viewbox=\"0 0 24 24\"><path d=\"M5.25 3C3.74 3 2.5 4.24 2.5 5.75v12.5C2.5 19.76 3.74 21 5.25 21h14c1.51 0 2.75-1.24 2.75-2.75V5.75C22 4.24 20.76 3 19.25 3zm0 1.5h14c.699 0 1.25.551 1.25 1.25v12.5a1.24 1.24 0 0 1-1.25 1.25h-14A1.24 1.24 0 0 1 4 18.25V5.75c0-.699.551-1.25 1.25-1.25m.25.75a.5.5 0 0 0-.5.5v.5a.5.5 0 0 0 .5.5H6a.5.5 0 0 0 .5-.5v-.5a.5.5 0 0 0-.5-.5zm13 0a.5.5 0 0 0-.5.5v.5a.5.5 0 0 0 .5.5h.5a.5.5 0 0 0 .5-.5v-.5a.5.5 0 0 0-.5-.5zm-8.25 2.751A1.248 1.248 0 0 0 9 9.251v5.5c0 .442.231.849.613 1.074.389.231.846.237 1.239.021l5.001-2.751c.396-.219.646-.639.646-1.094s-.25-.876-.646-1.095l-.001-.001-5.002-2.751a1.25 1.25 0 0 0-.601-.153zM5.5 8.25a.5.5 0 0 0-.5.5v.5a.5.5 0 0 0 .5.5H6a.5.5 0 0 0 .5-.5v-.5a.5.5 0 0 0-.5-.5zm13 0a.5.5 0 0 0-.5.5v.5a.5.5 0 0 0 .5.5h.5a.5.5 0 0 0 .5-.5v-.5a.5.5 0 0 0-.5-.5zm-8 1.423L14.731 12 10.5 14.328zm-5 1.577a.5.5 0 0 0-.5.5v.5a.5.5 0 0 0 .5.5H6a.5.5 0 0 0 .5-.5v-.5a.5.5 0 0 0-.5-.5zm13 0a.5.5 0 0 0-.5.5v.5a.5.5 0 0 0 .5.5h.5a.5.5 0 0 0 .5-.5v-.5a.5.5 0 0 0-.5-.5zm-13 3a.5.5 0 0 0-.5.5v.5a.5.5 0 0 0 .5.5H6a.5.5 0 0 0 .5-.5v-.5a.5.5 0 0 0-.5-.5zm13 0a.5.5 0 0 0-.5.5v.5a.5.5 0 0 0 .5.5h.5a.5.5 0 0 0 .5-.5v-.5a.5.5 0 0 0-.5-.5zm-13 3a.5.5 0 0 0-.5.5v.5a.5.5 0 0 0 .5.5H6a.5.5 0 0 0 .5-.5v-.5a.5.5 0 0 0-.5-.5zm13 0a.5.5 0 0 0-.5.5v.5a.5.5 0 0 0 .5.5h.5a.5.5 0 0 0 .5-.5v-.5a.5.5 0 0 0-.5-.5z\" \/><\/svg>\t\t\t\t\t\t\t\t\t\t\t\t\t\t\t\t\t\t\t\t\t\t\t\t\t\t<span class=\"card-post__meta-text\"><span class=\"posted-on \"><time class=\"entry-date published\" datetime=\"2026-07-01T10:00:00+02:00\">1 juillet 2026<\/time><\/span><\/span>\n\t\t\t\t\t\t\t\t\t\t\t\t\t\t\t\t\t\t\t\t\t\t\t\t<span class=\"card-post__meta-text\"><span class=\"reading-time\">4 min de lecture<\/span><\/span>\n\t\t\t\t\t\t\t\t\t\t\t\t\t\t\t\t\t\t<\/div>\n\t\t\n\t\t<p class=\"card-post__title h5\">\n\t\t\t\u00a0La facturation \u00e9lectronique, socle d\u2019une IA ma\u00eetris\u00e9e\t\t<\/p>\n\n\t\t\t<\/a>\n\t\n\t\n\t\t\n\t\n\t<\/article>\n\t\t\t\t\t<\/div>\n\t\t\t\t\t\t\t<\/div>\n\t\t\t<\/div>\n<\/section>\n<\/div>\n","protected":false},"excerpt":{"rendered":"<p>L\u2019inscription \u00e0 une plateforme agr\u00e9\u00e9e est obligatoire pour \u00eatre conforme avec la facturation \u00e9lectronique.<\/p>\n","protected":false},"author":710,"featured_media":11094,"comment_status":"closed","ping_status":"closed","sticky":false,"template":"","format":"standard","meta":{"_yoast_wpseo_is_cornerstone":"","_yoast_wpseo_meta-robots-noindex":"","_yoast_wpseo_meta-robots-nofollow":"","_yoast_wpseo_opengraph-title":"","_yoast_wpseo_opengraph-description":"","_yoast_wpseo_opengraph-image":"","_yoast_wpseo_opengraph-image-id":"","_yoast_wpseo_twitter-title":"","_yoast_wpseo_twitter-description":"","_yoast_wpseo_twitter-image":"","_yoast_wpseo_twitter-image-id":"","_yoast_wpseo_schema_page_type":"","_yoast_wpseo_schema_article_type":"","_sage_video":false,"_yoast_wpseo_focuskeywords":"","_yoast_wpseo_keywordsynonyms":"[\"inscription PA\"]","_yoast_wpseo_primary_category":"13","post_featured_image_hide":false,"sage_hide_published_date":false,"sage_hide_read_time":false,"sage_hide_share_buttons":false,"_pwl_sage_podcast_buzzsprout_src":"","footnotes":""},"categories":[13],"tags":[660,898],"business_type":[8,9,11],"lilypad":[],"context":[],"industry":[23,24,25,26],"persona":[867,35,34,40],"imagine_tag":[439,446,888],"coauthors":[906],"class_list":["post-30083","post","type-post","status-publish","format-standard","has-post-thumbnail","hentry","category-legal-et-reglementation","tag-facture-electronique","tag-reglementation","business_type-artisans-et-petites-entreprises","business_type-petites-et-moyennes-entreprises","business_type-expertise-comptable","industry-btp","industry-industrie","industry-negoce","industry-services"],"sage_meta":{"region":"fr-fr","author_name":"Christophe Adam","featured_image":"https:\/\/www.sage.com\/fr-fr\/blog\/wp-content\/uploads\/sites\/4\/2022\/04\/GettyImages-1124688944.jpg","imagine_tags":{"439":"Cloud","446":"Comptabilit\u00e9","888":"Facture electronique"}},"distributor_meta":false,"distributor_terms":false,"distributor_media":false,"distributor_original_site_name":"Sage Advice France","distributor_original_site_url":"https:\/\/www.sage.com\/fr-fr\/blog","push-errors":false,"_links":{"self":[{"href":"https:\/\/www.sage.com\/fr-fr\/blog\/api\/wp\/v2\/posts\/30083","targetHints":{"allow":["GET"]}}],"collection":[{"href":"https:\/\/www.sage.com\/fr-fr\/blog\/api\/wp\/v2\/posts"}],"about":[{"href":"https:\/\/www.sage.com\/fr-fr\/blog\/api\/wp\/v2\/types\/post"}],"author":[{"embeddable":true,"href":"https:\/\/www.sage.com\/fr-fr\/blog\/api\/wp\/v2\/users\/710"}],"replies":[{"embeddable":true,"href":"https:\/\/www.sage.com\/fr-fr\/blog\/api\/wp\/v2\/comments?post=30083"}],"version-history":[{"count":5,"href":"https:\/\/www.sage.com\/fr-fr\/blog\/api\/wp\/v2\/posts\/30083\/revisions"}],"predecessor-version":[{"id":30221,"href":"https:\/\/www.sage.com\/fr-fr\/blog\/api\/wp\/v2\/posts\/30083\/revisions\/30221"}],"wp:featuredmedia":[{"embeddable":true,"href":"https:\/\/www.sage.com\/fr-fr\/blog\/api\/wp\/v2\/media\/11094"}],"wp:attachment":[{"href":"https:\/\/www.sage.com\/fr-fr\/blog\/api\/wp\/v2\/media?parent=30083"}],"wp:term":[{"taxonomy":"category","embeddable":true,"href":"https:\/\/www.sage.com\/fr-fr\/blog\/api\/wp\/v2\/categories?post=30083"},{"taxonomy":"post_tag","embeddable":true,"href":"https:\/\/www.sage.com\/fr-fr\/blog\/api\/wp\/v2\/tags?post=30083"},{"taxonomy":"business_type","embeddable":true,"href":"https:\/\/www.sage.com\/fr-fr\/blog\/api\/wp\/v2\/business_type?post=30083"},{"taxonomy":"lilypad","embeddable":true,"href":"https:\/\/www.sage.com\/fr-fr\/blog\/api\/wp\/v2\/lilypad?post=30083"},{"taxonomy":"context","embeddable":true,"href":"https:\/\/www.sage.com\/fr-fr\/blog\/api\/wp\/v2\/context?post=30083"},{"taxonomy":"industry","embeddable":true,"href":"https:\/\/www.sage.com\/fr-fr\/blog\/api\/wp\/v2\/industry?post=30083"},{"taxonomy":"persona","embeddable":true,"href":"https:\/\/www.sage.com\/fr-fr\/blog\/api\/wp\/v2\/persona?post=30083"},{"taxonomy":"imagine_tag","embeddable":true,"href":"https:\/\/www.sage.com\/fr-fr\/blog\/api\/wp\/v2\/imagine_tag?post=30083"},{"taxonomy":"author","embeddable":true,"href":"https:\/\/www.sage.com\/fr-fr\/blog\/api\/wp\/v2\/coauthors?post=30083"}],"curies":[{"name":"wp","href":"https:\/\/api.w.org\/{rel}","templated":true}]}}