{"id":30227,"date":"2026-08-31T15:10:58","date_gmt":"2026-08-31T13:10:58","guid":{"rendered":"https:\/\/www.sage.com\/fr-fr\/blog\/?p=30227"},"modified":"2026-08-31T15:11:01","modified_gmt":"2026-08-31T13:11:01","slug":"3-cas-de-rejet-d-une-facture-electronique","status":"publish","type":"post","link":"https:\/\/www.sage.com\/fr-fr\/blog\/3-cas-de-rejet-d-une-facture-electronique\/","title":{"rendered":"Rejet d\u2019une facture \u00e9lectronique\u00a0: les 3 cas et comment les \u00e9viter\u00a0?"},"content":{"rendered":"<header class=\"entry-header has-dark-background-color entry-header--standard entry-header--has-illustration entry-header--has-illustration--standard\">\n\t<div class=\"container\">\n\t\t<div class=\"entry-header__row row align-center\">\n\t\t\t<div class=\"col col-lg-7 col-xlg-6 entry-header__content\">\n\t\t\t\t\t\t\t<div class=\"component component-single-header\">\n\t\t\t\t\t\t\t\t\t\t<div class=\"entry-header__misc text--subtitle text--uppercase text--small\">\n\t\t\t\t\t\t\t<a href=\"https:\/\/www.sage.com\/fr-fr\/blog\/categorie\/legal-et-reglementation\/\" class=\"entry-header__link\">L\u00e9gal &amp; R\u00e9glementation<\/a>\t\t\t\t\t\t<\/div>\n\t\t\t\t\n\t\t\t\t<div class=\"entry-title-wrapper\">\n\t\t\t\t\t<h1 class=\"entry-title\">\n\t\t\t\t\t\tRejet d\u2019une facture \u00e9lectronique : les 3 cas et comment les \u00e9viter ?\t\t\t\t\t<\/h1>\n\t\t\t\t<\/div>\n\n\t\t\t\t\t\t\t\t\t<p class=\"entry-header__description\">\n\t\t\t\t\t\tLe rejet d\u2019une facture \u00e9lectronique peut bloquer vos paiements.\nD\u00e9couvrez les 3 causes principales (\u00e9mission, r\u00e9ception, d\u00e9faut de plateforme) et comment les \u00e9viter pour garantir une transmission fluide.\nInformation pratique avec exemples concrets et solutions imm\u00e9diates.\t\t\t\t\t<\/p>\n\t\t\t\t\n\t\t\t\t\n\t\t\t\t\n\t\t\t<\/div>\n\n\t\t\t\t\t<\/div>\n\t\t\t\t\t<\/div>\n\t<\/div>\n\t\t<div class=\"single-post-details container\">\n\t\t<div class=\"col\">\n\t\t\t<span class=\"posted-on \">Publi\u00e9 le <time class=\"entry-date published\" datetime=\"2026-08-31T15:10:58+02:00\">31 ao\u00fbt 2026<\/time><\/span><span class=\"reading-time\"> min de lecture<\/span>\n\t\t<button\n\t\t\ttype=\"button\"\n\t\t\tclass=\"social-share-button button button--icon button--secondary js-social-share-button\"\n\t\t\tdata-share-title=\"Rejet d\u2019une facture \u00e9lectronique\u00a0: les 3 cas et comment les \u00e9viter\u00a0?\"\n\t\t\tdata-share-url=\"https:\/\/www.sage.com\/fr-fr\/blog\/3-cas-de-rejet-d-une-facture-electronique\/\"\n\t\t\tdata-share-text=\"Veuillez lire cet article int\u00e9ressant\"\n\t\t>\n\t\t\t<span class=\"social-share-button__share-label\">Partager<\/span>\n\t\t\t<span class=\"social-share-button__copy-label\" hidden>Copier le lien<\/span>\n\t\t\t<span class=\"social-share-button__copy-tooltip\" aria-hidden=\"true\" hidden>Copi\u00e9<\/span>\n\t\t<\/button>\n\n\t\t\t\t<\/div>\n\t<\/div>\n\t<\/header>\n\n\n\n<div class=\"wp-block-post-author has-dark-background-color alignfull\">\n\t<div class=\"container\">\n\t\t<div class=\"col\">\n\t\t\t\t\t\t\t<div class=\"co-authors\">\n\t\t\t\t\t\n\t\t<div class=\"entry-author-wrapper\">\n\t\t\t<a class=\"entry-author\" href=\"https:\/\/www.sage.com\/fr-fr\/blog\/author\/christopheadam\/\">\n\t\t\t\t<img loading=\"lazy\" decoding=\"async\" width=\"40\" height=\"40\" src=\"https:\/\/www.sage.com\/fr-fr\/blog\/wp-content\/uploads\/sites\/4\/2024\/07\/Christophe-Adam-350x350.jpg\" class=\"entry-author__image\" alt=\"Christophe Adam\" srcset=\"https:\/\/www.sage.com\/fr-fr\/blog\/wp-content\/uploads\/sites\/4\/2024\/07\/Christophe-Adam-350x350.jpg 350w, https:\/\/www.sage.com\/fr-fr\/blog\/wp-content\/uploads\/sites\/4\/2024\/07\/Christophe-Adam-768x768.jpg 768w, https:\/\/www.sage.com\/fr-fr\/blog\/wp-content\/uploads\/sites\/4\/2024\/07\/Christophe-Adam.jpg 800w\" sizes=\"auto, (max-width: 40px) 100vw, 40px\" \/>\t\t\t\t<span class=\"entry-author__name\">Christophe Adam<\/span>\n\t\t\t<\/a>\n\n\t\t\t\t\t<\/div>\n\n\t\t\t\t\t\t<\/div>\n\t\t\t\t\t<\/div>\n\t<\/div>\n<\/div>\n\n\n<section id=\"essentiel-a-retenir\" class=\"wp-block-sage-key-takeaways\"><div class=\"sage-key-takeaways__inner\"><h2 class=\"wp-block-heading has-h-3-font-size\">L\u2019essentiel \u00e0 retenir<\/h2>\n<ul class=\"wp-block-list\">\n<li>Le <strong>rejet d\u2019une facture \u00e9lectronique bloque sa transmission,<\/strong> contrairement au refus qui est une opposition du client.<\/li>\n\n\n\n<li>Les <strong>3 causes de rejet <\/strong>: non-conformit\u00e9 \u00e0 l\u2019\u00e9mission, blocage par la plateforme du destinataire ou absence de plateforme agr\u00e9\u00e9e chez le client.<\/li>\n\n\n\n<li>Les<strong> formats accept\u00e9s\u00a0<\/strong>: UBL, CII ou Factur-X ; un PDF non structur\u00e9 sera rejet\u00e9.<\/li>\n\n\n\n<li>Le <strong>destinataire non-conforme risque jusqu\u2019\u00e0 1 000 euros d\u2019amende<\/strong> par trimestre en 2026.<\/li>\n\n\n\n<li><strong>Corrigez et r\u00e9\u00e9mettez rapidement la facture pour \u00e9viter les retards de paiement.<\/strong><\/li>\n<\/ul>\n<\/div><\/section>\n\n\n<p class=\"wp-block-paragraph\">Un <strong>rejet d\u2019une facture \u00e9lectronique<\/strong> bloque sa transmission. Contrairement au refus, ce <strong>rejet d\u2019une facture \u00e9lectronique<\/strong> est un blocage technique.<\/p>\n\n\n\n<p class=\"wp-block-paragraph\">Pour autant, ces rejets co\u00fbtent cher aux entreprises. Il faut apprendre tr\u00e8s vite \u00e0 les \u00e9viter.<\/p>\n\n\n\n<p class=\"has-paragraph-medium-font-size wp-block-paragraph\"><strong>Voici les 3 causes principales et leurs solutions\u00a0: <\/strong><\/p>\n\n\n<?xml encoding=\"utf-8\" ?><div class=\"wp-block-yoast-seo-table-of-contents yoast-table-of-contents\"><ul><li><a href=\"#h-cas-n-1-le-rejet-a-l-emission\" data-level=\"2\">Cas n&deg;1&nbsp;: le rejet &agrave; l&rsquo;&eacute;mission<\/a><\/li><li><a href=\"#h-cas-n-2-le-rejet-a-la-reception\" data-level=\"2\">Cas n&deg;2&nbsp;: le rejet &agrave; la r&eacute;ception<\/a><\/li><li><a href=\"#h-cas-n-3-le-rejet-pour-defaut-de-plateforme-agreee\" data-level=\"2\">Cas n&deg;3&nbsp;: le rejet pour d&eacute;faut de plateforme agr&eacute;&eacute;e<\/a><\/li><li><a href=\"#h-pour-resumer\" data-level=\"2\">Pour r&eacute;sumer<\/a><\/li><li><a href=\"#h-foire-aux-questions-faq-rejet-d-une-facture-electronique\" data-level=\"2\">Foire Aux Questions (FAQ) : Rejet d&rsquo;une Facture &eacute;lectronique<\/a><\/li><\/ul><\/div>\n\n\n\n<h2 id=\"h-cas-n-1-le-rejet-a-l-emission\" class=\"wp-block-heading\"><strong>Cas n\u00b01\u00a0: le rejet \u00e0 l\u2019\u00e9mission<\/strong><\/h2>\n\n\n\n<p class=\"wp-block-paragraph\">Le premier cas de rejet d\u2019une facture \u00e9lectronique intervient d\u00e8s le premier contr\u00f4le. Comme vous le savez, ce premier contr\u00f4le est exerc\u00e9 par la <a href=\"https:\/\/www.sage.com\/fr-fr\/blog\/plateforme-de-dematerialisation-portail-public\/\">plateforme agr\u00e9\u00e9e<\/a> de l\u2019exp\u00e9diteur de la facture.<\/p>\n\n\n\n<p class=\"wp-block-paragraph\"><strong>Le contr\u00f4le porte sur de nombreux points. Par exemple\u00a0:<\/strong><\/p>\n\n\n\n<ul class=\"wp-block-list\">\n<li>La conformit\u00e9 du format de la facture\u00a0: UBL, CII ou Facture-X\u00a0;<\/li>\n\n\n\n<li>La pr\u00e9sence des <a href=\"https:\/\/www.economie.gouv.fr\/entreprises\/gerer-son-entreprise-au-quotidien\/gerer-sa-comptabilite-et-ses-demarches\/mentions-obligatoires-dune-facture-tout-savoir\" target=\"_blank\" rel=\"noreferrer noopener\">mentions obligatoires<\/a> sur la facture\u00a0: num\u00e9ro SIREN, adresse de livraison des biens\u2026<\/li>\n\n\n\n<li>La coh\u00e9rence entre les montants HT et TTC.<\/li>\n\n\n\n<li>L\u2019ant\u00e9riorit\u00e9 du document\u00a0: la facture \u00e9mise ne doit pas \u00eatre un doublon.<\/li>\n<\/ul>\n\n\n\n<p class=\"wp-block-paragraph\">Si le contr\u00f4le est <strong>positif, pas de probl\u00e8me\u00a0: la facture \u00e9lectronique <a href=\"https:\/\/www.sage.com\/fr-fr\/dematerialisation\/facture-electronique\/\">poursuit sa route<\/a>. <\/strong>C\u2019est-\u00e0-dire qu\u2019elle est transmise par la plateforme agr\u00e9\u00e9e de l\u2019\u00e9metteur \u00e0 la plateforme agr\u00e9\u00e9e du destinataire.<\/p>\n\n\n\n<p class=\"wp-block-paragraph\"><strong>En revanche, si le contr\u00f4le est n\u00e9gatif, la plateforme agr\u00e9\u00e9e de d\u00e9part bloque l\u2019envoi de la facture. L\u2019\u00e9metteur est inform\u00e9 en recevant le statut \u2018\u2019rejet\u00e9e\u2019\u2019.<\/strong><\/p>\n\n\n\n<p class=\"wp-block-paragraph\">Il doit proc\u00e9der \u00e0 une annulation comptable via un avoir interne. Et <strong>surtout corriger l\u2019anomalie qui justifie le rejet de sa facture \u00e9lectronique<\/strong>. Pour finalement adresser une facture conforme \u00e0 son client.<\/p>\n\n\n\n<section class=\"wp-block-sage-container is-constrained is-style-bordered\"><div class=\"sage-container__inner\">\n<p class=\"wp-block-paragraph\"><strong><u>Bon \u00e0 savoir<\/u><\/strong><strong>&nbsp;:<\/strong><\/p>\n\n\n\n<ol class=\"wp-block-list\">\n<li>Le <strong>motif du rejet est indiqu\u00e9 \u00e0 l\u2019\u00e9metteur en m\u00eame temps que le statut<\/strong>.<\/li>\n\n\n\n<li><strong>Le statut \u2018\u2019rejet\u00e9e\u2019\u2019 n\u2019est pas transmis au destinataire.<\/strong> Bloqu\u00e9e au d\u00e9part, c\u2019est comme si cette facture n\u2019avait jamais exist\u00e9.<\/li>\n<\/ol>\n<\/div><\/section>\n\n\n\n<h2 id=\"h-cas-n-2-le-rejet-a-la-reception\" class=\"wp-block-heading\"><strong>Cas n\u00b02\u00a0: le rejet \u00e0 la r\u00e9ception<\/strong><\/h2>\n\n\n\n<p class=\"wp-block-paragraph\">Le rejet de la facture \u00e9lectronique peut intervenir \u00e0 l\u2019\u00e9tape suivante. C\u2019est le deuxi\u00e8me cas de rejet.<\/p>\n\n\n\n<p class=\"wp-block-paragraph\">Dans cette situation, c\u2019est la plateforme agr\u00e9\u00e9e du destinataire qui entre en jeu. Comme la plateforme de d\u00e9part, elle doit proc\u00e9der \u00e0 une s\u00e9rie de contr\u00f4les de conformit\u00e9.<\/p>\n\n\n\n<p class=\"wp-block-paragraph\">En principe, ce sont des contr\u00f4les analogues aux pr\u00e9c\u00e9dents. Dans les faits, il peut arriver qu\u2019une facture \u00e9lectronique transmise par la premi\u00e8re plateforme soit bloqu\u00e9e par la seconde. Par exemple parce que la seconde plateforme fixe des limites de taille de fichier plus restrictives que la premi\u00e8re.<\/p>\n\n\n\n<p class=\"wp-block-paragraph\"><strong>C\u2019est donc le deuxi\u00e8me cas de rejet d\u2019une facture \u00e9lectronique.<\/strong><\/p>\n\n\n\n<p class=\"wp-block-paragraph\">Concr\u00e8tement, pour le fournisseur qui a \u00e9mis la facture, la cons\u00e9quence est la m\u00eame que pour le premier cas de rejet.<strong> Reconnue comme non-conforme, la facture ne sera <a href=\"https:\/\/www.sage.com\/fr-fr\/blog\/glossaire\/retard-de-paiement\/\">pas pay\u00e9e<\/a>.<\/strong><\/p>\n\n\n\n<p class=\"wp-block-paragraph\">D\u2019ailleurs, elle ne sera m\u00eame pas transmise au client.<\/p>\n\n\n\n<section class=\"wp-block-sage-container is-constrained is-style-bordered\"><div class=\"sage-container__inner\">\n<p class=\"wp-block-paragraph\"><strong>Ce qui va se passer dans ce cas de figure&nbsp;:<\/strong><\/p>\n\n\n\n<ol class=\"wp-block-list\">\n<li>L\u2019<strong>\u00e9metteur re\u00e7oit un statut \u2018\u2019rejet\u00e9e\u2019\u2019 et le motif du rejet.<\/strong><\/li>\n\n\n\n<li><strong>Le destinataire est \u00e9galement inform\u00e9 via le statut \u2018\u2019rejet\u00e9e\u2019\u2019<\/strong>\u00a0: il est donc inform\u00e9 qu\u2019une facture qui lui \u00e9tait destin\u00e9e a \u00e9t\u00e9 rejet\u00e9e.<\/li>\n\n\n\n<li><strong>Le destinataire ne re\u00e7oit pas la facture. <\/strong>Comme dans le cas de rejet pr\u00e9c\u00e9dent, il appartient \u00e0 l\u2019exp\u00e9diteur de refaire une facture conforme.<\/li>\n<\/ol>\n<\/div><\/section>\n\n\n\n<h2 id=\"h-cas-n-3-le-rejet-pour-defaut-de-plateforme-agreee\" class=\"wp-block-heading\"><strong>Cas n\u00b03\u00a0: le rejet pour d\u00e9faut de plateforme agr\u00e9\u00e9e<\/strong><\/h2>\n\n\n\n<p class=\"wp-block-paragraph\">Le troisi\u00e8me cas <strong>correspond au fait que le destinataire n\u2019a pas d\u00e9clar\u00e9 de plateforme agr\u00e9\u00e9e. <\/strong>Il est donc mat\u00e9riellement impossible de lui transmettre une facture \u00e9lectronique. La non-conformit\u00e9 de la facture n\u2019est plus la raison du rejet. <strong>C\u2019est bien la non-conformit\u00e9 du destinataire qui est en cause.<\/strong><\/p>\n\n\n\n<section class=\"wp-block-sage-container is-constrained is-style-bordered\"><div class=\"sage-container__inner\">\n<p class=\"wp-block-paragraph\"><strong>Du point de vue des \u00e9changes d\u2019information, que se passe-t-il&nbsp;?<\/strong><\/p>\n\n\n\n<ol class=\"wp-block-list\">\n<li>L\u2019\u00e9metteur re\u00e7oit un <strong>statut \u2018\u2019d\u00e9pos\u00e9e\u2019\u2019 auquel est associ\u00e9 la mention \u2018\u2019non transmise\u2019\u2019.<\/strong><\/li>\n\n\n\n<li><strong>Le destinataire ne re\u00e7oit rien, puisqu\u2019il n\u2019est pas \u00e9quip\u00e9.<\/strong><\/li>\n\n\n\n<li>Les <strong>donn\u00e9es fiscales de la facture sont transmises \u00e0 l\u2019administration<\/strong>.<\/li>\n<\/ol>\n<\/div><\/section>\n\n\n\n<p class=\"wp-block-paragraph\">Pour l\u2019exp\u00e9diteur, la situation n\u2019est pas tout \u00e0 fait la m\u00eame que dans les deux cas de rejet pr\u00e9c\u00e9dents. Car <strong>la facture n\u2019a pas \u00e0 \u00eatre refaite.<\/strong> <strong>Cependant, elle doit \u00eatre transmise sous la forme d\u2019un duplicata lisible pour permettre le r\u00e8glement. Et l\u2019administration inform\u00e9e du paiement.<\/strong><\/p>\n\n\n\n<section class=\"wp-block-sage-container is-constrained is-style-jade\"><div class=\"sage-container__inner\">\n<p class=\"wp-block-paragraph\"><strong>Le destinataire non-conforme, de son c\u00f4t\u00e9, est <a href=\"https:\/\/entreprendre.service-public.gouv.fr\/actualites\/A18802\" target=\"_blank\" rel=\"noreferrer noopener\">soumis \u00e0 sanction<\/a>, selon un r\u00e9gime fix\u00e9 par la loi de finances pour 2026\u00a0:<\/strong><\/p>\n\n\n\n<ul class=\"wp-block-list\">\n<li><strong>Mise en demeure de r\u00e9gulariser sous trois mois.<\/strong><\/li>\n\n\n\n<li><strong>Amende<\/strong> <strong>de 500 euros en cas de non-ex\u00e9cution,<\/strong> assortie d\u2019une deuxi\u00e8me mise en demeure.<\/li>\n\n\n\n<li>Au bout du d\u00e9lai, <strong>amende de 1 000 euros par trimestre <\/strong>tant que l\u2019entreprise n\u2019est pas \u00e9quip\u00e9e d\u2019une adresse de facturation \u00e9lectronique active.<\/li>\n<\/ul>\n\n\n\n<p class=\"wp-block-paragraph\"><strong>Tr\u00e8s clairement, pour une entreprise assujettie \u00e0 la TVA qui n\u2019a pas d\u00e9clar\u00e9 de plateforme agr\u00e9\u00e9e, le co\u00fbt est \u00e9lev\u00e9.<\/strong><\/p>\n<\/div><\/section>\n\n\n<div class=\"wp-block-sage-spacer\" aria-hidden=\"true\" style=\"height: var(--spacing-xmedium); clear: both;\"><\/div>\n\n\n<div class=\"wp-block-buttons is-content-justification-center is-layout-flex wp-container-core-buttons-is-layout-fe48e5de wp-block-buttons-is-layout-flex\">\n<div class=\"wp-block-button\"><a class=\"wp-block-button__link wp-element-button\" href=\"https:\/\/www.sage.com\/fr-fr\/dematerialisation\/facture-electronique\/sage-plateforme-de-dematerialisation-partenaire\/\">Se mettre en conformit\u00e9<strong> en un clic avec Sage<\/strong><\/a><\/div>\n<\/div>\n\n\n<div class=\"wp-block-sage-spacer\" aria-hidden=\"true\" style=\"height: var(--spacing-xmedium); clear: both;\"><\/div>\n\n\n<p class=\"wp-block-paragraph\">Mais pour l\u2019\u00e9metteur de la facture, la perte de temps est aussi synonyme de perte d\u2019argent. Sans compter le risque plus \u00e9lev\u00e9 de ne pas \u00eatre r\u00e9gl\u00e9.<\/p>\n\n\n\n<p class=\"wp-block-paragraph\"><strong>C\u2019est pourquoi <\/strong><strong>il est important de v\u00e9rifier la conformit\u00e9 de ses partenaires commerciaux avant de proc\u00e9der \u00e0 toute nouvelle transaction<\/strong><strong>.<\/strong><\/p>\n\n\n\n<h2 id=\"h-pour-resumer\" class=\"wp-block-heading\">Pour r\u00e9sumer <\/h2>\n\n\n\n<figure class=\"wp-block-table\"><table class=\"has-fixed-layout\"><tbody><tr><td><strong>Point cl\u00e9<\/strong><\/td><td><strong>Explication<\/strong><\/td><td><strong>Pour action<\/strong><\/td><\/tr><tr><td><strong>Rejet \u2260 Refus<\/strong><\/td><td>Le rejet est un <strong>blocage technique<\/strong> (facture non transmise). Le refus est une <strong>opposition du client<\/strong> (facture re\u00e7ue mais contest\u00e9e).<\/td><td>V\u00e9rifiez le statut pour distinguer les deux cas.<\/td><\/tr><tr><td><strong>3 causes principales<\/strong><\/td><td>Non-conformit\u00e9 de la facture d\u00e9tect\u00e9e \u00e0 l\u2019\u00e9mission Non-conformit\u00e9 de la facture d\u00e9tect\u00e9e \u00e0 la r\u00e9ception D\u00e9faut de plateforme agr\u00e9\u00e9e du destinataire<strong><\/strong><\/td><td>Causes 1 et 2&nbsp;: annulez la facture, <strong>corrigez l\u2019anomalie et r\u00e9\u00e9mettez<\/strong> une nouvelle facture conforme. Cause 3&nbsp;: transmettez la facture en papier ou en PDF.<strong><\/strong><\/td><\/tr><tr><td><strong>La facture est rejet\u00e9e car non-conforme<\/strong><strong><\/strong><\/td><td>Le format n\u2019est pas bon, certaines mentions obligatoires manquent ou des incoh\u00e9rences sont relev\u00e9es entre les informations.<\/td><td>\u00c9quipez-vous d\u2019un logiciel de gestion \u00e0 jour des exigences l\u00e9gales.<\/td><\/tr><tr><td><strong>La facture est rejet\u00e9e pour d\u00e9faut de PA du destinataire.<\/strong><\/td><td>Le client est assujetti \u00e0 la TVA mais n\u2019a pas d\u00e9clar\u00e9 de plateforme agr\u00e9\u00e9e.<\/td><td>V\u00e9rifiez la conformit\u00e9 de vos partenaires via <a href=\"https:\/\/facturation.chorus-pro.gouv.fr\/annuaire\/authentification\/connexion\" target=\"_blank\" rel=\"noreferrer noopener\">l\u2019annuaire de la facturation \u00e9lectronique<\/a>.<\/td><\/tr><\/tbody><\/table><\/figure>\n\n\n\n<section class=\"wp-block-sage-container is-constrained is-style-bordered\"><div class=\"sage-container__inner\">\n<p class=\"has-paragraph-medium-font-size wp-block-paragraph\"><strong>En conclusion, le fournisseur a deux pr\u00e9cautions \u00e0 prendre pour s\u2019assurer de la fluidit\u00e9 de la transmission de ses factures&nbsp;:<\/strong><\/p>\n\n\n\n<ul class=\"wp-block-list\">\n<li>La conformit\u00e9 des factures qu\u2019il \u00e9met (format, mentions et absence de doublon).<\/li>\n\n\n\n<li>La d\u00e9claration dans l\u2019annuaire par chacun de ses clients d\u2019une plateforme agr\u00e9\u00e9e.<\/li>\n<\/ul>\n\n\n\n<p class=\"wp-block-paragraph\">Le rejet d\u2019une facture \u00e9lectronique est une anomalie qui appelle un correctif sans d\u00e9lai. C\u2019est \u00e0 ce prix que les b\u00e9n\u00e9fices de la r\u00e9forme profiteront r\u00e9ellement aux entreprises.<\/p>\n<\/div><\/section>\n\n\n\n<p class=\"wp-block-paragraph\"><\/p>\n\n\n\n<p class=\"has-paragraph-medium-font-size wp-block-paragraph\"><strong>Ces contenus pourraient \u00e9galement vous int\u00e9resser&nbsp;:<\/strong><\/p>\n\n\n\n<ul class=\"wp-block-list\">\n<li><a href=\"https:\/\/www.sage.com\/fr-fr\/blog\/facture-electronique-paiement-ia-trio-reinvente-gestion-entreprise\/\">Facturation \u00e9lectronique, paiement et IA : comment ce trio va transformer la gestion des entreprises<\/a><\/li>\n\n\n\n<li><a href=\"https:\/\/www.sage.com\/fr-fr\/blog\/facture-electronique-logiciel-micro-entrepreneur\/\">Facture \u00e9lectronique pour les micro-entrepreneurs, faut-il acheter ou changer de logiciel ?<\/a><\/li>\n\n\n\n<li><a href=\"https:\/\/www.sage.com\/fr-fr\/produits\/sage-acces-pa\/\">La facture \u00e9lectronique gratuite jusqu&rsquo;\u00e0 25 factures par mois<\/a><\/li>\n\n\n\n<li><a href=\"https:\/\/www.sage.com\/fr-fr\/dematerialisation\/facture-electronique\/experts-comptables\/\">Experts-Comptables, transformez la conformit\u00e9 en opportunit\u00e9s<\/a><\/li>\n<\/ul>\n\n\n<section class=\"wp-block-sage-faq\">\n\t\n<h2 id=\"h-foire-aux-questions-faq-rejet-d-une-facture-electronique\" class=\"wp-block-heading\"><strong>Foire Aux Questions<\/strong> (FAQ) : Rejet d&rsquo;une Facture \u00e9lectronique<\/h2>\n\t\t\t<div class=\"faq-items\">\n\t\t\t<div class=\"wp-block-sage-faq-item\" id=\"faq-item-7641ded7\">\n\t<div class=\"faq-item-question\">\n\t\t\n<h3 id=\"h-qu-est-ce-qu-un-rejet-de-facture-electronique\" class=\"wp-block-heading\"><strong>Qu\u2019est-ce qu\u2019un rejet de facture \u00e9lectronique\u00a0?<\/strong><\/h3>\n\t<\/div>\n\t\t\t<div class=\"faq-item-answer\">\n\t\t\t\n<p class=\"wp-block-paragraph\">Un rejet r\u00e9sulte d\u2019une anomalie technique d\u00e9tect\u00e9e en amont de la distribution de la facture. Dans les faits, une facture rejet\u00e9e n\u2019a pas \u00e9t\u00e9 re\u00e7ue par le client, quelle que soit la motivation du rejet. Par exemple, en raison de l\u2019absence d\u2019une mention obligatoire.<\/p>\n\n<p class=\"wp-block-paragraph\">Le rejet est donc diff\u00e9rent du refus, qui, lui, est d\u00e9cid\u00e9 et motiv\u00e9 par le destinataire apr\u00e8s r\u00e9ception de la facture.<\/p>\n\t\t<\/div>\n\t<\/div>\n<div class=\"wp-block-sage-faq-item\" id=\"faq-item-48bd6f72\">\n\t<div class=\"faq-item-question\">\n\t\t\n<h3 id=\"h-un-rejet-de-facture-electronique-est-il-toujours-motive\" class=\"wp-block-heading\"><strong>Un rejet de facture \u00e9lectronique est-il toujours motiv\u00e9\u00a0?<\/strong><\/h3>\n\t<\/div>\n\t\t\t<div class=\"faq-item-answer\">\n\t\t\t\n<p class=\"wp-block-paragraph\">Oui, et c\u2019est tr\u00e8s important. C\u2019est le syst\u00e8me qui d\u00e9cide du rejet de la facture. La proc\u00e9dure induit que l\u2019exp\u00e9diteur, dont la facture n\u2019a pas \u00e9t\u00e9 transmise, re\u00e7oive en m\u00eame temps que l\u2019information de rejet la motivation du blocage.<\/p>\n\n<p class=\"wp-block-paragraph\">C\u2019est en fonction du motif qu\u2019il peut \u00e9mettre une nouvelle facture qui efface l\u2019anomalie bloquante. Par exemple, des montants HT et TTC incoh\u00e9rents.<\/p>\n\t\t<\/div>\n\t<\/div>\n<div class=\"wp-block-sage-faq-item\" id=\"faq-item-8f86a739\">\n\t<div class=\"faq-item-question\">\n\t\t\n<h3 id=\"h-le-destinataire-est-il-informe-du-rejet-d-une-facture-electronique-qui-lui-est-adressee\" class=\"wp-block-heading\"><strong>Le destinataire est-il inform\u00e9 du rejet d\u2019une facture \u00e9lectronique qui lui est adress\u00e9e\u00a0?<\/strong><\/h3>\n\t<\/div>\n\t\t\t<div class=\"faq-item-answer\">\n\t\t\t\n<p class=\"wp-block-paragraph\">La question est pertinente, dans la mesure o\u00f9 une facture rejet\u00e9e n\u2019est pas transmise au destinataire. Elle n\u2019existe pas dans son syst\u00e8me de gestion.<\/p>\n\n<p class=\"wp-block-paragraph\">Lorsque la facture est rejet\u00e9e par la plateforme agr\u00e9\u00e9e de l\u2019\u00e9metteur, le client n\u2019est pas inform\u00e9. Mais lorsque la facture est rejet\u00e9e au niveau de sa plateforme, le client re\u00e7oit l\u2019information du rejet en m\u00eame temps que son fournisseur. En revanche, il ne re\u00e7oit pas la facture elle-m\u00eame.<\/p>\n\t\t<\/div>\n\t<\/div>\n<div class=\"wp-block-sage-faq-item\" id=\"faq-item-2951dccd\">\n\t<div class=\"faq-item-question\">\n\t\t\n<h3 id=\"h-que-faire-lorsque-le-rejet-de-la-facture-est-du-au-fait-que-le-client-n-est-pas-equipe-d-une-plateforme-agreee\" class=\"wp-block-heading\"><strong>Que faire lorsque le rejet de la facture est d\u00fb au fait que le client n\u2019est pas \u00e9quip\u00e9 d\u2019une plateforme agr\u00e9\u00e9e\u00a0?<\/strong><\/h3>\n\t<\/div>\n\t\t\t<div class=\"faq-item-answer\">\n\t\t\t\n<p class=\"wp-block-paragraph\">D\u2019abord, observons que cette information est \u00e0 conna\u00eetre avant m\u00eame toute transaction. Une entreprise assujettie qui n\u2019est pas en conformit\u00e9 doit \u00eatre invit\u00e9e \u00e0 s\u2019\u00e9quiper d\u2019une plateforme agr\u00e9\u00e9e avant l\u2019entr\u00e9e en relation commerciale.<\/p>\n\n<p class=\"wp-block-paragraph\">Mais dans le cas o\u00f9 la prestation est r\u00e9alis\u00e9e ou le bien livr\u00e9, il faut donc pouvoir transmettre la facture. Dans ce cas, le circuit est le circuit classique, avec envoi de la facture en PDF ou en papier. Au regard des pesanteurs subies par le fournisseur et de la sanction financi\u00e8re encourue par le client, cette situation ne peut durer.<\/p>\n\t\t<\/div>\n\t<\/div>\n\t\t<\/div>\n\t<\/section>\n\n\n\n<div class=\"single-cta\">\n\t<div class=\"single-cta__positioner on-scroll-highlight__target\">\n\t\t<div class=\"single-cta__wrapper has-dark-background-color\">\n\t\t\t<div class=\"single-cta__content\">\n\t\t\t\t\t\t\t\t<h2 class=\"single-cta__title h3\">Facture \u00c9lectronique : encore des questions ?<\/h2>\n\n\t\t\t\t\t\t\t\t\t<div class=\"single-cta__description\">\n\t\t\t\t\t\t<p><!-- wp:paragraph {\"fontSize\":\"paragraph-standard\"} --><\/p>\n<p class=\"has-paragraph-standard-font-size\">Choisir sa PA et mettre en \u0153uvre la r\u00e9forme dans votre solutions Sage, revoir les usages \u2026 Notre Assistant Digital Facture Electronique accompagne tous nos utilisateurs, tout de suite et en mode 24\/7.<\/p>\n<p><!-- \/wp:paragraph --><\/p>\n<p><!-- wp:paragraph --><\/p>\n<p>\u2705 Pas de RDV, pas d\u2019attente<br \/>\u2705 Un retour imm\u00e9diat et concret<br \/>\u2705 Des r\u00e9ponses 100% fiables<br \/>\u00e0 partir des sources officielles Sage Assistant Facture Electronique, c\u2019est ici \ud83d\udc47<\/p>\n<p><!-- \/wp:paragraph --><\/p>\n\t\t\t\t\t<\/div>\n\t\t\t\t\n\t\t\t\t\t\t\t\t\t\t\t\t\t\t<a\n\t\t\t\t\t\thref=\"https:\/\/webchathub.sage.com\/fr-fr\/facture-electronique\/\"\n\t\t\t\t\t\tclass=\"single-cta__button button button--primary\"\n\t\t\t\t\t\t\t\t\t\t\t\t\tid=\"cta-id-30180\"\n\t\t\t\t\t\t\t\t\t\t\t\t\t\t\t\t\t\t\tdata-button-location=\"cta_box\"\n\t\t\t\t\t\t\t\t\t\t\t>D\u00e9couvrez votre assistant digital d\u00e9di\u00e9 \u00e0 la facture \u00e9lectronique.<\/a>\n\t\t\t\t\t\t\t<\/div>\n\n\t\t\t\t\t<\/div>\n\n\t\t\t\t\t<img decoding=\"async\" width=\"1050\" height=\"624\" src=\"https:\/\/www.sage.com\/fr-fr\/blog\/wp-content\/uploads\/sites\/4\/2026\/07\/Capture-decran-2026-07-29-a-17.20.37.png\" class=\"single-cta__image\" alt=\"Facture \u00c9lectronique : encore des questions ? CHAT 24\/24 Sage\" loading=\"lazy\" srcset=\"https:\/\/www.sage.com\/fr-fr\/blog\/wp-content\/uploads\/sites\/4\/2026\/07\/Capture-decran-2026-07-29-a-17.20.37.png 1050w\" sizes=\"auto, (min-width: 48em) 33vw, 100vw\" \/>\t\t\t<\/div>\n<\/div>\n\n\n<section class=\"more-topics alignfull has-grey-light-background-color wp-block-sage-post-topics\">\n\t<div class=\"container\">\n\t\t<div class=\"row\">\n\t\t\t<div class=\"col col-12 col-lg-4\">\n\t\t\t\t<h3 class=\"more-topics__title h2\">Parcourir plus de sujets depuis cet article<\/h3>\n\t\t\t<\/div>\n\t\t\t<div class=\"col col-12 col-lg-8\">\n\t\t\t\t<ul class=\"post-tags__list\">\n\t\t\t\t\t\t\t\t\t\t\t<li class=\"post-tags__item\">\n\t\t\t\t\t\t\t<a href=\"https:\/\/www.sage.com\/fr-fr\/blog\/tag\/devis-et-gestion-commerciale\/\" class=\"post-tags__link button button--secondary\">\n\t\t\t\t\t\t\t\tDevis et Gestion Commerciale\t\t\t\t\t\t\t<\/a>\n\t\t\t\t\t\t<\/li>\n\t\t\t\t\t\t\t\t\t\t\t<li class=\"post-tags__item\">\n\t\t\t\t\t\t\t<a href=\"https:\/\/www.sage.com\/fr-fr\/blog\/tag\/facture-electronique\/\" class=\"post-tags__link button button--secondary\">\n\t\t\t\t\t\t\t\tFacture \u00e9lectronique\t\t\t\t\t\t\t<\/a>\n\t\t\t\t\t\t<\/li>\n\t\t\t\t\t\t\t\t\t\t\t<li class=\"post-tags__item\">\n\t\t\t\t\t\t\t<a href=\"https:\/\/www.sage.com\/fr-fr\/blog\/tag\/reglementation\/\" class=\"post-tags__link button button--secondary\">\n\t\t\t\t\t\t\t\tR\u00e9glementation\t\t\t\t\t\t\t<\/a>\n\t\t\t\t\t\t<\/li>\n\t\t\t\t\t\t\t\t\t<\/ul>\n\t\t\t<\/div>\n\t\t<\/div>\n\t<\/div>\n<\/section>\n\n\n<div class=\"alignfull wp-block-sage-related-posts\">\n\t<section class=\"related-posts card-grid has-dark-background-color\">\n\t<div class=\"container\">\n\t\t\t\t\t<div class=\"row\">\n\t\t\t\t<div class=\"col\">\n\t\t\t\t\t<h2 class=\"related-posts__heading related-posts__heading--featured h1\">Explorez plus d&#039;articles<\/h2>\n\t\t\t\t<\/div>\n\t\t\t<\/div>\n\n\t\t\t<div class=\"row related-posts__featured\">\n\t\t\t\t<div class=\"col card-grid__item\">\n\t\t\t\t\t<article\n\t\tclass=\"card-post related-post related-post-0 post-30150 post type-post status-publish format-standard has-post-thumbnail hentry category-digitalisation-et-tendances tag-experience-client-et-satisfaction tag-facture-electronique tag-ia-digitalisation tag-logiciel-de-gestion tag-paiement-en-ligne business_type-artisans-et-petites-entreprises business_type-petites-et-moyennes-entreprises business_type-expertise-comptable industry-btp industry-industrie industry-negoce industry-services card-post--is-clickable\"\n>\n\t<div class=\"card-post__media-wrapper\">\n\t\t<figure class=\"card-post__media\">\n\t\t\t\t\t\t\t<img decoding=\"async\" width=\"1215\" height=\"810\" src=\"https:\/\/www.sage.com\/fr-fr\/blog\/wp-content\/uploads\/sites\/4\/2026\/07\/PhotoSAGEADVICE-1215x810.jpeg\" class=\"card-post__image\" alt=\"Arnaud Petit, DG Sage\" loading=\"lazy\" srcset=\"https:\/\/www.sage.com\/fr-fr\/blog\/wp-content\/uploads\/sites\/4\/2026\/07\/PhotoSAGEADVICE-684x384.jpeg 684w, https:\/\/www.sage.com\/fr-fr\/blog\/wp-content\/uploads\/sites\/4\/2026\/07\/PhotoSAGEADVICE-768x512.jpeg 768w, https:\/\/www.sage.com\/fr-fr\/blog\/wp-content\/uploads\/sites\/4\/2026\/07\/PhotoSAGEADVICE-1215x810.jpeg 1215w\" sizes=\"auto, (min-width: 48em) 250px, (min-width: 30em) 100vw, 100vw\" \/>\t\t\t\n\t\t\t\n\t\t\t\t\t<\/figure>\n\t<\/div>\n\n\t<div class=\"card-post__content\">\n\t\t\t\t\t<div class=\"card-post__label\">Recommand\u00e9<\/div>\n\t\t\n\t\t\t\t\t<div class=\"card-post__meta\">\n\t\t\t\t\t\t\t\t\t\t\t\t\t\t\t\t\t\t\t<span class=\"card-post__meta-text\"><span class=\"posted-on \"><time class=\"entry-date published\" datetime=\"2026-07-29T09:30:00+02:00\">29 juillet 2026<\/time><\/span><\/span>\n\t\t\t\t\t\t\t\t\t\t\t<span class=\"card-post__meta-text\"><span class=\"reading-time\">9 min de lecture<\/span><\/span>\n\t\t\t\t\t\t\t\t\t\t\t\t<\/div>\n\t\t\n\t\t<p class=\"card-post__title h3\">\n\t\t\t\t\t\t\t<a\n\t\t\t\t\tclass=\"card-post__title-link\"\n\t\t\t\t\thref=\"https:\/\/www.sage.com\/fr-fr\/blog\/facture-electronique-paiement-ia-trio-reinvente-gestion-entreprise\/\"\n\t\t\t\t>\n\t\t\t\n\t\t\tFacturation \u00e9lectronique, paiement et IA : comment ce trio va transformer la gestion des entreprises\n\t\t\t\t\t\t\t<\/a>\n\t\t\t\t\t<\/p>\n\n\t\t\n\t\t\t\t\t<p class=\"card-post__description\">\n\t\t\t\tD\u00e9ployer la facturation \u00e9lectronique n\u2019est pas qu\u2019un sujet de conformit\u00e9. Connect\u00e9e aux paiements et \u00e0 l\u2019intelligence artificielle, elle est une porte vers une nouvelle dimension d\u2019automatisation des t\u00e2ches de gestion, de suivi de la tr\u00e9sorerie et d\u2019anticipation des d\u00e9cisions financi\u00e8res. Plusieurs intervenants ont accept\u00e9 l\u2019invitation de Sage, d\u00e9but juin, \u00e0 l\u2019occasion de l\u2019ouverture de ses nouveaux bureaux, pour en discuter.\t\t\t<\/p>\n\t\t\n\t\t\t<\/div>\n\n\t<\/article>\n\t\t\t\t<\/div>\n\t\t\t<\/div>\n\t\t\n\t\t\t\t\t<div class=\"row related-posts__non-featured\">\n\t\t\t\t<div class=\"col col-12\">\n\t\t\t\t\t<h2 class=\"related-posts__heading related-posts__heading--more h4\">En savoir plus sur ce sujet<\/h2>\n\t\t\t\t<\/div>\n\n\t\t\t\t\n\t\t\t\t\t<div class=\"col col-6 col-lg-3 card-grid__item\">\n\t\t\t\t\t\t<article\n\t\tclass=\"card-post related-post related-post-1 post-30074 post type-post status-publish format-standard has-post-thumbnail hentry category-interviews-clients tag-devis-et-gestion-commerciale tag-experience-client-et-satisfaction tag-facture-electronique tag-temoignages-clients business_type-petites-et-moyennes-entreprises industry-services\"\n>\n\t\t\t<a\n\t\t\tclass=\"card-post__link\"\n\t\t\thref=\"https:\/\/www.sage.com\/fr-fr\/blog\/temoignage-sstrn-medecine-du-travail-sage-100\/\"\n\t\t\t\t\t>\n\t\t\t<figure class=\"card-post__media card-post__media--video\">\n\t\t\t\t\t\t\t<img decoding=\"async\" width=\"684\" height=\"384\" src=\"https:\/\/www.sage.com\/fr-fr\/blog\/wp-content\/uploads\/sites\/4\/2026\/07\/sstrn-sage-100-temoignage-facture-electronique-684x384.jpg\" class=\"card-post__image\" alt=\"Le SSTRN en avance sur la facture \u00e9lectronique gr\u00e2ce \u00e0 un SI 100 % Sage\" loading=\"lazy\" srcset=\"https:\/\/www.sage.com\/fr-fr\/blog\/wp-content\/uploads\/sites\/4\/2026\/07\/sstrn-sage-100-temoignage-facture-electronique-684x384.jpg 684w, https:\/\/www.sage.com\/fr-fr\/blog\/wp-content\/uploads\/sites\/4\/2026\/07\/sstrn-sage-100-temoignage-facture-electronique-768x432.jpg 768w, https:\/\/www.sage.com\/fr-fr\/blog\/wp-content\/uploads\/sites\/4\/2026\/07\/sstrn-sage-100-temoignage-facture-electronique-1440x810.jpg 1440w\" sizes=\"auto, (min-width: 48em) 250px, (min-width: 30em) 100vw, 100vw\" \/>\t\t\t\n\t\t\t\t\t\t\t\t\t\t\t\t<span class=\"card-post__play-video\">\n\t\t\t\t\t\t<svg role=\"presentation\" aria-hidden=\"true\" focusable=\"false\" class=\"card-post__play-icon svg-icon\" width=\"28\" height=\"28\" xmlns=\"http:\/\/www.w3.org\/2000\/svg\" viewbox=\"0 0 33 36\"><path d=\"M3.947.936C1.889 1.016 0 2.661 0 4.878v27.11c0 2.956 3.36 4.896 5.999 3.463l24.965-13.555c2.715-1.474 2.715-5.451 0-6.925L6 1.416a3.96 3.96 0 0 0-2.052-.48Zm.032 2.6c.232-.001.475.058.713.187L29.66 17.28c.986.535.986 1.774 0 2.309L4.692 33.144c-.952.517-1.999-.088-1.999-1.155V4.878c0-.533.261-.95.642-1.17.19-.11.411-.171.644-.172\" \/><\/svg>\t\t\t\t\t<\/span>\n\t\t\t\t\t\t\t\n\t\t\t\t\t<\/figure>\n\n\t\t\n\t\t\t\t\t<div class=\"card-post__meta\">\n\t\t\t\t\t\t\t\t\t<svg role=\"presentation\" aria-hidden=\"true\" focusable=\"false\" width=\"24\" height=\"24\" class=\"card-post__meta-icon svg-icon\" xmlns=\"http:\/\/www.w3.org\/2000\/svg\" viewbox=\"0 0 24 24\"><path d=\"M5.25 3C3.74 3 2.5 4.24 2.5 5.75v12.5C2.5 19.76 3.74 21 5.25 21h14c1.51 0 2.75-1.24 2.75-2.75V5.75C22 4.24 20.76 3 19.25 3zm0 1.5h14c.699 0 1.25.551 1.25 1.25v12.5a1.24 1.24 0 0 1-1.25 1.25h-14A1.24 1.24 0 0 1 4 18.25V5.75c0-.699.551-1.25 1.25-1.25m.25.75a.5.5 0 0 0-.5.5v.5a.5.5 0 0 0 .5.5H6a.5.5 0 0 0 .5-.5v-.5a.5.5 0 0 0-.5-.5zm13 0a.5.5 0 0 0-.5.5v.5a.5.5 0 0 0 .5.5h.5a.5.5 0 0 0 .5-.5v-.5a.5.5 0 0 0-.5-.5zm-8.25 2.751A1.248 1.248 0 0 0 9 9.251v5.5c0 .442.231.849.613 1.074.389.231.846.237 1.239.021l5.001-2.751c.396-.219.646-.639.646-1.094s-.25-.876-.646-1.095l-.001-.001-5.002-2.751a1.25 1.25 0 0 0-.601-.153zM5.5 8.25a.5.5 0 0 0-.5.5v.5a.5.5 0 0 0 .5.5H6a.5.5 0 0 0 .5-.5v-.5a.5.5 0 0 0-.5-.5zm13 0a.5.5 0 0 0-.5.5v.5a.5.5 0 0 0 .5.5h.5a.5.5 0 0 0 .5-.5v-.5a.5.5 0 0 0-.5-.5zm-8 1.423L14.731 12 10.5 14.328zm-5 1.577a.5.5 0 0 0-.5.5v.5a.5.5 0 0 0 .5.5H6a.5.5 0 0 0 .5-.5v-.5a.5.5 0 0 0-.5-.5zm13 0a.5.5 0 0 0-.5.5v.5a.5.5 0 0 0 .5.5h.5a.5.5 0 0 0 .5-.5v-.5a.5.5 0 0 0-.5-.5zm-13 3a.5.5 0 0 0-.5.5v.5a.5.5 0 0 0 .5.5H6a.5.5 0 0 0 .5-.5v-.5a.5.5 0 0 0-.5-.5zm13 0a.5.5 0 0 0-.5.5v.5a.5.5 0 0 0 .5.5h.5a.5.5 0 0 0 .5-.5v-.5a.5.5 0 0 0-.5-.5zm-13 3a.5.5 0 0 0-.5.5v.5a.5.5 0 0 0 .5.5H6a.5.5 0 0 0 .5-.5v-.5a.5.5 0 0 0-.5-.5zm13 0a.5.5 0 0 0-.5.5v.5a.5.5 0 0 0 .5.5h.5a.5.5 0 0 0 .5-.5v-.5a.5.5 0 0 0-.5-.5z\" \/><\/svg>\t\t\t\t\t\t\t\t\t\t\t\t\t\t\t\t\t\t\t\t\t\t\t\t\t\t<span class=\"card-post__meta-text\"><span class=\"posted-on \"><time class=\"entry-date published\" datetime=\"2026-07-24T10:00:00+02:00\">24 juillet 2026<\/time><\/span><\/span>\n\t\t\t\t\t\t\t\t\t\t\t\t\t\t\t\t\t\t\t\t\t\t\t\t<span class=\"card-post__meta-text\"><span class=\"reading-time\">13 min de lecture<\/span><\/span>\n\t\t\t\t\t\t\t\t\t\t\t\t\t\t\t\t\t\t<\/div>\n\t\t\n\t\t<p class=\"card-post__title h5\">\n\t\t\tLe SSTRN en avance sur la facture \u00e9lectronique gr\u00e2ce \u00e0 un SI 100 % Sage\t\t<\/p>\n\n\t\t\t<\/a>\n\t\n\t\n\t\t\n\t\n\t<\/article>\n\t\t\t\t\t<\/div>\n\t\t\t\t\n\t\t\t\t\t<div class=\"col col-6 col-lg-3 card-grid__item\">\n\t\t\t\t\t\t<article\n\t\tclass=\"card-post related-post related-post-2 post-30083 post type-post status-publish format-standard has-post-thumbnail hentry category-legal-et-reglementation tag-facture-electronique tag-reglementation business_type-artisans-et-petites-entreprises business_type-petites-et-moyennes-entreprises business_type-expertise-comptable industry-btp industry-industrie industry-negoce industry-services\"\n>\n\t\t\t<a\n\t\t\tclass=\"card-post__link\"\n\t\t\thref=\"https:\/\/www.sage.com\/fr-fr\/blog\/comment-verifier-votre-inscription-a-une-plateforme-agreee\/\"\n\t\t\t\t\t>\n\t\t\t<figure class=\"card-post__media\">\n\t\t\t\t\t\t\t<img decoding=\"async\" width=\"684\" height=\"384\" src=\"https:\/\/www.sage.com\/fr-fr\/blog\/wp-content\/uploads\/sites\/4\/2022\/04\/GettyImages-1124688944-684x384.jpg\" class=\"card-post__image\" alt=\"Comment v\u00e9rifier votre inscription \u00e0 une plateforme agr\u00e9\u00e9e ? I Sage Advice France\" loading=\"lazy\" srcset=\"https:\/\/www.sage.com\/fr-fr\/blog\/wp-content\/uploads\/sites\/4\/2022\/04\/GettyImages-1124688944-684x384.jpg 684w, https:\/\/www.sage.com\/fr-fr\/blog\/wp-content\/uploads\/sites\/4\/2022\/04\/GettyImages-1124688944-768x432.jpg 768w, https:\/\/www.sage.com\/fr-fr\/blog\/wp-content\/uploads\/sites\/4\/2022\/04\/GettyImages-1124688944-1440x810.jpg 1440w\" sizes=\"auto, (min-width: 48em) 250px, (min-width: 30em) 100vw, 100vw\" \/>\t\t\t\n\t\t\t\n\t\t\t\t\t<\/figure>\n\n\t\t\n\t\t\t\t\t<div class=\"card-post__meta\">\n\t\t\t\t\t\t\t\t\t\t\t\t\t\t\t\t\t\t\t\t\t\t\t\t\t\t<span class=\"card-post__meta-text\"><span class=\"posted-on \"><time class=\"entry-date published\" datetime=\"2026-07-21T16:00:00+02:00\">21 juillet 2026<\/time><\/span><\/span>\n\t\t\t\t\t\t\t\t\t\t\t\t\t\t\t\t\t\t\t\t\t\t\t\t<span class=\"card-post__meta-text\"><span class=\"reading-time\">6 min de lecture<\/span><\/span>\n\t\t\t\t\t\t\t\t\t\t\t\t\t\t\t\t\t\t<\/div>\n\t\t\n\t\t<p class=\"card-post__title h5\">\n\t\t\tInscription \u00e0 une plateforme agr\u00e9\u00e9e\u00a0: comment v\u00e9rifier que tout est ok\u00a0?\t\t<\/p>\n\n\t\t\t<\/a>\n\t\n\t\n\t\t\n\t\n\t<\/article>\n\t\t\t\t\t<\/div>\n\t\t\t\t\n\t\t\t\t\t<div class=\"col col-6 col-lg-3 card-grid__item\">\n\t\t\t\t\t\t<article\n\t\tclass=\"card-post related-post related-post-3 post-30065 post type-post status-publish format-standard has-post-thumbnail hentry category-digitalisation-et-tendances tag-daf-directeur-administratif-financier tag-facture-electronique tag-ia-digitalisation business_type-artisans-et-petites-entreprises industry-services\"\n>\n\t\t\t<a\n\t\t\tclass=\"card-post__link\"\n\t\t\thref=\"https:\/\/www.sage.com\/fr-fr\/blog\/intelligence-artificielle-et-fonction-finance-comment-le-role-du-daf-evolue\/\"\n\t\t\t\t\t>\n\t\t\t<figure class=\"card-post__media\">\n\t\t\t\t\t\t\t<img decoding=\"async\" width=\"684\" height=\"384\" src=\"https:\/\/www.sage.com\/fr-fr\/blog\/wp-content\/uploads\/sites\/4\/2024\/10\/BrandShoot-LND_June2024_Financial-Services_0453-684x384.jpg\" class=\"card-post__image\" alt=\"Intelligence artificielle et finance : r\u00f4le du DAF | Sage Advice France\" loading=\"lazy\" srcset=\"https:\/\/www.sage.com\/fr-fr\/blog\/wp-content\/uploads\/sites\/4\/2024\/10\/BrandShoot-LND_June2024_Financial-Services_0453-684x384.jpg 684w, https:\/\/www.sage.com\/fr-fr\/blog\/wp-content\/uploads\/sites\/4\/2024\/10\/BrandShoot-LND_June2024_Financial-Services_0453-768x512.jpg 768w, https:\/\/www.sage.com\/fr-fr\/blog\/wp-content\/uploads\/sites\/4\/2024\/10\/BrandShoot-LND_June2024_Financial-Services_0453-1214x810.jpg 1214w\" sizes=\"auto, (min-width: 48em) 250px, (min-width: 30em) 100vw, 100vw\" \/>\t\t\t\n\t\t\t\n\t\t\t\t\t<\/figure>\n\n\t\t\n\t\t\t\t\t<div class=\"card-post__meta\">\n\t\t\t\t\t\t\t\t\t\t\t\t\t\t\t\t\t\t\t\t\t\t\t\t\t\t<span class=\"card-post__meta-text\"><span class=\"posted-on \"><time class=\"entry-date published\" datetime=\"2026-07-21T10:00:00+02:00\">21 juillet 2026<\/time><\/span><\/span>\n\t\t\t\t\t\t\t\t\t\t\t\t\t\t\t\t\t\t\t\t\t\t\t\t<span class=\"card-post__meta-text\"><span class=\"reading-time\">6 min de lecture<\/span><\/span>\n\t\t\t\t\t\t\t\t\t\t\t\t\t\t\t\t\t\t<\/div>\n\t\t\n\t\t<p class=\"card-post__title h5\">\n\t\t\tIntelligence artificielle et fonction finance : comment le r\u00f4le du DAF \u00e9volue\t\t<\/p>\n\n\t\t\t<\/a>\n\t\n\t\n\t\t\n\t\n\t<\/article>\n\t\t\t\t\t<\/div>\n\t\t\t\t\n\t\t\t\t\t<div class=\"col col-6 col-lg-3 card-grid__item\">\n\t\t\t\t\t\t<article\n\t\tclass=\"card-post related-post related-post-4 post-30036 post type-post status-publish format-standard has-post-thumbnail hentry category-legal-et-reglementation tag-comptabilite tag-facture-electronique tag-reglementation business_type-artisans-et-petites-entreprises business_type-petites-et-moyennes-entreprises business_type-expertise-comptable industry-services\"\n>\n\t\t\t<a\n\t\t\tclass=\"card-post__link\"\n\t\t\thref=\"https:\/\/www.sage.com\/fr-fr\/blog\/rfe-que-devient-le-secret-professionnel-des-avocats\/\"\n\t\t\t\t\t>\n\t\t\t<figure class=\"card-post__media\">\n\t\t\t\t\t\t\t<img decoding=\"async\" width=\"684\" height=\"384\" src=\"https:\/\/www.sage.com\/fr-fr\/blog\/wp-content\/uploads\/sites\/4\/2022\/04\/GettyImages-1279589946-684x384.jpg\" class=\"card-post__image\" alt=\"Que devient le secret professionnel des avocats avec la RFE ? I Sage Advice France\" loading=\"lazy\" srcset=\"https:\/\/www.sage.com\/fr-fr\/blog\/wp-content\/uploads\/sites\/4\/2022\/04\/GettyImages-1279589946-684x384.jpg 684w, https:\/\/www.sage.com\/fr-fr\/blog\/wp-content\/uploads\/sites\/4\/2022\/04\/GettyImages-1279589946-768x432.jpg 768w, https:\/\/www.sage.com\/fr-fr\/blog\/wp-content\/uploads\/sites\/4\/2022\/04\/GettyImages-1279589946-1440x810.jpg 1440w\" sizes=\"auto, (min-width: 48em) 250px, (min-width: 30em) 100vw, 100vw\" \/>\t\t\t\n\t\t\t\n\t\t\t\t\t<\/figure>\n\n\t\t\n\t\t\t\t\t<div class=\"card-post__meta\">\n\t\t\t\t\t\t\t\t\t\t\t\t\t\t\t\t\t\t\t\t\t\t\t\t\t\t<span class=\"card-post__meta-text\"><span class=\"posted-on \"><time class=\"entry-date published\" datetime=\"2026-07-02T10:00:00+02:00\">2 juillet 2026<\/time><\/span><\/span>\n\t\t\t\t\t\t\t\t\t\t\t\t\t\t\t\t\t\t\t\t\t\t\t\t<span class=\"card-post__meta-text\"><span class=\"reading-time\">13 min de lecture<\/span><\/span>\n\t\t\t\t\t\t\t\t\t\t\t\t\t\t\t\t\t\t<\/div>\n\t\t\n\t\t<p class=\"card-post__title h5\">\n\t\t\tQue devient le secret professionnel des avocats avec la facture \u00e9lectronique\u00a0?\t\t<\/p>\n\n\t\t\t<\/a>\n\t\n\t\n\t\t\n\t\n\t<\/article>\n\t\t\t\t\t<\/div>\n\t\t\t\t\t\t\t<\/div>\n\t\t\t<\/div>\n<\/section>\n<\/div>\n","protected":false},"excerpt":{"rendered":"<p>Le rejet d\u2019une facture \u00e9lectronique peut bloquer vos paiements.<br \/>\nD\u00e9couvrez les 3 causes principales (\u00e9mission, r\u00e9ception, d\u00e9faut de plateforme) et comment les \u00e9viter pour garantir une transmission fluide.<br \/>\nInformation pratique avec exemples concrets et solutions imm\u00e9diates.<\/p>\n","protected":false},"author":710,"featured_media":10948,"comment_status":"closed","ping_status":"closed","sticky":false,"template":"","format":"standard","meta":{"_yoast_wpseo_is_cornerstone":"","_yoast_wpseo_meta-robots-noindex":"","_yoast_wpseo_meta-robots-nofollow":"","_yoast_wpseo_opengraph-title":"","_yoast_wpseo_opengraph-description":"","_yoast_wpseo_opengraph-image":"","_yoast_wpseo_opengraph-image-id":"","_yoast_wpseo_twitter-title":"","_yoast_wpseo_twitter-description":"","_yoast_wpseo_twitter-image":"","_yoast_wpseo_twitter-image-id":"","_yoast_wpseo_schema_page_type":"","_yoast_wpseo_schema_article_type":"","_sage_video":false,"_yoast_wpseo_focuskeywords":"","_yoast_wpseo_keywordsynonyms":"","_yoast_wpseo_primary_category":"13","post_featured_image_hide":false,"sage_hide_published_date":false,"sage_hide_read_time":false,"sage_hide_share_buttons":false,"_pwl_sage_podcast_buzzsprout_src":"","footnotes":""},"categories":[13],"tags":[150,660,898],"business_type":[8,9,11],"lilypad":[],"context":[],"industry":[23,24,25,26],"persona":[867,34,40,868],"imagine_tag":[446,735,714,717,463,452,888,459],"coauthors":[906],"class_list":["post-30227","post","type-post","status-publish","format-standard","has-post-thumbnail","hentry","category-legal-et-reglementation","tag-devis-et-gestion-commerciale","tag-facture-electronique","tag-reglementation","business_type-artisans-et-petites-entreprises","business_type-petites-et-moyennes-entreprises","business_type-expertise-comptable","industry-btp","industry-industrie","industry-negoce","industry-services"],"sage_meta":{"region":"fr-fr","author_name":"Christophe Adam","featured_image":"https:\/\/www.sage.com\/fr-fr\/blog\/wp-content\/uploads\/sites\/4\/2022\/04\/GettyImages-1352002639.jpg","imagine_tags":{"446":"Comptabilit\u00e9","735":"d\u00e9mat\u00e9rialisation","714":"Dirigeant de PME","717":"entreprise","463":"Expertise comptable","452":"Experts-Comptables","888":"Facture electronique","459":"Petites et Moyennes Entreprises"}},"distributor_meta":false,"distributor_terms":false,"distributor_media":false,"distributor_original_site_name":"Sage Advice France","distributor_original_site_url":"https:\/\/www.sage.com\/fr-fr\/blog","push-errors":false,"_links":{"self":[{"href":"https:\/\/www.sage.com\/fr-fr\/blog\/api\/wp\/v2\/posts\/30227","targetHints":{"allow":["GET"]}}],"collection":[{"href":"https:\/\/www.sage.com\/fr-fr\/blog\/api\/wp\/v2\/posts"}],"about":[{"href":"https:\/\/www.sage.com\/fr-fr\/blog\/api\/wp\/v2\/types\/post"}],"author":[{"embeddable":true,"href":"https:\/\/www.sage.com\/fr-fr\/blog\/api\/wp\/v2\/users\/710"}],"replies":[{"embeddable":true,"href":"https:\/\/www.sage.com\/fr-fr\/blog\/api\/wp\/v2\/comments?post=30227"}],"version-history":[{"count":2,"href":"https:\/\/www.sage.com\/fr-fr\/blog\/api\/wp\/v2\/posts\/30227\/revisions"}],"predecessor-version":[{"id":30230,"href":"https:\/\/www.sage.com\/fr-fr\/blog\/api\/wp\/v2\/posts\/30227\/revisions\/30230"}],"wp:featuredmedia":[{"embeddable":true,"href":"https:\/\/www.sage.com\/fr-fr\/blog\/api\/wp\/v2\/media\/10948"}],"wp:attachment":[{"href":"https:\/\/www.sage.com\/fr-fr\/blog\/api\/wp\/v2\/media?parent=30227"}],"wp:term":[{"taxonomy":"category","embeddable":true,"href":"https:\/\/www.sage.com\/fr-fr\/blog\/api\/wp\/v2\/categories?post=30227"},{"taxonomy":"post_tag","embeddable":true,"href":"https:\/\/www.sage.com\/fr-fr\/blog\/api\/wp\/v2\/tags?post=30227"},{"taxonomy":"business_type","embeddable":true,"href":"https:\/\/www.sage.com\/fr-fr\/blog\/api\/wp\/v2\/business_type?post=30227"},{"taxonomy":"lilypad","embeddable":true,"href":"https:\/\/www.sage.com\/fr-fr\/blog\/api\/wp\/v2\/lilypad?post=30227"},{"taxonomy":"context","embeddable":true,"href":"https:\/\/www.sage.com\/fr-fr\/blog\/api\/wp\/v2\/context?post=30227"},{"taxonomy":"industry","embeddable":true,"href":"https:\/\/www.sage.com\/fr-fr\/blog\/api\/wp\/v2\/industry?post=30227"},{"taxonomy":"persona","embeddable":true,"href":"https:\/\/www.sage.com\/fr-fr\/blog\/api\/wp\/v2\/persona?post=30227"},{"taxonomy":"imagine_tag","embeddable":true,"href":"https:\/\/www.sage.com\/fr-fr\/blog\/api\/wp\/v2\/imagine_tag?post=30227"},{"taxonomy":"author","embeddable":true,"href":"https:\/\/www.sage.com\/fr-fr\/blog\/api\/wp\/v2\/coauthors?post=30227"}],"curies":[{"name":"wp","href":"https:\/\/api.w.org\/{rel}","templated":true}]}}