{"id":3679,"date":"2018-01-22T09:19:06","date_gmt":"2018-01-22T09:19:06","guid":{"rendered":"http:\/\/www.sage.com\/fr-fr\/blog\/?p=3679"},"modified":"2023-04-21T14:42:55","modified_gmt":"2023-04-21T12:42:55","slug":"impact-inalterabilite-process-ecriture-comptable","status":"publish","type":"post","link":"https:\/\/www.sage.com\/fr-fr\/blog\/impact-inalterabilite-process-ecriture-comptable\/","title":{"rendered":"Inalt\u00e9rabilit\u00e9 : l\u2019impact sur mes process d&rsquo;\u00e9criture comptable"},"content":{"rendered":"<header class=\"entry-header has-dark-background-color entry-header--has-illustration entry-header--has-illustration--generic\">\n\t<div class=\"container\">\n\t\t<div class=\"entry-header__row row align-center\">\n\t\t\t<div class=\"col col-lg-7 col-xlg-6 entry-header__content\">\n\t\t\t\t\t\t\t<div class=\"component component-single-header\">\n\t\t\t\t\t\t\t\t\t\t<div class=\"entry-header__misc text--subtitle text--uppercase text--small\">\n\t\t\t\t\t\t\t<a href=\"https:\/\/www.sage.com\/fr-fr\/blog\/categorie\/legal-et-reglementation\/\" class=\"entry-header__link\">L\u00e9gal &amp; R\u00e9glementation<\/a>\t\t\t\t\t\t<\/div>\n\t\t\t\t\n\t\t\t\t<div class=\"entry-title-wrapper\">\n\t\t\t\t\t<h1 class=\"entry-title\">\n\t\t\t\t\t\tInalt\u00e9rabilit\u00e9 : l\u2019impact sur mes process d&rsquo;\u00e9criture comptable\t\t\t\t\t<\/h1>\n\t\t\t\t<\/div>\n\n\t\t\t\t\t\t\t\t\t<p class=\"entry-header__description\">\n\t\t\t\t\t\t\t\t\t\t\t<\/p>\n\t\t\t\t\n\t\t\t\t\n\t\t\t\t\n\t\t\t<\/div>\n\n\t\t\t\t\t<\/div>\n\t\t\t\t\t<\/div>\n\t<\/div>\n\t\t<div class=\"single-post-details container\">\n\t\t<div class=\"col\">\n\t\t\t<span class=\"posted-on \">Publi\u00e9 le <time class=\"entry-date published\" datetime=\"2018-01-22T09:19:06+01:00\">22 janvier 2018<\/time><\/span><span class=\"reading-time\"> min de lecture<\/span>\n\t\t<button\n\t\t\ttype=\"button\"\n\t\t\tclass=\"social-share-button button button--icon button--secondary js-social-share-button\"\n\t\t\tdata-share-title=\"Inalt\u00e9rabilit\u00e9 : l\u2019impact sur mes process d&rsquo;\u00e9criture comptable\"\n\t\t\tdata-share-url=\"https:\/\/www.sage.com\/fr-fr\/blog\/impact-inalterabilite-process-ecriture-comptable\/\"\n\t\t\tdata-share-text=\"Veuillez lire cet article int\u00e9ressant\"\n\t\t>\n\t\t\t<span class=\"social-share-button__share-label\">Partager<\/span>\n\t\t\t<span class=\"social-share-button__copy-label\" hidden>Copier le lien<\/span>\n\t\t\t<span class=\"social-share-button__copy-tooltip\" aria-hidden=\"true\" hidden>Copi\u00e9<\/span>\n\t\t<\/button>\n\n\t\t\t\t<\/div>\n\t<\/div>\n\t<\/header>\n\n\n<div class=\"wp-block-post-author has-dark-background-color alignfull\">\n\t<div class=\"container\">\n\t\t<div class=\"col\">\n\t\t\t\t\t\t\t<div class=\"co-authors\">\n\t\t\t\t\t\n\t\t<div class=\"entry-author-wrapper\">\n\t\t\t<a class=\"entry-author\" href=\"https:\/\/www.sage.com\/fr-fr\/blog\/author\/romainjacquier\/\">\n\t\t\t\t<img loading=\"lazy\" decoding=\"async\" width=\"40\" height=\"40\" src=\"https:\/\/www.sage.com\/fr-fr\/blog\/wp-content\/uploads\/sites\/4\/2024\/07\/Romain-Jacquier-350x350.jpg\" class=\"entry-author__image\" alt=\"Romain Jacquier\" srcset=\"https:\/\/www.sage.com\/fr-fr\/blog\/wp-content\/uploads\/sites\/4\/2024\/07\/Romain-Jacquier-350x350.jpg 350w, https:\/\/www.sage.com\/fr-fr\/blog\/wp-content\/uploads\/sites\/4\/2024\/07\/Romain-Jacquier-768x768.jpg 768w, https:\/\/www.sage.com\/fr-fr\/blog\/wp-content\/uploads\/sites\/4\/2024\/07\/Romain-Jacquier.jpg 800w\" sizes=\"auto, (max-width: 40px) 100vw, 40px\" \/>\t\t\t\t<span class=\"entry-author__name\">Romain Jacquier<\/span>\n\t\t\t<\/a>\n\n\t\t\t\t\t<\/div>\n\n\t\t\t\t\t\t<\/div>\n\t\t\t\t\t<\/div>\n\t<\/div>\n<\/div>\n\n\n\n<p class=\"wp-block-paragraph\">Depuis le 1<sup>er<\/sup> janvier 2018, les entreprises doivent pouvoir justifier aupr\u00e8s de l\u2019administration fiscale qu\u2019elles utilisent des <a href=\"https:\/\/www.sage.com\/fr-fr\/comptabilite-logiciels\/\">logiciels de comptabilit\u00e9<\/a>, de gestion et des syst\u00e8mes de caisse certifi\u00e9s. Parmi les crit\u00e8res de cette certification figure la condition d\u2019inalt\u00e9rabilit\u00e9 des donn\u00e9es. \u00c0 quoi cela correspond-il et cela doit-il changer votre fa\u00e7on de <a href=\"https:\/\/www.sage.com\/fr-fr\/blog\/logiciel-comptabilite-gain-productivite\/\" rel=\"noopener\">g\u00e9rer votre comptabilit\u00e9<\/a> ? Voici quelques \u00e9l\u00e9ments de r\u00e9ponse.<\/p>\n\n\n\n<h2 class=\"wp-block-heading\">Inalt\u00e9rabilit\u00e9 des donn\u00e9es comptables ?<\/h2>\n\n\n\n<p class=\"wp-block-paragraph\">Pour lutter contre la fraude \u00e0 la TVA, l\u2019\u00c9tat impose que les logiciels de comptabilit\u00e9 et de gestion et les syst\u00e8mes de caisse r\u00e9pondent aux conditions d\u2019<strong>inalt\u00e9rabilit\u00e9, de s\u00e9curisation, de conservation et d\u2019archivage des donn\u00e9es<\/strong>. Si les trois derni\u00e8res notions parlent d\u2019elles-m\u00eames, que signifie concr\u00e8tement l\u2019inalt\u00e9rabilit\u00e9 ?<br>Avec cette nouvelle r\u00e9glementation, votre <a href=\"https:\/\/www.sage.com\/fr-fr\/comptabilite-logiciels\/facturation\/\">logiciel de facturation <\/a>doit non seulement <strong>enregistrer toutes les donn\u00e9es d&rsquo;origine<\/strong> relatives aux <a href=\"https:\/\/www.sage.com\/fr-fr\/devis-facture\/logiciels-gestion-commerciale\/\">r\u00e8glements de vos clients<\/a> mais il doit surtout <strong>les conserver dans cet \u00e9tat d&rsquo;origine, au moment o\u00f9 elles ont \u00e9t\u00e9 enregistr\u00e9es<\/strong>. Cela signifie qu\u2019elles ne doivent pas \u00eatre modifi\u00e9es ult\u00e9rieurement par \u00e9crasement.<\/p>\n\n\n\n<h2 class=\"wp-block-heading\">L\u2019obligation d\u2019enregistrer les corrections<\/h2>\n\n\n\n<p class=\"wp-block-paragraph\">Est-ce que cela suppose qu\u2019il n&rsquo;est plus possible de modifier, de supprimer ou d\u2019ajouter des \u00e9critures ? Non mais il faut tout de m\u00eame <strong>changer votre fa\u00e7on de passer des corrections<\/strong>. Prenons un exemple pratique. Un client a demand\u00e9 un changement en cours de prestation. Vous avez donc une modification \u00e0 apporter sur la <a href=\"https:\/\/www.sage.com\/fr-fr\/comptabilite-logiciels\/facturation\/\" rel=\"noopener\">facture<\/a>. Il vous faut&nbsp;<strong>incorporer ces modifications par un syst\u00e8me de \u00ab plus \u00bb et de \u00ab moins \u00bb<\/strong>, et non par modification directe des donn\u00e9es d&rsquo;origine enregistr\u00e9es. <strong>L\u2019\u00e9criture primitive doit en effet rester accessible<\/strong>.<\/p>\n\n\n\n<h2 class=\"wp-block-heading\">La conservation de toutes les donn\u00e9es<\/h2>\n\n\n\n<p class=\"wp-block-paragraph\">Pourquoi conserver les donn\u00e9es d\u2019origine ? L&rsquo;administration fiscale indique qu\u2019elle doit pouvoir <strong>acc\u00e9der aux donn\u00e9es enregistr\u00e9es initialement<\/strong> ainsi qu&rsquo;aux d\u00e9tails dat\u00e9s (ann\u00e9e, mois, jour, heure, minute) des op\u00e9rations et de toutes les corrections apport\u00e9es \u00e0 ces donn\u00e9es. Elle pr\u00e9cise \u00e0 ce sujet que<strong> l&rsquo;int\u00e9grit\u00e9 des donn\u00e9es enregistr\u00e9es doit \u00eatre garantie dans le temps par tout proc\u00e9d\u00e9 technique fiable<\/strong>. Comme dans le cas client pr\u00e9sent\u00e9 dans le paragraphe pr\u00e9c\u00e9dent, cela signifie qu\u2019en cas de modification, il faut \u00e9diter une nouvelle facture avec l\u2019op\u00e9ration suppl\u00e9mentaire ou pr\u00e9voir un avoir si une prestation a \u00e9t\u00e9 supprim\u00e9e.<\/p>\n\n\n\n<h2 class=\"wp-block-heading\">Modifier ses habitudes comptables<\/h2>\n\n\n\n<p class=\"wp-block-paragraph\">Cette nouvelle donne, qui n\u2019est pas si nouvelle que \u00e7a puisque les entreprises ont d\u00e9j\u00e0 l\u2019obligation de pr\u00e9senter des \u00e9critures comptables intangibles (g\u00e9n\u00e9ralement via la fonction de validation qui fige les \u00e9critures et rend impossible toute modification ult\u00e9rieure) implique probablement que vous revoyez la pratique de vos services comptables en amont de ce syst\u00e8me de validation. <strong>Une information sur cette nouvelle r\u00e9glementation, voire une formation, peuvent \u00eatre n\u00e9cessaires pour changer les habitudes de process de votre service comptable.<\/strong><\/p>\n\n\n\n<p class=\"wp-block-paragraph\">Pour tout savoir sur la r\u00e9glementation encadrant la loi de lutte contre la fraude \u00e0 la TVA en vigueur depuis le 1er janvier 2018, rendez-vous sur <a href=\"https:\/\/www.sage.com\/fr-fr\/loi-tva-anti-fraude-2018\/\" rel=\"noopener\">notre page Web d\u00e9di\u00e9e<\/a>.<\/p>\n\n\n<div class=\"single-cta\">\n\t<div class=\"single-cta__positioner on-scroll-highlight__target\">\n\t\t<div class=\"single-cta__wrapper has-dark-background-color\">\n\t\t\t<div class=\"single-cta__content\">\n\t\t\t\t\t\t\t\t<h2 class=\"single-cta__title h3\">Inscrivez-vous \u00e0 la e-newsletter mensuelle<\/h2>\n\n\t\t\t\t\n\t\t\t\t\t\t\t\t\t\t\t\t\t\t<a\n\t\t\t\t\t\thref=\"#gate-a947ade1-e692-455f-94ce-a275d72a9a11\"\n\t\t\t\t\t\tclass=\"single-cta__button button button--primary\"\n\t\t\t\t\t\t\t\t\t\t\t\t\t\t\t\t\t>Je m&#039;abonne<\/a>\n\t\t\t\t\t\t\t<\/div>\n\n\t\t\t\t\t<\/div>\n\n\t\t\t\t\t<img decoding=\"async\" width=\"1024\" height=\"779\" src=\"https:\/\/www.sage.com\/fr-fr\/blog\/wp-content\/uploads\/sites\/4\/2021\/05\/spreadsheets-1024x779-1.jpg\" class=\"single-cta__image\" alt=\"\" loading=\"lazy\" srcset=\"https:\/\/www.sage.com\/fr-fr\/blog\/wp-content\/uploads\/sites\/4\/2021\/05\/spreadsheets-1024x779-1.jpg 1024w\" sizes=\"auto, (min-width: 48em) 33vw, 100vw\" \/>\t\t\t<\/div>\n<\/div>\n\n<section class=\"more-topics alignfull has-grey-light-background-color wp-block-sage-post-topics\">\n\t<div class=\"container\">\n\t\t<div class=\"row\">\n\t\t\t<div class=\"col col-12 col-lg-4\">\n\t\t\t\t<h3 class=\"more-topics__title h2\">Parcourir plus de sujets depuis cet article<\/h3>\n\t\t\t<\/div>\n\t\t\t<div class=\"col col-12 col-lg-8\">\n\t\t\t\t<ul class=\"post-tags__list\">\n\t\t\t\t\t\t\t\t\t\t\t<li class=\"post-tags__item\">\n\t\t\t\t\t\t\t<a href=\"https:\/\/www.sage.com\/fr-fr\/blog\/tag\/comptabilite\/\" class=\"post-tags__link button button--secondary\">\n\t\t\t\t\t\t\t\tComptabilit\u00e9\t\t\t\t\t\t\t<\/a>\n\t\t\t\t\t\t<\/li>\n\t\t\t\t\t\t\t\t\t\t\t<li class=\"post-tags__item\">\n\t\t\t\t\t\t\t<a href=\"https:\/\/www.sage.com\/fr-fr\/blog\/tag\/fiscalite-impot\/\" class=\"post-tags__link button button--secondary\">\n\t\t\t\t\t\t\t\tFiscalit\u00e9 &#8211; Imp\u00f4ts\t\t\t\t\t\t\t<\/a>\n\t\t\t\t\t\t<\/li>\n\t\t\t\t\t\t\t\t\t\t\t<li class=\"post-tags__item\">\n\t\t\t\t\t\t\t<a href=\"https:\/\/www.sage.com\/fr-fr\/blog\/tag\/tva\/\" class=\"post-tags__link button button--secondary\">\n\t\t\t\t\t\t\t\tTVA\t\t\t\t\t\t\t<\/a>\n\t\t\t\t\t\t<\/li>\n\t\t\t\t\t\t\t\t\t<\/ul>\n\t\t\t<\/div>\n\t\t<\/div>\n\t<\/div>\n<\/section>\n\n<div class=\"alignfull wp-block-sage-related-posts\">\n\t<section class=\"related-posts card-grid has-dark-background-color\">\n\t<div class=\"container\">\n\t\t\t\t\t<div class=\"row\">\n\t\t\t\t<div class=\"col\">\n\t\t\t\t\t<h2 class=\"related-posts__heading related-posts__heading--featured h1\">Explorez plus d&#039;articles<\/h2>\n\t\t\t\t<\/div>\n\t\t\t<\/div>\n\n\t\t\t<div class=\"row related-posts__featured\">\n\t\t\t\t<div class=\"col card-grid__item\">\n\t\t\t\t\t<article\n\t\tclass=\"card-post related-post related-post-0 post-30036 post type-post status-publish format-standard has-post-thumbnail hentry category-legal-et-reglementation tag-comptabilite tag-facture-electronique tag-reglementation business_type-artisans-et-petites-entreprises business_type-petites-et-moyennes-entreprises business_type-expertise-comptable industry-services card-post--is-clickable\"\n>\n\t<div class=\"card-post__media-wrapper\">\n\t\t<figure class=\"card-post__media\">\n\t\t\t\t\t\t\t<img decoding=\"async\" width=\"1440\" height=\"810\" src=\"https:\/\/www.sage.com\/fr-fr\/blog\/wp-content\/uploads\/sites\/4\/2022\/04\/GettyImages-1279589946-1440x810.jpg\" class=\"card-post__image\" alt=\"Que devient le secret professionnel des avocats avec la RFE ? I Sage Advice France\" loading=\"lazy\" srcset=\"https:\/\/www.sage.com\/fr-fr\/blog\/wp-content\/uploads\/sites\/4\/2022\/04\/GettyImages-1279589946-684x384.jpg 684w, https:\/\/www.sage.com\/fr-fr\/blog\/wp-content\/uploads\/sites\/4\/2022\/04\/GettyImages-1279589946-768x432.jpg 768w, https:\/\/www.sage.com\/fr-fr\/blog\/wp-content\/uploads\/sites\/4\/2022\/04\/GettyImages-1279589946-1440x810.jpg 1440w\" sizes=\"auto, (min-width: 48em) 250px, (min-width: 30em) 100vw, 100vw\" \/>\t\t\t\n\t\t\t\n\t\t\t\t\t<\/figure>\n\t<\/div>\n\n\t<div class=\"card-post__content\">\n\t\t\t\t\t<div class=\"card-post__label\">Recommand\u00e9<\/div>\n\t\t\n\t\t\t\t\t<div class=\"card-post__meta\">\n\t\t\t\t\t\t\t\t\t\t\t\t\t\t\t\t\t\t\t<span class=\"card-post__meta-text\"><span class=\"posted-on \"><time class=\"entry-date published\" datetime=\"2026-07-02T10:00:00+02:00\">2 juillet 2026<\/time><\/span><\/span>\n\t\t\t\t\t\t\t\t\t\t\t<span class=\"card-post__meta-text\"><span class=\"reading-time\">13 min de lecture<\/span><\/span>\n\t\t\t\t\t\t\t\t\t\t\t\t<\/div>\n\t\t\n\t\t<p class=\"card-post__title h3\">\n\t\t\t\t\t\t\t<a\n\t\t\t\t\tclass=\"card-post__title-link\"\n\t\t\t\t\thref=\"https:\/\/www.sage.com\/fr-fr\/blog\/rfe-que-devient-le-secret-professionnel-des-avocats\/\"\n\t\t\t\t>\n\t\t\t\n\t\t\tQue devient le secret professionnel des avocats avec la facture \u00e9lectronique\u00a0?\n\t\t\t\t\t\t\t<\/a>\n\t\t\t\t\t<\/p>\n\n\t\t\n\t\t\t\t\t<p class=\"card-post__description\">\n\t\t\t\tLa r\u00e9forme de la facture \u00e9lectronique impose aux avocats une transparence accrue envers l\u2019administration fiscale. Pourtant, cette obligation se heurte au secret professionnel, pilier de la relation avocat-client. Gr\u00e2ce au cas d\u2019usage n\u00b036 et \u00e0 des plateformes agr\u00e9\u00e9es s\u00e9curis\u00e9es, les cabinets peuvent toutefois concilier conformit\u00e9 fiscale et confidentialit\u00e9. Les libell\u00e9s g\u00e9n\u00e9riques, le chiffrement des donn\u00e9es et l\u2019h\u00e9bergement en France\/UE deviennent des leviers cl\u00e9s. \nCe cadre, encore en cours de n\u00e9gociation sur certains points, prouve que facture \u00e9lectronique et secret professionnel des avocats peuvent coexister.\t\t\t<\/p>\n\t\t\n\t\t\t<\/div>\n\n\t<\/article>\n\t\t\t\t<\/div>\n\t\t\t<\/div>\n\t\t\n\t\t\t\t\t<div class=\"row related-posts__non-featured\">\n\t\t\t\t<div class=\"col col-12\">\n\t\t\t\t\t<h2 class=\"related-posts__heading related-posts__heading--more h4\">En savoir plus sur ce sujet<\/h2>\n\t\t\t\t<\/div>\n\n\t\t\t\t\n\t\t\t\t\t<div class=\"col col-6 col-lg-3 card-grid__item\">\n\t\t\t\t\t\t<article\n\t\tclass=\"card-post related-post related-post-1 post-30016 post type-post status-publish format-standard has-post-thumbnail hentry category-guides-et-modeles-gratuits tag-comptabilite tag-daf-directeur-administratif-financier tag-ia-digitalisation tag-intelligence-artificielle tag-logiciel-de-gestion business_type-artisans-et-petites-entreprises business_type-petites-et-moyennes-entreprises industry-btp industry-industrie industry-negoce industry-services\"\n>\n\t\t\t<a\n\t\t\tclass=\"card-post__link\"\n\t\t\thref=\"https:\/\/www.sage.com\/fr-fr\/blog\/guide-pilotage-financier-avantage-concurrentiel\/\"\n\t\t\t\t\t>\n\t\t\t<figure class=\"card-post__media\">\n\t\t\t\t\t\t\t<img decoding=\"async\" width=\"684\" height=\"384\" src=\"https:\/\/www.sage.com\/fr-fr\/blog\/wp-content\/uploads\/sites\/4\/2023\/09\/GettyImages-1392324314-684x384.jpg\" class=\"card-post__image\" alt=\"Livre blanc PILOTAGE FINANCIER NOUVELLE G\u00c9N\u00c9RATION : L\u2019AVANTAGE CONCURRENTIEL 2027\" loading=\"lazy\" srcset=\"https:\/\/www.sage.com\/fr-fr\/blog\/wp-content\/uploads\/sites\/4\/2023\/09\/GettyImages-1392324314-684x384.jpg 684w, https:\/\/www.sage.com\/fr-fr\/blog\/wp-content\/uploads\/sites\/4\/2023\/09\/GettyImages-1392324314-768x512.jpg 768w, https:\/\/www.sage.com\/fr-fr\/blog\/wp-content\/uploads\/sites\/4\/2023\/09\/GettyImages-1392324314-1215x810.jpg 1215w\" sizes=\"auto, (min-width: 48em) 250px, (min-width: 30em) 100vw, 100vw\" \/>\t\t\t\n\t\t\t\n\t\t\t\t\t<\/figure>\n\n\t\t\n\t\t\t\t\t<div class=\"card-post__meta\">\n\t\t\t\t\t\t\t\t\t<svg role=\"presentation\" aria-hidden=\"true\" focusable=\"false\" width=\"24\" height=\"24\" class=\"card-post__meta-icon svg-icon\" xmlns=\"http:\/\/www.w3.org\/2000\/svg\" viewbox=\"0 0 24 24\"><path d=\"M11.988 2.989a.75.75 0 0 0-.739.761v10.689l-1.72-1.72a.75.75 0 0 0-.957-.099.75.75 0 0 0-.315.776c.031.146.104.28.211.384l3 3a.75.75 0 0 0 1.06 0l3-3a.76.76 0 0 0 .231-.533.74.74 0 0 0-.22-.538q-.108-.106-.247-.164c-.139-.058-.191-.057-.291-.056s-.198.022-.29.061-.174.097-.243.169l-1.72 1.72V3.75a.76.76 0 0 0-.22-.541.76.76 0 0 0-.542-.22zM5.75 8.5C4.24 8.5 3 9.74 3 11.25v7C3 19.76 4.24 21 5.75 21h12.5c1.51 0 2.75-1.24 2.75-2.75v-7c0-1.51-1.24-2.75-2.75-2.75h-3a.76.76 0 0 0-.537.216.74.74 0 0 0-.223.535.76.76 0 0 0 .223.535.74.74 0 0 0 .537.216h3c.699 0 1.25.551 1.25 1.25v7a1.24 1.24 0 0 1-1.25 1.25H5.75a1.24 1.24 0 0 1-1.25-1.25v-7c0-.699.551-1.25 1.25-1.25h3a.76.76 0 0 0 .537-.216.74.74 0 0 0 .223-.535.76.76 0 0 0-.223-.535.75.75 0 0 0-.537-.216z\" \/><\/svg>\t\t\t\t\t\t\t\t\t\t\t\t\t\t\t\t\t\t\t\t\t\t\t\t\t\t<span class=\"card-post__meta-text\"><span class=\"posted-on \"><time class=\"entry-date published\" datetime=\"2026-06-26T18:34:56+02:00\">26 juin 2026<\/time><\/span><\/span>\n\t\t\t\t\t\t\t\t\t\t\t\t\t\t\t\t\t\t\t\t\t\t\t\t<span class=\"card-post__meta-text\"><span class=\"reading-time\">2 min de lecture<\/span><\/span>\n\t\t\t\t\t\t\t\t\t\t\t\t\t\t\t\t\t\t<\/div>\n\t\t\n\t\t<p class=\"card-post__title h5\">\n\t\t\tPilotage financier nouvelle g\u00e9n\u00e9ration : l\u2019avantage concurrentiel 2027\t\t<\/p>\n\n\t\t\t<\/a>\n\t\n\t\n\t\t\n\t\n\t<\/article>\n\t\t\t\t\t<\/div>\n\t\t\t\t\n\t\t\t\t\t<div class=\"col col-6 col-lg-3 card-grid__item\">\n\t\t\t\t\t\t<article\n\t\tclass=\"card-post related-post related-post-2 post-30009 post type-post status-publish format-standard has-post-thumbnail hentry category-legal-et-reglementation tag-comptabilite tag-facture-electronique business_type-artisans-et-petites-entreprises business_type-petites-et-moyennes-entreprises industry-btp industry-industrie industry-negoce industry-services\"\n>\n\t\t\t<a\n\t\t\tclass=\"card-post__link\"\n\t\t\thref=\"https:\/\/www.sage.com\/fr-fr\/blog\/code-de-routage-l-adresse-electronique-indispensable\/\"\n\t\t\t\t\t>\n\t\t\t<figure class=\"card-post__media\">\n\t\t\t\t\t\t\t<img decoding=\"async\" width=\"684\" height=\"384\" src=\"https:\/\/www.sage.com\/fr-fr\/blog\/wp-content\/uploads\/sites\/4\/2022\/04\/GettyImages-965461824-684x384.jpg\" class=\"card-post__image\" alt=\"Code de routage : l\u2019adresse \u00e9lectronique indispensable I Sage Advice France\" loading=\"lazy\" srcset=\"https:\/\/www.sage.com\/fr-fr\/blog\/wp-content\/uploads\/sites\/4\/2022\/04\/GettyImages-965461824-684x384.jpg 684w, https:\/\/www.sage.com\/fr-fr\/blog\/wp-content\/uploads\/sites\/4\/2022\/04\/GettyImages-965461824-768x432.jpg 768w, https:\/\/www.sage.com\/fr-fr\/blog\/wp-content\/uploads\/sites\/4\/2022\/04\/GettyImages-965461824-1440x810.jpg 1440w\" sizes=\"auto, (min-width: 48em) 250px, (min-width: 30em) 100vw, 100vw\" \/>\t\t\t\n\t\t\t\n\t\t\t\t\t<\/figure>\n\n\t\t\n\t\t\t\t\t<div class=\"card-post__meta\">\n\t\t\t\t\t\t\t\t\t\t\t\t\t\t\t\t\t\t\t\t\t\t\t\t\t\t<span class=\"card-post__meta-text\"><span class=\"posted-on \"><time class=\"entry-date published\" datetime=\"2026-06-24T10:00:00+02:00\">24 juin 2026<\/time><\/span><\/span>\n\t\t\t\t\t\t\t\t\t\t\t\t\t\t\t\t\t\t\t\t\t\t\t\t<span class=\"card-post__meta-text\"><span class=\"reading-time\">5 min de lecture<\/span><\/span>\n\t\t\t\t\t\t\t\t\t\t\t\t\t\t\t\t\t\t<\/div>\n\t\t\n\t\t<p class=\"card-post__title h5\">\n\t\t\tCode de routage : l\u2019adresse indispensable pour vos factures \u00e9lectroniques\t\t<\/p>\n\n\t\t\t<\/a>\n\t\n\t\n\t\t\n\t\n\t<\/article>\n\t\t\t\t\t<\/div>\n\t\t\t\t\n\t\t\t\t\t<div class=\"col col-6 col-lg-3 card-grid__item\">\n\t\t\t\t\t\t<article\n\t\tclass=\"card-post related-post related-post-3 post-29876 post type-post status-publish format-standard has-post-thumbnail hentry category-gestion-financiere tag-comptabilite tag-facture-electronique business_type-artisans-et-petites-entreprises business_type-petites-et-moyennes-entreprises business_type-expertise-comptable industry-btp industry-industrie industry-negoce industry-services\"\n>\n\t\t\t<a\n\t\t\tclass=\"card-post__link\"\n\t\t\thref=\"https:\/\/www.sage.com\/fr-fr\/blog\/une-gestion-comptable-defaillante-dans-60-des-procedures-collectives\/\"\n\t\t\t\t\t>\n\t\t\t<figure class=\"card-post__media\">\n\t\t\t\t\t\t\t<img decoding=\"async\" width=\"684\" height=\"384\" src=\"https:\/\/www.sage.com\/fr-fr\/blog\/wp-content\/uploads\/sites\/4\/2023\/09\/GettyImages-1329013231-684x384.jpg\" class=\"card-post__image\" alt=\"60 % des proc\u00e9dures collectives li\u00e9es \u00e0 une gestion comptable d\u00e9faillante\" loading=\"lazy\" srcset=\"https:\/\/www.sage.com\/fr-fr\/blog\/wp-content\/uploads\/sites\/4\/2023\/09\/GettyImages-1329013231-684x384.jpg 684w, https:\/\/www.sage.com\/fr-fr\/blog\/wp-content\/uploads\/sites\/4\/2023\/09\/GettyImages-1329013231-768x512.jpg 768w, https:\/\/www.sage.com\/fr-fr\/blog\/wp-content\/uploads\/sites\/4\/2023\/09\/GettyImages-1329013231-1215x810.jpg 1215w\" sizes=\"auto, (min-width: 48em) 250px, (min-width: 30em) 100vw, 100vw\" \/>\t\t\t\n\t\t\t\n\t\t\t\t\t<\/figure>\n\n\t\t\n\t\t\t\t\t<div class=\"card-post__meta\">\n\t\t\t\t\t\t\t\t\t\t\t\t\t\t\t\t\t\t\t\t\t\t\t\t\t\t<span class=\"card-post__meta-text\"><span class=\"posted-on \"><time class=\"entry-date published\" datetime=\"2026-06-04T10:00:00+02:00\">4 juin 2026<\/time><\/span><\/span>\n\t\t\t\t\t\t\t\t\t\t\t\t\t\t\t\t\t\t\t\t\t\t\t\t<span class=\"card-post__meta-text\"><span class=\"reading-time\">5 min de lecture<\/span><\/span>\n\t\t\t\t\t\t\t\t\t\t\t\t\t\t\t\t\t\t<\/div>\n\t\t\n\t\t<p class=\"card-post__title h5\">\n\t\t\t60 % des proc\u00e9dures collectives li\u00e9es \u00e0 une gestion comptable d\u00e9faillante\t\t<\/p>\n\n\t\t\t<\/a>\n\t\n\t\n\t\t\n\t\n\t<\/article>\n\t\t\t\t\t<\/div>\n\t\t\t\t\n\t\t\t\t\t<div class=\"col col-6 col-lg-3 card-grid__item\">\n\t\t\t\t\t\t<article\n\t\tclass=\"card-post related-post related-post-4 post-29772 post type-post status-publish format-standard has-post-thumbnail hentry category-digitalisation-et-tendances tag-comptabilite tag-donnees tag-ia-digitalisation business_type-artisans-et-petites-entreprises business_type-petites-et-moyennes-entreprises business_type-expertise-comptable industry-btp industry-industrie industry-negoce industry-services\"\n>\n\t\t\t<a\n\t\t\tclass=\"card-post__link\"\n\t\t\thref=\"https:\/\/www.sage.com\/fr-fr\/blog\/connectee-a-100-des-donnees-contextuelles-ia-universelle\/\"\n\t\t\t\t\t>\n\t\t\t<figure class=\"card-post__media\">\n\t\t\t\t\t\t\t<img decoding=\"async\" width=\"684\" height=\"384\" src=\"https:\/\/www.sage.com\/fr-fr\/blog\/wp-content\/uploads\/sites\/4\/2023\/09\/GettyImages-1397606538-684x384.jpg\" class=\"card-post__image\" alt=\"IA Sage donn\u00e9es contextuelles\" loading=\"lazy\" srcset=\"https:\/\/www.sage.com\/fr-fr\/blog\/wp-content\/uploads\/sites\/4\/2023\/09\/GettyImages-1397606538-684x384.jpg 684w, https:\/\/www.sage.com\/fr-fr\/blog\/wp-content\/uploads\/sites\/4\/2023\/09\/GettyImages-1397606538-768x512.jpg 768w, https:\/\/www.sage.com\/fr-fr\/blog\/wp-content\/uploads\/sites\/4\/2023\/09\/GettyImages-1397606538-1215x810.jpg 1215w\" sizes=\"auto, (min-width: 48em) 250px, (min-width: 30em) 100vw, 100vw\" \/>\t\t\t\n\t\t\t\n\t\t\t\t\t<\/figure>\n\n\t\t\n\t\t\t\t\t<div class=\"card-post__meta\">\n\t\t\t\t\t\t\t\t\t\t\t\t\t\t\t\t\t\t\t\t\t\t\t\t\t\t<span class=\"card-post__meta-text\"><span class=\"posted-on \"><time class=\"entry-date published\" datetime=\"2026-05-13T18:44:37+02:00\">13 mai 2026<\/time><\/span><\/span>\n\t\t\t\t\t\t\t\t\t\t\t\t\t\t\t\t\t\t\t\t\t\t\t\t<span class=\"card-post__meta-text\"><span class=\"reading-time\">4 min de lecture<\/span><\/span>\n\t\t\t\t\t\t\t\t\t\t\t\t\t\t\t\t\t\t<\/div>\n\t\t\n\t\t<p class=\"card-post__title h5\">\n\t\t\tConnect\u00e9e \u00e0 100 % des donn\u00e9es contextuelles\u00a0: vers une IA universelle\t\t<\/p>\n\n\t\t\t<\/a>\n\t\n\t\n\t\t\n\t\n\t<\/article>\n\t\t\t\t\t<\/div>\n\t\t\t\t\t\t\t<\/div>\n\t\t\t<\/div>\n<\/section>\n<\/div>\n","protected":false},"excerpt":{"rendered":"<p>Depuis le 1er janvier 2018, les entreprises doivent pouvoir justifier aupr\u00e8s de l\u2019administration fiscale qu\u2019elles utilisent des logiciels de comptabilit\u00e9, de gestion et des syst\u00e8mes de caisse certifi\u00e9s. Parmi les crit\u00e8res de cette certification figure la condition d\u2019inalt\u00e9rabilit\u00e9 des donn\u00e9es. \u00c0 quoi cela correspond-il et cela doit-il changer votre fa\u00e7on de g\u00e9rer votre comptabilit\u00e9 ? [&hellip;]<\/p>\n","protected":false},"author":358,"featured_media":3680,"comment_status":"open","ping_status":"closed","sticky":false,"template":"","format":"standard","meta":{"_yoast_wpseo_is_cornerstone":"","_yoast_wpseo_meta-robots-noindex":"","_yoast_wpseo_meta-robots-nofollow":"","_yoast_wpseo_opengraph-title":"","_yoast_wpseo_opengraph-description":"","_yoast_wpseo_opengraph-image":"","_yoast_wpseo_opengraph-image-id":"","_yoast_wpseo_twitter-title":"","_yoast_wpseo_twitter-description":"","_yoast_wpseo_twitter-image":"","_yoast_wpseo_twitter-image-id":"","_yoast_wpseo_schema_page_type":"","_yoast_wpseo_schema_article_type":"","_sage_video":false,"_yoast_wpseo_focuskeywords":"","_yoast_wpseo_keywordsynonyms":"","_yoast_wpseo_primary_category":"13","post_featured_image_hide":false,"sage_hide_published_date":false,"sage_hide_read_time":false,"sage_hide_share_buttons":false,"_pwl_sage_podcast_buzzsprout_src":"","footnotes":""},"categories":[13],"tags":[70,315,28],"business_type":[8,9],"lilypad":[],"context":[],"industry":[23,24,25,26],"persona":[35,34,37],"imagine_tag":[456,462,805,459],"coauthors":[928],"class_list":["post-3679","post","type-post","status-publish","format-standard","has-post-thumbnail","hentry","category-legal-et-reglementation","tag-comptabilite","tag-fiscalite-impot","tag-tva","business_type-artisans-et-petites-entreprises","business_type-petites-et-moyennes-entreprises","industry-btp","industry-industrie","industry-negoce","industry-services"],"sage_meta":{"region":"fr-fr","author_name":"Romain Jacquier","featured_image":"https:\/\/www.sage.com\/fr-fr\/blog\/wp-content\/uploads\/sites\/4\/2018\/01\/inalterabilite-impact-process-ecriture-comptable.jpg","imagine_tags":{"456":"Gestion Commerciale","462":"Grandes Entreprises","805":"Loi anti-fraude TVA","459":"Petites et Moyennes Entreprises"}},"distributor_meta":false,"distributor_terms":false,"distributor_media":false,"distributor_original_site_name":"Sage Advice France","distributor_original_site_url":"https:\/\/www.sage.com\/fr-fr\/blog","push-errors":false,"_links":{"self":[{"href":"https:\/\/www.sage.com\/fr-fr\/blog\/api\/wp\/v2\/posts\/3679","targetHints":{"allow":["GET"]}}],"collection":[{"href":"https:\/\/www.sage.com\/fr-fr\/blog\/api\/wp\/v2\/posts"}],"about":[{"href":"https:\/\/www.sage.com\/fr-fr\/blog\/api\/wp\/v2\/types\/post"}],"author":[{"embeddable":true,"href":"https:\/\/www.sage.com\/fr-fr\/blog\/api\/wp\/v2\/users\/358"}],"replies":[{"embeddable":true,"href":"https:\/\/www.sage.com\/fr-fr\/blog\/api\/wp\/v2\/comments?post=3679"}],"version-history":[{"count":0,"href":"https:\/\/www.sage.com\/fr-fr\/blog\/api\/wp\/v2\/posts\/3679\/revisions"}],"wp:featuredmedia":[{"embeddable":true,"href":"https:\/\/www.sage.com\/fr-fr\/blog\/api\/wp\/v2\/media\/3680"}],"wp:attachment":[{"href":"https:\/\/www.sage.com\/fr-fr\/blog\/api\/wp\/v2\/media?parent=3679"}],"wp:term":[{"taxonomy":"category","embeddable":true,"href":"https:\/\/www.sage.com\/fr-fr\/blog\/api\/wp\/v2\/categories?post=3679"},{"taxonomy":"post_tag","embeddable":true,"href":"https:\/\/www.sage.com\/fr-fr\/blog\/api\/wp\/v2\/tags?post=3679"},{"taxonomy":"business_type","embeddable":true,"href":"https:\/\/www.sage.com\/fr-fr\/blog\/api\/wp\/v2\/business_type?post=3679"},{"taxonomy":"lilypad","embeddable":true,"href":"https:\/\/www.sage.com\/fr-fr\/blog\/api\/wp\/v2\/lilypad?post=3679"},{"taxonomy":"context","embeddable":true,"href":"https:\/\/www.sage.com\/fr-fr\/blog\/api\/wp\/v2\/context?post=3679"},{"taxonomy":"industry","embeddable":true,"href":"https:\/\/www.sage.com\/fr-fr\/blog\/api\/wp\/v2\/industry?post=3679"},{"taxonomy":"persona","embeddable":true,"href":"https:\/\/www.sage.com\/fr-fr\/blog\/api\/wp\/v2\/persona?post=3679"},{"taxonomy":"imagine_tag","embeddable":true,"href":"https:\/\/www.sage.com\/fr-fr\/blog\/api\/wp\/v2\/imagine_tag?post=3679"},{"taxonomy":"author","embeddable":true,"href":"https:\/\/www.sage.com\/fr-fr\/blog\/api\/wp\/v2\/coauthors?post=3679"}],"curies":[{"name":"wp","href":"https:\/\/api.w.org\/{rel}","templated":true}]}}