{"id":3749,"date":"2018-02-19T09:00:49","date_gmt":"2018-02-19T08:00:49","guid":{"rendered":"http:\/\/www.sage.com\/fr-fr\/blog\/?p=3749"},"modified":"2024-01-02T15:11:23","modified_gmt":"2024-01-02T14:11:23","slug":"prelevement-a-la-source-signature-charte-dgfip","status":"publish","type":"post","link":"https:\/\/www.sage.com\/fr-fr\/blog\/prelevement-a-la-source-signature-charte-dgfip\/","title":{"rendered":"Pr\u00e9l\u00e8vement \u00e0 la source : signature de la charte avec la DGFiP"},"content":{"rendered":"<header class=\"entry-header has-dark-background-color entry-header--has-illustration entry-header--has-illustration--generic\">\n\t<div class=\"container\">\n\t\t<div class=\"entry-header__row row align-center\">\n\t\t\t<div class=\"col col-lg-7 col-xlg-6 entry-header__content\">\n\t\t\t\t\t\t\t<div class=\"component component-single-header\">\n\t\t\t\t\t\t\t\t\t\t<div class=\"entry-header__misc text--subtitle text--uppercase text--small\">\n\t\t\t\t\t\t\t<a href=\"https:\/\/www.sage.com\/fr-fr\/blog\/categorie\/legal-et-reglementation\/\" class=\"entry-header__link\">L\u00e9gal &amp; R\u00e9glementation<\/a>\t\t\t\t\t\t<\/div>\n\t\t\t\t\n\t\t\t\t<div class=\"entry-title-wrapper\">\n\t\t\t\t\t<h1 class=\"entry-title\">\n\t\t\t\t\t\tPr\u00e9l\u00e8vement \u00e0 la source : signature de la charte avec la DGFiP\t\t\t\t\t<\/h1>\n\t\t\t\t<\/div>\n\n\t\t\t\t\t\t\t\t\t<p class=\"entry-header__description\">\n\t\t\t\t\t\t\t\t\t\t\t<\/p>\n\t\t\t\t\n\t\t\t\t\n\t\t\t\t\n\t\t\t<\/div>\n\n\t\t\t\t\t<\/div>\n\t\t\t\t\t<\/div>\n\t<\/div>\n\t<div class=\"single-post-details container\">\n\t\t<div class=\"col\">\n\t\t\t<span class=\"posted-on \"><time class=\"entry-date published\" datetime=\"2018-02-19T09:00:49+01:00\">19 f\u00e9vrier 2018<\/time><\/span><span class=\"reading-time\"> min de lecture<\/span>\n\t\t<button\n\t\t\ttype=\"button\"\n\t\t\tclass=\"social-share-button button button--icon button--secondary js-social-share-button\"\n\t\t\tdata-share-title=\"Pr\u00e9l\u00e8vement \u00e0 la source : signature de la charte avec la DGFiP\"\n\t\t\tdata-share-url=\"https:\/\/www.sage.com\/fr-fr\/blog\/prelevement-a-la-source-signature-charte-dgfip\/\"\n\t\t\tdata-share-text=\"Veuillez lire cet article int\u00e9ressant\"\n\t\t>\n\t\t\t<span class=\"social-share-button__share-label\">Partager<\/span>\n\t\t\t<span class=\"social-share-button__copy-label\" hidden>Copier le lien<\/span>\n\t\t\t<span class=\"social-share-button__copy-tooltip\" aria-hidden=\"true\" hidden>Copi\u00e9<\/span>\n\t\t<\/button>\n\n\t\t\t\t<\/div>\n\t<\/div>\n<\/header>\n\n\n<div class=\"wp-block-post-author has-dark-background-color alignfull\">\n\t<div class=\"container\">\n\t\t<div class=\"col\">\n\t\t\t\t\t\t\t<div class=\"co-authors\">\n\t\t\t\t\t\n\t\t<div class=\"entry-author-wrapper\">\n\t\t\t<a class=\"entry-author\" href=\"https:\/\/www.sage.com\/fr-fr\/blog\/author\/sabineducrot\/\">\n\t\t\t\t<img loading=\"lazy\" decoding=\"async\" width=\"40\" height=\"40\" src=\"https:\/\/www.sage.com\/fr-fr\/blog\/wp-content\/uploads\/sites\/4\/2021\/04\/Sabine-Ducrot-Ciss-350x350.png\" class=\"entry-author__image\" alt=\"\" \/>\t\t\t\t<span class=\"entry-author__name\">Sabine Ducrot-Ciss<\/span>\n\t\t\t<\/a>\n\n\t\t\t\t\t<\/div>\n\n\t\t\t\t\t\t<\/div>\n\t\t\t\t\t<\/div>\n\t<\/div>\n<\/div>\n\n\n\n<p class=\"\">Les \u00e9diteurs de logiciels de Paye ont jusqu\u2019au 31 mars 2018 pour adh\u00e9rer \u00e0 une charte propos\u00e9e par l\u2019administration fiscale. Celle-ci sera applicable pendant une dur\u00e9e limit\u00e9e. Au passage, l\u2019administration prend soin d\u2019en circonscrire la port\u00e9e, en pr\u00e9cisant que l\u2019adh\u00e9sion \u00e0 la charte n\u2019emporte pas certification des solutions de logiciels de paye de l\u2019\u00e9diteur.<\/p>\n\n\n\n<p class=\"\">Pour faciliter autant que faire se peut la mise en \u0153uvre du <a href=\"https:\/\/www.sage.com\/fr-fr\/prelevement-a-la-source-pas\/\">pr\u00e9l\u00e8vement \u00e0 la source (PAS)<\/a> de l\u2019imp\u00f4t sur le revenu, l\u2019administration fiscale a annonc\u00e9 qu\u2019une <a href=\"https:\/\/minefi.hosting.augure.com\/Augure_Minefi\/r\/ContenuEnLigne\/Download?id=D883678A-22AC-4E84-8F3B-F24BE99DDF4B&amp;filename=173%20-%20Dossier%20Presse_charte%20Editeurs_PAS.pdf\" target=\"_blank\" rel=\"noopener noreferrer\"><strong>charte de partenariat<\/strong> entre la Direction g\u00e9n\u00e9rale des Finances publiques (DGFiP) et les \u00e9diteurs de logiciels de Paye<\/a> est ouverte \u00e0 signature (82 signataires \u00e0 la date du 14 f\u00e9vrier 2018).<\/p>\n\n\n\n<p class=\"\">La charte vise \u00e0 s\u00e9curiser la mise en place du PAS, en s\u2019appuyant sur la participation des \u00e9diteurs aux tests propos\u00e9s par la DGFiP et le GIP-MDS au premier semestre 2018.<\/p>\n\n\n\n<p class=\"\">Elle d\u00e9finit notamment les engagements des \u00e9diteurs de logiciels de paye en vue de proposer une offre conforme \u00e0 une mise en \u0153uvre du PAS dans des conditions optimales (respect des r\u00e8gles en vigueur, logiciel int\u00e9grant toutes les fonctionnalit\u00e9s de production du PAS, possibilit\u00e9 pour les employeurs de participer \u00e0 la phase de pr\u00e9figuration de septembre \u00e0 d\u00e9cembre 2018, etc.).<\/p>\n\n\n\n<p class=\"\">La <strong>date limite de signature<\/strong> de cette charte est fix\u00e9e au<strong> 31 mars 2018<\/strong>. Pr\u00e9cisons que les collecteurs du PAS en situation d\u2019auto-\u00e9dition (d\u00e9veloppement interne de la solution de logiciel de paye) ne sont pas concern\u00e9s par la charte.<\/p>\n\n\n\n<p class=\"\">Le nom des \u00e9diteurs <strong>signataires<\/strong> de la charte et les logiciels concern\u00e9s <strong>seront publi\u00e9s<\/strong> et r\u00e9guli\u00e8rement mis \u00e0 jour <strong>sur le site www.impots.gouv.fr<\/strong>. En cas d\u2019inex\u00e9cution totale ou partielle des engagements, une proc\u00e9dure est pr\u00e9vue, qui peut aller jusqu\u2019au retrait des r\u00e9f\u00e9rences de l\u2019\u00e9diteur.<\/p>\n\n\n\n<p class=\"\">La charte contient cependant une pr\u00e9cision importante : son article 2 pr\u00e9voit que \u00ab <em>l\u2019adh\u00e9sion \u00e0 la charte n\u2019emporte pas homologation, certification ou labellisation des solutions de logiciels de paye de l\u2019\u00e9diteur. Il ne sera pas op\u00e9r\u00e9 de v\u00e9rification de tous les types de fonctionnement vis-\u00e0-vis d\u2019une solution de logiciel et \u00e0 ce titre, l\u2019administration fiscale ne prend pas l\u2019engagement de garantir le fonctionnement nominal de la solution de logiciel mise sur le march\u00e9 par l\u2019\u00e9diteur<\/em> \u00bb.<\/p>\n\n\n\n<p class=\"\">La<strong> charte est applicable aux \u00e9diteurs de logiciels de Paye et \u00e0 la DGFiP de sa date de signature jusqu\u2019au 30 juin 2018<\/strong>. La liste des \u00e9diteurs signataires de la pr\u00e9sente Charte restera consultable sur le site www.impots.gouv.fr au-del\u00e0 du 30 juin 2018.<\/p>\n\n\n\n<p class=\"\"><\/p>\n\n\n<p><mark class=\"highlight-and-share\"><strong>Sage<\/strong>\u00a0<strong>a sign\u00e9, le 14 f\u00e9vrier 2018, la charte de partenariat entre la DGFiP\u00b9, le GIP-MDS\u00b2 et les \u00e9diteurs de logiciels de Paye<\/strong> pour la mise en place du pr\u00e9l\u00e8vement \u00e0 la source de l\u2019imp\u00f4t sur le revenu.<\/mark><\/p>\n\n\n\n<p class=\"\"><a href=\"https:\/\/www.sage.com\/fr-fr\/actualites\/communiques-presse\/2018\/02\/sage-signe-charte-partenariat-dgfip\/\" target=\"_blank\" rel=\"noopener noreferrer\">D\u00e9couvrez le communiqu\u00e9 de presse<\/a><\/p>\n\n\n\n<p class=\"\">Retrouvez toutes les actualit\u00e9s de notre partenaire RFConseil \u00e9dit\u00e9 par le Groupe Revue Fiduciaire sur son application GRF + :<\/p>\n\n\n\n<p class=\"\"><a href=\"https:\/\/itunes.apple.com\/fr\/app\/grf-+\/id714087085?mt=8\">Pour Apple<\/a><\/p>\n\n\n\n<p class=\"\"><a href=\"https:\/\/play.google.com\/store\/apps\/details?id=com.amudo.GRF&amp;hl=fr\">Pour Android<\/a><\/p>\n\n\n\n<h6 class=\"wp-block-heading\">Source : RF Conseil,<a href=\"http:\/\/rfconseil.grouperf.com\/depeches\/40903.html\" target=\"_blank\" rel=\"noopener noreferrer\"> Pr\u00e9l\u00e8vement \u00e0 la source : une charte entre la DGFiP et les \u00e9diteurs de logiciels de paye ouverte \u00e0 signature<\/a>, 15\/02\/2018.<br>\u00b9Direction G\u00e9n\u00e9rale des Finances Publiques<br>\u00b2Groupement d&rsquo;Int\u00e9r\u00eat Public pour la modernisation des D\u00e9clarations Sociales<\/h6>\n\n\n\n<div class=\"single-cta gated-content\">\n\t<div class=\"single-cta__positioner\">\n\t\t<div class=\"single-cta__wrapper has-dark-background-color\">\n\t\t\t<div class=\"single-cta__content\">\n\t\t\t\t\t\t\t\t<h2 class=\"single-cta__title h3\">Tout ce que vous avez toujours voulu savoir sur le pr\u00e9l\u00e8vement \u00e0 la source <\/h2>\n\n\t\t\t\t\n\t\t\t\t\t\t\t\t\t\t\t\t\t\t<a\n\t\t\t\t\t\thref=\"#gate-596c82f7-3aea-4e1f-bcf7-0aa051e02726\"\n\t\t\t\t\t\tclass=\"single-cta__button button button--primary\"\n\t\t\t\t\t\t\t\t\t\t\t\t\t\t\t\t\t>T\u00e9l\u00e9chargez gratuitement le livre blanc<\/a>\n\t\t\t\t\t\t\t<\/div>\n\n\t\t\t\t\t<\/div>\n\n\t\t\t\t\t<img decoding=\"async\" width=\"1248\" height=\"810\" src=\"https:\/\/www.sage.com\/fr-fr\/blog\/wp-content\/uploads\/sites\/4\/2018\/10\/guide-tout-savoir-sur-le-prelevement-a-la-source-PAS_CTA-1248x810.jpg\" class=\"single-cta__image\" alt=\"guide-tout-savoir-sur-le-prelevement-a-la-source-PAS_CTA\" loading=\"lazy\" srcset=\"https:\/\/www.sage.com\/fr-fr\/blog\/wp-content\/uploads\/sites\/4\/2018\/10\/guide-tout-savoir-sur-le-prelevement-a-la-source-PAS_CTA-1248x810.jpg 1248w\" sizes=\"auto, (min-width: 48em) 33vw, 100vw\" \/>\t\t\t<\/div>\n<\/div>\n\n\n\n<div class=\"single-cta\">\n\t<div class=\"single-cta__positioner\">\n\t\t<div class=\"single-cta__wrapper has-dark-background-color\">\n\t\t\t<div class=\"single-cta__content\">\n\t\t\t\t\t\t\t\t<h2 class=\"single-cta__title h3\">Inscrivez-vous \u00e0 la e-newsletter mensuelle<\/h2>\n\n\t\t\t\t\n\t\t\t\t\t\t\t\t\t\t\t\t\t\t<a\n\t\t\t\t\t\thref=\"#gate-a947ade1-e692-455f-94ce-a275d72a9a11\"\n\t\t\t\t\t\tclass=\"single-cta__button button button--primary\"\n\t\t\t\t\t\t\t\t\t\t\t\t\t\t\t\t\t>Je m&#039;abonne<\/a>\n\t\t\t\t\t\t\t<\/div>\n\n\t\t\t\t\t<\/div>\n\n\t\t\t\t\t<img decoding=\"async\" width=\"1024\" height=\"779\" src=\"https:\/\/www.sage.com\/fr-fr\/blog\/wp-content\/uploads\/sites\/4\/2021\/05\/spreadsheets-1024x779-1.jpg\" class=\"single-cta__image\" alt=\"\" loading=\"lazy\" srcset=\"https:\/\/www.sage.com\/fr-fr\/blog\/wp-content\/uploads\/sites\/4\/2021\/05\/spreadsheets-1024x779-1.jpg 1024w\" sizes=\"auto, (min-width: 48em) 33vw, 100vw\" \/>\t\t\t<\/div>\n<\/div>\n","protected":false},"excerpt":{"rendered":"<p>Les \u00e9diteurs de logiciels de Paye ont jusqu\u2019au 31 mars 2018 pour adh\u00e9rer \u00e0 une charte propos\u00e9e par l\u2019administration fiscale. Celle-ci sera applicable pendant une dur\u00e9e limit\u00e9e. Au passage, l\u2019administration prend soin d\u2019en circonscrire la port\u00e9e, en pr\u00e9cisant que l\u2019adh\u00e9sion \u00e0 la charte n\u2019emporte pas certification des solutions de logiciels de paye de l\u2019\u00e9diteur. Pour [&hellip;]<\/p>\n","protected":false},"author":902,"featured_media":3750,"comment_status":"open","ping_status":"closed","sticky":false,"template":"","format":"standard","meta":{"_sage_video":false,"post_featured_image_hide":false,"footnotes":""},"categories":[13,56],"tags":[315,91,127],"business_type":[8,9,11],"lilypad":[],"context":[],"industry":[23,24,25,26],"persona":[35,34,36,37,40],"imagine_tag":[451,456,474,443,454,460,459,722],"coauthors":[901],"class_list":["post-3749","post","type-post","status-publish","format-standard","has-post-thumbnail","hentry","category-legal-et-reglementation","category-management-et-rh","tag-fiscalite-impot","tag-rh-et-fiche-de-paie","tag-prelevement-a-la-source-pas","business_type-artisans-et-petites-entreprises","business_type-petites-et-moyennes-entreprises","business_type-expertise-comptable","industry-btp","industry-industrie","industry-negoce","industry-services"],"sage_meta":{"region":"fr-fr","author_name":"Sabine Ducrot-Ciss","featured_image":"https:\/\/www.sage.com\/fr-fr\/blog\/wp-content\/uploads\/sites\/4\/2018\/02\/dgfip-prelevement-a-la-source-charte-signature.jpg","imagine_tags":{"451":"CRM","456":"Gestion Commerciale","474":"Gestion de la paie","443":"Paie","454":"Paie et RH","460":"Petites Entreprises","459":"Petites et Moyennes Entreprises","722":"Prelevement a la source"}},"distributor_meta":false,"distributor_terms":false,"distributor_media":false,"distributor_original_site_name":"Sage Advice France","distributor_original_site_url":"https:\/\/www.sage.com\/fr-fr\/blog","push-errors":false,"_links":{"self":[{"href":"https:\/\/www.sage.com\/fr-fr\/blog\/api\/wp\/v2\/posts\/3749","targetHints":{"allow":["GET"]}}],"collection":[{"href":"https:\/\/www.sage.com\/fr-fr\/blog\/api\/wp\/v2\/posts"}],"about":[{"href":"https:\/\/www.sage.com\/fr-fr\/blog\/api\/wp\/v2\/types\/post"}],"author":[{"embeddable":true,"href":"https:\/\/www.sage.com\/fr-fr\/blog\/api\/wp\/v2\/users\/902"}],"replies":[{"embeddable":true,"href":"https:\/\/www.sage.com\/fr-fr\/blog\/api\/wp\/v2\/comments?post=3749"}],"version-history":[{"count":0,"href":"https:\/\/www.sage.com\/fr-fr\/blog\/api\/wp\/v2\/posts\/3749\/revisions"}],"wp:featuredmedia":[{"embeddable":true,"href":"https:\/\/www.sage.com\/fr-fr\/blog\/api\/wp\/v2\/media\/3750"}],"wp:attachment":[{"href":"https:\/\/www.sage.com\/fr-fr\/blog\/api\/wp\/v2\/media?parent=3749"}],"wp:term":[{"taxonomy":"category","embeddable":true,"href":"https:\/\/www.sage.com\/fr-fr\/blog\/api\/wp\/v2\/categories?post=3749"},{"taxonomy":"post_tag","embeddable":true,"href":"https:\/\/www.sage.com\/fr-fr\/blog\/api\/wp\/v2\/tags?post=3749"},{"taxonomy":"business_type","embeddable":true,"href":"https:\/\/www.sage.com\/fr-fr\/blog\/api\/wp\/v2\/business_type?post=3749"},{"taxonomy":"lilypad","embeddable":true,"href":"https:\/\/www.sage.com\/fr-fr\/blog\/api\/wp\/v2\/lilypad?post=3749"},{"taxonomy":"context","embeddable":true,"href":"https:\/\/www.sage.com\/fr-fr\/blog\/api\/wp\/v2\/context?post=3749"},{"taxonomy":"industry","embeddable":true,"href":"https:\/\/www.sage.com\/fr-fr\/blog\/api\/wp\/v2\/industry?post=3749"},{"taxonomy":"persona","embeddable":true,"href":"https:\/\/www.sage.com\/fr-fr\/blog\/api\/wp\/v2\/persona?post=3749"},{"taxonomy":"imagine_tag","embeddable":true,"href":"https:\/\/www.sage.com\/fr-fr\/blog\/api\/wp\/v2\/imagine_tag?post=3749"},{"taxonomy":"author","embeddable":true,"href":"https:\/\/www.sage.com\/fr-fr\/blog\/api\/wp\/v2\/coauthors?post=3749"}],"curies":[{"name":"wp","href":"https:\/\/api.w.org\/{rel}","templated":true}]}}