{"id":4270,"date":"2018-04-26T15:23:33","date_gmt":"2018-04-26T13:23:33","guid":{"rendered":"https:\/\/www.sage.com\/fr-fr\/blog\/?p=4270"},"modified":"2025-01-29T15:46:35","modified_gmt":"2025-01-29T14:46:35","slug":"timeline-bien-preparer-le-prelevement-a-la-source","status":"publish","type":"post","link":"https:\/\/www.sage.com\/fr-fr\/blog\/timeline-bien-preparer-le-prelevement-a-la-source\/","title":{"rendered":"Pr\u00e9l\u00e8vement \u00e0 la source (PAS) : je pr\u00e9pare sereinement mon ann\u00e9e de transition"},"content":{"rendered":"<header class=\"entry-header has-dark-background-color entry-header--has-illustration entry-header--has-illustration--generic\">\n\t<div class=\"container\">\n\t\t<div class=\"entry-header__row row align-center\">\n\t\t\t<div class=\"col col-lg-7 col-xlg-6 entry-header__content\">\n\t\t\t\t\t\t\t<div class=\"component component-single-header\">\n\t\t\t\t\t\t\t\t\t\t<div class=\"entry-header__misc text--subtitle text--uppercase text--small\">\n\t\t\t\t\t\t\t<a href=\"https:\/\/www.sage.com\/fr-fr\/blog\/categorie\/legal-et-reglementation\/\" class=\"entry-header__link\">L\u00e9gal &amp; R\u00e9glementation<\/a>\t\t\t\t\t\t<\/div>\n\t\t\t\t\n\t\t\t\t<div class=\"entry-title-wrapper\">\n\t\t\t\t\t<h1 class=\"entry-title\">\n\t\t\t\t\t\tPr\u00e9l\u00e8vement \u00e0 la source (PAS) : je pr\u00e9pare sereinement mon ann\u00e9e de transition\t\t\t\t\t<\/h1>\n\t\t\t\t<\/div>\n\n\t\t\t\t\t\t\t\t\t<p class=\"entry-header__description\">\n\t\t\t\t\t\t\t\t\t\t\t<\/p>\n\t\t\t\t\n\t\t\t\t\n\t\t\t\t\n\t\t\t<\/div>\n\n\t\t\t\t\t<\/div>\n\t\t\t\t\t<\/div>\n\t<\/div>\n\t<div class=\"single-post-details container\">\n\t\t<div class=\"col\">\n\t\t\t<span class=\"posted-on \"><time class=\"entry-date published\" datetime=\"2018-04-26T15:23:33+02:00\">26 avril 2018<\/time><\/span><span class=\"reading-time\"> min de lecture<\/span>\n\t\t<button\n\t\t\ttype=\"button\"\n\t\t\tclass=\"social-share-button button button--icon button--secondary js-social-share-button\"\n\t\t\tdata-share-title=\"Pr\u00e9l\u00e8vement \u00e0 la source (PAS) : je pr\u00e9pare sereinement mon ann\u00e9e de transition\"\n\t\t\tdata-share-url=\"https:\/\/www.sage.com\/fr-fr\/blog\/timeline-bien-preparer-le-prelevement-a-la-source\/\"\n\t\t\tdata-share-text=\"Veuillez lire cet article int\u00e9ressant\"\n\t\t>\n\t\t\t<span class=\"social-share-button__share-label\">Partager<\/span>\n\t\t\t<span class=\"social-share-button__copy-label\" hidden>Copier le lien<\/span>\n\t\t\t<span class=\"social-share-button__copy-tooltip\" aria-hidden=\"true\" hidden>Copi\u00e9<\/span>\n\t\t<\/button>\n\n\t\t\t\t<\/div>\n\t<\/div>\n<\/header>\n\n\n<div class=\"wp-block-post-author has-dark-background-color alignfull\">\n\t<div class=\"container\">\n\t\t<div class=\"col\">\n\t\t\t\t\t\t\t<div class=\"co-authors\">\n\t\t\t\t\t\n\t\t<div class=\"entry-author-wrapper\">\n\t\t\t<a class=\"entry-author\" href=\"https:\/\/www.sage.com\/fr-fr\/blog\/author\/christopheadam\/\">\n\t\t\t\t<img loading=\"lazy\" decoding=\"async\" width=\"40\" height=\"40\" src=\"https:\/\/www.sage.com\/fr-fr\/blog\/wp-content\/uploads\/sites\/4\/2024\/07\/Christophe-Adam-350x350.jpg\" class=\"entry-author__image\" alt=\"Christophe Adam\" srcset=\"https:\/\/www.sage.com\/fr-fr\/blog\/wp-content\/uploads\/sites\/4\/2024\/07\/Christophe-Adam-350x350.jpg 350w, https:\/\/www.sage.com\/fr-fr\/blog\/wp-content\/uploads\/sites\/4\/2024\/07\/Christophe-Adam-768x768.jpg 768w, https:\/\/www.sage.com\/fr-fr\/blog\/wp-content\/uploads\/sites\/4\/2024\/07\/Christophe-Adam.jpg 800w\" sizes=\"auto, (max-width: 40px) 100vw, 40px\" \/>\t\t\t\t<span class=\"entry-author__name\">Christophe Adam<\/span>\n\t\t\t<\/a>\n\n\t\t\t\t\t<\/div>\n\n\t\t\t\t\t\t<\/div>\n\t\t\t\t\t<\/div>\n\t<\/div>\n<\/div>\n\n\n\n<p>Chefs d\u2019entreprise, avec la mise en place du <a href=\"https:\/\/www.sage.com\/fr-fr\/prelevement-a-la-source-pas\/\">pr\u00e9l\u00e8vement \u00e0 la source au 1er janvier 2019<\/a>, vous devenez tiers collecteurs pour le compte de vos employ\u00e9s. Afin de r\u00e9pondre \u00e0 toutes leurs questions concernant vos missions et les diff\u00e9rentes \u00e9ch\u00e9ances, voici la chronologie des \u00e9v\u00e9nements cl\u00e9s concernant votre ann\u00e9e transition 2018.<\/p>\n\n\n\n<figure class=\"wp-block-image aligncenter\"><a href=\"https:\/\/www.sage.com\/fr-fr\/blog\/wp-content\/uploads\/sites\/4\/2018\/05\/prelevement-a-la-source_timeline-pas.jpg\"><img decoding=\"async\" src=\"https:\/\/www.sage.com\/fr-fr\/blog\/wp-content\/uploads\/sites\/4\/2018\/05\/prelevement-a-la-source_timeline-pas.jpg\" alt=\"chronologie des \u00e9v\u00e9nements cl\u00e9s\" class=\"wp-image-4269\"\/><\/a><\/figure>\n\n\n\n<h3 class=\"wp-block-heading\" id=\"h-pour-aller-plus-loin\">Pour aller plus loin :<\/h3>\n\n\n\n<ul class=\"wp-block-list\">\n<li><a href=\"https:\/\/www.sage.com\/fr-fr\/blog\/rassurer-ses-salaries-sur-le-prelevement-a-la-source\/\">Pr\u00e9l\u00e8vement \u00e0 la source : comment rassurer mes salari\u00e9s avant la r\u00e9ception de leur feuille de d\u00e9claration ?<\/a><\/li>\n\n\n\n<li><a href=\"https:\/\/www.sage.com\/fr-fr\/blog\/des-logiciels-qui-facilitent-le-prelevement-a-la-source\/\">Chefs d\u2019entreprise : le pr\u00e9l\u00e8vement \u00e0 la source, une \u00e9volution simple \u00e0 impl\u00e9menter<\/a><\/li>\n\n\n\n<li><a href=\"https:\/\/www.sage.com\/fr-fr\/blog\/fraude-tva-prelevement-source-conformite-logiciels\/\">Fraude \u00e0 la TVA et pr\u00e9l\u00e8vement \u00e0 la source : n\u2019attendez plus pour mettre \u00e0 jour vos logiciels<\/a><\/li>\n<\/ul>\n\n\n\n<div class=\"single-cta gated-content\">\n\t<div class=\"single-cta__positioner\">\n\t\t<div class=\"single-cta__wrapper has-dark-background-color\">\n\t\t\t<div class=\"single-cta__content\">\n\t\t\t\t\t\t\t\t<h2 class=\"single-cta__title h3\">Tout ce que vous avez toujours voulu savoir sur le pr\u00e9l\u00e8vement \u00e0 la source<\/h2>\n\n\t\t\t\t\n\t\t\t\t\t\t\t\t\t\t\t\t\t\t<a\n\t\t\t\t\t\thref=\"#gate-596c82f7-3aea-4e1f-bcf7-0aa051e02726\"\n\t\t\t\t\t\tclass=\"single-cta__button button button--primary\"\n\t\t\t\t\t\t\t\t\t\t\t\t\t\t\t\t\t>T\u00e9l\u00e9chargez gratuitement le livre blanc<\/a>\n\t\t\t\t\t\t\t<\/div>\n\n\t\t\t\t\t<\/div>\n\n\t\t\t\t\t<img decoding=\"async\" width=\"1248\" height=\"810\" src=\"https:\/\/www.sage.com\/fr-fr\/blog\/wp-content\/uploads\/sites\/4\/2018\/10\/guide-tout-savoir-sur-le-prelevement-a-la-source-PAS_CTA-1248x810.jpg\" class=\"single-cta__image\" alt=\"guide-tout-savoir-sur-le-prelevement-a-la-source-PAS_CTA\" loading=\"lazy\" srcset=\"https:\/\/www.sage.com\/fr-fr\/blog\/wp-content\/uploads\/sites\/4\/2018\/10\/guide-tout-savoir-sur-le-prelevement-a-la-source-PAS_CTA-1248x810.jpg 1248w\" sizes=\"auto, (min-width: 48em) 33vw, 100vw\" \/>\t\t\t<\/div>\n<\/div>\n\n\n<div class=\"single-cta\">\n\t<div class=\"single-cta__positioner\">\n\t\t<div class=\"single-cta__wrapper has-dark-background-color\">\n\t\t\t<div class=\"single-cta__content\">\n\t\t\t\t\t\t\t\t<h2 class=\"single-cta__title h3\">Inscrivez-vous \u00e0 la e-newsletter mensuelle<\/h2>\n\n\t\t\t\t\n\t\t\t\t\t\t\t\t\t\t\t\t\t\t<a\n\t\t\t\t\t\thref=\"#gate-a947ade1-e692-455f-94ce-a275d72a9a11\"\n\t\t\t\t\t\tclass=\"single-cta__button button button--primary\"\n\t\t\t\t\t\t\t\t\t\t\t\t\t\t\t\t\t>Je m&#039;abonne<\/a>\n\t\t\t\t\t\t\t<\/div>\n\n\t\t\t\t\t<\/div>\n\n\t\t\t\t\t<img decoding=\"async\" width=\"1024\" height=\"779\" src=\"https:\/\/www.sage.com\/fr-fr\/blog\/wp-content\/uploads\/sites\/4\/2021\/05\/spreadsheets-1024x779-1.jpg\" class=\"single-cta__image\" alt=\"\" loading=\"lazy\" srcset=\"https:\/\/www.sage.com\/fr-fr\/blog\/wp-content\/uploads\/sites\/4\/2021\/05\/spreadsheets-1024x779-1.jpg 1024w\" sizes=\"auto, (min-width: 48em) 33vw, 100vw\" \/>\t\t\t<\/div>\n<\/div>\n","protected":false},"excerpt":{"rendered":"<p>Chefs d\u2019entreprise, avec la mise en place du pr\u00e9l\u00e8vement \u00e0 la source au 1er janvier 2019, vous devenez tiers collecteurs pour le compte de vos employ\u00e9s. Afin de r\u00e9pondre \u00e0 toutes leurs questions concernant vos missions et les diff\u00e9rentes \u00e9ch\u00e9ances, voici la chronologie des \u00e9v\u00e9nements cl\u00e9s concernant votre ann\u00e9e transition 2018. Pour aller plus loin [&hellip;]<\/p>\n","protected":false},"author":710,"featured_media":4280,"comment_status":"open","ping_status":"closed","sticky":false,"template":"","format":"standard","meta":{"_sage_video":false,"post_featured_image_hide":false,"footnotes":""},"categories":[13,56],"tags":[315,141,127],"business_type":[8,9],"lilypad":[],"context":[],"industry":[],"persona":[34,36],"imagine_tag":[443,454,722],"coauthors":[906],"class_list":["post-4270","post","type-post","status-publish","format-standard","has-post-thumbnail","hentry","category-legal-et-reglementation","category-management-et-rh","tag-fiscalite-impot","tag-paie","tag-prelevement-a-la-source-pas","business_type-artisans-et-petites-entreprises","business_type-petites-et-moyennes-entreprises"],"sage_meta":{"region":"fr-fr","author_name":"Christophe Adam","featured_image":"https:\/\/www.sage.com\/fr-fr\/blog\/wp-content\/uploads\/sites\/4\/2018\/04\/PAS_Timeline_Cover_VFin.jpg","imagine_tags":{"443":"Paie","454":"Paie et RH","722":"Prelevement a la source"}},"distributor_meta":false,"distributor_terms":false,"distributor_media":false,"distributor_original_site_name":"Sage Advice France","distributor_original_site_url":"https:\/\/www.sage.com\/fr-fr\/blog","push-errors":false,"_links":{"self":[{"href":"https:\/\/www.sage.com\/fr-fr\/blog\/api\/wp\/v2\/posts\/4270","targetHints":{"allow":["GET"]}}],"collection":[{"href":"https:\/\/www.sage.com\/fr-fr\/blog\/api\/wp\/v2\/posts"}],"about":[{"href":"https:\/\/www.sage.com\/fr-fr\/blog\/api\/wp\/v2\/types\/post"}],"author":[{"embeddable":true,"href":"https:\/\/www.sage.com\/fr-fr\/blog\/api\/wp\/v2\/users\/710"}],"replies":[{"embeddable":true,"href":"https:\/\/www.sage.com\/fr-fr\/blog\/api\/wp\/v2\/comments?post=4270"}],"version-history":[{"count":0,"href":"https:\/\/www.sage.com\/fr-fr\/blog\/api\/wp\/v2\/posts\/4270\/revisions"}],"wp:featuredmedia":[{"embeddable":true,"href":"https:\/\/www.sage.com\/fr-fr\/blog\/api\/wp\/v2\/media\/4280"}],"wp:attachment":[{"href":"https:\/\/www.sage.com\/fr-fr\/blog\/api\/wp\/v2\/media?parent=4270"}],"wp:term":[{"taxonomy":"category","embeddable":true,"href":"https:\/\/www.sage.com\/fr-fr\/blog\/api\/wp\/v2\/categories?post=4270"},{"taxonomy":"post_tag","embeddable":true,"href":"https:\/\/www.sage.com\/fr-fr\/blog\/api\/wp\/v2\/tags?post=4270"},{"taxonomy":"business_type","embeddable":true,"href":"https:\/\/www.sage.com\/fr-fr\/blog\/api\/wp\/v2\/business_type?post=4270"},{"taxonomy":"lilypad","embeddable":true,"href":"https:\/\/www.sage.com\/fr-fr\/blog\/api\/wp\/v2\/lilypad?post=4270"},{"taxonomy":"context","embeddable":true,"href":"https:\/\/www.sage.com\/fr-fr\/blog\/api\/wp\/v2\/context?post=4270"},{"taxonomy":"industry","embeddable":true,"href":"https:\/\/www.sage.com\/fr-fr\/blog\/api\/wp\/v2\/industry?post=4270"},{"taxonomy":"persona","embeddable":true,"href":"https:\/\/www.sage.com\/fr-fr\/blog\/api\/wp\/v2\/persona?post=4270"},{"taxonomy":"imagine_tag","embeddable":true,"href":"https:\/\/www.sage.com\/fr-fr\/blog\/api\/wp\/v2\/imagine_tag?post=4270"},{"taxonomy":"author","embeddable":true,"href":"https:\/\/www.sage.com\/fr-fr\/blog\/api\/wp\/v2\/coauthors?post=4270"}],"curies":[{"name":"wp","href":"https:\/\/api.w.org\/{rel}","templated":true}]}}