{"id":4466,"date":"2018-07-02T09:58:24","date_gmt":"2018-07-02T07:58:24","guid":{"rendered":"https:\/\/www.sage.com\/fr-fr\/blog\/?p=4466"},"modified":"2026-02-05T14:51:28","modified_gmt":"2026-02-05T13:51:28","slug":"prelevement-a-la-source-podcast","status":"publish","type":"post","link":"https:\/\/www.sage.com\/fr-fr\/blog\/prelevement-a-la-source-podcast\/","title":{"rendered":"RTL Grand Soir : Sage est pr\u00eat pour le pr\u00e9l\u00e8vement \u00e0 la source [podcast]"},"content":{"rendered":"<header class=\"entry-header has-dark-background-color entry-header--has-illustration entry-header--has-illustration--generic\">\n\t<div class=\"container\">\n\t\t<div class=\"entry-header__row row align-center\">\n\t\t\t<div class=\"col col-lg-7 col-xlg-6 entry-header__content\">\n\t\t\t\t\t\t\t<div class=\"component component-single-header\">\n\t\t\t\t\t\t\t\t\t\t<div class=\"entry-header__misc text--subtitle text--uppercase text--small\">\n\t\t\t\t\t\t\t<a href=\"https:\/\/www.sage.com\/fr-fr\/blog\/categorie\/legal-et-reglementation\/\" class=\"entry-header__link\">L\u00e9gal &amp; R\u00e9glementation<\/a>\t\t\t\t\t\t<\/div>\n\t\t\t\t\n\t\t\t\t<div class=\"entry-title-wrapper\">\n\t\t\t\t\t<h1 class=\"entry-title\">\n\t\t\t\t\t\tRTL Grand Soir : Sage est pr\u00eat pour le pr\u00e9l\u00e8vement \u00e0 la source [podcast]\t\t\t\t\t<\/h1>\n\t\t\t\t<\/div>\n\n\t\t\t\t\t\t\t\t\t<p class=\"entry-header__description\">\n\t\t\t\t\t\t\t\t\t\t\t<\/p>\n\t\t\t\t\n\t\t\t\t\n\t\t\t\t\n\t\t\t<\/div>\n\n\t\t\t\t\t<\/div>\n\t\t\t\t\t<\/div>\n\t<\/div>\n\t<div class=\"single-post-details container\">\n\t\t<div class=\"col\">\n\t\t\t<span class=\"posted-on \"><time class=\"entry-date published\" datetime=\"2018-07-02T09:58:24+02:00\">2 juillet 2018<\/time><\/span><span class=\"reading-time\"> min de lecture<\/span>\n\t\t<button\n\t\t\ttype=\"button\"\n\t\t\tclass=\"social-share-button button button--icon button--secondary js-social-share-button\"\n\t\t\tdata-share-title=\"RTL Grand Soir : Sage est pr\u00eat pour le pr\u00e9l\u00e8vement \u00e0 la source [podcast]\"\n\t\t\tdata-share-url=\"https:\/\/www.sage.com\/fr-fr\/blog\/prelevement-a-la-source-podcast\/\"\n\t\t\tdata-share-text=\"Veuillez lire cet article int\u00e9ressant\"\n\t\t>\n\t\t\t<span class=\"social-share-button__share-label\">Partager<\/span>\n\t\t\t<span class=\"social-share-button__copy-label\" hidden>Copier le lien<\/span>\n\t\t\t<span class=\"social-share-button__copy-tooltip\" aria-hidden=\"true\" hidden>Copi\u00e9<\/span>\n\t\t<\/button>\n\n\t\t\t\t<\/div>\n\t<\/div>\n<\/header>\n\n\n\n<div class=\"wp-block-post-author has-dark-background-color alignfull\">\n\t<div class=\"container\">\n\t\t<div class=\"col\">\n\t\t\t\t\t\t\t<div class=\"co-authors\">\n\t\t\t\t\t\n\t\t<div class=\"entry-author-wrapper\">\n\t\t\t<a class=\"entry-author\" href=\"https:\/\/www.sage.com\/fr-fr\/blog\/author\/pacomelesage\/\">\n\t\t\t\t<img loading=\"lazy\" decoding=\"async\" width=\"40\" height=\"40\" src=\"https:\/\/www.sage.com\/fr-fr\/blog\/wp-content\/uploads\/sites\/4\/2020\/04\/Pacome-Lesage-350x350-1.jpg\" class=\"entry-author__image\" alt=\"Pacome-Lesage\" \/>\t\t\t\t<span class=\"entry-author__name\">Pac\u00f4me Lesage<\/span>\n\t\t\t<\/a>\n\n\t\t\t\t\t<\/div>\n\n\t\t\t\t\t\t<\/div>\n\t\t\t\t\t<\/div>\n\t<\/div>\n<\/div>\n<div class=\"sage-block-classic-wrapper\">\n\n<p>Un rendez-vous \u00e0 ne pas manquer pour les entreprises : <strong>l&rsquo;entr\u00e9e en vigueur du pr\u00e9l\u00e8vement \u00e0 la source d\u00e8s janvier 2019<\/strong>.<br \/>\nCette r\u00e9forme de l&rsquo;imp\u00f4t sur le revenu inqui\u00e8te de nombreux entrepreneurs, qui redoutent les erreurs.<br \/>\nUn dispositif face auquel <mark class=\"highlight-and-share\">Laurent Dechaux, Directeur G\u00e9n\u00e9ral de Sage Europe du Sud, se veut rassurant lors de son interview dans la Minute du Mag de l&rsquo;Eco, dans RTL Grand Soir<\/mark>. Il rappelle d&rsquo;ailleurs \u00e0 plusieurs reprises que <strong>Sage est d&rsquo;ores-et-d\u00e9j\u00e0 pr\u00eat<\/strong> pour accompagner les entreprises dans leur <a href=\"https:\/\/www.sage.com\/fr-fr\/prelevement-a-la-source-pas\/\">mise en conformit\u00e9<\/a>.<\/p>\n<blockquote><p>\u00ab\u00a0Les ma\u00eetres mots sont de communiquer et d&rsquo;anticiper. Il ne faut surtout pas faire \u00e7a au dernier moment.\u00a0\u00bb, explique-t-il.<\/p><\/blockquote>\n<p><strong>Retrouvez l&rsquo;<a href=\"https:\/\/media.rtl.fr\/online\/sound\/2018\/0628\/7793898549_le-mag-de-l-eco-du-27-juin-2018.mp3\" target=\"_blank\" rel=\"noopener noreferrer\">interview compl\u00e8te en podcast<\/a>.<\/strong><\/p>\n\n<div class=\"single-cta gated-content\">\n\t<div class=\"single-cta__positioner\">\n\t\t<div class=\"single-cta__wrapper has-dark-background-color\">\n\t\t\t<div class=\"single-cta__content\">\n\t\t\t\t\t\t\t\t<h2 class=\"single-cta__title h3\">Tout ce que vous avez toujours voulu savoir sur le pr\u00e9l\u00e8vement \u00e0 la source <\/h2>\n\n\t\t\t\t\n\t\t\t\t\t\t\t\t\t\t\t\t\t\t<a\n\t\t\t\t\t\thref=\"#gate-596c82f7-3aea-4e1f-bcf7-0aa051e02726\"\n\t\t\t\t\t\tclass=\"single-cta__button button button--primary\"\n\t\t\t\t\t\t\t\t\t\t\t\t\t\t\t\t\t>T\u00e9l\u00e9chargez gratuitement le livre blanc<\/a>\n\t\t\t\t\t\t\t<\/div>\n\n\t\t\t\t\t<\/div>\n\n\t\t\t\t\t<img decoding=\"async\" width=\"1248\" height=\"810\" src=\"https:\/\/www.sage.com\/fr-fr\/blog\/wp-content\/uploads\/sites\/4\/2018\/10\/guide-tout-savoir-sur-le-prelevement-a-la-source-PAS_CTA-1248x810.jpg\" class=\"single-cta__image\" alt=\"guide-tout-savoir-sur-le-prelevement-a-la-source-PAS_CTA\" loading=\"lazy\" srcset=\"https:\/\/www.sage.com\/fr-fr\/blog\/wp-content\/uploads\/sites\/4\/2018\/10\/guide-tout-savoir-sur-le-prelevement-a-la-source-PAS_CTA-1248x810.jpg 1248w\" sizes=\"auto, (min-width: 48em) 33vw, 100vw\" \/>\t\t\t<\/div>\n<\/div>\n\n<\/div>\n<div class=\"single-cta\">\n\t<div class=\"single-cta__positioner\">\n\t\t<div class=\"single-cta__wrapper has-dark-background-color\">\n\t\t\t<div class=\"single-cta__content\">\n\t\t\t\t\t\t\t\t<h2 class=\"single-cta__title h3\">Inscrivez-vous \u00e0 la e-newsletter mensuelle<\/h2>\n\n\t\t\t\t\n\t\t\t\t\t\t\t\t\t\t\t\t\t\t<a\n\t\t\t\t\t\thref=\"#gate-a947ade1-e692-455f-94ce-a275d72a9a11\"\n\t\t\t\t\t\tclass=\"single-cta__button button button--primary\"\n\t\t\t\t\t\t\t\t\t\t\t\t\t\t\t\t\t>Je m&#039;abonne<\/a>\n\t\t\t\t\t\t\t<\/div>\n\n\t\t\t\t\t<\/div>\n\n\t\t\t\t\t<img decoding=\"async\" width=\"1024\" height=\"779\" src=\"https:\/\/www.sage.com\/fr-fr\/blog\/wp-content\/uploads\/sites\/4\/2021\/05\/spreadsheets-1024x779-1.jpg\" class=\"single-cta__image\" alt=\"\" loading=\"lazy\" srcset=\"https:\/\/www.sage.com\/fr-fr\/blog\/wp-content\/uploads\/sites\/4\/2021\/05\/spreadsheets-1024x779-1.jpg 1024w\" sizes=\"auto, (min-width: 48em) 33vw, 100vw\" \/>\t\t\t<\/div>\n<\/div>\n","protected":false},"excerpt":{"rendered":"<p>Un rendez-vous \u00e0 ne pas manquer pour les entreprises : l&rsquo;entr\u00e9e en vigueur du pr\u00e9l\u00e8vement \u00e0 la source d\u00e8s janvier 2019. Cette r\u00e9forme de l&rsquo;imp\u00f4t sur le revenu inqui\u00e8te de nombreux entrepreneurs, qui redoutent les erreurs. Un dispositif face auquel Laurent Dechaux, Directeur G\u00e9n\u00e9ral de Sage Europe du Sud, se veut rassurant lors de son [&hellip;]<\/p>\n","protected":false},"author":1021,"featured_media":9735,"comment_status":"open","ping_status":"closed","sticky":false,"template":"","format":"standard","meta":{"_sage_video":false,"post_featured_image_hide":false,"footnotes":""},"categories":[13],"tags":[315,127],"business_type":[8,9],"lilypad":[],"context":[],"industry":[],"persona":[34,36],"imagine_tag":[454,722],"coauthors":[935],"class_list":["post-4466","post","type-post","status-publish","format-standard","has-post-thumbnail","hentry","category-legal-et-reglementation","tag-fiscalite-impot","tag-prelevement-a-la-source-pas","business_type-artisans-et-petites-entreprises","business_type-petites-et-moyennes-entreprises"],"sage_meta":{"region":"fr-fr","author_name":"Pac\u00f4me Lesage","featured_image":"https:\/\/www.sage.com\/fr-fr\/blog\/wp-content\/uploads\/sites\/4\/2021\/05\/prelevement-a-la-source-podcast-1024x734-1.jpg","imagine_tags":{"454":"Paie et RH","722":"Prelevement a la source"}},"distributor_meta":false,"distributor_terms":false,"distributor_media":false,"distributor_original_site_name":"Sage Advice France","distributor_original_site_url":"https:\/\/www.sage.com\/fr-fr\/blog","push-errors":false,"_links":{"self":[{"href":"https:\/\/www.sage.com\/fr-fr\/blog\/api\/wp\/v2\/posts\/4466","targetHints":{"allow":["GET"]}}],"collection":[{"href":"https:\/\/www.sage.com\/fr-fr\/blog\/api\/wp\/v2\/posts"}],"about":[{"href":"https:\/\/www.sage.com\/fr-fr\/blog\/api\/wp\/v2\/types\/post"}],"author":[{"embeddable":true,"href":"https:\/\/www.sage.com\/fr-fr\/blog\/api\/wp\/v2\/users\/1021"}],"replies":[{"embeddable":true,"href":"https:\/\/www.sage.com\/fr-fr\/blog\/api\/wp\/v2\/comments?post=4466"}],"version-history":[{"count":0,"href":"https:\/\/www.sage.com\/fr-fr\/blog\/api\/wp\/v2\/posts\/4466\/revisions"}],"wp:featuredmedia":[{"embeddable":true,"href":"https:\/\/www.sage.com\/fr-fr\/blog\/api\/wp\/v2\/media\/9735"}],"wp:attachment":[{"href":"https:\/\/www.sage.com\/fr-fr\/blog\/api\/wp\/v2\/media?parent=4466"}],"wp:term":[{"taxonomy":"category","embeddable":true,"href":"https:\/\/www.sage.com\/fr-fr\/blog\/api\/wp\/v2\/categories?post=4466"},{"taxonomy":"post_tag","embeddable":true,"href":"https:\/\/www.sage.com\/fr-fr\/blog\/api\/wp\/v2\/tags?post=4466"},{"taxonomy":"business_type","embeddable":true,"href":"https:\/\/www.sage.com\/fr-fr\/blog\/api\/wp\/v2\/business_type?post=4466"},{"taxonomy":"lilypad","embeddable":true,"href":"https:\/\/www.sage.com\/fr-fr\/blog\/api\/wp\/v2\/lilypad?post=4466"},{"taxonomy":"context","embeddable":true,"href":"https:\/\/www.sage.com\/fr-fr\/blog\/api\/wp\/v2\/context?post=4466"},{"taxonomy":"industry","embeddable":true,"href":"https:\/\/www.sage.com\/fr-fr\/blog\/api\/wp\/v2\/industry?post=4466"},{"taxonomy":"persona","embeddable":true,"href":"https:\/\/www.sage.com\/fr-fr\/blog\/api\/wp\/v2\/persona?post=4466"},{"taxonomy":"imagine_tag","embeddable":true,"href":"https:\/\/www.sage.com\/fr-fr\/blog\/api\/wp\/v2\/imagine_tag?post=4466"},{"taxonomy":"author","embeddable":true,"href":"https:\/\/www.sage.com\/fr-fr\/blog\/api\/wp\/v2\/coauthors?post=4466"}],"curies":[{"name":"wp","href":"https:\/\/api.w.org\/{rel}","templated":true}]}}