{"id":4490,"date":"2018-07-05T12:10:25","date_gmt":"2018-07-05T10:10:25","guid":{"rendered":"https:\/\/www.sage.com\/fr-fr\/blog\/?p=4490"},"modified":"2023-06-26T09:59:59","modified_gmt":"2023-06-26T07:59:59","slug":"expert-comptable-reevaluer-prix-prestations-grace-au-prelevement-source","status":"publish","type":"post","link":"https:\/\/www.sage.com\/fr-fr\/blog\/expert-comptable-reevaluer-prix-prestations-grace-au-prelevement-source\/","title":{"rendered":"Le pr\u00e9l\u00e8vement \u00e0 la source, une occasion de r\u00e9\u00e9valuer le prix de vos prestations ?"},"content":{"rendered":"<header class=\"entry-header has-dark-background-color entry-header--has-illustration entry-header--has-illustration--generic\">\n\t<div class=\"container\">\n\t\t<div class=\"entry-header__row row align-center\">\n\t\t\t<div class=\"col col-lg-7 col-xlg-6 entry-header__content\">\n\t\t\t\t\t\t\t<div class=\"component component-single-header\">\n\t\t\t\t\t\t\t\t\t\t<div class=\"entry-header__misc text--subtitle text--uppercase text--small\">\n\t\t\t\t\t\t\t<a href=\"https:\/\/www.sage.com\/fr-fr\/blog\/categorie\/legal-et-reglementation\/\" class=\"entry-header__link\">L\u00e9gal &amp; R\u00e9glementation<\/a>\t\t\t\t\t\t<\/div>\n\t\t\t\t\n\t\t\t\t<div class=\"entry-title-wrapper\">\n\t\t\t\t\t<h1 class=\"entry-title\">\n\t\t\t\t\t\tLe pr\u00e9l\u00e8vement \u00e0 la source, une occasion de r\u00e9\u00e9valuer le prix de vos prestations ?\t\t\t\t\t<\/h1>\n\t\t\t\t<\/div>\n\n\t\t\t\t\t\t\t\t\t<p class=\"entry-header__description\">\n\t\t\t\t\t\t\t\t\t\t\t<\/p>\n\t\t\t\t\n\t\t\t\t\n\t\t\t\t\n\t\t\t<\/div>\n\n\t\t\t\t\t<\/div>\n\t\t\t\t\t<\/div>\n\t<\/div>\n\t<div class=\"single-post-details container\">\n\t\t<div class=\"col\">\n\t\t\t<span class=\"posted-on \"><time class=\"entry-date published\" datetime=\"2018-07-05T12:10:25+02:00\">5 juillet 2018<\/time><\/span><span class=\"reading-time\"> min de lecture<\/span>\n\t\t<button\n\t\t\ttype=\"button\"\n\t\t\tclass=\"social-share-button button button--icon button--secondary js-social-share-button\"\n\t\t\tdata-share-title=\"Le pr\u00e9l\u00e8vement \u00e0 la source, une occasion de r\u00e9\u00e9valuer le prix de vos prestations ?\"\n\t\t\tdata-share-url=\"https:\/\/www.sage.com\/fr-fr\/blog\/expert-comptable-reevaluer-prix-prestations-grace-au-prelevement-source\/\"\n\t\t\tdata-share-text=\"Veuillez lire cet article int\u00e9ressant\"\n\t\t>\n\t\t\t<span class=\"social-share-button__share-label\">Partager<\/span>\n\t\t\t<span class=\"social-share-button__copy-label\" hidden>Copier le lien<\/span>\n\t\t\t<span class=\"social-share-button__copy-tooltip\" aria-hidden=\"true\" hidden>Copi\u00e9<\/span>\n\t\t<\/button>\n\n\t\t\t\t<\/div>\n\t<\/div>\n<\/header>\n\n\n<div class=\"wp-block-post-author has-dark-background-color alignfull\">\n\t<div class=\"container\">\n\t\t<div class=\"col\">\n\t\t\t\t\t\t\t<div class=\"co-authors\">\n\t\t\t\t\t\n\t\t<div class=\"entry-author-wrapper\">\n\t\t\t<a class=\"entry-author\" href=\"https:\/\/www.sage.com\/fr-fr\/blog\/author\/tristandebroucker\/\">\n\t\t\t\t<img loading=\"lazy\" decoding=\"async\" width=\"40\" height=\"40\" src=\"https:\/\/www.sage.com\/fr-fr\/blog\/wp-content\/uploads\/sites\/4\/2021\/10\/de-broucker-tristan_350x350.jpg\" class=\"entry-author__image\" alt=\"de-broucker-tristan\" \/>\t\t\t\t<span class=\"entry-author__name\">Tristan de Broucker<\/span>\n\t\t\t<\/a>\n\n\t\t\t\t\t<\/div>\n\n\t\t\t\t\t\t<\/div>\n\t\t\t\t\t<\/div>\n\t<\/div>\n<\/div>\n\n\n\n<p class=\"\">L\u2019\u00e9ch\u00e9ance de l\u2019entr\u00e9e en vigueur du pr\u00e9l\u00e8vement \u00e0 la source (PAS) approche, et, avec elle, la perspective d\u2019un surcro\u00eet de travail pour les cabinets d\u2019expertise-comptable qui vont \u00eatre en premi\u00e8re ligne pour r\u00e9pondre aux questions des entreprises ! Votre charge de travail va donc augmenter et se pose donc la question l\u00e9gitime de repenser la facturation de votre mission sociale.<\/p>\n\n\n\n<h2 class=\"wp-block-heading\">Des t\u00e2ches de plus en plus orient\u00e9es vers le conseil<\/h2>\n\n\n\n<p class=\"\">Ces derni\u00e8res ann\u00e9es, <strong>les fonctions des experts-comptables ont largement \u00e9volu\u00e9 et int\u00e8grent de plus en plus de conseil<\/strong> \u00e0 la demande de leurs clients. Vous \u00eates en effet sollicit\u00e9 pour <strong>de nombreuses missions d\u2019assistance et d\u2019accompagnement dans la gestion de l\u2019entreprise<\/strong> (mise en place d\u2019outils de gestion, r\u00e9organisation administrative, aide au financement, conseil en gestion de patrimoine, \u00e0 l\u2019export\u2026).<br>La raison tient notamment \u00e0 la digitalisation des proc\u00e9dures. Un grand nombre d\u2019entreprises \u00e9tant \u00e9quip\u00e9es en outil informatique, <mark class=\"highlight-and-share\">les op\u00e9rations d\u2019acquisition de donn\u00e9es se sont automatis\u00e9es, vous offrant plus de productivit\u00e9 et un r\u00f4le accru en mati\u00e8re de suivi et de contr\u00f4le<\/mark>. Parall\u00e8lement, la l\u00e9gislation relative aux entreprises a \u00e9volu\u00e9 rapidement, parfois de fa\u00e7on plus complexe. Les entreprises se sont alors naturellement tourn\u00e9es vers vous pour s\u2019informer et se faire accompagner.<\/p>\n\n\n\n<h2 class=\"wp-block-heading\">Un surcro\u00eet de conseil avec le pr\u00e9l\u00e8vement \u00e0 la source<\/h2>\n\n\n\n<p class=\"\">Apr\u00e8s la g\u00e9n\u00e9ralisation de la <a href=\"https:\/\/www.sage.com\/fr-fr\/paie-logiciels-gestion\/dsn\/\">D\u00e9claration sociale nominative (DSN)<\/a> en 2017, la <a href=\"https:\/\/www.sage.com\/fr-fr\/prelevement-a-la-source-pas\/\">mise en place du pr\u00e9l\u00e8vement \u00e0 la source<\/a> devrait encore accentuer ce ph\u00e9nom\u00e8ne. En 2019, les employeurs vont en effet devoir faire face \u00e0 une nouvelle mission : <strong>appliquer le taux de pr\u00e9l\u00e8vement fourni par l\u2019administration fiscale sur le salaire de chaque salari\u00e9 et collecter l\u2019imp\u00f4t<\/strong>. Ce qui entra\u00eene bien s\u00fbr de nombreuses interrogations de la part des chefs d\u2019entreprise et de leurs salari\u00e9s sur les cons\u00e9quences de la r\u00e9forme quant \u00e0 leur syst\u00e8me d\u2019information, le traitement administratif des salaires et les relations sociales dans leur entreprise. Les mois \u00e0 venir, avant et apr\u00e8s la mise en place du pr\u00e9l\u00e8vement \u00e0 la source, vont \u00e0 coup s\u00fbr entra\u00eener un surcro\u00eet de <a href=\"https:\/\/www.sage.com\/fr-fr\/experts-comptables\/logiciels-clients\/\">questions \u00e0 destination des experts-comptables<\/a>. Vous devez d\u00e8s \u00e0 pr\u00e9sent int\u00e9grer cette nouvelle charge de travail dans vos plannings.<\/p>\n\n\n\n<h2 class=\"wp-block-heading\">La question des honoraires factur\u00e9s<\/h2>\n\n\n\n<p class=\"\">En contrepartie des missions effectu\u00e9es pour l\u2019entreprise, vous percevez bien \u00e9videmment une r\u00e9mun\u00e9ration que ce soit sous forme de taux horaire en fonction du temps pass\u00e9, ou selon un forfait (annuel, trimestriel ou mensuel). Dans tous les cas, <mark class=\"highlight-and-share\">le surcro\u00eet de travail entra\u00een\u00e9 par la mise en place du pr\u00e9l\u00e8vement \u00e0 la source va poser la question de la r\u00e9\u00e9valuation de vos honoraires<\/mark>. En effet, si le temps pass\u00e9 en accompagnement est important, <strong>vous devrez r\u00e9-estimer&nbsp;la rentabilit\u00e9 de votre offre et donc probablement r\u00e9ajuster vos tarifs<\/strong>. Car, si le ministre G\u00e9rald Darmanin a fait pol\u00e9mique en tweetant : \u00ab Je serai attentif \u00e0 ce que les experts-comptables n&rsquo;appliquent pas de surco\u00fbts sur le pr\u00e9l\u00e8vement \u00e0 la source \u00bb, apr\u00e8s l\u2019intervention de Charles-Ren\u00e9 TANDE, pr\u00e9sident du Conseil Sup\u00e9rieur de l\u2019Ordre des Experts-Comptables, il a finalement reconnu que \u00ab<strong> le professionnalisme des experts-comptables et la haute qualit\u00e9 du conseil qu\u2019ils apportent aux entreprises (&#8230;), r\u00e9sultat d\u2019un travail intense, quotidien, doit \u00eatre l\u00e9gitimement r\u00e9mun\u00e9r\u00e9 !<\/strong> \u00bb<\/p>\n\n\n\n<h3 class=\"wp-block-heading\">Pour aller plus loin :<\/h3>\n\n\n\n<ul class=\"wp-block-list\">\n<li><a href=\"https:\/\/www.sage.com\/fr-fr\/blog\/quels-taux-pour-le-prelevement-a-la-source\/\">Pr\u00e9l\u00e8vement \u00e0 la source : qu\u2019impliquent les taux de pr\u00e9l\u00e8vement dans vos activit\u00e9s ?<\/a><\/li>\n\n\n\n<li><a href=\"https:\/\/www.sage.com\/fr-fr\/blog\/prelevement-a-la-source-quelles-responsabilites-pour-les-cabinets\/\">Pr\u00e9l\u00e8vement \u00e0 la source : quelles responsabilit\u00e9s pour les cabinets d&rsquo;expertise comptable ?<\/a><\/li>\n\n\n\n<li><a href=\"https:\/\/www.sage.com\/fr-fr\/blog\/bien-accompagner-vos-clients-dans-le-prelevement-a-la-source\/\">Comment accompagner au mieux vos clients dans le pr\u00e9l\u00e8vement \u00e0 la source ?<\/a><\/li>\n<\/ul>\n\n\n\n<div class=\"single-cta gated-content\">\n\t<div class=\"single-cta__positioner\">\n\t\t<div class=\"single-cta__wrapper has-dark-background-color\">\n\t\t\t<div class=\"single-cta__content\">\n\t\t\t\t\t\t\t\t<h2 class=\"single-cta__title h3\">Tout ce que vous avez toujours voulu savoir sur le pr\u00e9l\u00e8vement \u00e0 la source <\/h2>\n\n\t\t\t\t\n\t\t\t\t\t\t\t\t\t\t\t\t\t\t<a\n\t\t\t\t\t\thref=\"#gate-596c82f7-3aea-4e1f-bcf7-0aa051e02726\"\n\t\t\t\t\t\tclass=\"single-cta__button button button--primary\"\n\t\t\t\t\t\t\t\t\t\t\t\t\t\t\t\t\t>T\u00e9l\u00e9chargez gratuitement le livre blanc<\/a>\n\t\t\t\t\t\t\t<\/div>\n\n\t\t\t\t\t<\/div>\n\n\t\t\t\t\t<img decoding=\"async\" width=\"1248\" height=\"810\" src=\"https:\/\/www.sage.com\/fr-fr\/blog\/wp-content\/uploads\/sites\/4\/2018\/10\/guide-tout-savoir-sur-le-prelevement-a-la-source-PAS_CTA-1248x810.jpg\" class=\"single-cta__image\" alt=\"guide-tout-savoir-sur-le-prelevement-a-la-source-PAS_CTA\" loading=\"lazy\" srcset=\"https:\/\/www.sage.com\/fr-fr\/blog\/wp-content\/uploads\/sites\/4\/2018\/10\/guide-tout-savoir-sur-le-prelevement-a-la-source-PAS_CTA-1248x810.jpg 1248w\" sizes=\"auto, (min-width: 48em) 33vw, 100vw\" \/>\t\t\t<\/div>\n<\/div>\n\n\n\n<div class=\"single-cta\">\n\t<div class=\"single-cta__positioner\">\n\t\t<div class=\"single-cta__wrapper has-dark-background-color\">\n\t\t\t<div class=\"single-cta__content\">\n\t\t\t\t\t\t\t\t<h2 class=\"single-cta__title h3\">Inscrivez-vous \u00e0 la e-newsletter mensuelle<\/h2>\n\n\t\t\t\t\n\t\t\t\t\t\t\t\t\t\t\t\t\t\t<a\n\t\t\t\t\t\thref=\"#gate-a947ade1-e692-455f-94ce-a275d72a9a11\"\n\t\t\t\t\t\tclass=\"single-cta__button button button--primary\"\n\t\t\t\t\t\t\t\t\t\t\t\t\t\t\t\t\t>Je m&#039;abonne<\/a>\n\t\t\t\t\t\t\t<\/div>\n\n\t\t\t\t\t<\/div>\n\n\t\t\t\t\t<img decoding=\"async\" width=\"1024\" height=\"779\" src=\"https:\/\/www.sage.com\/fr-fr\/blog\/wp-content\/uploads\/sites\/4\/2021\/05\/spreadsheets-1024x779-1.jpg\" class=\"single-cta__image\" alt=\"\" loading=\"lazy\" srcset=\"https:\/\/www.sage.com\/fr-fr\/blog\/wp-content\/uploads\/sites\/4\/2021\/05\/spreadsheets-1024x779-1.jpg 1024w\" sizes=\"auto, (min-width: 48em) 33vw, 100vw\" \/>\t\t\t<\/div>\n<\/div>\n","protected":false},"excerpt":{"rendered":"<p>L\u2019\u00e9ch\u00e9ance de l\u2019entr\u00e9e en vigueur du pr\u00e9l\u00e8vement \u00e0 la source (PAS) approche, et, avec elle, la perspective d\u2019un surcro\u00eet de travail pour les cabinets d\u2019expertise-comptable qui vont \u00eatre en premi\u00e8re ligne pour r\u00e9pondre aux questions des entreprises ! Votre charge de travail va donc augmenter et se pose donc la question l\u00e9gitime de repenser la [&hellip;]<\/p>\n","protected":false},"author":1308,"featured_media":4492,"comment_status":"open","ping_status":"closed","sticky":false,"template":"","format":"standard","meta":{"_sage_video":false,"post_featured_image_hide":false,"footnotes":""},"categories":[14,13],"tags":[51,315,127],"business_type":[11],"lilypad":[],"context":[],"industry":[],"persona":[40],"imagine_tag":[463,452,722],"coauthors":[919],"class_list":["post-4490","post","type-post","status-publish","format-standard","has-post-thumbnail","hentry","category-croissance-et-strategie-clients","category-legal-et-reglementation","tag-cabinet-expert-comptable","tag-fiscalite-impot","tag-prelevement-a-la-source-pas","business_type-expertise-comptable"],"sage_meta":{"region":"fr-fr","author_name":"Tristan de Broucker","featured_image":"https:\/\/www.sage.com\/fr-fr\/blog\/wp-content\/uploads\/sites\/4\/2018\/07\/prelevement-source-reevaluez-prix-de-vos-prestations-cover.jpg","imagine_tags":{"463":"Expertise comptable","452":"Experts-Comptables","722":"Prelevement a la source"}},"distributor_meta":false,"distributor_terms":false,"distributor_media":false,"distributor_original_site_name":"Sage Advice France","distributor_original_site_url":"https:\/\/www.sage.com\/fr-fr\/blog","push-errors":false,"_links":{"self":[{"href":"https:\/\/www.sage.com\/fr-fr\/blog\/api\/wp\/v2\/posts\/4490","targetHints":{"allow":["GET"]}}],"collection":[{"href":"https:\/\/www.sage.com\/fr-fr\/blog\/api\/wp\/v2\/posts"}],"about":[{"href":"https:\/\/www.sage.com\/fr-fr\/blog\/api\/wp\/v2\/types\/post"}],"author":[{"embeddable":true,"href":"https:\/\/www.sage.com\/fr-fr\/blog\/api\/wp\/v2\/users\/1308"}],"replies":[{"embeddable":true,"href":"https:\/\/www.sage.com\/fr-fr\/blog\/api\/wp\/v2\/comments?post=4490"}],"version-history":[{"count":0,"href":"https:\/\/www.sage.com\/fr-fr\/blog\/api\/wp\/v2\/posts\/4490\/revisions"}],"wp:featuredmedia":[{"embeddable":true,"href":"https:\/\/www.sage.com\/fr-fr\/blog\/api\/wp\/v2\/media\/4492"}],"wp:attachment":[{"href":"https:\/\/www.sage.com\/fr-fr\/blog\/api\/wp\/v2\/media?parent=4490"}],"wp:term":[{"taxonomy":"category","embeddable":true,"href":"https:\/\/www.sage.com\/fr-fr\/blog\/api\/wp\/v2\/categories?post=4490"},{"taxonomy":"post_tag","embeddable":true,"href":"https:\/\/www.sage.com\/fr-fr\/blog\/api\/wp\/v2\/tags?post=4490"},{"taxonomy":"business_type","embeddable":true,"href":"https:\/\/www.sage.com\/fr-fr\/blog\/api\/wp\/v2\/business_type?post=4490"},{"taxonomy":"lilypad","embeddable":true,"href":"https:\/\/www.sage.com\/fr-fr\/blog\/api\/wp\/v2\/lilypad?post=4490"},{"taxonomy":"context","embeddable":true,"href":"https:\/\/www.sage.com\/fr-fr\/blog\/api\/wp\/v2\/context?post=4490"},{"taxonomy":"industry","embeddable":true,"href":"https:\/\/www.sage.com\/fr-fr\/blog\/api\/wp\/v2\/industry?post=4490"},{"taxonomy":"persona","embeddable":true,"href":"https:\/\/www.sage.com\/fr-fr\/blog\/api\/wp\/v2\/persona?post=4490"},{"taxonomy":"imagine_tag","embeddable":true,"href":"https:\/\/www.sage.com\/fr-fr\/blog\/api\/wp\/v2\/imagine_tag?post=4490"},{"taxonomy":"author","embeddable":true,"href":"https:\/\/www.sage.com\/fr-fr\/blog\/api\/wp\/v2\/coauthors?post=4490"}],"curies":[{"name":"wp","href":"https:\/\/api.w.org\/{rel}","templated":true}]}}